{"id":10776,"date":"2019-03-15T22:08:10","date_gmt":"2019-03-15T22:08:10","guid":{"rendered":"http:\/\/www.region-fes-meknes.ma\/?p=10776"},"modified":"2019-03-16T01:07:20","modified_gmt":"2019-03-16T01:07:20","slug":"participation-de-la-region-a-la-rencontre-regionale-sur-lemploi-et-la-formation","status":"publish","type":"post","link":"https:\/\/www.region-fes-meknes.ma\/fr\/actualites\/participation-de-la-region-a-la-rencontre-regionale-sur-lemploi-et-la-formation\/","title":{"rendered":"Participation de la R\u00e9gion \u00e0 la rencontre r\u00e9gionale sur l\u2019emploi et la formation"},"content":{"rendered":"<p>Le Pr\u00e9sident de la R\u00e9gion F\u00e8s Mekn\u00e8s, M. Mohand LAENSER a particip\u00e9 avec M. Moulay Hafid ELALAMY, Ministre de l\u2019Industrie, de l\u2019Investissement, du Commerce et de l\u2019Economie Num\u00e9rique et M. Said ZNIBER, Wali de la R\u00e9gion F\u00e8s Mekn\u00e8s \u00e0 la Rencontre R\u00e9gionale sur l\u2019emploi et la formation organis\u00e9e le vendredi 15 Mars 2019, \u00e0 l\u2019annexe de la Pr\u00e9fecture de F\u00e8s (BATHA).<\/p>\n<p>Ce rendez-vous s\u2019inscrit dans le cadre des rencontres r\u00e9gionales pr\u00e9paratoires de la Rencontre nationale sur l&#8217;emploi et la formation, suite aux Hautes Instructions de Sa Majest\u00e9 le Roi contenues dans son discours du 20 Ao\u00fbt 2018 \u00e0 l\u2019occasion du 65<sup>\u00e8me<\/sup> anniversaire de la R\u00e9volution du Roi et du Peuple.<\/p>\n","protected":false},"excerpt":{"rendered":"<p>Le Pr\u00e9sident de la R\u00e9gion F\u00e8s Mekn\u00e8s, M. Mohand LAENSER a particip\u00e9 avec M. Moulay Hafid ELALAMY, Ministre de l\u2019Industrie, de l\u2019Investissement, du Commerce et de l\u2019Economie Num\u00e9rique et M. &#8230;<\/p>\n","protected":false},"author":1,"featured_media":10777,"comment_status":"open","ping_status":"open","sticky":false,"template":"","format":"standard","meta":{"_bbp_topic_count":0,"_bbp_reply_count":0,"_bbp_total_topic_count":0,"_bbp_total_reply_count":0,"_bbp_voice_count":0,"_bbp_anonymous_reply_count":0,"_bbp_topic_count_hidden":0,"_bbp_reply_count_hidden":0,"_bbp_forum_subforum_count":0},"categories":[18],"tags":[],"acf":[],"yoast_head":"<!-- This site is optimized with the Yoast SEO plugin v19.5.1 - https:\/\/yoast.com\/wordpress\/plugins\/seo\/ -->\n<title>Participation de la R\u00e9gion \u00e0 la rencontre r\u00e9gionale sur l\u2019emploi et la formation - R\u00e9gion F\u00e8s Mekn\u00e8s<\/title>\n<meta name=\"robots\" content=\"index, follow, max-snippet:-1, max-image-preview:large, max-video-preview:-1\" \/>\n<link rel=\"canonical\" href=\"https:\/\/www.region-fes-meknes.ma\/fr\/actualites\/participation-de-la-region-a-la-rencontre-regionale-sur-lemploi-et-la-formation\/\" \/>\n<meta property=\"og:locale\" content=\"fr_FR\" \/>\n<meta property=\"og:type\" content=\"article\" \/>\n<meta property=\"og:title\" content=\"Participation de la R\u00e9gion \u00e0 la rencontre r\u00e9gionale sur l\u2019emploi et la formation - R\u00e9gion F\u00e8s Mekn\u00e8s\" \/>\n<meta property=\"og:description\" content=\"Le Pr\u00e9sident de la R\u00e9gion F\u00e8s Mekn\u00e8s, M. Mohand LAENSER a particip\u00e9 avec M. Moulay Hafid ELALAMY, Ministre de l\u2019Industrie, de l\u2019Investissement, du Commerce et de l\u2019Economie Num\u00e9rique et M. ...\" \/>\n<meta property=\"og:url\" content=\"https:\/\/www.region-fes-meknes.ma\/fr\/actualites\/participation-de-la-region-a-la-rencontre-regionale-sur-lemploi-et-la-formation\/\" \/>\n<meta property=\"og:site_name\" content=\"R\u00e9gion F\u00e8s Mekn\u00e8s\" \/>\n<meta property=\"article:publisher\" content=\"https:\/\/www.facebook.com\/R%c3%a9gion-F%c3%a8s-Mekn%c3%a8s-1130195096990872\" \/>\n<meta property=\"article:published_time\" content=\"2019-03-15T22:08:10+00:00\" \/>\n<meta property=\"article:modified_time\" content=\"2019-03-16T01:07:20+00:00\" \/>\n<meta property=\"og:image\" content=\"https:\/\/www.region-fes-meknes.ma\/wp-content\/uploads\/2019\/03\/rfm-rencontre-regionale-emploi-190315-00.jpg\" \/>\n\t<meta property=\"og:image:width\" content=\"1090\" \/>\n\t<meta property=\"og:image:height\" content=\"722\" \/>\n\t<meta property=\"og:image:type\" content=\"image\/jpeg\" \/>\n<meta name=\"author\" content=\"Webmaster\" \/>\n<meta name=\"twitter:card\" content=\"summary_large_image\" \/>\n<meta name=\"twitter:label1\" content=\"\u00c9crit par\" \/>\n\t<meta name=\"twitter:data1\" content=\"Webmaster\" \/>\n\t<meta name=\"twitter:label2\" content=\"Dur\u00e9e de lecture estim\u00e9e\" \/>\n\t<meta name=\"twitter:data2\" content=\"1 minute\" \/>\n<script type=\"application\/ld+json\" class=\"yoast-schema-graph\">{\"@context\":\"https:\/\/schema.org\",\"@graph\":[{\"@type\":\"Article\",\"@id\":\"https:\/\/www.region-fes-meknes.ma\/fr\/actualites\/participation-de-la-region-a-la-rencontre-regionale-sur-lemploi-et-la-formation\/#article\",\"isPartOf\":{\"@id\":\"https:\/\/www.region-fes-meknes.ma\/fr\/actualites\/participation-de-la-region-a-la-rencontre-regionale-sur-lemploi-et-la-formation\/\"},\"author\":{\"name\":\"Webmaster\",\"@id\":\"https:\/\/www.region-fes-meknes.ma\/#\/schema\/person\/a6f00c1887fecaef82369ec2bdb25456\"},\"headline\":\"Participation de la R\u00e9gion \u00e0 la rencontre r\u00e9gionale sur l\u2019emploi et la formation\",\"datePublished\":\"2019-03-15T22:08:10+00:00\",\"dateModified\":\"2019-03-16T01:07:20+00:00\",\"mainEntityOfPage\":{\"@id\":\"https:\/\/www.region-fes-meknes.ma\/fr\/actualites\/participation-de-la-region-a-la-rencontre-regionale-sur-lemploi-et-la-formation\/\"},\"wordCount\":141,\"commentCount\":0,\"publisher\":{\"@id\":\"https:\/\/www.region-fes-meknes.ma\/#organization\"},\"articleSection\":[\"Actualit\u00e9s\"],\"inLanguage\":\"fr-FR\",\"potentialAction\":[{\"@type\":\"CommentAction\",\"name\":\"Comment\",\"target\":[\"https:\/\/www.region-fes-meknes.ma\/fr\/actualites\/participation-de-la-region-a-la-rencontre-regionale-sur-lemploi-et-la-formation\/#respond\"]}]},{\"@type\":\"WebPage\",\"@id\":\"https:\/\/www.region-fes-meknes.ma\/fr\/actualites\/participation-de-la-region-a-la-rencontre-regionale-sur-lemploi-et-la-formation\/\",\"url\":\"https:\/\/www.region-fes-meknes.ma\/fr\/actualites\/participation-de-la-region-a-la-rencontre-regionale-sur-lemploi-et-la-formation\/\",\"name\":\"Participation de la R\u00e9gion \u00e0 la rencontre r\u00e9gionale sur l\u2019emploi et la formation - R\u00e9gion F\u00e8s Mekn\u00e8s\",\"isPartOf\":{\"@id\":\"https:\/\/www.region-fes-meknes.ma\/#website\"},\"datePublished\":\"2019-03-15T22:08:10+00:00\",\"dateModified\":\"2019-03-16T01:07:20+00:00\",\"breadcrumb\":{\"@id\":\"https:\/\/www.region-fes-meknes.ma\/fr\/actualites\/participation-de-la-region-a-la-rencontre-regionale-sur-lemploi-et-la-formation\/#breadcrumb\"},\"inLanguage\":\"fr-FR\",\"potentialAction\":[{\"@type\":\"ReadAction\",\"target\":[\"https:\/\/www.region-fes-meknes.ma\/fr\/actualites\/participation-de-la-region-a-la-rencontre-regionale-sur-lemploi-et-la-formation\/\"]}]},{\"@type\":\"BreadcrumbList\",\"@id\":\"https:\/\/www.region-fes-meknes.ma\/fr\/actualites\/participation-de-la-region-a-la-rencontre-regionale-sur-lemploi-et-la-formation\/#breadcrumb\",\"itemListElement\":[{\"@type\":\"ListItem\",\"position\":1,\"name\":\"Accueil\",\"item\":\"https:\/\/www.region-fes-meknes.ma\/fr\/\"},{\"@type\":\"ListItem\",\"position\":2,\"name\":\"Participation de la R\u00e9gion \u00e0 la rencontre r\u00e9gionale sur l\u2019emploi et la formation\"}]},{\"@type\":\"WebSite\",\"@id\":\"https:\/\/www.region-fes-meknes.ma\/#website\",\"url\":\"https:\/\/www.region-fes-meknes.ma\/\",\"name\":\"Portail de la R\u00e9gion F\u00e8s-Mekn\u00e8s\",\"description\":\"Site officiel de la r\u00e9gion F\u00e8s-Mekn\u00e8s.\",\"publisher\":{\"@id\":\"https:\/\/www.region-fes-meknes.ma\/#organization\"},\"potentialAction\":[{\"@type\":\"SearchAction\",\"target\":{\"@type\":\"EntryPoint\",\"urlTemplate\":\"https:\/\/www.region-fes-meknes.ma\/?s={search_term_string}\"},\"query-input\":\"required name=search_term_string\"}],\"inLanguage\":\"fr-FR\"},{\"@type\":\"Organization\",\"@id\":\"https:\/\/www.region-fes-meknes.ma\/#organization\",\"name\":\"R\u00e9gion F\u00e8s M\u00e8kn\u00e8s\",\"url\":\"https:\/\/www.region-fes-meknes.ma\/\",\"sameAs\":[\"https:\/\/www.facebook.com\/R\u00e9gion-F\u00e8s-Mekn\u00e8s-1130195096990872\"],\"logo\":{\"@type\":\"ImageObject\",\"inLanguage\":\"fr-FR\",\"@id\":\"https:\/\/www.region-fes-meknes.ma\/#\/schema\/logo\/image\/\",\"url\":\"http:\/\/www.region-fes-meknes.ma\/wp-content\/uploads\/2017\/10\/logo-rfm4.png\",\"contentUrl\":\"http:\/\/www.region-fes-meknes.ma\/wp-content\/uploads\/2017\/10\/logo-rfm4.png\",\"width\":304,\"height\":291,\"caption\":\"R\u00e9gion F\u00e8s M\u00e8kn\u00e8s\"},\"image\":{\"@id\":\"https:\/\/www.region-fes-meknes.ma\/#\/schema\/logo\/image\/\"}},{\"@type\":\"Person\",\"@id\":\"https:\/\/www.region-fes-meknes.ma\/#\/schema\/person\/a6f00c1887fecaef82369ec2bdb25456\",\"name\":\"Webmaster\",\"image\":{\"@type\":\"ImageObject\",\"inLanguage\":\"fr-FR\",\"@id\":\"https:\/\/www.region-fes-meknes.ma\/#\/schema\/person\/image\/\",\"url\":\"https:\/\/www.region-fes-meknes.ma\/wp-content\/uploads\/2017\/10\/logo-rfm4-150x150.png\",\"contentUrl\":\"https:\/\/www.region-fes-meknes.ma\/wp-content\/uploads\/2017\/10\/logo-rfm4-150x150.png\",\"caption\":\"Webmaster\"}}]}<\/script>\n<!-- \/ Yoast SEO plugin. -->","yoast_head_json":{"title":"Participation de la R\u00e9gion \u00e0 la rencontre r\u00e9gionale sur l\u2019emploi et la formation - R\u00e9gion F\u00e8s Mekn\u00e8s","robots":{"index":"index","follow":"follow","max-snippet":"max-snippet:-1","max-image-preview":"max-image-preview:large","max-video-preview":"max-video-preview:-1"},"canonical":"https:\/\/www.region-fes-meknes.ma\/fr\/actualites\/participation-de-la-region-a-la-rencontre-regionale-sur-lemploi-et-la-formation\/","og_locale":"fr_FR","og_type":"article","og_title":"Participation de la R\u00e9gion \u00e0 la rencontre r\u00e9gionale sur l\u2019emploi et la formation - R\u00e9gion F\u00e8s Mekn\u00e8s","og_description":"Le Pr\u00e9sident de la R\u00e9gion F\u00e8s Mekn\u00e8s, M. Mohand LAENSER a particip\u00e9 avec M. Moulay Hafid ELALAMY, Ministre de l\u2019Industrie, de l\u2019Investissement, du Commerce et de l\u2019Economie Num\u00e9rique et M. ...","og_url":"https:\/\/www.region-fes-meknes.ma\/fr\/actualites\/participation-de-la-region-a-la-rencontre-regionale-sur-lemploi-et-la-formation\/","og_site_name":"R\u00e9gion F\u00e8s Mekn\u00e8s","article_publisher":"https:\/\/www.facebook.com\/R%c3%a9gion-F%c3%a8s-Mekn%c3%a8s-1130195096990872","article_published_time":"2019-03-15T22:08:10+00:00","article_modified_time":"2019-03-16T01:07:20+00:00","og_image":[{"width":1090,"height":722,"url":"https:\/\/www.region-fes-meknes.ma\/wp-content\/uploads\/2019\/03\/rfm-rencontre-regionale-emploi-190315-00.jpg","type":"image\/jpeg"}],"author":"Webmaster","twitter_card":"summary_large_image","twitter_misc":{"\u00c9crit par":"Webmaster","Dur\u00e9e de lecture estim\u00e9e":"1 minute"},"schema":{"@context":"https:\/\/schema.org","@graph":[{"@type":"Article","@id":"https:\/\/www.region-fes-meknes.ma\/fr\/actualites\/participation-de-la-region-a-la-rencontre-regionale-sur-lemploi-et-la-formation\/#article","isPartOf":{"@id":"https:\/\/www.region-fes-meknes.ma\/fr\/actualites\/participation-de-la-region-a-la-rencontre-regionale-sur-lemploi-et-la-formation\/"},"author":{"name":"Webmaster","@id":"https:\/\/www.region-fes-meknes.ma\/#\/schema\/person\/a6f00c1887fecaef82369ec2bdb25456"},"headline":"Participation de la R\u00e9gion \u00e0 la rencontre r\u00e9gionale sur l\u2019emploi et la formation","datePublished":"2019-03-15T22:08:10+00:00","dateModified":"2019-03-16T01:07:20+00:00","mainEntityOfPage":{"@id":"https:\/\/www.region-fes-meknes.ma\/fr\/actualites\/participation-de-la-region-a-la-rencontre-regionale-sur-lemploi-et-la-formation\/"},"wordCount":141,"commentCount":0,"publisher":{"@id":"https:\/\/www.region-fes-meknes.ma\/#organization"},"articleSection":["Actualit\u00e9s"],"inLanguage":"fr-FR","potentialAction":[{"@type":"CommentAction","name":"Comment","target":["https:\/\/www.region-fes-meknes.ma\/fr\/actualites\/participation-de-la-region-a-la-rencontre-regionale-sur-lemploi-et-la-formation\/#respond"]}]},{"@type":"WebPage","@id":"https:\/\/www.region-fes-meknes.ma\/fr\/actualites\/participation-de-la-region-a-la-rencontre-regionale-sur-lemploi-et-la-formation\/","url":"https:\/\/www.region-fes-meknes.ma\/fr\/actualites\/participation-de-la-region-a-la-rencontre-regionale-sur-lemploi-et-la-formation\/","name":"Participation de la R\u00e9gion \u00e0 la rencontre r\u00e9gionale sur l\u2019emploi et la formation - R\u00e9gion F\u00e8s Mekn\u00e8s","isPartOf":{"@id":"https:\/\/www.region-fes-meknes.ma\/#website"},"datePublished":"2019-03-15T22:08:10+00:00","dateModified":"2019-03-16T01:07:20+00:00","breadcrumb":{"@id":"https:\/\/www.region-fes-meknes.ma\/fr\/actualites\/participation-de-la-region-a-la-rencontre-regionale-sur-lemploi-et-la-formation\/#breadcrumb"},"inLanguage":"fr-FR","potentialAction":[{"@type":"ReadAction","target":["https:\/\/www.region-fes-meknes.ma\/fr\/actualites\/participation-de-la-region-a-la-rencontre-regionale-sur-lemploi-et-la-formation\/"]}]},{"@type":"BreadcrumbList","@id":"https:\/\/www.region-fes-meknes.ma\/fr\/actualites\/participation-de-la-region-a-la-rencontre-regionale-sur-lemploi-et-la-formation\/#breadcrumb","itemListElement":[{"@type":"ListItem","position":1,"name":"Accueil","item":"https:\/\/www.region-fes-meknes.ma\/fr\/"},{"@type":"ListItem","position":2,"name":"Participation de la R\u00e9gion \u00e0 la rencontre r\u00e9gionale sur l\u2019emploi et la formation"}]},{"@type":"WebSite","@id":"https:\/\/www.region-fes-meknes.ma\/#website","url":"https:\/\/www.region-fes-meknes.ma\/","name":"Portail de la R\u00e9gion F\u00e8s-Mekn\u00e8s","description":"Site officiel de la r\u00e9gion F\u00e8s-Mekn\u00e8s.","publisher":{"@id":"https:\/\/www.region-fes-meknes.ma\/#organization"},"potentialAction":[{"@type":"SearchAction","target":{"@type":"EntryPoint","urlTemplate":"https:\/\/www.region-fes-meknes.ma\/?s={search_term_string}"},"query-input":"required name=search_term_string"}],"inLanguage":"fr-FR"},{"@type":"Organization","@id":"https:\/\/www.region-fes-meknes.ma\/#organization","name":"R\u00e9gion F\u00e8s M\u00e8kn\u00e8s","url":"https:\/\/www.region-fes-meknes.ma\/","sameAs":["https:\/\/www.facebook.com\/R\u00e9gion-F\u00e8s-Mekn\u00e8s-1130195096990872"],"logo":{"@type":"ImageObject","inLanguage":"fr-FR","@id":"https:\/\/www.region-fes-meknes.ma\/#\/schema\/logo\/image\/","url":"http:\/\/www.region-fes-meknes.ma\/wp-content\/uploads\/2017\/10\/logo-rfm4.png","contentUrl":"http:\/\/www.region-fes-meknes.ma\/wp-content\/uploads\/2017\/10\/logo-rfm4.png","width":304,"height":291,"caption":"R\u00e9gion F\u00e8s M\u00e8kn\u00e8s"},"image":{"@id":"https:\/\/www.region-fes-meknes.ma\/#\/schema\/logo\/image\/"}},{"@type":"Person","@id":"https:\/\/www.region-fes-meknes.ma\/#\/schema\/person\/a6f00c1887fecaef82369ec2bdb25456","name":"Webmaster","image":{"@type":"ImageObject","inLanguage":"fr-FR","@id":"https:\/\/www.region-fes-meknes.ma\/#\/schema\/person\/image\/","url":"https:\/\/www.region-fes-meknes.ma\/wp-content\/uploads\/2017\/10\/logo-rfm4-150x150.png","contentUrl":"https:\/\/www.region-fes-meknes.ma\/wp-content\/uploads\/2017\/10\/logo-rfm4-150x150.png","caption":"Webmaster"}}]}},"_links":{"self":[{"href":"https:\/\/www.region-fes-meknes.ma\/fr\/wp-json\/wp\/v2\/posts\/10776"}],"collection":[{"href":"https:\/\/www.region-fes-meknes.ma\/fr\/wp-json\/wp\/v2\/posts"}],"about":[{"href":"https:\/\/www.region-fes-meknes.ma\/fr\/wp-json\/wp\/v2\/types\/post"}],"author":[{"embeddable":true,"href":"https:\/\/www.region-fes-meknes.ma\/fr\/wp-json\/wp\/v2\/users\/1"}],"replies":[{"embeddable":true,"href":"https:\/\/www.region-fes-meknes.ma\/fr\/wp-json\/wp\/v2\/comments?post=10776"}],"version-history":[{"count":3,"href":"https:\/\/www.region-fes-meknes.ma\/fr\/wp-json\/wp\/v2\/posts\/10776\/revisions"}],"predecessor-version":[{"id":10805,"href":"https:\/\/www.region-fes-meknes.ma\/fr\/wp-json\/wp\/v2\/posts\/10776\/revisions\/10805"}],"wp:featuredmedia":[{"embeddable":true,"href":"https:\/\/www.region-fes-meknes.ma\/fr\/wp-json\/wp\/v2\/media\/10777"}],"wp:attachment":[{"href":"https:\/\/www.region-fes-meknes.ma\/fr\/wp-json\/wp\/v2\/media?parent=10776"}],"wp:term":[{"taxonomy":"category","embeddable":true,"href":"https:\/\/www.region-fes-meknes.ma\/fr\/wp-json\/wp\/v2\/categories?post=10776"},{"taxonomy":"post_tag","embeddable":true,"href":"https:\/\/www.region-fes-meknes.ma\/fr\/wp-json\/wp\/v2\/tags?post=10776"}],"curies":[{"name":"wp","href":"https:\/\/api.w.org\/{rel}","templated":true}]}}