{"id":10818,"date":"2019-03-18T16:09:52","date_gmt":"2019-03-18T16:09:52","guid":{"rendered":"http:\/\/www.region-fes-meknes.ma\/?p=10818"},"modified":"2019-03-19T09:25:59","modified_gmt":"2019-03-19T09:25:59","slug":"accueil-dune-delegation-deurodeputes-par-m-le-president-de-la-region-fes-meknes","status":"publish","type":"post","link":"https:\/\/www.region-fes-meknes.ma\/fr\/actualites\/accueil-dune-delegation-deurodeputes-par-m-le-president-de-la-region-fes-meknes\/","title":{"rendered":"Accueil d\u2019une D\u00e9l\u00e9gation d\u2019Eurod\u00e9put\u00e9s par M. le Pr\u00e9sident de la R\u00e9gion F\u00e8s Mekn\u00e8s"},"content":{"rendered":"<p>M Mohand LAENSER, Pr\u00e9sident de la R\u00e9gion F\u00e8s Mekn\u00e8s a accueilli Lundi 18 Mars 2019 au si\u00e8ge de la R\u00e9gion une d\u00e9l\u00e9gation d\u2019Eurod\u00e9put\u00e9s issus du Groupe du Parti Populaire ( PPE), conduite par M. Andrey KOVATCHEV, Vice-Pr\u00e9sident dudit groupe politique.<\/p>\n<p>Ladite d\u00e9l\u00e9gation est compos\u00e9e de :<\/p>\n<ul>\n<li>L\u2019Eurod\u00e9put\u00e9 SANTIAGO FISAS ( Espagne)<\/li>\n<li>L\u2019Eurod\u00e9put\u00e9 Feancesc GAMBUS (Espagne)<\/li>\n<li>Mme Alexandra ROVERS (Espagne), Conseill\u00e8re politique du Groupe PPE<\/li>\n<\/ul>\n<p>Ont \u00e9galement assist\u00e9 \u00e0 cette r\u00e9union M. Lahcen Sekkouri, parlementaire de la R\u00e9gion, et M. Lahcen El Aouani, Vice-Pr\u00e9sident de la R\u00e9gion ainsi que des cadres de ladite R\u00e9gion.<\/p>\n<p>Cette visite s\u2019inscrit dans le cadre des activit\u00e9s du groupe de travail du PPE charg\u00e9 de la M\u00e9diterran\u00e9e en coordination avec \u00ab\u00a0l\u2019Union pour la M\u00e9diterran\u00e9e\u00a0\u00bb en vue de renforcer les liens de coop\u00e9ration entre les pays membres de l\u2019Union dans l\u2019intention de signer des accords de partenariat dans diff\u00e9rents domaines.<\/p>\n","protected":false},"excerpt":{"rendered":"<p>M Mohand LAENSER, Pr\u00e9sident de la R\u00e9gion F\u00e8s Mekn\u00e8s a accueilli Lundi 18 Mars 2019 au si\u00e8ge de la R\u00e9gion une d\u00e9l\u00e9gation d\u2019Eurod\u00e9put\u00e9s issus du Groupe du Parti Populaire ( &#8230;<\/p>\n","protected":false},"author":74,"featured_media":10822,"comment_status":"open","ping_status":"open","sticky":false,"template":"","format":"standard","meta":{"_bbp_topic_count":0,"_bbp_reply_count":0,"_bbp_total_topic_count":0,"_bbp_total_reply_count":0,"_bbp_voice_count":0,"_bbp_anonymous_reply_count":0,"_bbp_topic_count_hidden":0,"_bbp_reply_count_hidden":0,"_bbp_forum_subforum_count":0},"categories":[18,92],"tags":[],"acf":[],"yoast_head":"<!-- This site is optimized with the Yoast SEO plugin v19.5.1 - https:\/\/yoast.com\/wordpress\/plugins\/seo\/ -->\n<title>Accueil d\u2019une D\u00e9l\u00e9gation d\u2019Eurod\u00e9put\u00e9s par M. le Pr\u00e9sident de la R\u00e9gion F\u00e8s Mekn\u00e8s - R\u00e9gion F\u00e8s Mekn\u00e8s<\/title>\n<meta name=\"robots\" content=\"index, follow, max-snippet:-1, max-image-preview:large, max-video-preview:-1\" \/>\n<link rel=\"canonical\" href=\"https:\/\/www.region-fes-meknes.ma\/fr\/actualites\/accueil-dune-delegation-deurodeputes-par-m-le-president-de-la-region-fes-meknes\/\" \/>\n<meta property=\"og:locale\" content=\"fr_FR\" \/>\n<meta property=\"og:type\" content=\"article\" \/>\n<meta property=\"og:title\" content=\"Accueil d\u2019une D\u00e9l\u00e9gation d\u2019Eurod\u00e9put\u00e9s par M. le Pr\u00e9sident de la R\u00e9gion F\u00e8s Mekn\u00e8s - R\u00e9gion F\u00e8s Mekn\u00e8s\" \/>\n<meta property=\"og:description\" content=\"M Mohand LAENSER, Pr\u00e9sident de la R\u00e9gion F\u00e8s Mekn\u00e8s a accueilli Lundi 18 Mars 2019 au si\u00e8ge de la R\u00e9gion une d\u00e9l\u00e9gation d\u2019Eurod\u00e9put\u00e9s issus du Groupe du Parti Populaire ( ...\" \/>\n<meta property=\"og:url\" content=\"https:\/\/www.region-fes-meknes.ma\/fr\/actualites\/accueil-dune-delegation-deurodeputes-par-m-le-president-de-la-region-fes-meknes\/\" \/>\n<meta property=\"og:site_name\" content=\"R\u00e9gion F\u00e8s Mekn\u00e8s\" \/>\n<meta property=\"article:publisher\" content=\"https:\/\/www.facebook.com\/R%c3%a9gion-F%c3%a8s-Mekn%c3%a8s-1130195096990872\" \/>\n<meta property=\"article:published_time\" content=\"2019-03-18T16:09:52+00:00\" \/>\n<meta property=\"article:modified_time\" content=\"2019-03-19T09:25:59+00:00\" \/>\n<meta property=\"og:image\" content=\"https:\/\/www.region-fes-meknes.ma\/wp-content\/uploads\/2019\/03\/recep-delegation-01.jpg\" \/>\n\t<meta property=\"og:image:width\" content=\"1090\" \/>\n\t<meta property=\"og:image:height\" content=\"722\" \/>\n\t<meta property=\"og:image:type\" content=\"image\/jpeg\" \/>\n<meta name=\"author\" content=\"Nisrine Hmamouchi\" \/>\n<meta name=\"twitter:card\" content=\"summary_large_image\" \/>\n<meta name=\"twitter:label1\" content=\"\u00c9crit par\" \/>\n\t<meta name=\"twitter:data1\" content=\"Nisrine Hmamouchi\" \/>\n\t<meta name=\"twitter:label2\" content=\"Dur\u00e9e de lecture estim\u00e9e\" \/>\n\t<meta name=\"twitter:data2\" content=\"1 minute\" \/>\n<script type=\"application\/ld+json\" class=\"yoast-schema-graph\">{\"@context\":\"https:\/\/schema.org\",\"@graph\":[{\"@type\":\"Article\",\"@id\":\"https:\/\/www.region-fes-meknes.ma\/fr\/actualites\/accueil-dune-delegation-deurodeputes-par-m-le-president-de-la-region-fes-meknes\/#article\",\"isPartOf\":{\"@id\":\"https:\/\/www.region-fes-meknes.ma\/fr\/actualites\/accueil-dune-delegation-deurodeputes-par-m-le-president-de-la-region-fes-meknes\/\"},\"author\":{\"name\":\"Nisrine Hmamouchi\",\"@id\":\"https:\/\/www.region-fes-meknes.ma\/#\/schema\/person\/309b003b18d9423ddb81c18399ef524b\"},\"headline\":\"Accueil d\u2019une D\u00e9l\u00e9gation d\u2019Eurod\u00e9put\u00e9s par M. le Pr\u00e9sident de la R\u00e9gion F\u00e8s Mekn\u00e8s\",\"datePublished\":\"2019-03-18T16:09:52+00:00\",\"dateModified\":\"2019-03-19T09:25:59+00:00\",\"mainEntityOfPage\":{\"@id\":\"https:\/\/www.region-fes-meknes.ma\/fr\/actualites\/accueil-dune-delegation-deurodeputes-par-m-le-president-de-la-region-fes-meknes\/\"},\"wordCount\":196,\"commentCount\":0,\"publisher\":{\"@id\":\"https:\/\/www.region-fes-meknes.ma\/#organization\"},\"articleSection\":[\"Actualit\u00e9s\",\"Coop\u00e9ration\"],\"inLanguage\":\"fr-FR\",\"potentialAction\":[{\"@type\":\"CommentAction\",\"name\":\"Comment\",\"target\":[\"https:\/\/www.region-fes-meknes.ma\/fr\/actualites\/accueil-dune-delegation-deurodeputes-par-m-le-president-de-la-region-fes-meknes\/#respond\"]}]},{\"@type\":\"WebPage\",\"@id\":\"https:\/\/www.region-fes-meknes.ma\/fr\/actualites\/accueil-dune-delegation-deurodeputes-par-m-le-president-de-la-region-fes-meknes\/\",\"url\":\"https:\/\/www.region-fes-meknes.ma\/fr\/actualites\/accueil-dune-delegation-deurodeputes-par-m-le-president-de-la-region-fes-meknes\/\",\"name\":\"Accueil d\u2019une D\u00e9l\u00e9gation d\u2019Eurod\u00e9put\u00e9s par M. le Pr\u00e9sident de la R\u00e9gion F\u00e8s Mekn\u00e8s - R\u00e9gion F\u00e8s Mekn\u00e8s\",\"isPartOf\":{\"@id\":\"https:\/\/www.region-fes-meknes.ma\/#website\"},\"datePublished\":\"2019-03-18T16:09:52+00:00\",\"dateModified\":\"2019-03-19T09:25:59+00:00\",\"breadcrumb\":{\"@id\":\"https:\/\/www.region-fes-meknes.ma\/fr\/actualites\/accueil-dune-delegation-deurodeputes-par-m-le-president-de-la-region-fes-meknes\/#breadcrumb\"},\"inLanguage\":\"fr-FR\",\"potentialAction\":[{\"@type\":\"ReadAction\",\"target\":[\"https:\/\/www.region-fes-meknes.ma\/fr\/actualites\/accueil-dune-delegation-deurodeputes-par-m-le-president-de-la-region-fes-meknes\/\"]}]},{\"@type\":\"BreadcrumbList\",\"@id\":\"https:\/\/www.region-fes-meknes.ma\/fr\/actualites\/accueil-dune-delegation-deurodeputes-par-m-le-president-de-la-region-fes-meknes\/#breadcrumb\",\"itemListElement\":[{\"@type\":\"ListItem\",\"position\":1,\"name\":\"Accueil\",\"item\":\"https:\/\/www.region-fes-meknes.ma\/fr\/\"},{\"@type\":\"ListItem\",\"position\":2,\"name\":\"Accueil d\u2019une D\u00e9l\u00e9gation d\u2019Eurod\u00e9put\u00e9s par M. le Pr\u00e9sident de la R\u00e9gion F\u00e8s Mekn\u00e8s\"}]},{\"@type\":\"WebSite\",\"@id\":\"https:\/\/www.region-fes-meknes.ma\/#website\",\"url\":\"https:\/\/www.region-fes-meknes.ma\/\",\"name\":\"Portail de la R\u00e9gion F\u00e8s-Mekn\u00e8s\",\"description\":\"Site officiel de la r\u00e9gion F\u00e8s-Mekn\u00e8s.\",\"publisher\":{\"@id\":\"https:\/\/www.region-fes-meknes.ma\/#organization\"},\"potentialAction\":[{\"@type\":\"SearchAction\",\"target\":{\"@type\":\"EntryPoint\",\"urlTemplate\":\"https:\/\/www.region-fes-meknes.ma\/?s={search_term_string}\"},\"query-input\":\"required name=search_term_string\"}],\"inLanguage\":\"fr-FR\"},{\"@type\":\"Organization\",\"@id\":\"https:\/\/www.region-fes-meknes.ma\/#organization\",\"name\":\"R\u00e9gion F\u00e8s M\u00e8kn\u00e8s\",\"url\":\"https:\/\/www.region-fes-meknes.ma\/\",\"sameAs\":[\"https:\/\/www.facebook.com\/R\u00e9gion-F\u00e8s-Mekn\u00e8s-1130195096990872\"],\"logo\":{\"@type\":\"ImageObject\",\"inLanguage\":\"fr-FR\",\"@id\":\"https:\/\/www.region-fes-meknes.ma\/#\/schema\/logo\/image\/\",\"url\":\"http:\/\/www.region-fes-meknes.ma\/wp-content\/uploads\/2017\/10\/logo-rfm4.png\",\"contentUrl\":\"http:\/\/www.region-fes-meknes.ma\/wp-content\/uploads\/2017\/10\/logo-rfm4.png\",\"width\":304,\"height\":291,\"caption\":\"R\u00e9gion F\u00e8s M\u00e8kn\u00e8s\"},\"image\":{\"@id\":\"https:\/\/www.region-fes-meknes.ma\/#\/schema\/logo\/image\/\"}},{\"@type\":\"Person\",\"@id\":\"https:\/\/www.region-fes-meknes.ma\/#\/schema\/person\/309b003b18d9423ddb81c18399ef524b\",\"name\":\"Nisrine Hmamouchi\",\"image\":{\"@type\":\"ImageObject\",\"inLanguage\":\"fr-FR\",\"@id\":\"https:\/\/www.region-fes-meknes.ma\/#\/schema\/person\/image\/\",\"url\":\"https:\/\/secure.gravatar.com\/avatar\/7b3abdb99edc460b9304cacd3eb10c63?s=96&d=mm&r=g\",\"contentUrl\":\"https:\/\/secure.gravatar.com\/avatar\/7b3abdb99edc460b9304cacd3eb10c63?s=96&d=mm&r=g\",\"caption\":\"Nisrine Hmamouchi\"}}]}<\/script>\n<!-- \/ Yoast SEO plugin. -->","yoast_head_json":{"title":"Accueil d\u2019une D\u00e9l\u00e9gation d\u2019Eurod\u00e9put\u00e9s par M. le Pr\u00e9sident de la R\u00e9gion F\u00e8s Mekn\u00e8s - R\u00e9gion F\u00e8s Mekn\u00e8s","robots":{"index":"index","follow":"follow","max-snippet":"max-snippet:-1","max-image-preview":"max-image-preview:large","max-video-preview":"max-video-preview:-1"},"canonical":"https:\/\/www.region-fes-meknes.ma\/fr\/actualites\/accueil-dune-delegation-deurodeputes-par-m-le-president-de-la-region-fes-meknes\/","og_locale":"fr_FR","og_type":"article","og_title":"Accueil d\u2019une D\u00e9l\u00e9gation d\u2019Eurod\u00e9put\u00e9s par M. le Pr\u00e9sident de la R\u00e9gion F\u00e8s Mekn\u00e8s - R\u00e9gion F\u00e8s Mekn\u00e8s","og_description":"M Mohand LAENSER, Pr\u00e9sident de la R\u00e9gion F\u00e8s Mekn\u00e8s a accueilli Lundi 18 Mars 2019 au si\u00e8ge de la R\u00e9gion une d\u00e9l\u00e9gation d\u2019Eurod\u00e9put\u00e9s issus du Groupe du Parti Populaire ( ...","og_url":"https:\/\/www.region-fes-meknes.ma\/fr\/actualites\/accueil-dune-delegation-deurodeputes-par-m-le-president-de-la-region-fes-meknes\/","og_site_name":"R\u00e9gion F\u00e8s Mekn\u00e8s","article_publisher":"https:\/\/www.facebook.com\/R%c3%a9gion-F%c3%a8s-Mekn%c3%a8s-1130195096990872","article_published_time":"2019-03-18T16:09:52+00:00","article_modified_time":"2019-03-19T09:25:59+00:00","og_image":[{"width":1090,"height":722,"url":"https:\/\/www.region-fes-meknes.ma\/wp-content\/uploads\/2019\/03\/recep-delegation-01.jpg","type":"image\/jpeg"}],"author":"Nisrine Hmamouchi","twitter_card":"summary_large_image","twitter_misc":{"\u00c9crit par":"Nisrine Hmamouchi","Dur\u00e9e de lecture estim\u00e9e":"1 minute"},"schema":{"@context":"https:\/\/schema.org","@graph":[{"@type":"Article","@id":"https:\/\/www.region-fes-meknes.ma\/fr\/actualites\/accueil-dune-delegation-deurodeputes-par-m-le-president-de-la-region-fes-meknes\/#article","isPartOf":{"@id":"https:\/\/www.region-fes-meknes.ma\/fr\/actualites\/accueil-dune-delegation-deurodeputes-par-m-le-president-de-la-region-fes-meknes\/"},"author":{"name":"Nisrine Hmamouchi","@id":"https:\/\/www.region-fes-meknes.ma\/#\/schema\/person\/309b003b18d9423ddb81c18399ef524b"},"headline":"Accueil d\u2019une D\u00e9l\u00e9gation d\u2019Eurod\u00e9put\u00e9s par M. le Pr\u00e9sident de la R\u00e9gion F\u00e8s Mekn\u00e8s","datePublished":"2019-03-18T16:09:52+00:00","dateModified":"2019-03-19T09:25:59+00:00","mainEntityOfPage":{"@id":"https:\/\/www.region-fes-meknes.ma\/fr\/actualites\/accueil-dune-delegation-deurodeputes-par-m-le-president-de-la-region-fes-meknes\/"},"wordCount":196,"commentCount":0,"publisher":{"@id":"https:\/\/www.region-fes-meknes.ma\/#organization"},"articleSection":["Actualit\u00e9s","Coop\u00e9ration"],"inLanguage":"fr-FR","potentialAction":[{"@type":"CommentAction","name":"Comment","target":["https:\/\/www.region-fes-meknes.ma\/fr\/actualites\/accueil-dune-delegation-deurodeputes-par-m-le-president-de-la-region-fes-meknes\/#respond"]}]},{"@type":"WebPage","@id":"https:\/\/www.region-fes-meknes.ma\/fr\/actualites\/accueil-dune-delegation-deurodeputes-par-m-le-president-de-la-region-fes-meknes\/","url":"https:\/\/www.region-fes-meknes.ma\/fr\/actualites\/accueil-dune-delegation-deurodeputes-par-m-le-president-de-la-region-fes-meknes\/","name":"Accueil d\u2019une D\u00e9l\u00e9gation d\u2019Eurod\u00e9put\u00e9s par M. le Pr\u00e9sident de la R\u00e9gion F\u00e8s Mekn\u00e8s - R\u00e9gion F\u00e8s Mekn\u00e8s","isPartOf":{"@id":"https:\/\/www.region-fes-meknes.ma\/#website"},"datePublished":"2019-03-18T16:09:52+00:00","dateModified":"2019-03-19T09:25:59+00:00","breadcrumb":{"@id":"https:\/\/www.region-fes-meknes.ma\/fr\/actualites\/accueil-dune-delegation-deurodeputes-par-m-le-president-de-la-region-fes-meknes\/#breadcrumb"},"inLanguage":"fr-FR","potentialAction":[{"@type":"ReadAction","target":["https:\/\/www.region-fes-meknes.ma\/fr\/actualites\/accueil-dune-delegation-deurodeputes-par-m-le-president-de-la-region-fes-meknes\/"]}]},{"@type":"BreadcrumbList","@id":"https:\/\/www.region-fes-meknes.ma\/fr\/actualites\/accueil-dune-delegation-deurodeputes-par-m-le-president-de-la-region-fes-meknes\/#breadcrumb","itemListElement":[{"@type":"ListItem","position":1,"name":"Accueil","item":"https:\/\/www.region-fes-meknes.ma\/fr\/"},{"@type":"ListItem","position":2,"name":"Accueil d\u2019une D\u00e9l\u00e9gation d\u2019Eurod\u00e9put\u00e9s par M. le Pr\u00e9sident de la R\u00e9gion F\u00e8s Mekn\u00e8s"}]},{"@type":"WebSite","@id":"https:\/\/www.region-fes-meknes.ma\/#website","url":"https:\/\/www.region-fes-meknes.ma\/","name":"Portail de la R\u00e9gion F\u00e8s-Mekn\u00e8s","description":"Site officiel de la r\u00e9gion F\u00e8s-Mekn\u00e8s.","publisher":{"@id":"https:\/\/www.region-fes-meknes.ma\/#organization"},"potentialAction":[{"@type":"SearchAction","target":{"@type":"EntryPoint","urlTemplate":"https:\/\/www.region-fes-meknes.ma\/?s={search_term_string}"},"query-input":"required name=search_term_string"}],"inLanguage":"fr-FR"},{"@type":"Organization","@id":"https:\/\/www.region-fes-meknes.ma\/#organization","name":"R\u00e9gion F\u00e8s M\u00e8kn\u00e8s","url":"https:\/\/www.region-fes-meknes.ma\/","sameAs":["https:\/\/www.facebook.com\/R\u00e9gion-F\u00e8s-Mekn\u00e8s-1130195096990872"],"logo":{"@type":"ImageObject","inLanguage":"fr-FR","@id":"https:\/\/www.region-fes-meknes.ma\/#\/schema\/logo\/image\/","url":"http:\/\/www.region-fes-meknes.ma\/wp-content\/uploads\/2017\/10\/logo-rfm4.png","contentUrl":"http:\/\/www.region-fes-meknes.ma\/wp-content\/uploads\/2017\/10\/logo-rfm4.png","width":304,"height":291,"caption":"R\u00e9gion F\u00e8s M\u00e8kn\u00e8s"},"image":{"@id":"https:\/\/www.region-fes-meknes.ma\/#\/schema\/logo\/image\/"}},{"@type":"Person","@id":"https:\/\/www.region-fes-meknes.ma\/#\/schema\/person\/309b003b18d9423ddb81c18399ef524b","name":"Nisrine Hmamouchi","image":{"@type":"ImageObject","inLanguage":"fr-FR","@id":"https:\/\/www.region-fes-meknes.ma\/#\/schema\/person\/image\/","url":"https:\/\/secure.gravatar.com\/avatar\/7b3abdb99edc460b9304cacd3eb10c63?s=96&d=mm&r=g","contentUrl":"https:\/\/secure.gravatar.com\/avatar\/7b3abdb99edc460b9304cacd3eb10c63?s=96&d=mm&r=g","caption":"Nisrine Hmamouchi"}}]}},"_links":{"self":[{"href":"https:\/\/www.region-fes-meknes.ma\/fr\/wp-json\/wp\/v2\/posts\/10818"}],"collection":[{"href":"https:\/\/www.region-fes-meknes.ma\/fr\/wp-json\/wp\/v2\/posts"}],"about":[{"href":"https:\/\/www.region-fes-meknes.ma\/fr\/wp-json\/wp\/v2\/types\/post"}],"author":[{"embeddable":true,"href":"https:\/\/www.region-fes-meknes.ma\/fr\/wp-json\/wp\/v2\/users\/74"}],"replies":[{"embeddable":true,"href":"https:\/\/www.region-fes-meknes.ma\/fr\/wp-json\/wp\/v2\/comments?post=10818"}],"version-history":[{"count":3,"href":"https:\/\/www.region-fes-meknes.ma\/fr\/wp-json\/wp\/v2\/posts\/10818\/revisions"}],"predecessor-version":[{"id":10838,"href":"https:\/\/www.region-fes-meknes.ma\/fr\/wp-json\/wp\/v2\/posts\/10818\/revisions\/10838"}],"wp:featuredmedia":[{"embeddable":true,"href":"https:\/\/www.region-fes-meknes.ma\/fr\/wp-json\/wp\/v2\/media\/10822"}],"wp:attachment":[{"href":"https:\/\/www.region-fes-meknes.ma\/fr\/wp-json\/wp\/v2\/media?parent=10818"}],"wp:term":[{"taxonomy":"category","embeddable":true,"href":"https:\/\/www.region-fes-meknes.ma\/fr\/wp-json\/wp\/v2\/categories?post=10818"},{"taxonomy":"post_tag","embeddable":true,"href":"https:\/\/www.region-fes-meknes.ma\/fr\/wp-json\/wp\/v2\/tags?post=10818"}],"curies":[{"name":"wp","href":"https:\/\/api.w.org\/{rel}","templated":true}]}}