{"id":10900,"date":"2019-03-29T14:26:03","date_gmt":"2019-03-29T14:26:03","guid":{"rendered":"http:\/\/www.region-fes-meknes.ma\/?p=10900"},"modified":"2019-03-29T14:26:03","modified_gmt":"2019-03-29T14:26:03","slug":"participation-de-la-region-fes-meknes-a-linstallation-du-comite-dorientation-des-politiques-publiques-de-jeunesse-cdj","status":"publish","type":"post","link":"https:\/\/www.region-fes-meknes.ma\/fr\/actualites\/participation-de-la-region-fes-meknes-a-linstallation-du-comite-dorientation-des-politiques-publiques-de-jeunesse-cdj\/","title":{"rendered":"Participation de la R\u00e9gion F\u00e8s-Mekn\u00e8s \u00e0 l&rsquo;installation du comit\u00e9 d&rsquo;Orientation des politiques publiques de jeunesse (CDJ)"},"content":{"rendered":"<p>Participation de la R\u00e9gion F\u00e8s-Mekn\u00e8s\u00a0\u00e0 l&rsquo;installation du comit\u00e9 d&rsquo;Orientation des politiques publiques de jeunesse (CDJ) au si\u00e8ge de la Region Centre Val de Loire, pr\u00e9sid\u00e9 par le pr\u00e9sident de la R\u00e9gion Centre Val de Loire M. Fran\u00e7ois BONEAU. Ont assist\u00e9 aussi, Catch MUNCH MASSET 2\u00e8me vice pr\u00e9sident, Charles FOURNIER, 3\u00e8me vice pr\u00e9sident, Olivier FREZOT, Conseiller r\u00e9gional.<\/p>\n<p>La R\u00e9gion F\u00e8s Mekn\u00e8s a \u00e9t\u00e9 pr\u00e9sent\u00e9e par M. Ahmed El YANDOUZI vice-pr\u00e9sident de la dite r\u00e9gion et pr\u00e9sident de l&rsquo;instance consultative charg\u00e9e des jeunes, Nadia EL ATTARI,chef de service des \u00c9lus charg\u00e9e des instances consultatives et Anabelle HAN, charg\u00e9e du suivi du partenariat entre la R\u00e9gion Centre Val de Loire et la R\u00e9gion F\u00e8s-Mekn\u00e8s<\/p>\n<p>La s\u00e9ance a \u00e9t\u00e9 suivie par une conf\u00e9rence de presse et des ateliers de travail sur des diff\u00e9rentes th\u00e9matiques relatives \u00e0 la jeunesse<\/p>\n","protected":false},"excerpt":{"rendered":"<p>Participation de la R\u00e9gion F\u00e8s-Mekn\u00e8s\u00a0\u00e0 l&rsquo;installation du comit\u00e9 d&rsquo;Orientation des politiques publiques de jeunesse (CDJ) au si\u00e8ge de la Region Centre Val de Loire, pr\u00e9sid\u00e9 par le pr\u00e9sident de la &#8230;<\/p>\n","protected":false},"author":74,"featured_media":10901,"comment_status":"open","ping_status":"open","sticky":false,"template":"","format":"standard","meta":{"_bbp_topic_count":0,"_bbp_reply_count":0,"_bbp_total_topic_count":0,"_bbp_total_reply_count":0,"_bbp_voice_count":0,"_bbp_anonymous_reply_count":0,"_bbp_topic_count_hidden":0,"_bbp_reply_count_hidden":0,"_bbp_forum_subforum_count":0},"categories":[18],"tags":[],"acf":[],"yoast_head":"<!-- This site is optimized with the Yoast SEO plugin v19.5.1 - https:\/\/yoast.com\/wordpress\/plugins\/seo\/ -->\n<title>Participation de la R\u00e9gion F\u00e8s-Mekn\u00e8s \u00e0 l&#039;installation du comit\u00e9 d&#039;Orientation des politiques publiques de jeunesse (CDJ) - R\u00e9gion F\u00e8s Mekn\u00e8s<\/title>\n<meta name=\"robots\" content=\"index, follow, max-snippet:-1, max-image-preview:large, max-video-preview:-1\" \/>\n<link rel=\"canonical\" href=\"https:\/\/www.region-fes-meknes.ma\/fr\/actualites\/participation-de-la-region-fes-meknes-a-linstallation-du-comite-dorientation-des-politiques-publiques-de-jeunesse-cdj\/\" \/>\n<meta property=\"og:locale\" content=\"fr_FR\" \/>\n<meta property=\"og:type\" content=\"article\" \/>\n<meta property=\"og:title\" content=\"Participation de la R\u00e9gion F\u00e8s-Mekn\u00e8s \u00e0 l&#039;installation du comit\u00e9 d&#039;Orientation des politiques publiques de jeunesse (CDJ) - R\u00e9gion F\u00e8s Mekn\u00e8s\" \/>\n<meta property=\"og:description\" content=\"Participation de la R\u00e9gion F\u00e8s-Mekn\u00e8s\u00a0\u00e0 l&rsquo;installation du comit\u00e9 d&rsquo;Orientation des politiques publiques de jeunesse (CDJ) au si\u00e8ge de la Region Centre Val de Loire, pr\u00e9sid\u00e9 par le pr\u00e9sident de la ...\" \/>\n<meta property=\"og:url\" content=\"https:\/\/www.region-fes-meknes.ma\/fr\/actualites\/participation-de-la-region-fes-meknes-a-linstallation-du-comite-dorientation-des-politiques-publiques-de-jeunesse-cdj\/\" \/>\n<meta property=\"og:site_name\" content=\"R\u00e9gion F\u00e8s Mekn\u00e8s\" \/>\n<meta property=\"article:publisher\" content=\"https:\/\/www.facebook.com\/R%c3%a9gion-F%c3%a8s-Mekn%c3%a8s-1130195096990872\" \/>\n<meta property=\"article:published_time\" content=\"2019-03-29T14:26:03+00:00\" \/>\n<meta property=\"og:image\" content=\"https:\/\/www.region-fes-meknes.ma\/wp-content\/uploads\/2019\/03\/visite-france-valdeloire-01.jpg\" \/>\n\t<meta property=\"og:image:width\" content=\"1090\" \/>\n\t<meta property=\"og:image:height\" content=\"722\" \/>\n\t<meta property=\"og:image:type\" content=\"image\/jpeg\" \/>\n<meta name=\"author\" content=\"Nisrine Hmamouchi\" \/>\n<meta name=\"twitter:card\" content=\"summary_large_image\" \/>\n<meta name=\"twitter:label1\" content=\"\u00c9crit par\" \/>\n\t<meta name=\"twitter:data1\" content=\"Nisrine Hmamouchi\" \/>\n\t<meta name=\"twitter:label2\" content=\"Dur\u00e9e de lecture estim\u00e9e\" \/>\n\t<meta name=\"twitter:data2\" content=\"1 minute\" \/>\n<script type=\"application\/ld+json\" class=\"yoast-schema-graph\">{\"@context\":\"https:\/\/schema.org\",\"@graph\":[{\"@type\":\"Article\",\"@id\":\"https:\/\/www.region-fes-meknes.ma\/fr\/actualites\/participation-de-la-region-fes-meknes-a-linstallation-du-comite-dorientation-des-politiques-publiques-de-jeunesse-cdj\/#article\",\"isPartOf\":{\"@id\":\"https:\/\/www.region-fes-meknes.ma\/fr\/actualites\/participation-de-la-region-fes-meknes-a-linstallation-du-comite-dorientation-des-politiques-publiques-de-jeunesse-cdj\/\"},\"author\":{\"name\":\"Nisrine Hmamouchi\",\"@id\":\"https:\/\/www.region-fes-meknes.ma\/#\/schema\/person\/309b003b18d9423ddb81c18399ef524b\"},\"headline\":\"Participation de la R\u00e9gion F\u00e8s-Mekn\u00e8s \u00e0 l&rsquo;installation du comit\u00e9 d&rsquo;Orientation des politiques publiques de jeunesse (CDJ)\",\"datePublished\":\"2019-03-29T14:26:03+00:00\",\"dateModified\":\"2019-03-29T14:26:03+00:00\",\"mainEntityOfPage\":{\"@id\":\"https:\/\/www.region-fes-meknes.ma\/fr\/actualites\/participation-de-la-region-fes-meknes-a-linstallation-du-comite-dorientation-des-politiques-publiques-de-jeunesse-cdj\/\"},\"wordCount\":182,\"commentCount\":0,\"publisher\":{\"@id\":\"https:\/\/www.region-fes-meknes.ma\/#organization\"},\"articleSection\":[\"Actualit\u00e9s\"],\"inLanguage\":\"fr-FR\",\"potentialAction\":[{\"@type\":\"CommentAction\",\"name\":\"Comment\",\"target\":[\"https:\/\/www.region-fes-meknes.ma\/fr\/actualites\/participation-de-la-region-fes-meknes-a-linstallation-du-comite-dorientation-des-politiques-publiques-de-jeunesse-cdj\/#respond\"]}]},{\"@type\":\"WebPage\",\"@id\":\"https:\/\/www.region-fes-meknes.ma\/fr\/actualites\/participation-de-la-region-fes-meknes-a-linstallation-du-comite-dorientation-des-politiques-publiques-de-jeunesse-cdj\/\",\"url\":\"https:\/\/www.region-fes-meknes.ma\/fr\/actualites\/participation-de-la-region-fes-meknes-a-linstallation-du-comite-dorientation-des-politiques-publiques-de-jeunesse-cdj\/\",\"name\":\"Participation de la R\u00e9gion F\u00e8s-Mekn\u00e8s \u00e0 l'installation du comit\u00e9 d'Orientation des politiques publiques de jeunesse (CDJ) - R\u00e9gion F\u00e8s Mekn\u00e8s\",\"isPartOf\":{\"@id\":\"https:\/\/www.region-fes-meknes.ma\/#website\"},\"datePublished\":\"2019-03-29T14:26:03+00:00\",\"dateModified\":\"2019-03-29T14:26:03+00:00\",\"breadcrumb\":{\"@id\":\"https:\/\/www.region-fes-meknes.ma\/fr\/actualites\/participation-de-la-region-fes-meknes-a-linstallation-du-comite-dorientation-des-politiques-publiques-de-jeunesse-cdj\/#breadcrumb\"},\"inLanguage\":\"fr-FR\",\"potentialAction\":[{\"@type\":\"ReadAction\",\"target\":[\"https:\/\/www.region-fes-meknes.ma\/fr\/actualites\/participation-de-la-region-fes-meknes-a-linstallation-du-comite-dorientation-des-politiques-publiques-de-jeunesse-cdj\/\"]}]},{\"@type\":\"BreadcrumbList\",\"@id\":\"https:\/\/www.region-fes-meknes.ma\/fr\/actualites\/participation-de-la-region-fes-meknes-a-linstallation-du-comite-dorientation-des-politiques-publiques-de-jeunesse-cdj\/#breadcrumb\",\"itemListElement\":[{\"@type\":\"ListItem\",\"position\":1,\"name\":\"Accueil\",\"item\":\"https:\/\/www.region-fes-meknes.ma\/fr\/\"},{\"@type\":\"ListItem\",\"position\":2,\"name\":\"Participation de la R\u00e9gion F\u00e8s-Mekn\u00e8s \u00e0 l&rsquo;installation du comit\u00e9 d&rsquo;Orientation des politiques publiques de jeunesse (CDJ)\"}]},{\"@type\":\"WebSite\",\"@id\":\"https:\/\/www.region-fes-meknes.ma\/#website\",\"url\":\"https:\/\/www.region-fes-meknes.ma\/\",\"name\":\"Portail de la R\u00e9gion F\u00e8s-Mekn\u00e8s\",\"description\":\"Site officiel de la r\u00e9gion F\u00e8s-Mekn\u00e8s.\",\"publisher\":{\"@id\":\"https:\/\/www.region-fes-meknes.ma\/#organization\"},\"potentialAction\":[{\"@type\":\"SearchAction\",\"target\":{\"@type\":\"EntryPoint\",\"urlTemplate\":\"https:\/\/www.region-fes-meknes.ma\/?s={search_term_string}\"},\"query-input\":\"required name=search_term_string\"}],\"inLanguage\":\"fr-FR\"},{\"@type\":\"Organization\",\"@id\":\"https:\/\/www.region-fes-meknes.ma\/#organization\",\"name\":\"R\u00e9gion F\u00e8s M\u00e8kn\u00e8s\",\"url\":\"https:\/\/www.region-fes-meknes.ma\/\",\"sameAs\":[\"https:\/\/www.facebook.com\/R\u00e9gion-F\u00e8s-Mekn\u00e8s-1130195096990872\"],\"logo\":{\"@type\":\"ImageObject\",\"inLanguage\":\"fr-FR\",\"@id\":\"https:\/\/www.region-fes-meknes.ma\/#\/schema\/logo\/image\/\",\"url\":\"http:\/\/www.region-fes-meknes.ma\/wp-content\/uploads\/2017\/10\/logo-rfm4.png\",\"contentUrl\":\"http:\/\/www.region-fes-meknes.ma\/wp-content\/uploads\/2017\/10\/logo-rfm4.png\",\"width\":304,\"height\":291,\"caption\":\"R\u00e9gion F\u00e8s M\u00e8kn\u00e8s\"},\"image\":{\"@id\":\"https:\/\/www.region-fes-meknes.ma\/#\/schema\/logo\/image\/\"}},{\"@type\":\"Person\",\"@id\":\"https:\/\/www.region-fes-meknes.ma\/#\/schema\/person\/309b003b18d9423ddb81c18399ef524b\",\"name\":\"Nisrine Hmamouchi\",\"image\":{\"@type\":\"ImageObject\",\"inLanguage\":\"fr-FR\",\"@id\":\"https:\/\/www.region-fes-meknes.ma\/#\/schema\/person\/image\/\",\"url\":\"https:\/\/secure.gravatar.com\/avatar\/7b3abdb99edc460b9304cacd3eb10c63?s=96&d=mm&r=g\",\"contentUrl\":\"https:\/\/secure.gravatar.com\/avatar\/7b3abdb99edc460b9304cacd3eb10c63?s=96&d=mm&r=g\",\"caption\":\"Nisrine Hmamouchi\"}}]}<\/script>\n<!-- \/ Yoast SEO plugin. -->","yoast_head_json":{"title":"Participation de la R\u00e9gion F\u00e8s-Mekn\u00e8s \u00e0 l'installation du comit\u00e9 d'Orientation des politiques publiques de jeunesse (CDJ) - R\u00e9gion F\u00e8s Mekn\u00e8s","robots":{"index":"index","follow":"follow","max-snippet":"max-snippet:-1","max-image-preview":"max-image-preview:large","max-video-preview":"max-video-preview:-1"},"canonical":"https:\/\/www.region-fes-meknes.ma\/fr\/actualites\/participation-de-la-region-fes-meknes-a-linstallation-du-comite-dorientation-des-politiques-publiques-de-jeunesse-cdj\/","og_locale":"fr_FR","og_type":"article","og_title":"Participation de la R\u00e9gion F\u00e8s-Mekn\u00e8s \u00e0 l'installation du comit\u00e9 d'Orientation des politiques publiques de jeunesse (CDJ) - R\u00e9gion F\u00e8s Mekn\u00e8s","og_description":"Participation de la R\u00e9gion F\u00e8s-Mekn\u00e8s\u00a0\u00e0 l&rsquo;installation du comit\u00e9 d&rsquo;Orientation des politiques publiques de jeunesse (CDJ) au si\u00e8ge de la Region Centre Val de Loire, pr\u00e9sid\u00e9 par le pr\u00e9sident de la ...","og_url":"https:\/\/www.region-fes-meknes.ma\/fr\/actualites\/participation-de-la-region-fes-meknes-a-linstallation-du-comite-dorientation-des-politiques-publiques-de-jeunesse-cdj\/","og_site_name":"R\u00e9gion F\u00e8s Mekn\u00e8s","article_publisher":"https:\/\/www.facebook.com\/R%c3%a9gion-F%c3%a8s-Mekn%c3%a8s-1130195096990872","article_published_time":"2019-03-29T14:26:03+00:00","og_image":[{"width":1090,"height":722,"url":"https:\/\/www.region-fes-meknes.ma\/wp-content\/uploads\/2019\/03\/visite-france-valdeloire-01.jpg","type":"image\/jpeg"}],"author":"Nisrine Hmamouchi","twitter_card":"summary_large_image","twitter_misc":{"\u00c9crit par":"Nisrine Hmamouchi","Dur\u00e9e de lecture estim\u00e9e":"1 minute"},"schema":{"@context":"https:\/\/schema.org","@graph":[{"@type":"Article","@id":"https:\/\/www.region-fes-meknes.ma\/fr\/actualites\/participation-de-la-region-fes-meknes-a-linstallation-du-comite-dorientation-des-politiques-publiques-de-jeunesse-cdj\/#article","isPartOf":{"@id":"https:\/\/www.region-fes-meknes.ma\/fr\/actualites\/participation-de-la-region-fes-meknes-a-linstallation-du-comite-dorientation-des-politiques-publiques-de-jeunesse-cdj\/"},"author":{"name":"Nisrine Hmamouchi","@id":"https:\/\/www.region-fes-meknes.ma\/#\/schema\/person\/309b003b18d9423ddb81c18399ef524b"},"headline":"Participation de la R\u00e9gion F\u00e8s-Mekn\u00e8s \u00e0 l&rsquo;installation du comit\u00e9 d&rsquo;Orientation des politiques publiques de jeunesse (CDJ)","datePublished":"2019-03-29T14:26:03+00:00","dateModified":"2019-03-29T14:26:03+00:00","mainEntityOfPage":{"@id":"https:\/\/www.region-fes-meknes.ma\/fr\/actualites\/participation-de-la-region-fes-meknes-a-linstallation-du-comite-dorientation-des-politiques-publiques-de-jeunesse-cdj\/"},"wordCount":182,"commentCount":0,"publisher":{"@id":"https:\/\/www.region-fes-meknes.ma\/#organization"},"articleSection":["Actualit\u00e9s"],"inLanguage":"fr-FR","potentialAction":[{"@type":"CommentAction","name":"Comment","target":["https:\/\/www.region-fes-meknes.ma\/fr\/actualites\/participation-de-la-region-fes-meknes-a-linstallation-du-comite-dorientation-des-politiques-publiques-de-jeunesse-cdj\/#respond"]}]},{"@type":"WebPage","@id":"https:\/\/www.region-fes-meknes.ma\/fr\/actualites\/participation-de-la-region-fes-meknes-a-linstallation-du-comite-dorientation-des-politiques-publiques-de-jeunesse-cdj\/","url":"https:\/\/www.region-fes-meknes.ma\/fr\/actualites\/participation-de-la-region-fes-meknes-a-linstallation-du-comite-dorientation-des-politiques-publiques-de-jeunesse-cdj\/","name":"Participation de la R\u00e9gion F\u00e8s-Mekn\u00e8s \u00e0 l'installation du comit\u00e9 d'Orientation des politiques publiques de jeunesse (CDJ) - R\u00e9gion F\u00e8s Mekn\u00e8s","isPartOf":{"@id":"https:\/\/www.region-fes-meknes.ma\/#website"},"datePublished":"2019-03-29T14:26:03+00:00","dateModified":"2019-03-29T14:26:03+00:00","breadcrumb":{"@id":"https:\/\/www.region-fes-meknes.ma\/fr\/actualites\/participation-de-la-region-fes-meknes-a-linstallation-du-comite-dorientation-des-politiques-publiques-de-jeunesse-cdj\/#breadcrumb"},"inLanguage":"fr-FR","potentialAction":[{"@type":"ReadAction","target":["https:\/\/www.region-fes-meknes.ma\/fr\/actualites\/participation-de-la-region-fes-meknes-a-linstallation-du-comite-dorientation-des-politiques-publiques-de-jeunesse-cdj\/"]}]},{"@type":"BreadcrumbList","@id":"https:\/\/www.region-fes-meknes.ma\/fr\/actualites\/participation-de-la-region-fes-meknes-a-linstallation-du-comite-dorientation-des-politiques-publiques-de-jeunesse-cdj\/#breadcrumb","itemListElement":[{"@type":"ListItem","position":1,"name":"Accueil","item":"https:\/\/www.region-fes-meknes.ma\/fr\/"},{"@type":"ListItem","position":2,"name":"Participation de la R\u00e9gion F\u00e8s-Mekn\u00e8s \u00e0 l&rsquo;installation du comit\u00e9 d&rsquo;Orientation des politiques publiques de jeunesse (CDJ)"}]},{"@type":"WebSite","@id":"https:\/\/www.region-fes-meknes.ma\/#website","url":"https:\/\/www.region-fes-meknes.ma\/","name":"Portail de la R\u00e9gion F\u00e8s-Mekn\u00e8s","description":"Site officiel de la r\u00e9gion F\u00e8s-Mekn\u00e8s.","publisher":{"@id":"https:\/\/www.region-fes-meknes.ma\/#organization"},"potentialAction":[{"@type":"SearchAction","target":{"@type":"EntryPoint","urlTemplate":"https:\/\/www.region-fes-meknes.ma\/?s={search_term_string}"},"query-input":"required name=search_term_string"}],"inLanguage":"fr-FR"},{"@type":"Organization","@id":"https:\/\/www.region-fes-meknes.ma\/#organization","name":"R\u00e9gion F\u00e8s M\u00e8kn\u00e8s","url":"https:\/\/www.region-fes-meknes.ma\/","sameAs":["https:\/\/www.facebook.com\/R\u00e9gion-F\u00e8s-Mekn\u00e8s-1130195096990872"],"logo":{"@type":"ImageObject","inLanguage":"fr-FR","@id":"https:\/\/www.region-fes-meknes.ma\/#\/schema\/logo\/image\/","url":"http:\/\/www.region-fes-meknes.ma\/wp-content\/uploads\/2017\/10\/logo-rfm4.png","contentUrl":"http:\/\/www.region-fes-meknes.ma\/wp-content\/uploads\/2017\/10\/logo-rfm4.png","width":304,"height":291,"caption":"R\u00e9gion F\u00e8s M\u00e8kn\u00e8s"},"image":{"@id":"https:\/\/www.region-fes-meknes.ma\/#\/schema\/logo\/image\/"}},{"@type":"Person","@id":"https:\/\/www.region-fes-meknes.ma\/#\/schema\/person\/309b003b18d9423ddb81c18399ef524b","name":"Nisrine Hmamouchi","image":{"@type":"ImageObject","inLanguage":"fr-FR","@id":"https:\/\/www.region-fes-meknes.ma\/#\/schema\/person\/image\/","url":"https:\/\/secure.gravatar.com\/avatar\/7b3abdb99edc460b9304cacd3eb10c63?s=96&d=mm&r=g","contentUrl":"https:\/\/secure.gravatar.com\/avatar\/7b3abdb99edc460b9304cacd3eb10c63?s=96&d=mm&r=g","caption":"Nisrine Hmamouchi"}}]}},"_links":{"self":[{"href":"https:\/\/www.region-fes-meknes.ma\/fr\/wp-json\/wp\/v2\/posts\/10900"}],"collection":[{"href":"https:\/\/www.region-fes-meknes.ma\/fr\/wp-json\/wp\/v2\/posts"}],"about":[{"href":"https:\/\/www.region-fes-meknes.ma\/fr\/wp-json\/wp\/v2\/types\/post"}],"author":[{"embeddable":true,"href":"https:\/\/www.region-fes-meknes.ma\/fr\/wp-json\/wp\/v2\/users\/74"}],"replies":[{"embeddable":true,"href":"https:\/\/www.region-fes-meknes.ma\/fr\/wp-json\/wp\/v2\/comments?post=10900"}],"version-history":[{"count":1,"href":"https:\/\/www.region-fes-meknes.ma\/fr\/wp-json\/wp\/v2\/posts\/10900\/revisions"}],"predecessor-version":[{"id":10911,"href":"https:\/\/www.region-fes-meknes.ma\/fr\/wp-json\/wp\/v2\/posts\/10900\/revisions\/10911"}],"wp:featuredmedia":[{"embeddable":true,"href":"https:\/\/www.region-fes-meknes.ma\/fr\/wp-json\/wp\/v2\/media\/10901"}],"wp:attachment":[{"href":"https:\/\/www.region-fes-meknes.ma\/fr\/wp-json\/wp\/v2\/media?parent=10900"}],"wp:term":[{"taxonomy":"category","embeddable":true,"href":"https:\/\/www.region-fes-meknes.ma\/fr\/wp-json\/wp\/v2\/categories?post=10900"},{"taxonomy":"post_tag","embeddable":true,"href":"https:\/\/www.region-fes-meknes.ma\/fr\/wp-json\/wp\/v2\/tags?post=10900"}],"curies":[{"name":"wp","href":"https:\/\/api.w.org\/{rel}","templated":true}]}}