{"id":11614,"date":"2019-07-03T10:55:23","date_gmt":"2019-07-03T09:55:23","guid":{"rendered":"http:\/\/www.region-fes-meknes.ma\/?p=11614"},"modified":"2019-07-03T11:08:03","modified_gmt":"2019-07-03T10:08:03","slug":"fes-meknes-le-conseil-de-la-region-valide-plusieurs-projets","status":"publish","type":"post","link":"https:\/\/www.region-fes-meknes.ma\/fr\/actualites\/fes-meknes-le-conseil-de-la-region-valide-plusieurs-projets\/","title":{"rendered":"F\u00e8s-Mekn\u00e8s : Le Conseil de la r\u00e9gion valide plusieurs projets"},"content":{"rendered":"<h1>F\u00e8s-Mekn\u00e8s : Le Conseil de la r\u00e9gion valide plusieurs projets<\/h1>\n<div class=\"body\">\n<div class=\"legende-in-article\"><img class=\"img-responsive\" src=\"https:\/\/leconomiste.com\/sites\/default\/files\/eco7\/public\/session-juillet_crfm.jpg\" alt=\"F\u00e8s-Mekn\u00e8s : Le Conseil de la r\u00e9gion valide plusieurs projets\" \/><\/div>\n<div class=\"field field-name-body field-type-text-with-summary field-label-hidden\">\n<div class=\"field-items\">\n<div class=\"field-item even\">\n<p>Le Conseil de la r\u00e9gion F\u00e8s-Mekn\u00e8s, a approuv\u00e9, lundi une convention de partenariat avec \u00ab\u00a0Alstom Cabliance \u00a0\u00bb portant sur l\u2019appui \u00e0 l\u2019emploi \u00e0 travers l\u2019octroi d\u2019une subvention de 1,98 million de DH \u00e0 la soci\u00e9t\u00e9. Cet appui financier vise \u00e0 pr\u00e9server les emplois existants et\u00a0cr\u00e9er quelque 330 postes \u00e0 l\u2019horizon 2023. Les \u00e9lus ont \u00e9galement valid\u00e9 une convention de partenariat visant l\u2019approvisionnement de la population rurale en eau potable au niveau de l\u2019ensemble des provinces de la r\u00e9gion et une autre avec la Fondation Mohammed V pour la solidarit\u00e9 pour la r\u00e9alisation d\u2019un projet d\u2019insertion par le biais des activit\u00e9s \u00e9conomiques en faveur des personnes vivant en situation de pr\u00e9carit\u00e9. A noter qu&rsquo;une convention avec la Ligue marocaine de protection de l\u2019Enfance \u00e0 F\u00e8s a \u00e9t\u00e9 valid\u00e9, afin de permettre l\u2019ach\u00e8vement du centre d\u2019accueil et de prise en charge des enfants sans familles.<\/p>\n<p>Les membres du conseil ont, par ailleurs, approuv\u00e9 MoU portant sur l\u2019am\u00e9nagement, le d\u00e9veloppent et la commercialisation de la zone franche de F\u00e8s-Mekn\u00e8s ainsi que le projet de statut relatif \u00e0 la soci\u00e9t\u00e9 de d\u00e9veloppement r\u00e9gional de l\u2019animation et l\u2019organisation des manifestations.<\/p>\n<p>&nbsp;<\/p>\n<p><a href=\"https:\/\/leconomiste.com\/flash-infos\/fes-meknes-le-conseil-de-la-region-valide-plusieurs-projets\">Visualiser l&rsquo;Article<\/a><\/p>\n<\/div>\n<\/div>\n<\/div>\n<\/div>\n","protected":false},"excerpt":{"rendered":"<p>F\u00e8s-Mekn\u00e8s : Le Conseil de la r\u00e9gion valide plusieurs projets Le Conseil de la r\u00e9gion F\u00e8s-Mekn\u00e8s, a approuv\u00e9, lundi une convention de partenariat avec \u00ab\u00a0Alstom Cabliance \u00a0\u00bb portant sur l\u2019appui &#8230;<\/p>\n","protected":false},"author":74,"featured_media":11615,"comment_status":"open","ping_status":"open","sticky":false,"template":"","format":"standard","meta":{"_bbp_topic_count":0,"_bbp_reply_count":0,"_bbp_total_topic_count":0,"_bbp_total_reply_count":0,"_bbp_voice_count":0,"_bbp_anonymous_reply_count":0,"_bbp_topic_count_hidden":0,"_bbp_reply_count_hidden":0,"_bbp_forum_subforum_count":0},"categories":[18,72,76],"tags":[],"acf":[],"yoast_head":"<!-- This site is optimized with the Yoast SEO plugin v19.5.1 - https:\/\/yoast.com\/wordpress\/plugins\/seo\/ -->\n<title>F\u00e8s-Mekn\u00e8s : Le Conseil de la r\u00e9gion valide plusieurs projets - R\u00e9gion F\u00e8s Mekn\u00e8s<\/title>\n<meta name=\"robots\" content=\"index, follow, max-snippet:-1, max-image-preview:large, max-video-preview:-1\" \/>\n<link rel=\"canonical\" href=\"https:\/\/www.region-fes-meknes.ma\/fr\/actualites\/fes-meknes-le-conseil-de-la-region-valide-plusieurs-projets\/\" \/>\n<meta property=\"og:locale\" content=\"fr_FR\" \/>\n<meta property=\"og:type\" content=\"article\" \/>\n<meta property=\"og:title\" content=\"F\u00e8s-Mekn\u00e8s : Le Conseil de la r\u00e9gion valide plusieurs projets - R\u00e9gion F\u00e8s Mekn\u00e8s\" \/>\n<meta property=\"og:description\" content=\"F\u00e8s-Mekn\u00e8s : Le Conseil de la r\u00e9gion valide plusieurs projets Le Conseil de la r\u00e9gion F\u00e8s-Mekn\u00e8s, a approuv\u00e9, lundi une convention de partenariat avec \u00ab\u00a0Alstom Cabliance \u00a0\u00bb portant sur l\u2019appui ...\" \/>\n<meta property=\"og:url\" content=\"https:\/\/www.region-fes-meknes.ma\/fr\/actualites\/fes-meknes-le-conseil-de-la-region-valide-plusieurs-projets\/\" \/>\n<meta property=\"og:site_name\" content=\"R\u00e9gion F\u00e8s Mekn\u00e8s\" \/>\n<meta property=\"article:publisher\" content=\"https:\/\/www.facebook.com\/R%c3%a9gion-F%c3%a8s-Mekn%c3%a8s-1130195096990872\" \/>\n<meta property=\"article:published_time\" content=\"2019-07-03T09:55:23+00:00\" \/>\n<meta property=\"article:modified_time\" content=\"2019-07-03T10:08:03+00:00\" \/>\n<meta property=\"og:image\" content=\"https:\/\/www.region-fes-meknes.ma\/wp-content\/uploads\/2019\/07\/leconomiste-com.jpg\" \/>\n\t<meta property=\"og:image:width\" content=\"1090\" \/>\n\t<meta property=\"og:image:height\" content=\"722\" \/>\n\t<meta property=\"og:image:type\" content=\"image\/jpeg\" \/>\n<meta name=\"author\" content=\"Nisrine Hmamouchi\" \/>\n<meta name=\"twitter:card\" content=\"summary_large_image\" \/>\n<meta name=\"twitter:label1\" content=\"\u00c9crit par\" \/>\n\t<meta name=\"twitter:data1\" content=\"Nisrine Hmamouchi\" \/>\n\t<meta name=\"twitter:label2\" content=\"Dur\u00e9e de lecture estim\u00e9e\" \/>\n\t<meta name=\"twitter:data2\" content=\"1 minute\" \/>\n<script type=\"application\/ld+json\" class=\"yoast-schema-graph\">{\"@context\":\"https:\/\/schema.org\",\"@graph\":[{\"@type\":\"Article\",\"@id\":\"https:\/\/www.region-fes-meknes.ma\/fr\/actualites\/fes-meknes-le-conseil-de-la-region-valide-plusieurs-projets\/#article\",\"isPartOf\":{\"@id\":\"https:\/\/www.region-fes-meknes.ma\/fr\/actualites\/fes-meknes-le-conseil-de-la-region-valide-plusieurs-projets\/\"},\"author\":{\"name\":\"Nisrine Hmamouchi\",\"@id\":\"https:\/\/www.region-fes-meknes.ma\/#\/schema\/person\/309b003b18d9423ddb81c18399ef524b\"},\"headline\":\"F\u00e8s-Mekn\u00e8s : Le Conseil de la r\u00e9gion valide plusieurs projets\",\"datePublished\":\"2019-07-03T09:55:23+00:00\",\"dateModified\":\"2019-07-03T10:08:03+00:00\",\"mainEntityOfPage\":{\"@id\":\"https:\/\/www.region-fes-meknes.ma\/fr\/actualites\/fes-meknes-le-conseil-de-la-region-valide-plusieurs-projets\/\"},\"wordCount\":236,\"commentCount\":0,\"publisher\":{\"@id\":\"https:\/\/www.region-fes-meknes.ma\/#organization\"},\"articleSection\":[\"Actualit\u00e9s\",\"Espace Presse\",\"M\u00e9dias \u00e9lectroniques\"],\"inLanguage\":\"fr-FR\",\"potentialAction\":[{\"@type\":\"CommentAction\",\"name\":\"Comment\",\"target\":[\"https:\/\/www.region-fes-meknes.ma\/fr\/actualites\/fes-meknes-le-conseil-de-la-region-valide-plusieurs-projets\/#respond\"]}]},{\"@type\":\"WebPage\",\"@id\":\"https:\/\/www.region-fes-meknes.ma\/fr\/actualites\/fes-meknes-le-conseil-de-la-region-valide-plusieurs-projets\/\",\"url\":\"https:\/\/www.region-fes-meknes.ma\/fr\/actualites\/fes-meknes-le-conseil-de-la-region-valide-plusieurs-projets\/\",\"name\":\"F\u00e8s-Mekn\u00e8s : Le Conseil de la r\u00e9gion valide plusieurs projets - R\u00e9gion F\u00e8s Mekn\u00e8s\",\"isPartOf\":{\"@id\":\"https:\/\/www.region-fes-meknes.ma\/#website\"},\"datePublished\":\"2019-07-03T09:55:23+00:00\",\"dateModified\":\"2019-07-03T10:08:03+00:00\",\"breadcrumb\":{\"@id\":\"https:\/\/www.region-fes-meknes.ma\/fr\/actualites\/fes-meknes-le-conseil-de-la-region-valide-plusieurs-projets\/#breadcrumb\"},\"inLanguage\":\"fr-FR\",\"potentialAction\":[{\"@type\":\"ReadAction\",\"target\":[\"https:\/\/www.region-fes-meknes.ma\/fr\/actualites\/fes-meknes-le-conseil-de-la-region-valide-plusieurs-projets\/\"]}]},{\"@type\":\"BreadcrumbList\",\"@id\":\"https:\/\/www.region-fes-meknes.ma\/fr\/actualites\/fes-meknes-le-conseil-de-la-region-valide-plusieurs-projets\/#breadcrumb\",\"itemListElement\":[{\"@type\":\"ListItem\",\"position\":1,\"name\":\"Accueil\",\"item\":\"https:\/\/www.region-fes-meknes.ma\/fr\/\"},{\"@type\":\"ListItem\",\"position\":2,\"name\":\"F\u00e8s-Mekn\u00e8s : Le Conseil de la r\u00e9gion valide plusieurs projets\"}]},{\"@type\":\"WebSite\",\"@id\":\"https:\/\/www.region-fes-meknes.ma\/#website\",\"url\":\"https:\/\/www.region-fes-meknes.ma\/\",\"name\":\"Portail de la R\u00e9gion F\u00e8s-Mekn\u00e8s\",\"description\":\"Site officiel de la r\u00e9gion F\u00e8s-Mekn\u00e8s.\",\"publisher\":{\"@id\":\"https:\/\/www.region-fes-meknes.ma\/#organization\"},\"potentialAction\":[{\"@type\":\"SearchAction\",\"target\":{\"@type\":\"EntryPoint\",\"urlTemplate\":\"https:\/\/www.region-fes-meknes.ma\/?s={search_term_string}\"},\"query-input\":\"required name=search_term_string\"}],\"inLanguage\":\"fr-FR\"},{\"@type\":\"Organization\",\"@id\":\"https:\/\/www.region-fes-meknes.ma\/#organization\",\"name\":\"R\u00e9gion F\u00e8s M\u00e8kn\u00e8s\",\"url\":\"https:\/\/www.region-fes-meknes.ma\/\",\"sameAs\":[\"https:\/\/www.facebook.com\/R\u00e9gion-F\u00e8s-Mekn\u00e8s-1130195096990872\"],\"logo\":{\"@type\":\"ImageObject\",\"inLanguage\":\"fr-FR\",\"@id\":\"https:\/\/www.region-fes-meknes.ma\/#\/schema\/logo\/image\/\",\"url\":\"http:\/\/www.region-fes-meknes.ma\/wp-content\/uploads\/2017\/10\/logo-rfm4.png\",\"contentUrl\":\"http:\/\/www.region-fes-meknes.ma\/wp-content\/uploads\/2017\/10\/logo-rfm4.png\",\"width\":304,\"height\":291,\"caption\":\"R\u00e9gion F\u00e8s M\u00e8kn\u00e8s\"},\"image\":{\"@id\":\"https:\/\/www.region-fes-meknes.ma\/#\/schema\/logo\/image\/\"}},{\"@type\":\"Person\",\"@id\":\"https:\/\/www.region-fes-meknes.ma\/#\/schema\/person\/309b003b18d9423ddb81c18399ef524b\",\"name\":\"Nisrine Hmamouchi\",\"image\":{\"@type\":\"ImageObject\",\"inLanguage\":\"fr-FR\",\"@id\":\"https:\/\/www.region-fes-meknes.ma\/#\/schema\/person\/image\/\",\"url\":\"https:\/\/secure.gravatar.com\/avatar\/7b3abdb99edc460b9304cacd3eb10c63?s=96&d=mm&r=g\",\"contentUrl\":\"https:\/\/secure.gravatar.com\/avatar\/7b3abdb99edc460b9304cacd3eb10c63?s=96&d=mm&r=g\",\"caption\":\"Nisrine Hmamouchi\"}}]}<\/script>\n<!-- \/ Yoast SEO plugin. -->","yoast_head_json":{"title":"F\u00e8s-Mekn\u00e8s : Le Conseil de la r\u00e9gion valide plusieurs projets - R\u00e9gion F\u00e8s Mekn\u00e8s","robots":{"index":"index","follow":"follow","max-snippet":"max-snippet:-1","max-image-preview":"max-image-preview:large","max-video-preview":"max-video-preview:-1"},"canonical":"https:\/\/www.region-fes-meknes.ma\/fr\/actualites\/fes-meknes-le-conseil-de-la-region-valide-plusieurs-projets\/","og_locale":"fr_FR","og_type":"article","og_title":"F\u00e8s-Mekn\u00e8s : Le Conseil de la r\u00e9gion valide plusieurs projets - R\u00e9gion F\u00e8s Mekn\u00e8s","og_description":"F\u00e8s-Mekn\u00e8s : Le Conseil de la r\u00e9gion valide plusieurs projets Le Conseil de la r\u00e9gion F\u00e8s-Mekn\u00e8s, a approuv\u00e9, lundi une convention de partenariat avec \u00ab\u00a0Alstom Cabliance \u00a0\u00bb portant sur l\u2019appui ...","og_url":"https:\/\/www.region-fes-meknes.ma\/fr\/actualites\/fes-meknes-le-conseil-de-la-region-valide-plusieurs-projets\/","og_site_name":"R\u00e9gion F\u00e8s Mekn\u00e8s","article_publisher":"https:\/\/www.facebook.com\/R%c3%a9gion-F%c3%a8s-Mekn%c3%a8s-1130195096990872","article_published_time":"2019-07-03T09:55:23+00:00","article_modified_time":"2019-07-03T10:08:03+00:00","og_image":[{"width":1090,"height":722,"url":"https:\/\/www.region-fes-meknes.ma\/wp-content\/uploads\/2019\/07\/leconomiste-com.jpg","type":"image\/jpeg"}],"author":"Nisrine Hmamouchi","twitter_card":"summary_large_image","twitter_misc":{"\u00c9crit par":"Nisrine Hmamouchi","Dur\u00e9e de lecture estim\u00e9e":"1 minute"},"schema":{"@context":"https:\/\/schema.org","@graph":[{"@type":"Article","@id":"https:\/\/www.region-fes-meknes.ma\/fr\/actualites\/fes-meknes-le-conseil-de-la-region-valide-plusieurs-projets\/#article","isPartOf":{"@id":"https:\/\/www.region-fes-meknes.ma\/fr\/actualites\/fes-meknes-le-conseil-de-la-region-valide-plusieurs-projets\/"},"author":{"name":"Nisrine Hmamouchi","@id":"https:\/\/www.region-fes-meknes.ma\/#\/schema\/person\/309b003b18d9423ddb81c18399ef524b"},"headline":"F\u00e8s-Mekn\u00e8s : Le Conseil de la r\u00e9gion valide plusieurs projets","datePublished":"2019-07-03T09:55:23+00:00","dateModified":"2019-07-03T10:08:03+00:00","mainEntityOfPage":{"@id":"https:\/\/www.region-fes-meknes.ma\/fr\/actualites\/fes-meknes-le-conseil-de-la-region-valide-plusieurs-projets\/"},"wordCount":236,"commentCount":0,"publisher":{"@id":"https:\/\/www.region-fes-meknes.ma\/#organization"},"articleSection":["Actualit\u00e9s","Espace Presse","M\u00e9dias \u00e9lectroniques"],"inLanguage":"fr-FR","potentialAction":[{"@type":"CommentAction","name":"Comment","target":["https:\/\/www.region-fes-meknes.ma\/fr\/actualites\/fes-meknes-le-conseil-de-la-region-valide-plusieurs-projets\/#respond"]}]},{"@type":"WebPage","@id":"https:\/\/www.region-fes-meknes.ma\/fr\/actualites\/fes-meknes-le-conseil-de-la-region-valide-plusieurs-projets\/","url":"https:\/\/www.region-fes-meknes.ma\/fr\/actualites\/fes-meknes-le-conseil-de-la-region-valide-plusieurs-projets\/","name":"F\u00e8s-Mekn\u00e8s : Le Conseil de la r\u00e9gion valide plusieurs projets - R\u00e9gion F\u00e8s Mekn\u00e8s","isPartOf":{"@id":"https:\/\/www.region-fes-meknes.ma\/#website"},"datePublished":"2019-07-03T09:55:23+00:00","dateModified":"2019-07-03T10:08:03+00:00","breadcrumb":{"@id":"https:\/\/www.region-fes-meknes.ma\/fr\/actualites\/fes-meknes-le-conseil-de-la-region-valide-plusieurs-projets\/#breadcrumb"},"inLanguage":"fr-FR","potentialAction":[{"@type":"ReadAction","target":["https:\/\/www.region-fes-meknes.ma\/fr\/actualites\/fes-meknes-le-conseil-de-la-region-valide-plusieurs-projets\/"]}]},{"@type":"BreadcrumbList","@id":"https:\/\/www.region-fes-meknes.ma\/fr\/actualites\/fes-meknes-le-conseil-de-la-region-valide-plusieurs-projets\/#breadcrumb","itemListElement":[{"@type":"ListItem","position":1,"name":"Accueil","item":"https:\/\/www.region-fes-meknes.ma\/fr\/"},{"@type":"ListItem","position":2,"name":"F\u00e8s-Mekn\u00e8s : Le Conseil de la r\u00e9gion valide plusieurs projets"}]},{"@type":"WebSite","@id":"https:\/\/www.region-fes-meknes.ma\/#website","url":"https:\/\/www.region-fes-meknes.ma\/","name":"Portail de la R\u00e9gion F\u00e8s-Mekn\u00e8s","description":"Site officiel de la r\u00e9gion F\u00e8s-Mekn\u00e8s.","publisher":{"@id":"https:\/\/www.region-fes-meknes.ma\/#organization"},"potentialAction":[{"@type":"SearchAction","target":{"@type":"EntryPoint","urlTemplate":"https:\/\/www.region-fes-meknes.ma\/?s={search_term_string}"},"query-input":"required name=search_term_string"}],"inLanguage":"fr-FR"},{"@type":"Organization","@id":"https:\/\/www.region-fes-meknes.ma\/#organization","name":"R\u00e9gion F\u00e8s M\u00e8kn\u00e8s","url":"https:\/\/www.region-fes-meknes.ma\/","sameAs":["https:\/\/www.facebook.com\/R\u00e9gion-F\u00e8s-Mekn\u00e8s-1130195096990872"],"logo":{"@type":"ImageObject","inLanguage":"fr-FR","@id":"https:\/\/www.region-fes-meknes.ma\/#\/schema\/logo\/image\/","url":"http:\/\/www.region-fes-meknes.ma\/wp-content\/uploads\/2017\/10\/logo-rfm4.png","contentUrl":"http:\/\/www.region-fes-meknes.ma\/wp-content\/uploads\/2017\/10\/logo-rfm4.png","width":304,"height":291,"caption":"R\u00e9gion F\u00e8s M\u00e8kn\u00e8s"},"image":{"@id":"https:\/\/www.region-fes-meknes.ma\/#\/schema\/logo\/image\/"}},{"@type":"Person","@id":"https:\/\/www.region-fes-meknes.ma\/#\/schema\/person\/309b003b18d9423ddb81c18399ef524b","name":"Nisrine Hmamouchi","image":{"@type":"ImageObject","inLanguage":"fr-FR","@id":"https:\/\/www.region-fes-meknes.ma\/#\/schema\/person\/image\/","url":"https:\/\/secure.gravatar.com\/avatar\/7b3abdb99edc460b9304cacd3eb10c63?s=96&d=mm&r=g","contentUrl":"https:\/\/secure.gravatar.com\/avatar\/7b3abdb99edc460b9304cacd3eb10c63?s=96&d=mm&r=g","caption":"Nisrine Hmamouchi"}}]}},"_links":{"self":[{"href":"https:\/\/www.region-fes-meknes.ma\/fr\/wp-json\/wp\/v2\/posts\/11614"}],"collection":[{"href":"https:\/\/www.region-fes-meknes.ma\/fr\/wp-json\/wp\/v2\/posts"}],"about":[{"href":"https:\/\/www.region-fes-meknes.ma\/fr\/wp-json\/wp\/v2\/types\/post"}],"author":[{"embeddable":true,"href":"https:\/\/www.region-fes-meknes.ma\/fr\/wp-json\/wp\/v2\/users\/74"}],"replies":[{"embeddable":true,"href":"https:\/\/www.region-fes-meknes.ma\/fr\/wp-json\/wp\/v2\/comments?post=11614"}],"version-history":[{"count":3,"href":"https:\/\/www.region-fes-meknes.ma\/fr\/wp-json\/wp\/v2\/posts\/11614\/revisions"}],"predecessor-version":[{"id":11619,"href":"https:\/\/www.region-fes-meknes.ma\/fr\/wp-json\/wp\/v2\/posts\/11614\/revisions\/11619"}],"wp:featuredmedia":[{"embeddable":true,"href":"https:\/\/www.region-fes-meknes.ma\/fr\/wp-json\/wp\/v2\/media\/11615"}],"wp:attachment":[{"href":"https:\/\/www.region-fes-meknes.ma\/fr\/wp-json\/wp\/v2\/media?parent=11614"}],"wp:term":[{"taxonomy":"category","embeddable":true,"href":"https:\/\/www.region-fes-meknes.ma\/fr\/wp-json\/wp\/v2\/categories?post=11614"},{"taxonomy":"post_tag","embeddable":true,"href":"https:\/\/www.region-fes-meknes.ma\/fr\/wp-json\/wp\/v2\/tags?post=11614"}],"curies":[{"name":"wp","href":"https:\/\/api.w.org\/{rel}","templated":true}]}}