{"id":11977,"date":"2019-07-15T16:02:55","date_gmt":"2019-07-15T15:02:55","guid":{"rendered":"http:\/\/www.region-fes-meknes.ma\/?p=11977"},"modified":"2019-07-15T16:02:55","modified_gmt":"2019-07-15T15:02:55","slug":"visite-des-fonctionnaires-du-conseil-regional-aux-projets-executes-par-larep-fes-meknes","status":"publish","type":"post","link":"https:\/\/www.region-fes-meknes.ma\/fr\/actualites\/visite-des-fonctionnaires-du-conseil-regional-aux-projets-executes-par-larep-fes-meknes\/","title":{"rendered":"Visite des fonctionnaires du conseil r\u00e9gional aux projets ex\u00e9cut\u00e9s par l\u2019AREP-F\u00c8S-MEKN\u00c8S"},"content":{"rendered":"<p>Afin d\u2019avoir un aper\u00e7u sur les diff\u00e9rentes \u00e9tapes de r\u00e9alisation des projets financ\u00e9s par la r\u00e9gion, les fonctionnaires du conseil de la r\u00e9gion F\u00e8s-Mekn\u00e8s ont effectu\u00e9 le Jeudi 4 Juillet 2019, une visite des chantiers en cours d\u2019ex\u00e9cution sur le territoire de la province de MY YAACOUB.<\/p>\n<p>Cette visite a concern\u00e9 les projets suivants\u00a0:<\/p>\n<ul>\n<li>Construction d\u2019un ch\u00e2teau d\u2019eau au Douar Ouled Haj Abdellah \u00e0 la commune Sebaa Rouadi et la r\u00e9alisation d\u2019un r\u00e9seau de distribution par branchement individuel d\u2019eau potable. Le taux de r\u00e9alisation est aux alentours de 80%.<\/li>\n<li>Travaux de construction de la route communale reliant la RP 5003 Point gelgante et Douars Lamnabha, Zouar Tamra, Rzagna, Ouled Bihiche et la RP 5003 Point Jnane lkadi, commune Sebt Loudaya. L\u2019avancement des travaux avoisinent les 85%.<\/li>\n<\/ul>\n<p>Ces visites ont \u00e9t\u00e9 tr\u00e8s fructueuses dans la mesure o\u00f9 il a \u00e9t\u00e9 question d\u2019appr\u00e9hender quelques aspects techniques relatifs \u00e0 l\u2019ex\u00e9cution des projets et les contraintes y aff\u00e9rentes et aussi de voir de pr\u00e8s les mat\u00e9riaux et le mat\u00e9riel utilis\u00e9s.<\/p>\n","protected":false},"excerpt":{"rendered":"<p>Afin d\u2019avoir un aper\u00e7u sur les diff\u00e9rentes \u00e9tapes de r\u00e9alisation des projets financ\u00e9s par la r\u00e9gion, les fonctionnaires du conseil de la r\u00e9gion F\u00e8s-Mekn\u00e8s ont effectu\u00e9 le Jeudi 4 Juillet &#8230;<\/p>\n","protected":false},"author":75,"featured_media":11980,"comment_status":"open","ping_status":"open","sticky":false,"template":"","format":"standard","meta":{"_bbp_topic_count":0,"_bbp_reply_count":0,"_bbp_total_topic_count":0,"_bbp_total_reply_count":0,"_bbp_voice_count":0,"_bbp_anonymous_reply_count":0,"_bbp_topic_count_hidden":0,"_bbp_reply_count_hidden":0,"_bbp_forum_subforum_count":0},"categories":[18],"tags":[],"acf":[],"yoast_head":"<!-- This site is optimized with the Yoast SEO plugin v19.5.1 - https:\/\/yoast.com\/wordpress\/plugins\/seo\/ -->\n<title>Visite des fonctionnaires du conseil r\u00e9gional aux projets ex\u00e9cut\u00e9s par l\u2019AREP-F\u00c8S-MEKN\u00c8S - R\u00e9gion F\u00e8s Mekn\u00e8s<\/title>\n<meta name=\"robots\" content=\"index, follow, max-snippet:-1, max-image-preview:large, max-video-preview:-1\" \/>\n<link rel=\"canonical\" href=\"https:\/\/www.region-fes-meknes.ma\/fr\/actualites\/visite-des-fonctionnaires-du-conseil-regional-aux-projets-executes-par-larep-fes-meknes\/\" \/>\n<meta property=\"og:locale\" content=\"fr_FR\" \/>\n<meta property=\"og:type\" content=\"article\" \/>\n<meta property=\"og:title\" content=\"Visite des fonctionnaires du conseil r\u00e9gional aux projets ex\u00e9cut\u00e9s par l\u2019AREP-F\u00c8S-MEKN\u00c8S - R\u00e9gion F\u00e8s Mekn\u00e8s\" \/>\n<meta property=\"og:description\" content=\"Afin d\u2019avoir un aper\u00e7u sur les diff\u00e9rentes \u00e9tapes de r\u00e9alisation des projets financ\u00e9s par la r\u00e9gion, les fonctionnaires du conseil de la r\u00e9gion F\u00e8s-Mekn\u00e8s ont effectu\u00e9 le Jeudi 4 Juillet ...\" \/>\n<meta property=\"og:url\" content=\"https:\/\/www.region-fes-meknes.ma\/fr\/actualites\/visite-des-fonctionnaires-du-conseil-regional-aux-projets-executes-par-larep-fes-meknes\/\" \/>\n<meta property=\"og:site_name\" content=\"R\u00e9gion F\u00e8s Mekn\u00e8s\" \/>\n<meta property=\"article:publisher\" content=\"https:\/\/www.facebook.com\/R%c3%a9gion-F%c3%a8s-Mekn%c3%a8s-1130195096990872\" \/>\n<meta property=\"article:published_time\" content=\"2019-07-15T15:02:55+00:00\" \/>\n<meta property=\"og:image\" content=\"https:\/\/www.region-fes-meknes.ma\/wp-content\/uploads\/2019\/07\/visite-15-07-2019-1.jpg\" \/>\n\t<meta property=\"og:image:width\" content=\"1090\" \/>\n\t<meta property=\"og:image:height\" content=\"722\" \/>\n\t<meta property=\"og:image:type\" content=\"image\/jpeg\" \/>\n<meta name=\"author\" content=\"Hanane Taibi\" \/>\n<meta name=\"twitter:card\" content=\"summary_large_image\" \/>\n<meta name=\"twitter:label1\" content=\"\u00c9crit par\" \/>\n\t<meta name=\"twitter:data1\" content=\"Hanane Taibi\" \/>\n\t<meta name=\"twitter:label2\" content=\"Dur\u00e9e de lecture estim\u00e9e\" \/>\n\t<meta name=\"twitter:data2\" content=\"1 minute\" \/>\n<script type=\"application\/ld+json\" class=\"yoast-schema-graph\">{\"@context\":\"https:\/\/schema.org\",\"@graph\":[{\"@type\":\"Article\",\"@id\":\"https:\/\/www.region-fes-meknes.ma\/fr\/actualites\/visite-des-fonctionnaires-du-conseil-regional-aux-projets-executes-par-larep-fes-meknes\/#article\",\"isPartOf\":{\"@id\":\"https:\/\/www.region-fes-meknes.ma\/fr\/actualites\/visite-des-fonctionnaires-du-conseil-regional-aux-projets-executes-par-larep-fes-meknes\/\"},\"author\":{\"name\":\"Hanane Taibi\",\"@id\":\"https:\/\/www.region-fes-meknes.ma\/#\/schema\/person\/33105c16edc047c6dcefb301421af76b\"},\"headline\":\"Visite des fonctionnaires du conseil r\u00e9gional aux projets ex\u00e9cut\u00e9s par l\u2019AREP-F\u00c8S-MEKN\u00c8S\",\"datePublished\":\"2019-07-15T15:02:55+00:00\",\"dateModified\":\"2019-07-15T15:02:55+00:00\",\"mainEntityOfPage\":{\"@id\":\"https:\/\/www.region-fes-meknes.ma\/fr\/actualites\/visite-des-fonctionnaires-du-conseil-regional-aux-projets-executes-par-larep-fes-meknes\/\"},\"wordCount\":205,\"commentCount\":0,\"publisher\":{\"@id\":\"https:\/\/www.region-fes-meknes.ma\/#organization\"},\"articleSection\":[\"Actualit\u00e9s\"],\"inLanguage\":\"fr-FR\",\"potentialAction\":[{\"@type\":\"CommentAction\",\"name\":\"Comment\",\"target\":[\"https:\/\/www.region-fes-meknes.ma\/fr\/actualites\/visite-des-fonctionnaires-du-conseil-regional-aux-projets-executes-par-larep-fes-meknes\/#respond\"]}]},{\"@type\":\"WebPage\",\"@id\":\"https:\/\/www.region-fes-meknes.ma\/fr\/actualites\/visite-des-fonctionnaires-du-conseil-regional-aux-projets-executes-par-larep-fes-meknes\/\",\"url\":\"https:\/\/www.region-fes-meknes.ma\/fr\/actualites\/visite-des-fonctionnaires-du-conseil-regional-aux-projets-executes-par-larep-fes-meknes\/\",\"name\":\"Visite des fonctionnaires du conseil r\u00e9gional aux projets ex\u00e9cut\u00e9s par l\u2019AREP-F\u00c8S-MEKN\u00c8S - R\u00e9gion F\u00e8s Mekn\u00e8s\",\"isPartOf\":{\"@id\":\"https:\/\/www.region-fes-meknes.ma\/#website\"},\"datePublished\":\"2019-07-15T15:02:55+00:00\",\"dateModified\":\"2019-07-15T15:02:55+00:00\",\"breadcrumb\":{\"@id\":\"https:\/\/www.region-fes-meknes.ma\/fr\/actualites\/visite-des-fonctionnaires-du-conseil-regional-aux-projets-executes-par-larep-fes-meknes\/#breadcrumb\"},\"inLanguage\":\"fr-FR\",\"potentialAction\":[{\"@type\":\"ReadAction\",\"target\":[\"https:\/\/www.region-fes-meknes.ma\/fr\/actualites\/visite-des-fonctionnaires-du-conseil-regional-aux-projets-executes-par-larep-fes-meknes\/\"]}]},{\"@type\":\"BreadcrumbList\",\"@id\":\"https:\/\/www.region-fes-meknes.ma\/fr\/actualites\/visite-des-fonctionnaires-du-conseil-regional-aux-projets-executes-par-larep-fes-meknes\/#breadcrumb\",\"itemListElement\":[{\"@type\":\"ListItem\",\"position\":1,\"name\":\"Accueil\",\"item\":\"https:\/\/www.region-fes-meknes.ma\/fr\/\"},{\"@type\":\"ListItem\",\"position\":2,\"name\":\"Visite des fonctionnaires du conseil r\u00e9gional aux projets ex\u00e9cut\u00e9s par l\u2019AREP-F\u00c8S-MEKN\u00c8S\"}]},{\"@type\":\"WebSite\",\"@id\":\"https:\/\/www.region-fes-meknes.ma\/#website\",\"url\":\"https:\/\/www.region-fes-meknes.ma\/\",\"name\":\"Portail de la R\u00e9gion F\u00e8s-Mekn\u00e8s\",\"description\":\"Site officiel de la r\u00e9gion F\u00e8s-Mekn\u00e8s.\",\"publisher\":{\"@id\":\"https:\/\/www.region-fes-meknes.ma\/#organization\"},\"potentialAction\":[{\"@type\":\"SearchAction\",\"target\":{\"@type\":\"EntryPoint\",\"urlTemplate\":\"https:\/\/www.region-fes-meknes.ma\/?s={search_term_string}\"},\"query-input\":\"required name=search_term_string\"}],\"inLanguage\":\"fr-FR\"},{\"@type\":\"Organization\",\"@id\":\"https:\/\/www.region-fes-meknes.ma\/#organization\",\"name\":\"R\u00e9gion F\u00e8s M\u00e8kn\u00e8s\",\"url\":\"https:\/\/www.region-fes-meknes.ma\/\",\"sameAs\":[\"https:\/\/www.facebook.com\/R\u00e9gion-F\u00e8s-Mekn\u00e8s-1130195096990872\"],\"logo\":{\"@type\":\"ImageObject\",\"inLanguage\":\"fr-FR\",\"@id\":\"https:\/\/www.region-fes-meknes.ma\/#\/schema\/logo\/image\/\",\"url\":\"http:\/\/www.region-fes-meknes.ma\/wp-content\/uploads\/2017\/10\/logo-rfm4.png\",\"contentUrl\":\"http:\/\/www.region-fes-meknes.ma\/wp-content\/uploads\/2017\/10\/logo-rfm4.png\",\"width\":304,\"height\":291,\"caption\":\"R\u00e9gion F\u00e8s M\u00e8kn\u00e8s\"},\"image\":{\"@id\":\"https:\/\/www.region-fes-meknes.ma\/#\/schema\/logo\/image\/\"}},{\"@type\":\"Person\",\"@id\":\"https:\/\/www.region-fes-meknes.ma\/#\/schema\/person\/33105c16edc047c6dcefb301421af76b\",\"name\":\"Hanane Taibi\",\"image\":{\"@type\":\"ImageObject\",\"inLanguage\":\"fr-FR\",\"@id\":\"https:\/\/www.region-fes-meknes.ma\/#\/schema\/person\/image\/\",\"url\":\"https:\/\/secure.gravatar.com\/avatar\/c2f0afc69e4a1a1edc8ae692c477bdcb?s=96&d=mm&r=g\",\"contentUrl\":\"https:\/\/secure.gravatar.com\/avatar\/c2f0afc69e4a1a1edc8ae692c477bdcb?s=96&d=mm&r=g\",\"caption\":\"Hanane Taibi\"}}]}<\/script>\n<!-- \/ Yoast SEO plugin. -->","yoast_head_json":{"title":"Visite des fonctionnaires du conseil r\u00e9gional aux projets ex\u00e9cut\u00e9s par l\u2019AREP-F\u00c8S-MEKN\u00c8S - R\u00e9gion F\u00e8s Mekn\u00e8s","robots":{"index":"index","follow":"follow","max-snippet":"max-snippet:-1","max-image-preview":"max-image-preview:large","max-video-preview":"max-video-preview:-1"},"canonical":"https:\/\/www.region-fes-meknes.ma\/fr\/actualites\/visite-des-fonctionnaires-du-conseil-regional-aux-projets-executes-par-larep-fes-meknes\/","og_locale":"fr_FR","og_type":"article","og_title":"Visite des fonctionnaires du conseil r\u00e9gional aux projets ex\u00e9cut\u00e9s par l\u2019AREP-F\u00c8S-MEKN\u00c8S - R\u00e9gion F\u00e8s Mekn\u00e8s","og_description":"Afin d\u2019avoir un aper\u00e7u sur les diff\u00e9rentes \u00e9tapes de r\u00e9alisation des projets financ\u00e9s par la r\u00e9gion, les fonctionnaires du conseil de la r\u00e9gion F\u00e8s-Mekn\u00e8s ont effectu\u00e9 le Jeudi 4 Juillet ...","og_url":"https:\/\/www.region-fes-meknes.ma\/fr\/actualites\/visite-des-fonctionnaires-du-conseil-regional-aux-projets-executes-par-larep-fes-meknes\/","og_site_name":"R\u00e9gion F\u00e8s Mekn\u00e8s","article_publisher":"https:\/\/www.facebook.com\/R%c3%a9gion-F%c3%a8s-Mekn%c3%a8s-1130195096990872","article_published_time":"2019-07-15T15:02:55+00:00","og_image":[{"width":1090,"height":722,"url":"https:\/\/www.region-fes-meknes.ma\/wp-content\/uploads\/2019\/07\/visite-15-07-2019-1.jpg","type":"image\/jpeg"}],"author":"Hanane Taibi","twitter_card":"summary_large_image","twitter_misc":{"\u00c9crit par":"Hanane Taibi","Dur\u00e9e de lecture estim\u00e9e":"1 minute"},"schema":{"@context":"https:\/\/schema.org","@graph":[{"@type":"Article","@id":"https:\/\/www.region-fes-meknes.ma\/fr\/actualites\/visite-des-fonctionnaires-du-conseil-regional-aux-projets-executes-par-larep-fes-meknes\/#article","isPartOf":{"@id":"https:\/\/www.region-fes-meknes.ma\/fr\/actualites\/visite-des-fonctionnaires-du-conseil-regional-aux-projets-executes-par-larep-fes-meknes\/"},"author":{"name":"Hanane Taibi","@id":"https:\/\/www.region-fes-meknes.ma\/#\/schema\/person\/33105c16edc047c6dcefb301421af76b"},"headline":"Visite des fonctionnaires du conseil r\u00e9gional aux projets ex\u00e9cut\u00e9s par l\u2019AREP-F\u00c8S-MEKN\u00c8S","datePublished":"2019-07-15T15:02:55+00:00","dateModified":"2019-07-15T15:02:55+00:00","mainEntityOfPage":{"@id":"https:\/\/www.region-fes-meknes.ma\/fr\/actualites\/visite-des-fonctionnaires-du-conseil-regional-aux-projets-executes-par-larep-fes-meknes\/"},"wordCount":205,"commentCount":0,"publisher":{"@id":"https:\/\/www.region-fes-meknes.ma\/#organization"},"articleSection":["Actualit\u00e9s"],"inLanguage":"fr-FR","potentialAction":[{"@type":"CommentAction","name":"Comment","target":["https:\/\/www.region-fes-meknes.ma\/fr\/actualites\/visite-des-fonctionnaires-du-conseil-regional-aux-projets-executes-par-larep-fes-meknes\/#respond"]}]},{"@type":"WebPage","@id":"https:\/\/www.region-fes-meknes.ma\/fr\/actualites\/visite-des-fonctionnaires-du-conseil-regional-aux-projets-executes-par-larep-fes-meknes\/","url":"https:\/\/www.region-fes-meknes.ma\/fr\/actualites\/visite-des-fonctionnaires-du-conseil-regional-aux-projets-executes-par-larep-fes-meknes\/","name":"Visite des fonctionnaires du conseil r\u00e9gional aux projets ex\u00e9cut\u00e9s par l\u2019AREP-F\u00c8S-MEKN\u00c8S - R\u00e9gion F\u00e8s Mekn\u00e8s","isPartOf":{"@id":"https:\/\/www.region-fes-meknes.ma\/#website"},"datePublished":"2019-07-15T15:02:55+00:00","dateModified":"2019-07-15T15:02:55+00:00","breadcrumb":{"@id":"https:\/\/www.region-fes-meknes.ma\/fr\/actualites\/visite-des-fonctionnaires-du-conseil-regional-aux-projets-executes-par-larep-fes-meknes\/#breadcrumb"},"inLanguage":"fr-FR","potentialAction":[{"@type":"ReadAction","target":["https:\/\/www.region-fes-meknes.ma\/fr\/actualites\/visite-des-fonctionnaires-du-conseil-regional-aux-projets-executes-par-larep-fes-meknes\/"]}]},{"@type":"BreadcrumbList","@id":"https:\/\/www.region-fes-meknes.ma\/fr\/actualites\/visite-des-fonctionnaires-du-conseil-regional-aux-projets-executes-par-larep-fes-meknes\/#breadcrumb","itemListElement":[{"@type":"ListItem","position":1,"name":"Accueil","item":"https:\/\/www.region-fes-meknes.ma\/fr\/"},{"@type":"ListItem","position":2,"name":"Visite des fonctionnaires du conseil r\u00e9gional aux projets ex\u00e9cut\u00e9s par l\u2019AREP-F\u00c8S-MEKN\u00c8S"}]},{"@type":"WebSite","@id":"https:\/\/www.region-fes-meknes.ma\/#website","url":"https:\/\/www.region-fes-meknes.ma\/","name":"Portail de la R\u00e9gion F\u00e8s-Mekn\u00e8s","description":"Site officiel de la r\u00e9gion F\u00e8s-Mekn\u00e8s.","publisher":{"@id":"https:\/\/www.region-fes-meknes.ma\/#organization"},"potentialAction":[{"@type":"SearchAction","target":{"@type":"EntryPoint","urlTemplate":"https:\/\/www.region-fes-meknes.ma\/?s={search_term_string}"},"query-input":"required name=search_term_string"}],"inLanguage":"fr-FR"},{"@type":"Organization","@id":"https:\/\/www.region-fes-meknes.ma\/#organization","name":"R\u00e9gion F\u00e8s M\u00e8kn\u00e8s","url":"https:\/\/www.region-fes-meknes.ma\/","sameAs":["https:\/\/www.facebook.com\/R\u00e9gion-F\u00e8s-Mekn\u00e8s-1130195096990872"],"logo":{"@type":"ImageObject","inLanguage":"fr-FR","@id":"https:\/\/www.region-fes-meknes.ma\/#\/schema\/logo\/image\/","url":"http:\/\/www.region-fes-meknes.ma\/wp-content\/uploads\/2017\/10\/logo-rfm4.png","contentUrl":"http:\/\/www.region-fes-meknes.ma\/wp-content\/uploads\/2017\/10\/logo-rfm4.png","width":304,"height":291,"caption":"R\u00e9gion F\u00e8s M\u00e8kn\u00e8s"},"image":{"@id":"https:\/\/www.region-fes-meknes.ma\/#\/schema\/logo\/image\/"}},{"@type":"Person","@id":"https:\/\/www.region-fes-meknes.ma\/#\/schema\/person\/33105c16edc047c6dcefb301421af76b","name":"Hanane Taibi","image":{"@type":"ImageObject","inLanguage":"fr-FR","@id":"https:\/\/www.region-fes-meknes.ma\/#\/schema\/person\/image\/","url":"https:\/\/secure.gravatar.com\/avatar\/c2f0afc69e4a1a1edc8ae692c477bdcb?s=96&d=mm&r=g","contentUrl":"https:\/\/secure.gravatar.com\/avatar\/c2f0afc69e4a1a1edc8ae692c477bdcb?s=96&d=mm&r=g","caption":"Hanane Taibi"}}]}},"_links":{"self":[{"href":"https:\/\/www.region-fes-meknes.ma\/fr\/wp-json\/wp\/v2\/posts\/11977"}],"collection":[{"href":"https:\/\/www.region-fes-meknes.ma\/fr\/wp-json\/wp\/v2\/posts"}],"about":[{"href":"https:\/\/www.region-fes-meknes.ma\/fr\/wp-json\/wp\/v2\/types\/post"}],"author":[{"embeddable":true,"href":"https:\/\/www.region-fes-meknes.ma\/fr\/wp-json\/wp\/v2\/users\/75"}],"replies":[{"embeddable":true,"href":"https:\/\/www.region-fes-meknes.ma\/fr\/wp-json\/wp\/v2\/comments?post=11977"}],"version-history":[{"count":1,"href":"https:\/\/www.region-fes-meknes.ma\/fr\/wp-json\/wp\/v2\/posts\/11977\/revisions"}],"predecessor-version":[{"id":11984,"href":"https:\/\/www.region-fes-meknes.ma\/fr\/wp-json\/wp\/v2\/posts\/11977\/revisions\/11984"}],"wp:featuredmedia":[{"embeddable":true,"href":"https:\/\/www.region-fes-meknes.ma\/fr\/wp-json\/wp\/v2\/media\/11980"}],"wp:attachment":[{"href":"https:\/\/www.region-fes-meknes.ma\/fr\/wp-json\/wp\/v2\/media?parent=11977"}],"wp:term":[{"taxonomy":"category","embeddable":true,"href":"https:\/\/www.region-fes-meknes.ma\/fr\/wp-json\/wp\/v2\/categories?post=11977"},{"taxonomy":"post_tag","embeddable":true,"href":"https:\/\/www.region-fes-meknes.ma\/fr\/wp-json\/wp\/v2\/tags?post=11977"}],"curies":[{"name":"wp","href":"https:\/\/api.w.org\/{rel}","templated":true}]}}