{"id":14234,"date":"2020-02-06T10:29:16","date_gmt":"2020-02-06T09:29:16","guid":{"rendered":"http:\/\/www.region-fes-meknes.ma\/?p=14234"},"modified":"2020-02-12T10:38:32","modified_gmt":"2020-02-12T09:38:32","slug":"reunion-de-travail-du-comite-mixte-de-cooperation-entre-la-region-fes-meknes-et-la-region-centre-val-de-loire","status":"publish","type":"post","link":"https:\/\/www.region-fes-meknes.ma\/fr\/actualites\/reunion-de-travail-du-comite-mixte-de-cooperation-entre-la-region-fes-meknes-et-la-region-centre-val-de-loire\/","title":{"rendered":"R\u00e9union de travail du Comit\u00e9 Mixte de Coop\u00e9ration entre la R\u00e9gion F\u00e8s Mekn\u00e8s et la R\u00e9gion Centre Val de Loire"},"content":{"rendered":"<p>Dans le cadre de la convention de coop\u00e9ration entre la R\u00e9gion F\u00e8s Mekn\u00e8s et la R\u00e9gion Centre Val de Loire, une r\u00e9union de travail du Comit\u00e9 Mixte de Coop\u00e9ration s\u2019est tenue le jeudi 6 F\u00e9vrier 2020 au si\u00e8ge de la R\u00e9gion Centre val de loire \u00e0 Orl\u00e9ans , en vue de la pr\u00e9sentation du bilan de coop\u00e9ration pour l\u2019ann\u00e9e 2019 et la pr\u00e9sentation et la validation du plan d\u2019action pour l\u2019ann\u00e9e 2020<\/p>\n","protected":false},"excerpt":{"rendered":"<p>Dans le cadre de la convention de coop\u00e9ration entre la R\u00e9gion F\u00e8s Mekn\u00e8s et la R\u00e9gion Centre Val de Loire, une r\u00e9union de travail du Comit\u00e9 Mixte de Coop\u00e9ration s\u2019est &#8230;<\/p>\n","protected":false},"author":74,"featured_media":14232,"comment_status":"open","ping_status":"closed","sticky":false,"template":"","format":"standard","meta":{"_bbp_topic_count":0,"_bbp_reply_count":0,"_bbp_total_topic_count":0,"_bbp_total_reply_count":0,"_bbp_voice_count":0,"_bbp_anonymous_reply_count":0,"_bbp_topic_count_hidden":0,"_bbp_reply_count_hidden":0,"_bbp_forum_subforum_count":0},"categories":[18,92],"tags":[],"acf":[],"yoast_head":"<!-- This site is optimized with the Yoast SEO plugin v19.5.1 - https:\/\/yoast.com\/wordpress\/plugins\/seo\/ -->\n<title>R\u00e9union de travail du Comit\u00e9 Mixte de Coop\u00e9ration entre la R\u00e9gion F\u00e8s Mekn\u00e8s et la R\u00e9gion Centre Val de Loire - R\u00e9gion F\u00e8s Mekn\u00e8s<\/title>\n<meta name=\"robots\" content=\"index, follow, max-snippet:-1, max-image-preview:large, max-video-preview:-1\" \/>\n<link rel=\"canonical\" href=\"https:\/\/www.region-fes-meknes.ma\/fr\/actualites\/reunion-de-travail-du-comite-mixte-de-cooperation-entre-la-region-fes-meknes-et-la-region-centre-val-de-loire\/\" \/>\n<meta property=\"og:locale\" content=\"fr_FR\" \/>\n<meta property=\"og:type\" content=\"article\" \/>\n<meta property=\"og:title\" content=\"R\u00e9union de travail du Comit\u00e9 Mixte de Coop\u00e9ration entre la R\u00e9gion F\u00e8s Mekn\u00e8s et la R\u00e9gion Centre Val de Loire - R\u00e9gion F\u00e8s Mekn\u00e8s\" \/>\n<meta property=\"og:description\" content=\"Dans le cadre de la convention de coop\u00e9ration entre la R\u00e9gion F\u00e8s Mekn\u00e8s et la R\u00e9gion Centre Val de Loire, une r\u00e9union de travail du Comit\u00e9 Mixte de Coop\u00e9ration s\u2019est ...\" \/>\n<meta property=\"og:url\" content=\"https:\/\/www.region-fes-meknes.ma\/fr\/actualites\/reunion-de-travail-du-comite-mixte-de-cooperation-entre-la-region-fes-meknes-et-la-region-centre-val-de-loire\/\" \/>\n<meta property=\"og:site_name\" content=\"R\u00e9gion F\u00e8s Mekn\u00e8s\" \/>\n<meta property=\"article:publisher\" content=\"https:\/\/www.facebook.com\/R%c3%a9gion-F%c3%a8s-Mekn%c3%a8s-1130195096990872\" \/>\n<meta property=\"article:published_time\" content=\"2020-02-06T09:29:16+00:00\" \/>\n<meta property=\"article:modified_time\" content=\"2020-02-12T09:38:32+00:00\" \/>\n<meta property=\"og:image\" content=\"https:\/\/www.region-fes-meknes.ma\/wp-content\/uploads\/2020\/02\/reun-comit\u00e9-mixte-06-02-2020-04.jpg\" \/>\n\t<meta property=\"og:image:width\" content=\"1090\" \/>\n\t<meta property=\"og:image:height\" content=\"722\" \/>\n\t<meta property=\"og:image:type\" content=\"image\/jpeg\" \/>\n<meta name=\"author\" content=\"Nisrine Hmamouchi\" \/>\n<meta name=\"twitter:card\" content=\"summary_large_image\" \/>\n<meta name=\"twitter:label1\" content=\"\u00c9crit par\" \/>\n\t<meta name=\"twitter:data1\" content=\"Nisrine Hmamouchi\" \/>\n<script type=\"application\/ld+json\" class=\"yoast-schema-graph\">{\"@context\":\"https:\/\/schema.org\",\"@graph\":[{\"@type\":\"Article\",\"@id\":\"https:\/\/www.region-fes-meknes.ma\/fr\/actualites\/reunion-de-travail-du-comite-mixte-de-cooperation-entre-la-region-fes-meknes-et-la-region-centre-val-de-loire\/#article\",\"isPartOf\":{\"@id\":\"https:\/\/www.region-fes-meknes.ma\/fr\/actualites\/reunion-de-travail-du-comite-mixte-de-cooperation-entre-la-region-fes-meknes-et-la-region-centre-val-de-loire\/\"},\"author\":{\"name\":\"Nisrine Hmamouchi\",\"@id\":\"https:\/\/www.region-fes-meknes.ma\/#\/schema\/person\/309b003b18d9423ddb81c18399ef524b\"},\"headline\":\"R\u00e9union de travail du Comit\u00e9 Mixte de Coop\u00e9ration entre la R\u00e9gion F\u00e8s Mekn\u00e8s et la R\u00e9gion Centre Val de Loire\",\"datePublished\":\"2020-02-06T09:29:16+00:00\",\"dateModified\":\"2020-02-12T09:38:32+00:00\",\"mainEntityOfPage\":{\"@id\":\"https:\/\/www.region-fes-meknes.ma\/fr\/actualites\/reunion-de-travail-du-comite-mixte-de-cooperation-entre-la-region-fes-meknes-et-la-region-centre-val-de-loire\/\"},\"wordCount\":112,\"commentCount\":0,\"publisher\":{\"@id\":\"https:\/\/www.region-fes-meknes.ma\/#organization\"},\"articleSection\":[\"Actualit\u00e9s\",\"Coop\u00e9ration\"],\"inLanguage\":\"fr-FR\",\"potentialAction\":[{\"@type\":\"CommentAction\",\"name\":\"Comment\",\"target\":[\"https:\/\/www.region-fes-meknes.ma\/fr\/actualites\/reunion-de-travail-du-comite-mixte-de-cooperation-entre-la-region-fes-meknes-et-la-region-centre-val-de-loire\/#respond\"]}]},{\"@type\":\"WebPage\",\"@id\":\"https:\/\/www.region-fes-meknes.ma\/fr\/actualites\/reunion-de-travail-du-comite-mixte-de-cooperation-entre-la-region-fes-meknes-et-la-region-centre-val-de-loire\/\",\"url\":\"https:\/\/www.region-fes-meknes.ma\/fr\/actualites\/reunion-de-travail-du-comite-mixte-de-cooperation-entre-la-region-fes-meknes-et-la-region-centre-val-de-loire\/\",\"name\":\"R\u00e9union de travail du Comit\u00e9 Mixte de Coop\u00e9ration entre la R\u00e9gion F\u00e8s Mekn\u00e8s et la R\u00e9gion Centre Val de Loire - R\u00e9gion F\u00e8s Mekn\u00e8s\",\"isPartOf\":{\"@id\":\"https:\/\/www.region-fes-meknes.ma\/#website\"},\"datePublished\":\"2020-02-06T09:29:16+00:00\",\"dateModified\":\"2020-02-12T09:38:32+00:00\",\"breadcrumb\":{\"@id\":\"https:\/\/www.region-fes-meknes.ma\/fr\/actualites\/reunion-de-travail-du-comite-mixte-de-cooperation-entre-la-region-fes-meknes-et-la-region-centre-val-de-loire\/#breadcrumb\"},\"inLanguage\":\"fr-FR\",\"potentialAction\":[{\"@type\":\"ReadAction\",\"target\":[\"https:\/\/www.region-fes-meknes.ma\/fr\/actualites\/reunion-de-travail-du-comite-mixte-de-cooperation-entre-la-region-fes-meknes-et-la-region-centre-val-de-loire\/\"]}]},{\"@type\":\"BreadcrumbList\",\"@id\":\"https:\/\/www.region-fes-meknes.ma\/fr\/actualites\/reunion-de-travail-du-comite-mixte-de-cooperation-entre-la-region-fes-meknes-et-la-region-centre-val-de-loire\/#breadcrumb\",\"itemListElement\":[{\"@type\":\"ListItem\",\"position\":1,\"name\":\"Accueil\",\"item\":\"https:\/\/www.region-fes-meknes.ma\/fr\/\"},{\"@type\":\"ListItem\",\"position\":2,\"name\":\"R\u00e9union de travail du Comit\u00e9 Mixte de Coop\u00e9ration entre la R\u00e9gion F\u00e8s Mekn\u00e8s et la R\u00e9gion Centre Val de Loire\"}]},{\"@type\":\"WebSite\",\"@id\":\"https:\/\/www.region-fes-meknes.ma\/#website\",\"url\":\"https:\/\/www.region-fes-meknes.ma\/\",\"name\":\"Portail de la R\u00e9gion F\u00e8s-Mekn\u00e8s\",\"description\":\"Site officiel de la r\u00e9gion F\u00e8s-Mekn\u00e8s.\",\"publisher\":{\"@id\":\"https:\/\/www.region-fes-meknes.ma\/#organization\"},\"potentialAction\":[{\"@type\":\"SearchAction\",\"target\":{\"@type\":\"EntryPoint\",\"urlTemplate\":\"https:\/\/www.region-fes-meknes.ma\/?s={search_term_string}\"},\"query-input\":\"required name=search_term_string\"}],\"inLanguage\":\"fr-FR\"},{\"@type\":\"Organization\",\"@id\":\"https:\/\/www.region-fes-meknes.ma\/#organization\",\"name\":\"R\u00e9gion F\u00e8s M\u00e8kn\u00e8s\",\"url\":\"https:\/\/www.region-fes-meknes.ma\/\",\"sameAs\":[\"https:\/\/www.facebook.com\/R\u00e9gion-F\u00e8s-Mekn\u00e8s-1130195096990872\"],\"logo\":{\"@type\":\"ImageObject\",\"inLanguage\":\"fr-FR\",\"@id\":\"https:\/\/www.region-fes-meknes.ma\/#\/schema\/logo\/image\/\",\"url\":\"http:\/\/www.region-fes-meknes.ma\/wp-content\/uploads\/2017\/10\/logo-rfm4.png\",\"contentUrl\":\"http:\/\/www.region-fes-meknes.ma\/wp-content\/uploads\/2017\/10\/logo-rfm4.png\",\"width\":304,\"height\":291,\"caption\":\"R\u00e9gion F\u00e8s M\u00e8kn\u00e8s\"},\"image\":{\"@id\":\"https:\/\/www.region-fes-meknes.ma\/#\/schema\/logo\/image\/\"}},{\"@type\":\"Person\",\"@id\":\"https:\/\/www.region-fes-meknes.ma\/#\/schema\/person\/309b003b18d9423ddb81c18399ef524b\",\"name\":\"Nisrine Hmamouchi\",\"image\":{\"@type\":\"ImageObject\",\"inLanguage\":\"fr-FR\",\"@id\":\"https:\/\/www.region-fes-meknes.ma\/#\/schema\/person\/image\/\",\"url\":\"https:\/\/secure.gravatar.com\/avatar\/7b3abdb99edc460b9304cacd3eb10c63?s=96&d=mm&r=g\",\"contentUrl\":\"https:\/\/secure.gravatar.com\/avatar\/7b3abdb99edc460b9304cacd3eb10c63?s=96&d=mm&r=g\",\"caption\":\"Nisrine Hmamouchi\"}}]}<\/script>\n<!-- \/ Yoast SEO plugin. -->","yoast_head_json":{"title":"R\u00e9union de travail du Comit\u00e9 Mixte de Coop\u00e9ration entre la R\u00e9gion F\u00e8s Mekn\u00e8s et la R\u00e9gion Centre Val de Loire - R\u00e9gion F\u00e8s Mekn\u00e8s","robots":{"index":"index","follow":"follow","max-snippet":"max-snippet:-1","max-image-preview":"max-image-preview:large","max-video-preview":"max-video-preview:-1"},"canonical":"https:\/\/www.region-fes-meknes.ma\/fr\/actualites\/reunion-de-travail-du-comite-mixte-de-cooperation-entre-la-region-fes-meknes-et-la-region-centre-val-de-loire\/","og_locale":"fr_FR","og_type":"article","og_title":"R\u00e9union de travail du Comit\u00e9 Mixte de Coop\u00e9ration entre la R\u00e9gion F\u00e8s Mekn\u00e8s et la R\u00e9gion Centre Val de Loire - R\u00e9gion F\u00e8s Mekn\u00e8s","og_description":"Dans le cadre de la convention de coop\u00e9ration entre la R\u00e9gion F\u00e8s Mekn\u00e8s et la R\u00e9gion Centre Val de Loire, une r\u00e9union de travail du Comit\u00e9 Mixte de Coop\u00e9ration s\u2019est ...","og_url":"https:\/\/www.region-fes-meknes.ma\/fr\/actualites\/reunion-de-travail-du-comite-mixte-de-cooperation-entre-la-region-fes-meknes-et-la-region-centre-val-de-loire\/","og_site_name":"R\u00e9gion F\u00e8s Mekn\u00e8s","article_publisher":"https:\/\/www.facebook.com\/R%c3%a9gion-F%c3%a8s-Mekn%c3%a8s-1130195096990872","article_published_time":"2020-02-06T09:29:16+00:00","article_modified_time":"2020-02-12T09:38:32+00:00","og_image":[{"width":1090,"height":722,"url":"https:\/\/www.region-fes-meknes.ma\/wp-content\/uploads\/2020\/02\/reun-comit\u00e9-mixte-06-02-2020-04.jpg","type":"image\/jpeg"}],"author":"Nisrine Hmamouchi","twitter_card":"summary_large_image","twitter_misc":{"\u00c9crit par":"Nisrine Hmamouchi"},"schema":{"@context":"https:\/\/schema.org","@graph":[{"@type":"Article","@id":"https:\/\/www.region-fes-meknes.ma\/fr\/actualites\/reunion-de-travail-du-comite-mixte-de-cooperation-entre-la-region-fes-meknes-et-la-region-centre-val-de-loire\/#article","isPartOf":{"@id":"https:\/\/www.region-fes-meknes.ma\/fr\/actualites\/reunion-de-travail-du-comite-mixte-de-cooperation-entre-la-region-fes-meknes-et-la-region-centre-val-de-loire\/"},"author":{"name":"Nisrine Hmamouchi","@id":"https:\/\/www.region-fes-meknes.ma\/#\/schema\/person\/309b003b18d9423ddb81c18399ef524b"},"headline":"R\u00e9union de travail du Comit\u00e9 Mixte de Coop\u00e9ration entre la R\u00e9gion F\u00e8s Mekn\u00e8s et la R\u00e9gion Centre Val de Loire","datePublished":"2020-02-06T09:29:16+00:00","dateModified":"2020-02-12T09:38:32+00:00","mainEntityOfPage":{"@id":"https:\/\/www.region-fes-meknes.ma\/fr\/actualites\/reunion-de-travail-du-comite-mixte-de-cooperation-entre-la-region-fes-meknes-et-la-region-centre-val-de-loire\/"},"wordCount":112,"commentCount":0,"publisher":{"@id":"https:\/\/www.region-fes-meknes.ma\/#organization"},"articleSection":["Actualit\u00e9s","Coop\u00e9ration"],"inLanguage":"fr-FR","potentialAction":[{"@type":"CommentAction","name":"Comment","target":["https:\/\/www.region-fes-meknes.ma\/fr\/actualites\/reunion-de-travail-du-comite-mixte-de-cooperation-entre-la-region-fes-meknes-et-la-region-centre-val-de-loire\/#respond"]}]},{"@type":"WebPage","@id":"https:\/\/www.region-fes-meknes.ma\/fr\/actualites\/reunion-de-travail-du-comite-mixte-de-cooperation-entre-la-region-fes-meknes-et-la-region-centre-val-de-loire\/","url":"https:\/\/www.region-fes-meknes.ma\/fr\/actualites\/reunion-de-travail-du-comite-mixte-de-cooperation-entre-la-region-fes-meknes-et-la-region-centre-val-de-loire\/","name":"R\u00e9union de travail du Comit\u00e9 Mixte de Coop\u00e9ration entre la R\u00e9gion F\u00e8s Mekn\u00e8s et la R\u00e9gion Centre Val de Loire - R\u00e9gion F\u00e8s Mekn\u00e8s","isPartOf":{"@id":"https:\/\/www.region-fes-meknes.ma\/#website"},"datePublished":"2020-02-06T09:29:16+00:00","dateModified":"2020-02-12T09:38:32+00:00","breadcrumb":{"@id":"https:\/\/www.region-fes-meknes.ma\/fr\/actualites\/reunion-de-travail-du-comite-mixte-de-cooperation-entre-la-region-fes-meknes-et-la-region-centre-val-de-loire\/#breadcrumb"},"inLanguage":"fr-FR","potentialAction":[{"@type":"ReadAction","target":["https:\/\/www.region-fes-meknes.ma\/fr\/actualites\/reunion-de-travail-du-comite-mixte-de-cooperation-entre-la-region-fes-meknes-et-la-region-centre-val-de-loire\/"]}]},{"@type":"BreadcrumbList","@id":"https:\/\/www.region-fes-meknes.ma\/fr\/actualites\/reunion-de-travail-du-comite-mixte-de-cooperation-entre-la-region-fes-meknes-et-la-region-centre-val-de-loire\/#breadcrumb","itemListElement":[{"@type":"ListItem","position":1,"name":"Accueil","item":"https:\/\/www.region-fes-meknes.ma\/fr\/"},{"@type":"ListItem","position":2,"name":"R\u00e9union de travail du Comit\u00e9 Mixte de Coop\u00e9ration entre la R\u00e9gion F\u00e8s Mekn\u00e8s et la R\u00e9gion Centre Val de Loire"}]},{"@type":"WebSite","@id":"https:\/\/www.region-fes-meknes.ma\/#website","url":"https:\/\/www.region-fes-meknes.ma\/","name":"Portail de la R\u00e9gion F\u00e8s-Mekn\u00e8s","description":"Site officiel de la r\u00e9gion F\u00e8s-Mekn\u00e8s.","publisher":{"@id":"https:\/\/www.region-fes-meknes.ma\/#organization"},"potentialAction":[{"@type":"SearchAction","target":{"@type":"EntryPoint","urlTemplate":"https:\/\/www.region-fes-meknes.ma\/?s={search_term_string}"},"query-input":"required name=search_term_string"}],"inLanguage":"fr-FR"},{"@type":"Organization","@id":"https:\/\/www.region-fes-meknes.ma\/#organization","name":"R\u00e9gion F\u00e8s M\u00e8kn\u00e8s","url":"https:\/\/www.region-fes-meknes.ma\/","sameAs":["https:\/\/www.facebook.com\/R\u00e9gion-F\u00e8s-Mekn\u00e8s-1130195096990872"],"logo":{"@type":"ImageObject","inLanguage":"fr-FR","@id":"https:\/\/www.region-fes-meknes.ma\/#\/schema\/logo\/image\/","url":"http:\/\/www.region-fes-meknes.ma\/wp-content\/uploads\/2017\/10\/logo-rfm4.png","contentUrl":"http:\/\/www.region-fes-meknes.ma\/wp-content\/uploads\/2017\/10\/logo-rfm4.png","width":304,"height":291,"caption":"R\u00e9gion F\u00e8s M\u00e8kn\u00e8s"},"image":{"@id":"https:\/\/www.region-fes-meknes.ma\/#\/schema\/logo\/image\/"}},{"@type":"Person","@id":"https:\/\/www.region-fes-meknes.ma\/#\/schema\/person\/309b003b18d9423ddb81c18399ef524b","name":"Nisrine Hmamouchi","image":{"@type":"ImageObject","inLanguage":"fr-FR","@id":"https:\/\/www.region-fes-meknes.ma\/#\/schema\/person\/image\/","url":"https:\/\/secure.gravatar.com\/avatar\/7b3abdb99edc460b9304cacd3eb10c63?s=96&d=mm&r=g","contentUrl":"https:\/\/secure.gravatar.com\/avatar\/7b3abdb99edc460b9304cacd3eb10c63?s=96&d=mm&r=g","caption":"Nisrine Hmamouchi"}}]}},"_links":{"self":[{"href":"https:\/\/www.region-fes-meknes.ma\/fr\/wp-json\/wp\/v2\/posts\/14234"}],"collection":[{"href":"https:\/\/www.region-fes-meknes.ma\/fr\/wp-json\/wp\/v2\/posts"}],"about":[{"href":"https:\/\/www.region-fes-meknes.ma\/fr\/wp-json\/wp\/v2\/types\/post"}],"author":[{"embeddable":true,"href":"https:\/\/www.region-fes-meknes.ma\/fr\/wp-json\/wp\/v2\/users\/74"}],"replies":[{"embeddable":true,"href":"https:\/\/www.region-fes-meknes.ma\/fr\/wp-json\/wp\/v2\/comments?post=14234"}],"version-history":[{"count":1,"href":"https:\/\/www.region-fes-meknes.ma\/fr\/wp-json\/wp\/v2\/posts\/14234\/revisions"}],"predecessor-version":[{"id":14235,"href":"https:\/\/www.region-fes-meknes.ma\/fr\/wp-json\/wp\/v2\/posts\/14234\/revisions\/14235"}],"wp:featuredmedia":[{"embeddable":true,"href":"https:\/\/www.region-fes-meknes.ma\/fr\/wp-json\/wp\/v2\/media\/14232"}],"wp:attachment":[{"href":"https:\/\/www.region-fes-meknes.ma\/fr\/wp-json\/wp\/v2\/media?parent=14234"}],"wp:term":[{"taxonomy":"category","embeddable":true,"href":"https:\/\/www.region-fes-meknes.ma\/fr\/wp-json\/wp\/v2\/categories?post=14234"},{"taxonomy":"post_tag","embeddable":true,"href":"https:\/\/www.region-fes-meknes.ma\/fr\/wp-json\/wp\/v2\/tags?post=14234"}],"curies":[{"name":"wp","href":"https:\/\/api.w.org\/{rel}","templated":true}]}}