{"id":15634,"date":"2020-07-07T11:41:21","date_gmt":"2020-07-07T10:41:21","guid":{"rendered":"http:\/\/www.region-fes-meknes.ma\/?p=15634"},"modified":"2020-07-07T13:00:14","modified_gmt":"2020-07-07T12:00:14","slug":"commencement-des-travaux-damenagement-et-de-revetement-de-la-route-taberhalt-oued-tifounassine-et-la-route-ait-haddou-ait-brahim-et-ait-hammou-a-la-commune-de-timahdit-province-d","status":"publish","type":"post","link":"https:\/\/www.region-fes-meknes.ma\/fr\/actualites\/commencement-des-travaux-damenagement-et-de-revetement-de-la-route-taberhalt-oued-tifounassine-et-la-route-ait-haddou-ait-brahim-et-ait-hammou-a-la-commune-de-timahdit-province-d\/","title":{"rendered":"Commencement des travaux d\u2019am\u00e9nagement et de rev\u00eatement de la route Taberhalt, Oued Tifounassine et la route Ait Haddou, Ait Brahim et Ait Hammou \u00e0 la commune de Timahdit \u2013 Province d\u2019Ifrane"},"content":{"rendered":"<p>Dans le cadre de l\u2019action r\u00e9gionale visant l\u2019am\u00e9lioration du niveau de service et de s\u00e9curit\u00e9 des routes et le d\u00e9senclavement du monde rural, Il a \u00e9t\u00e9 proc\u00e9d\u00e9 au lancement des travaux d\u2019am\u00e9nagement et rev\u00eatement de la route reliant le lac Tifounassine \u00e0 Taberhalt et la route reliant le douar Ait Brahim au douar Ait Haddou et douar Ait Hammou, mobilisant un investissement de 5.09 MDH financ\u00e9 par le conseil de la r\u00e9gion F\u00e8s-Mekn\u00e8s.<\/p>\n<p>Le projet qui portera sur un lin\u00e9aire total de 3.85Km sera supervis\u00e9 par l\u2019AREP-FM.<\/p>\n","protected":false},"excerpt":{"rendered":"<p>Dans le cadre de l\u2019action r\u00e9gionale visant l\u2019am\u00e9lioration du niveau de service et de s\u00e9curit\u00e9 des routes et le d\u00e9senclavement du monde rural, Il a \u00e9t\u00e9 proc\u00e9d\u00e9 au lancement des &#8230;<\/p>\n","protected":false},"author":74,"featured_media":15626,"comment_status":"open","ping_status":"closed","sticky":false,"template":"","format":"standard","meta":{"_bbp_topic_count":0,"_bbp_reply_count":0,"_bbp_total_topic_count":0,"_bbp_total_reply_count":0,"_bbp_voice_count":0,"_bbp_anonymous_reply_count":0,"_bbp_topic_count_hidden":0,"_bbp_reply_count_hidden":0,"_bbp_forum_subforum_count":0},"categories":[18],"tags":[],"acf":[],"yoast_head":"<!-- This site is optimized with the Yoast SEO plugin v19.5.1 - https:\/\/yoast.com\/wordpress\/plugins\/seo\/ -->\n<title>Commencement des travaux d\u2019am\u00e9nagement et de rev\u00eatement de la route Taberhalt, Oued Tifounassine et la route Ait Haddou, Ait Brahim et Ait Hammou \u00e0 la commune de Timahdit \u2013 Province d\u2019Ifrane - R\u00e9gion F\u00e8s Mekn\u00e8s<\/title>\n<meta name=\"robots\" content=\"index, follow, max-snippet:-1, max-image-preview:large, max-video-preview:-1\" \/>\n<link rel=\"canonical\" href=\"https:\/\/www.region-fes-meknes.ma\/fr\/actualites\/commencement-des-travaux-damenagement-et-de-revetement-de-la-route-taberhalt-oued-tifounassine-et-la-route-ait-haddou-ait-brahim-et-ait-hammou-a-la-commune-de-timahdit-province-d\/\" \/>\n<meta property=\"og:locale\" content=\"fr_FR\" \/>\n<meta property=\"og:type\" content=\"article\" \/>\n<meta property=\"og:title\" content=\"Commencement des travaux d\u2019am\u00e9nagement et de rev\u00eatement de la route Taberhalt, Oued Tifounassine et la route Ait Haddou, Ait Brahim et Ait Hammou \u00e0 la commune de Timahdit \u2013 Province d\u2019Ifrane - R\u00e9gion F\u00e8s Mekn\u00e8s\" \/>\n<meta property=\"og:description\" content=\"Dans le cadre de l\u2019action r\u00e9gionale visant l\u2019am\u00e9lioration du niveau de service et de s\u00e9curit\u00e9 des routes et le d\u00e9senclavement du monde rural, Il a \u00e9t\u00e9 proc\u00e9d\u00e9 au lancement des ...\" \/>\n<meta property=\"og:url\" content=\"https:\/\/www.region-fes-meknes.ma\/fr\/actualites\/commencement-des-travaux-damenagement-et-de-revetement-de-la-route-taberhalt-oued-tifounassine-et-la-route-ait-haddou-ait-brahim-et-ait-hammou-a-la-commune-de-timahdit-province-d\/\" \/>\n<meta property=\"og:site_name\" content=\"R\u00e9gion F\u00e8s Mekn\u00e8s\" \/>\n<meta property=\"article:publisher\" content=\"https:\/\/www.facebook.com\/R%c3%a9gion-F%c3%a8s-Mekn%c3%a8s-1130195096990872\" \/>\n<meta property=\"article:published_time\" content=\"2020-07-07T10:41:21+00:00\" \/>\n<meta property=\"article:modified_time\" content=\"2020-07-07T12:00:14+00:00\" \/>\n<meta property=\"og:image\" content=\"https:\/\/www.region-fes-meknes.ma\/wp-content\/uploads\/2020\/07\/1.png\" \/>\n\t<meta property=\"og:image:width\" content=\"1090\" \/>\n\t<meta property=\"og:image:height\" content=\"722\" \/>\n\t<meta property=\"og:image:type\" content=\"image\/png\" \/>\n<meta name=\"author\" content=\"Nisrine Hmamouchi\" \/>\n<meta name=\"twitter:card\" content=\"summary_large_image\" \/>\n<meta name=\"twitter:label1\" content=\"\u00c9crit par\" \/>\n\t<meta name=\"twitter:data1\" content=\"Nisrine Hmamouchi\" \/>\n\t<meta name=\"twitter:label2\" content=\"Dur\u00e9e de lecture estim\u00e9e\" \/>\n\t<meta name=\"twitter:data2\" content=\"1 minute\" \/>\n<script type=\"application\/ld+json\" class=\"yoast-schema-graph\">{\"@context\":\"https:\/\/schema.org\",\"@graph\":[{\"@type\":\"Article\",\"@id\":\"https:\/\/www.region-fes-meknes.ma\/fr\/actualites\/commencement-des-travaux-damenagement-et-de-revetement-de-la-route-taberhalt-oued-tifounassine-et-la-route-ait-haddou-ait-brahim-et-ait-hammou-a-la-commune-de-timahdit-province-d\/#article\",\"isPartOf\":{\"@id\":\"https:\/\/www.region-fes-meknes.ma\/fr\/actualites\/commencement-des-travaux-damenagement-et-de-revetement-de-la-route-taberhalt-oued-tifounassine-et-la-route-ait-haddou-ait-brahim-et-ait-hammou-a-la-commune-de-timahdit-province-d\/\"},\"author\":{\"name\":\"Nisrine Hmamouchi\",\"@id\":\"https:\/\/www.region-fes-meknes.ma\/#\/schema\/person\/309b003b18d9423ddb81c18399ef524b\"},\"headline\":\"Commencement des travaux d\u2019am\u00e9nagement et de rev\u00eatement de la route Taberhalt, Oued Tifounassine et la route Ait Haddou, Ait Brahim et Ait Hammou \u00e0 la commune de Timahdit \u2013 Province d\u2019Ifrane\",\"datePublished\":\"2020-07-07T10:41:21+00:00\",\"dateModified\":\"2020-07-07T12:00:14+00:00\",\"mainEntityOfPage\":{\"@id\":\"https:\/\/www.region-fes-meknes.ma\/fr\/actualites\/commencement-des-travaux-damenagement-et-de-revetement-de-la-route-taberhalt-oued-tifounassine-et-la-route-ait-haddou-ait-brahim-et-ait-hammou-a-la-commune-de-timahdit-province-d\/\"},\"wordCount\":133,\"commentCount\":0,\"publisher\":{\"@id\":\"https:\/\/www.region-fes-meknes.ma\/#organization\"},\"articleSection\":[\"Actualit\u00e9s\"],\"inLanguage\":\"fr-FR\",\"potentialAction\":[{\"@type\":\"CommentAction\",\"name\":\"Comment\",\"target\":[\"https:\/\/www.region-fes-meknes.ma\/fr\/actualites\/commencement-des-travaux-damenagement-et-de-revetement-de-la-route-taberhalt-oued-tifounassine-et-la-route-ait-haddou-ait-brahim-et-ait-hammou-a-la-commune-de-timahdit-province-d\/#respond\"]}]},{\"@type\":\"WebPage\",\"@id\":\"https:\/\/www.region-fes-meknes.ma\/fr\/actualites\/commencement-des-travaux-damenagement-et-de-revetement-de-la-route-taberhalt-oued-tifounassine-et-la-route-ait-haddou-ait-brahim-et-ait-hammou-a-la-commune-de-timahdit-province-d\/\",\"url\":\"https:\/\/www.region-fes-meknes.ma\/fr\/actualites\/commencement-des-travaux-damenagement-et-de-revetement-de-la-route-taberhalt-oued-tifounassine-et-la-route-ait-haddou-ait-brahim-et-ait-hammou-a-la-commune-de-timahdit-province-d\/\",\"name\":\"Commencement des travaux d\u2019am\u00e9nagement et de rev\u00eatement de la route Taberhalt, Oued Tifounassine et la route Ait Haddou, Ait Brahim et Ait Hammou \u00e0 la commune de Timahdit \u2013 Province d\u2019Ifrane - R\u00e9gion F\u00e8s Mekn\u00e8s\",\"isPartOf\":{\"@id\":\"https:\/\/www.region-fes-meknes.ma\/#website\"},\"datePublished\":\"2020-07-07T10:41:21+00:00\",\"dateModified\":\"2020-07-07T12:00:14+00:00\",\"breadcrumb\":{\"@id\":\"https:\/\/www.region-fes-meknes.ma\/fr\/actualites\/commencement-des-travaux-damenagement-et-de-revetement-de-la-route-taberhalt-oued-tifounassine-et-la-route-ait-haddou-ait-brahim-et-ait-hammou-a-la-commune-de-timahdit-province-d\/#breadcrumb\"},\"inLanguage\":\"fr-FR\",\"potentialAction\":[{\"@type\":\"ReadAction\",\"target\":[\"https:\/\/www.region-fes-meknes.ma\/fr\/actualites\/commencement-des-travaux-damenagement-et-de-revetement-de-la-route-taberhalt-oued-tifounassine-et-la-route-ait-haddou-ait-brahim-et-ait-hammou-a-la-commune-de-timahdit-province-d\/\"]}]},{\"@type\":\"BreadcrumbList\",\"@id\":\"https:\/\/www.region-fes-meknes.ma\/fr\/actualites\/commencement-des-travaux-damenagement-et-de-revetement-de-la-route-taberhalt-oued-tifounassine-et-la-route-ait-haddou-ait-brahim-et-ait-hammou-a-la-commune-de-timahdit-province-d\/#breadcrumb\",\"itemListElement\":[{\"@type\":\"ListItem\",\"position\":1,\"name\":\"Accueil\",\"item\":\"https:\/\/www.region-fes-meknes.ma\/fr\/\"},{\"@type\":\"ListItem\",\"position\":2,\"name\":\"Commencement des travaux d\u2019am\u00e9nagement et de rev\u00eatement de la route Taberhalt, Oued Tifounassine et la route Ait Haddou, Ait Brahim et Ait Hammou \u00e0 la commune de Timahdit \u2013 Province d\u2019Ifrane\"}]},{\"@type\":\"WebSite\",\"@id\":\"https:\/\/www.region-fes-meknes.ma\/#website\",\"url\":\"https:\/\/www.region-fes-meknes.ma\/\",\"name\":\"Portail de la R\u00e9gion F\u00e8s-Mekn\u00e8s\",\"description\":\"Site officiel de la r\u00e9gion F\u00e8s-Mekn\u00e8s.\",\"publisher\":{\"@id\":\"https:\/\/www.region-fes-meknes.ma\/#organization\"},\"potentialAction\":[{\"@type\":\"SearchAction\",\"target\":{\"@type\":\"EntryPoint\",\"urlTemplate\":\"https:\/\/www.region-fes-meknes.ma\/?s={search_term_string}\"},\"query-input\":\"required name=search_term_string\"}],\"inLanguage\":\"fr-FR\"},{\"@type\":\"Organization\",\"@id\":\"https:\/\/www.region-fes-meknes.ma\/#organization\",\"name\":\"R\u00e9gion F\u00e8s M\u00e8kn\u00e8s\",\"url\":\"https:\/\/www.region-fes-meknes.ma\/\",\"sameAs\":[\"https:\/\/www.facebook.com\/R\u00e9gion-F\u00e8s-Mekn\u00e8s-1130195096990872\"],\"logo\":{\"@type\":\"ImageObject\",\"inLanguage\":\"fr-FR\",\"@id\":\"https:\/\/www.region-fes-meknes.ma\/#\/schema\/logo\/image\/\",\"url\":\"http:\/\/www.region-fes-meknes.ma\/wp-content\/uploads\/2017\/10\/logo-rfm4.png\",\"contentUrl\":\"http:\/\/www.region-fes-meknes.ma\/wp-content\/uploads\/2017\/10\/logo-rfm4.png\",\"width\":304,\"height\":291,\"caption\":\"R\u00e9gion F\u00e8s M\u00e8kn\u00e8s\"},\"image\":{\"@id\":\"https:\/\/www.region-fes-meknes.ma\/#\/schema\/logo\/image\/\"}},{\"@type\":\"Person\",\"@id\":\"https:\/\/www.region-fes-meknes.ma\/#\/schema\/person\/309b003b18d9423ddb81c18399ef524b\",\"name\":\"Nisrine Hmamouchi\",\"image\":{\"@type\":\"ImageObject\",\"inLanguage\":\"fr-FR\",\"@id\":\"https:\/\/www.region-fes-meknes.ma\/#\/schema\/person\/image\/\",\"url\":\"https:\/\/secure.gravatar.com\/avatar\/7b3abdb99edc460b9304cacd3eb10c63?s=96&d=mm&r=g\",\"contentUrl\":\"https:\/\/secure.gravatar.com\/avatar\/7b3abdb99edc460b9304cacd3eb10c63?s=96&d=mm&r=g\",\"caption\":\"Nisrine Hmamouchi\"}}]}<\/script>\n<!-- \/ Yoast SEO plugin. -->","yoast_head_json":{"title":"Commencement des travaux d\u2019am\u00e9nagement et de rev\u00eatement de la route Taberhalt, Oued Tifounassine et la route Ait Haddou, Ait Brahim et Ait Hammou \u00e0 la commune de Timahdit \u2013 Province d\u2019Ifrane - R\u00e9gion F\u00e8s Mekn\u00e8s","robots":{"index":"index","follow":"follow","max-snippet":"max-snippet:-1","max-image-preview":"max-image-preview:large","max-video-preview":"max-video-preview:-1"},"canonical":"https:\/\/www.region-fes-meknes.ma\/fr\/actualites\/commencement-des-travaux-damenagement-et-de-revetement-de-la-route-taberhalt-oued-tifounassine-et-la-route-ait-haddou-ait-brahim-et-ait-hammou-a-la-commune-de-timahdit-province-d\/","og_locale":"fr_FR","og_type":"article","og_title":"Commencement des travaux d\u2019am\u00e9nagement et de rev\u00eatement de la route Taberhalt, Oued Tifounassine et la route Ait Haddou, Ait Brahim et Ait Hammou \u00e0 la commune de Timahdit \u2013 Province d\u2019Ifrane - R\u00e9gion F\u00e8s Mekn\u00e8s","og_description":"Dans le cadre de l\u2019action r\u00e9gionale visant l\u2019am\u00e9lioration du niveau de service et de s\u00e9curit\u00e9 des routes et le d\u00e9senclavement du monde rural, Il a \u00e9t\u00e9 proc\u00e9d\u00e9 au lancement des ...","og_url":"https:\/\/www.region-fes-meknes.ma\/fr\/actualites\/commencement-des-travaux-damenagement-et-de-revetement-de-la-route-taberhalt-oued-tifounassine-et-la-route-ait-haddou-ait-brahim-et-ait-hammou-a-la-commune-de-timahdit-province-d\/","og_site_name":"R\u00e9gion F\u00e8s Mekn\u00e8s","article_publisher":"https:\/\/www.facebook.com\/R%c3%a9gion-F%c3%a8s-Mekn%c3%a8s-1130195096990872","article_published_time":"2020-07-07T10:41:21+00:00","article_modified_time":"2020-07-07T12:00:14+00:00","og_image":[{"width":1090,"height":722,"url":"https:\/\/www.region-fes-meknes.ma\/wp-content\/uploads\/2020\/07\/1.png","type":"image\/png"}],"author":"Nisrine Hmamouchi","twitter_card":"summary_large_image","twitter_misc":{"\u00c9crit par":"Nisrine Hmamouchi","Dur\u00e9e de lecture estim\u00e9e":"1 minute"},"schema":{"@context":"https:\/\/schema.org","@graph":[{"@type":"Article","@id":"https:\/\/www.region-fes-meknes.ma\/fr\/actualites\/commencement-des-travaux-damenagement-et-de-revetement-de-la-route-taberhalt-oued-tifounassine-et-la-route-ait-haddou-ait-brahim-et-ait-hammou-a-la-commune-de-timahdit-province-d\/#article","isPartOf":{"@id":"https:\/\/www.region-fes-meknes.ma\/fr\/actualites\/commencement-des-travaux-damenagement-et-de-revetement-de-la-route-taberhalt-oued-tifounassine-et-la-route-ait-haddou-ait-brahim-et-ait-hammou-a-la-commune-de-timahdit-province-d\/"},"author":{"name":"Nisrine Hmamouchi","@id":"https:\/\/www.region-fes-meknes.ma\/#\/schema\/person\/309b003b18d9423ddb81c18399ef524b"},"headline":"Commencement des travaux d\u2019am\u00e9nagement et de rev\u00eatement de la route Taberhalt, Oued Tifounassine et la route Ait Haddou, Ait Brahim et Ait Hammou \u00e0 la commune de Timahdit \u2013 Province d\u2019Ifrane","datePublished":"2020-07-07T10:41:21+00:00","dateModified":"2020-07-07T12:00:14+00:00","mainEntityOfPage":{"@id":"https:\/\/www.region-fes-meknes.ma\/fr\/actualites\/commencement-des-travaux-damenagement-et-de-revetement-de-la-route-taberhalt-oued-tifounassine-et-la-route-ait-haddou-ait-brahim-et-ait-hammou-a-la-commune-de-timahdit-province-d\/"},"wordCount":133,"commentCount":0,"publisher":{"@id":"https:\/\/www.region-fes-meknes.ma\/#organization"},"articleSection":["Actualit\u00e9s"],"inLanguage":"fr-FR","potentialAction":[{"@type":"CommentAction","name":"Comment","target":["https:\/\/www.region-fes-meknes.ma\/fr\/actualites\/commencement-des-travaux-damenagement-et-de-revetement-de-la-route-taberhalt-oued-tifounassine-et-la-route-ait-haddou-ait-brahim-et-ait-hammou-a-la-commune-de-timahdit-province-d\/#respond"]}]},{"@type":"WebPage","@id":"https:\/\/www.region-fes-meknes.ma\/fr\/actualites\/commencement-des-travaux-damenagement-et-de-revetement-de-la-route-taberhalt-oued-tifounassine-et-la-route-ait-haddou-ait-brahim-et-ait-hammou-a-la-commune-de-timahdit-province-d\/","url":"https:\/\/www.region-fes-meknes.ma\/fr\/actualites\/commencement-des-travaux-damenagement-et-de-revetement-de-la-route-taberhalt-oued-tifounassine-et-la-route-ait-haddou-ait-brahim-et-ait-hammou-a-la-commune-de-timahdit-province-d\/","name":"Commencement des travaux d\u2019am\u00e9nagement et de rev\u00eatement de la route Taberhalt, Oued Tifounassine et la route Ait Haddou, Ait Brahim et Ait Hammou \u00e0 la commune de Timahdit \u2013 Province d\u2019Ifrane - R\u00e9gion F\u00e8s Mekn\u00e8s","isPartOf":{"@id":"https:\/\/www.region-fes-meknes.ma\/#website"},"datePublished":"2020-07-07T10:41:21+00:00","dateModified":"2020-07-07T12:00:14+00:00","breadcrumb":{"@id":"https:\/\/www.region-fes-meknes.ma\/fr\/actualites\/commencement-des-travaux-damenagement-et-de-revetement-de-la-route-taberhalt-oued-tifounassine-et-la-route-ait-haddou-ait-brahim-et-ait-hammou-a-la-commune-de-timahdit-province-d\/#breadcrumb"},"inLanguage":"fr-FR","potentialAction":[{"@type":"ReadAction","target":["https:\/\/www.region-fes-meknes.ma\/fr\/actualites\/commencement-des-travaux-damenagement-et-de-revetement-de-la-route-taberhalt-oued-tifounassine-et-la-route-ait-haddou-ait-brahim-et-ait-hammou-a-la-commune-de-timahdit-province-d\/"]}]},{"@type":"BreadcrumbList","@id":"https:\/\/www.region-fes-meknes.ma\/fr\/actualites\/commencement-des-travaux-damenagement-et-de-revetement-de-la-route-taberhalt-oued-tifounassine-et-la-route-ait-haddou-ait-brahim-et-ait-hammou-a-la-commune-de-timahdit-province-d\/#breadcrumb","itemListElement":[{"@type":"ListItem","position":1,"name":"Accueil","item":"https:\/\/www.region-fes-meknes.ma\/fr\/"},{"@type":"ListItem","position":2,"name":"Commencement des travaux d\u2019am\u00e9nagement et de rev\u00eatement de la route Taberhalt, Oued Tifounassine et la route Ait Haddou, Ait Brahim et Ait Hammou \u00e0 la commune de Timahdit \u2013 Province d\u2019Ifrane"}]},{"@type":"WebSite","@id":"https:\/\/www.region-fes-meknes.ma\/#website","url":"https:\/\/www.region-fes-meknes.ma\/","name":"Portail de la R\u00e9gion F\u00e8s-Mekn\u00e8s","description":"Site officiel de la r\u00e9gion F\u00e8s-Mekn\u00e8s.","publisher":{"@id":"https:\/\/www.region-fes-meknes.ma\/#organization"},"potentialAction":[{"@type":"SearchAction","target":{"@type":"EntryPoint","urlTemplate":"https:\/\/www.region-fes-meknes.ma\/?s={search_term_string}"},"query-input":"required name=search_term_string"}],"inLanguage":"fr-FR"},{"@type":"Organization","@id":"https:\/\/www.region-fes-meknes.ma\/#organization","name":"R\u00e9gion F\u00e8s M\u00e8kn\u00e8s","url":"https:\/\/www.region-fes-meknes.ma\/","sameAs":["https:\/\/www.facebook.com\/R\u00e9gion-F\u00e8s-Mekn\u00e8s-1130195096990872"],"logo":{"@type":"ImageObject","inLanguage":"fr-FR","@id":"https:\/\/www.region-fes-meknes.ma\/#\/schema\/logo\/image\/","url":"http:\/\/www.region-fes-meknes.ma\/wp-content\/uploads\/2017\/10\/logo-rfm4.png","contentUrl":"http:\/\/www.region-fes-meknes.ma\/wp-content\/uploads\/2017\/10\/logo-rfm4.png","width":304,"height":291,"caption":"R\u00e9gion F\u00e8s M\u00e8kn\u00e8s"},"image":{"@id":"https:\/\/www.region-fes-meknes.ma\/#\/schema\/logo\/image\/"}},{"@type":"Person","@id":"https:\/\/www.region-fes-meknes.ma\/#\/schema\/person\/309b003b18d9423ddb81c18399ef524b","name":"Nisrine Hmamouchi","image":{"@type":"ImageObject","inLanguage":"fr-FR","@id":"https:\/\/www.region-fes-meknes.ma\/#\/schema\/person\/image\/","url":"https:\/\/secure.gravatar.com\/avatar\/7b3abdb99edc460b9304cacd3eb10c63?s=96&d=mm&r=g","contentUrl":"https:\/\/secure.gravatar.com\/avatar\/7b3abdb99edc460b9304cacd3eb10c63?s=96&d=mm&r=g","caption":"Nisrine Hmamouchi"}}]}},"_links":{"self":[{"href":"https:\/\/www.region-fes-meknes.ma\/fr\/wp-json\/wp\/v2\/posts\/15634"}],"collection":[{"href":"https:\/\/www.region-fes-meknes.ma\/fr\/wp-json\/wp\/v2\/posts"}],"about":[{"href":"https:\/\/www.region-fes-meknes.ma\/fr\/wp-json\/wp\/v2\/types\/post"}],"author":[{"embeddable":true,"href":"https:\/\/www.region-fes-meknes.ma\/fr\/wp-json\/wp\/v2\/users\/74"}],"replies":[{"embeddable":true,"href":"https:\/\/www.region-fes-meknes.ma\/fr\/wp-json\/wp\/v2\/comments?post=15634"}],"version-history":[{"count":1,"href":"https:\/\/www.region-fes-meknes.ma\/fr\/wp-json\/wp\/v2\/posts\/15634\/revisions"}],"predecessor-version":[{"id":15635,"href":"https:\/\/www.region-fes-meknes.ma\/fr\/wp-json\/wp\/v2\/posts\/15634\/revisions\/15635"}],"wp:featuredmedia":[{"embeddable":true,"href":"https:\/\/www.region-fes-meknes.ma\/fr\/wp-json\/wp\/v2\/media\/15626"}],"wp:attachment":[{"href":"https:\/\/www.region-fes-meknes.ma\/fr\/wp-json\/wp\/v2\/media?parent=15634"}],"wp:term":[{"taxonomy":"category","embeddable":true,"href":"https:\/\/www.region-fes-meknes.ma\/fr\/wp-json\/wp\/v2\/categories?post=15634"},{"taxonomy":"post_tag","embeddable":true,"href":"https:\/\/www.region-fes-meknes.ma\/fr\/wp-json\/wp\/v2\/tags?post=15634"}],"curies":[{"name":"wp","href":"https:\/\/api.w.org\/{rel}","templated":true}]}}