{"id":16427,"date":"2020-12-02T14:04:27","date_gmt":"2020-12-02T13:04:27","guid":{"rendered":"http:\/\/www.region-fes-meknes.ma\/?p=16427"},"modified":"2020-12-02T14:04:27","modified_gmt":"2020-12-02T13:04:27","slug":"fes-meknes-les-autorites-veulent-booster-la-promotion-territoriale","status":"publish","type":"post","link":"https:\/\/www.region-fes-meknes.ma\/fr\/espace_presse\/presse-ecrite\/fes-meknes-les-autorites-veulent-booster-la-promotion-territoriale\/","title":{"rendered":"F\u00e8s-Mekn\u00e8s: Les autorit\u00e9s veulent booster la promotion territoriale"},"content":{"rendered":"<p><img loading=\"lazy\" class=\"alignnone wp-image-16422 size-full\" src=\"http:\/\/www.region-fes-meknes.ma\/wp-content\/uploads\/2020\/12\/photo-site.jpg\" alt=\"\" width=\"1090\" height=\"722\" srcset=\"https:\/\/www.region-fes-meknes.ma\/wp-content\/uploads\/2020\/12\/photo-site.jpg 1090w, https:\/\/www.region-fes-meknes.ma\/wp-content\/uploads\/2020\/12\/photo-site-300x199.jpg 300w, https:\/\/www.region-fes-meknes.ma\/wp-content\/uploads\/2020\/12\/photo-site-1024x678.jpg 1024w, https:\/\/www.region-fes-meknes.ma\/wp-content\/uploads\/2020\/12\/photo-site-768x509.jpg 768w, https:\/\/www.region-fes-meknes.ma\/wp-content\/uploads\/2020\/12\/photo-site-100x66.jpg 100w\" sizes=\"(max-width: 1090px) 100vw, 1090px\" \/><\/p>\n","protected":false},"excerpt":{"rendered":"","protected":false},"author":75,"featured_media":0,"comment_status":"open","ping_status":"closed","sticky":false,"template":"","format":"standard","meta":{"_bbp_topic_count":0,"_bbp_reply_count":0,"_bbp_total_topic_count":0,"_bbp_total_reply_count":0,"_bbp_voice_count":0,"_bbp_anonymous_reply_count":0,"_bbp_topic_count_hidden":0,"_bbp_reply_count_hidden":0,"_bbp_forum_subforum_count":0},"categories":[18,75],"tags":[],"acf":[],"yoast_head":"<!-- This site is optimized with the Yoast SEO plugin v19.5.1 - https:\/\/yoast.com\/wordpress\/plugins\/seo\/ -->\n<title>F\u00e8s-Mekn\u00e8s: Les autorit\u00e9s veulent booster la promotion territoriale - R\u00e9gion F\u00e8s Mekn\u00e8s<\/title>\n<meta name=\"robots\" content=\"index, follow, max-snippet:-1, max-image-preview:large, max-video-preview:-1\" \/>\n<link rel=\"canonical\" href=\"https:\/\/www.region-fes-meknes.ma\/fr\/espace_presse\/presse-ecrite\/fes-meknes-les-autorites-veulent-booster-la-promotion-territoriale\/\" \/>\n<meta property=\"og:locale\" content=\"fr_FR\" \/>\n<meta property=\"og:type\" content=\"article\" \/>\n<meta property=\"og:title\" content=\"F\u00e8s-Mekn\u00e8s: Les autorit\u00e9s veulent booster la promotion territoriale - R\u00e9gion F\u00e8s Mekn\u00e8s\" \/>\n<meta property=\"og:url\" content=\"https:\/\/www.region-fes-meknes.ma\/fr\/espace_presse\/presse-ecrite\/fes-meknes-les-autorites-veulent-booster-la-promotion-territoriale\/\" \/>\n<meta property=\"og:site_name\" content=\"R\u00e9gion F\u00e8s Mekn\u00e8s\" \/>\n<meta property=\"article:publisher\" content=\"https:\/\/www.facebook.com\/R%c3%a9gion-F%c3%a8s-Mekn%c3%a8s-1130195096990872\" \/>\n<meta property=\"article:published_time\" content=\"2020-12-02T13:04:27+00:00\" \/>\n<meta property=\"og:image\" content=\"http:\/\/www.region-fes-meknes.ma\/wp-content\/uploads\/2020\/12\/photo-site.jpg\" \/>\n<meta name=\"author\" content=\"Hanane Taibi\" \/>\n<meta name=\"twitter:card\" content=\"summary_large_image\" \/>\n<meta name=\"twitter:label1\" content=\"\u00c9crit par\" \/>\n\t<meta name=\"twitter:data1\" content=\"Hanane Taibi\" \/>\n<script type=\"application\/ld+json\" class=\"yoast-schema-graph\">{\"@context\":\"https:\/\/schema.org\",\"@graph\":[{\"@type\":\"Article\",\"@id\":\"https:\/\/www.region-fes-meknes.ma\/fr\/espace_presse\/presse-ecrite\/fes-meknes-les-autorites-veulent-booster-la-promotion-territoriale\/#article\",\"isPartOf\":{\"@id\":\"https:\/\/www.region-fes-meknes.ma\/fr\/espace_presse\/presse-ecrite\/fes-meknes-les-autorites-veulent-booster-la-promotion-territoriale\/\"},\"author\":{\"name\":\"Hanane Taibi\",\"@id\":\"https:\/\/www.region-fes-meknes.ma\/#\/schema\/person\/33105c16edc047c6dcefb301421af76b\"},\"headline\":\"F\u00e8s-Mekn\u00e8s: Les autorit\u00e9s veulent booster la promotion territoriale\",\"datePublished\":\"2020-12-02T13:04:27+00:00\",\"dateModified\":\"2020-12-02T13:04:27+00:00\",\"mainEntityOfPage\":{\"@id\":\"https:\/\/www.region-fes-meknes.ma\/fr\/espace_presse\/presse-ecrite\/fes-meknes-les-autorites-veulent-booster-la-promotion-territoriale\/\"},\"wordCount\":11,\"commentCount\":0,\"publisher\":{\"@id\":\"https:\/\/www.region-fes-meknes.ma\/#organization\"},\"articleSection\":[\"Actualit\u00e9s\",\"Presse \u00e9crite\"],\"inLanguage\":\"fr-FR\",\"potentialAction\":[{\"@type\":\"CommentAction\",\"name\":\"Comment\",\"target\":[\"https:\/\/www.region-fes-meknes.ma\/fr\/espace_presse\/presse-ecrite\/fes-meknes-les-autorites-veulent-booster-la-promotion-territoriale\/#respond\"]}]},{\"@type\":\"WebPage\",\"@id\":\"https:\/\/www.region-fes-meknes.ma\/fr\/espace_presse\/presse-ecrite\/fes-meknes-les-autorites-veulent-booster-la-promotion-territoriale\/\",\"url\":\"https:\/\/www.region-fes-meknes.ma\/fr\/espace_presse\/presse-ecrite\/fes-meknes-les-autorites-veulent-booster-la-promotion-territoriale\/\",\"name\":\"F\u00e8s-Mekn\u00e8s: Les autorit\u00e9s veulent booster la promotion territoriale - R\u00e9gion F\u00e8s Mekn\u00e8s\",\"isPartOf\":{\"@id\":\"https:\/\/www.region-fes-meknes.ma\/#website\"},\"datePublished\":\"2020-12-02T13:04:27+00:00\",\"dateModified\":\"2020-12-02T13:04:27+00:00\",\"breadcrumb\":{\"@id\":\"https:\/\/www.region-fes-meknes.ma\/fr\/espace_presse\/presse-ecrite\/fes-meknes-les-autorites-veulent-booster-la-promotion-territoriale\/#breadcrumb\"},\"inLanguage\":\"fr-FR\",\"potentialAction\":[{\"@type\":\"ReadAction\",\"target\":[\"https:\/\/www.region-fes-meknes.ma\/fr\/espace_presse\/presse-ecrite\/fes-meknes-les-autorites-veulent-booster-la-promotion-territoriale\/\"]}]},{\"@type\":\"BreadcrumbList\",\"@id\":\"https:\/\/www.region-fes-meknes.ma\/fr\/espace_presse\/presse-ecrite\/fes-meknes-les-autorites-veulent-booster-la-promotion-territoriale\/#breadcrumb\",\"itemListElement\":[{\"@type\":\"ListItem\",\"position\":1,\"name\":\"Accueil\",\"item\":\"https:\/\/www.region-fes-meknes.ma\/fr\/\"},{\"@type\":\"ListItem\",\"position\":2,\"name\":\"F\u00e8s-Mekn\u00e8s: Les autorit\u00e9s veulent booster la promotion territoriale\"}]},{\"@type\":\"WebSite\",\"@id\":\"https:\/\/www.region-fes-meknes.ma\/#website\",\"url\":\"https:\/\/www.region-fes-meknes.ma\/\",\"name\":\"Portail de la R\u00e9gion F\u00e8s-Mekn\u00e8s\",\"description\":\"Site officiel de la r\u00e9gion F\u00e8s-Mekn\u00e8s.\",\"publisher\":{\"@id\":\"https:\/\/www.region-fes-meknes.ma\/#organization\"},\"potentialAction\":[{\"@type\":\"SearchAction\",\"target\":{\"@type\":\"EntryPoint\",\"urlTemplate\":\"https:\/\/www.region-fes-meknes.ma\/?s={search_term_string}\"},\"query-input\":\"required name=search_term_string\"}],\"inLanguage\":\"fr-FR\"},{\"@type\":\"Organization\",\"@id\":\"https:\/\/www.region-fes-meknes.ma\/#organization\",\"name\":\"R\u00e9gion F\u00e8s M\u00e8kn\u00e8s\",\"url\":\"https:\/\/www.region-fes-meknes.ma\/\",\"sameAs\":[\"https:\/\/www.facebook.com\/R\u00e9gion-F\u00e8s-Mekn\u00e8s-1130195096990872\"],\"logo\":{\"@type\":\"ImageObject\",\"inLanguage\":\"fr-FR\",\"@id\":\"https:\/\/www.region-fes-meknes.ma\/#\/schema\/logo\/image\/\",\"url\":\"http:\/\/www.region-fes-meknes.ma\/wp-content\/uploads\/2017\/10\/logo-rfm4.png\",\"contentUrl\":\"http:\/\/www.region-fes-meknes.ma\/wp-content\/uploads\/2017\/10\/logo-rfm4.png\",\"width\":304,\"height\":291,\"caption\":\"R\u00e9gion F\u00e8s M\u00e8kn\u00e8s\"},\"image\":{\"@id\":\"https:\/\/www.region-fes-meknes.ma\/#\/schema\/logo\/image\/\"}},{\"@type\":\"Person\",\"@id\":\"https:\/\/www.region-fes-meknes.ma\/#\/schema\/person\/33105c16edc047c6dcefb301421af76b\",\"name\":\"Hanane Taibi\",\"image\":{\"@type\":\"ImageObject\",\"inLanguage\":\"fr-FR\",\"@id\":\"https:\/\/www.region-fes-meknes.ma\/#\/schema\/person\/image\/\",\"url\":\"https:\/\/secure.gravatar.com\/avatar\/c2f0afc69e4a1a1edc8ae692c477bdcb?s=96&d=mm&r=g\",\"contentUrl\":\"https:\/\/secure.gravatar.com\/avatar\/c2f0afc69e4a1a1edc8ae692c477bdcb?s=96&d=mm&r=g\",\"caption\":\"Hanane Taibi\"}}]}<\/script>\n<!-- \/ Yoast SEO plugin. -->","yoast_head_json":{"title":"F\u00e8s-Mekn\u00e8s: Les autorit\u00e9s veulent booster la promotion territoriale - R\u00e9gion F\u00e8s Mekn\u00e8s","robots":{"index":"index","follow":"follow","max-snippet":"max-snippet:-1","max-image-preview":"max-image-preview:large","max-video-preview":"max-video-preview:-1"},"canonical":"https:\/\/www.region-fes-meknes.ma\/fr\/espace_presse\/presse-ecrite\/fes-meknes-les-autorites-veulent-booster-la-promotion-territoriale\/","og_locale":"fr_FR","og_type":"article","og_title":"F\u00e8s-Mekn\u00e8s: Les autorit\u00e9s veulent booster la promotion territoriale - R\u00e9gion F\u00e8s Mekn\u00e8s","og_url":"https:\/\/www.region-fes-meknes.ma\/fr\/espace_presse\/presse-ecrite\/fes-meknes-les-autorites-veulent-booster-la-promotion-territoriale\/","og_site_name":"R\u00e9gion F\u00e8s Mekn\u00e8s","article_publisher":"https:\/\/www.facebook.com\/R%c3%a9gion-F%c3%a8s-Mekn%c3%a8s-1130195096990872","article_published_time":"2020-12-02T13:04:27+00:00","og_image":[{"url":"http:\/\/www.region-fes-meknes.ma\/wp-content\/uploads\/2020\/12\/photo-site.jpg"}],"author":"Hanane Taibi","twitter_card":"summary_large_image","twitter_misc":{"\u00c9crit par":"Hanane Taibi"},"schema":{"@context":"https:\/\/schema.org","@graph":[{"@type":"Article","@id":"https:\/\/www.region-fes-meknes.ma\/fr\/espace_presse\/presse-ecrite\/fes-meknes-les-autorites-veulent-booster-la-promotion-territoriale\/#article","isPartOf":{"@id":"https:\/\/www.region-fes-meknes.ma\/fr\/espace_presse\/presse-ecrite\/fes-meknes-les-autorites-veulent-booster-la-promotion-territoriale\/"},"author":{"name":"Hanane Taibi","@id":"https:\/\/www.region-fes-meknes.ma\/#\/schema\/person\/33105c16edc047c6dcefb301421af76b"},"headline":"F\u00e8s-Mekn\u00e8s: Les autorit\u00e9s veulent booster la promotion territoriale","datePublished":"2020-12-02T13:04:27+00:00","dateModified":"2020-12-02T13:04:27+00:00","mainEntityOfPage":{"@id":"https:\/\/www.region-fes-meknes.ma\/fr\/espace_presse\/presse-ecrite\/fes-meknes-les-autorites-veulent-booster-la-promotion-territoriale\/"},"wordCount":11,"commentCount":0,"publisher":{"@id":"https:\/\/www.region-fes-meknes.ma\/#organization"},"articleSection":["Actualit\u00e9s","Presse \u00e9crite"],"inLanguage":"fr-FR","potentialAction":[{"@type":"CommentAction","name":"Comment","target":["https:\/\/www.region-fes-meknes.ma\/fr\/espace_presse\/presse-ecrite\/fes-meknes-les-autorites-veulent-booster-la-promotion-territoriale\/#respond"]}]},{"@type":"WebPage","@id":"https:\/\/www.region-fes-meknes.ma\/fr\/espace_presse\/presse-ecrite\/fes-meknes-les-autorites-veulent-booster-la-promotion-territoriale\/","url":"https:\/\/www.region-fes-meknes.ma\/fr\/espace_presse\/presse-ecrite\/fes-meknes-les-autorites-veulent-booster-la-promotion-territoriale\/","name":"F\u00e8s-Mekn\u00e8s: Les autorit\u00e9s veulent booster la promotion territoriale - R\u00e9gion F\u00e8s Mekn\u00e8s","isPartOf":{"@id":"https:\/\/www.region-fes-meknes.ma\/#website"},"datePublished":"2020-12-02T13:04:27+00:00","dateModified":"2020-12-02T13:04:27+00:00","breadcrumb":{"@id":"https:\/\/www.region-fes-meknes.ma\/fr\/espace_presse\/presse-ecrite\/fes-meknes-les-autorites-veulent-booster-la-promotion-territoriale\/#breadcrumb"},"inLanguage":"fr-FR","potentialAction":[{"@type":"ReadAction","target":["https:\/\/www.region-fes-meknes.ma\/fr\/espace_presse\/presse-ecrite\/fes-meknes-les-autorites-veulent-booster-la-promotion-territoriale\/"]}]},{"@type":"BreadcrumbList","@id":"https:\/\/www.region-fes-meknes.ma\/fr\/espace_presse\/presse-ecrite\/fes-meknes-les-autorites-veulent-booster-la-promotion-territoriale\/#breadcrumb","itemListElement":[{"@type":"ListItem","position":1,"name":"Accueil","item":"https:\/\/www.region-fes-meknes.ma\/fr\/"},{"@type":"ListItem","position":2,"name":"F\u00e8s-Mekn\u00e8s: Les autorit\u00e9s veulent booster la promotion territoriale"}]},{"@type":"WebSite","@id":"https:\/\/www.region-fes-meknes.ma\/#website","url":"https:\/\/www.region-fes-meknes.ma\/","name":"Portail de la R\u00e9gion F\u00e8s-Mekn\u00e8s","description":"Site officiel de la r\u00e9gion F\u00e8s-Mekn\u00e8s.","publisher":{"@id":"https:\/\/www.region-fes-meknes.ma\/#organization"},"potentialAction":[{"@type":"SearchAction","target":{"@type":"EntryPoint","urlTemplate":"https:\/\/www.region-fes-meknes.ma\/?s={search_term_string}"},"query-input":"required name=search_term_string"}],"inLanguage":"fr-FR"},{"@type":"Organization","@id":"https:\/\/www.region-fes-meknes.ma\/#organization","name":"R\u00e9gion F\u00e8s M\u00e8kn\u00e8s","url":"https:\/\/www.region-fes-meknes.ma\/","sameAs":["https:\/\/www.facebook.com\/R\u00e9gion-F\u00e8s-Mekn\u00e8s-1130195096990872"],"logo":{"@type":"ImageObject","inLanguage":"fr-FR","@id":"https:\/\/www.region-fes-meknes.ma\/#\/schema\/logo\/image\/","url":"http:\/\/www.region-fes-meknes.ma\/wp-content\/uploads\/2017\/10\/logo-rfm4.png","contentUrl":"http:\/\/www.region-fes-meknes.ma\/wp-content\/uploads\/2017\/10\/logo-rfm4.png","width":304,"height":291,"caption":"R\u00e9gion F\u00e8s M\u00e8kn\u00e8s"},"image":{"@id":"https:\/\/www.region-fes-meknes.ma\/#\/schema\/logo\/image\/"}},{"@type":"Person","@id":"https:\/\/www.region-fes-meknes.ma\/#\/schema\/person\/33105c16edc047c6dcefb301421af76b","name":"Hanane Taibi","image":{"@type":"ImageObject","inLanguage":"fr-FR","@id":"https:\/\/www.region-fes-meknes.ma\/#\/schema\/person\/image\/","url":"https:\/\/secure.gravatar.com\/avatar\/c2f0afc69e4a1a1edc8ae692c477bdcb?s=96&d=mm&r=g","contentUrl":"https:\/\/secure.gravatar.com\/avatar\/c2f0afc69e4a1a1edc8ae692c477bdcb?s=96&d=mm&r=g","caption":"Hanane Taibi"}}]}},"_links":{"self":[{"href":"https:\/\/www.region-fes-meknes.ma\/fr\/wp-json\/wp\/v2\/posts\/16427"}],"collection":[{"href":"https:\/\/www.region-fes-meknes.ma\/fr\/wp-json\/wp\/v2\/posts"}],"about":[{"href":"https:\/\/www.region-fes-meknes.ma\/fr\/wp-json\/wp\/v2\/types\/post"}],"author":[{"embeddable":true,"href":"https:\/\/www.region-fes-meknes.ma\/fr\/wp-json\/wp\/v2\/users\/75"}],"replies":[{"embeddable":true,"href":"https:\/\/www.region-fes-meknes.ma\/fr\/wp-json\/wp\/v2\/comments?post=16427"}],"version-history":[{"count":1,"href":"https:\/\/www.region-fes-meknes.ma\/fr\/wp-json\/wp\/v2\/posts\/16427\/revisions"}],"predecessor-version":[{"id":16428,"href":"https:\/\/www.region-fes-meknes.ma\/fr\/wp-json\/wp\/v2\/posts\/16427\/revisions\/16428"}],"wp:attachment":[{"href":"https:\/\/www.region-fes-meknes.ma\/fr\/wp-json\/wp\/v2\/media?parent=16427"}],"wp:term":[{"taxonomy":"category","embeddable":true,"href":"https:\/\/www.region-fes-meknes.ma\/fr\/wp-json\/wp\/v2\/categories?post=16427"},{"taxonomy":"post_tag","embeddable":true,"href":"https:\/\/www.region-fes-meknes.ma\/fr\/wp-json\/wp\/v2\/tags?post=16427"}],"curies":[{"name":"wp","href":"https:\/\/api.w.org\/{rel}","templated":true}]}}