{"id":16981,"date":"2021-02-24T12:51:13","date_gmt":"2021-02-24T11:51:13","guid":{"rendered":"http:\/\/www.region-fes-meknes.ma\/?p=16981"},"modified":"2021-02-24T12:52:00","modified_gmt":"2021-02-24T11:52:00","slug":"construction-de-la-route-communale-reliant-el-meqsem-sidi-ali-chouche-tnanha-et-ouled-ben-abdelkader-province-moulay-yaacoub","status":"publish","type":"post","link":"https:\/\/www.region-fes-meknes.ma\/fr\/actualites\/construction-de-la-route-communale-reliant-el-meqsem-sidi-ali-chouche-tnanha-et-ouled-ben-abdelkader-province-moulay-yaacoub\/","title":{"rendered":"Construction de la route communale reliant El Meqsem, Sidi Ali Chouche, Tnanha et Ouled Ben Abdelkader \u2013 Province Moulay Yaacoub"},"content":{"rendered":"<p>Il a \u00e9t\u00e9 proc\u00e9d\u00e9 au lancement de la construction d\u2019une route communale reliant les douars d\u2019El Meqsem, Sidi Ali Chouche, Tnanha et Ouled Ben Abdelkader relevant de la commune territoriale Ain Bouali \u00e0 la province de Moulay Yaacoub.<\/p>\n<p>Le conseil de la r\u00e9gion F\u00e8s-Mekn\u00e8s a investit le montant de 4.97 MDH pour une distance de 2.5 Km, permettant la liaison de quatre douars.<\/p>\n<p>Le suivi des travaux sera effectu\u00e9 par l\u2019AREP-FM.<\/p>\n","protected":false},"excerpt":{"rendered":"<p>Il a \u00e9t\u00e9 proc\u00e9d\u00e9 au lancement de la construction d\u2019une route communale reliant les douars d\u2019El Meqsem, Sidi Ali Chouche, Tnanha et Ouled Ben Abdelkader relevant de la commune territoriale &#8230;<\/p>\n","protected":false},"author":74,"featured_media":16977,"comment_status":"open","ping_status":"closed","sticky":false,"template":"","format":"standard","meta":{"_bbp_topic_count":0,"_bbp_reply_count":0,"_bbp_total_topic_count":0,"_bbp_total_reply_count":0,"_bbp_voice_count":0,"_bbp_anonymous_reply_count":0,"_bbp_topic_count_hidden":0,"_bbp_reply_count_hidden":0,"_bbp_forum_subforum_count":0},"categories":[18],"tags":[],"acf":[],"yoast_head":"<!-- This site is optimized with the Yoast SEO plugin v19.5.1 - https:\/\/yoast.com\/wordpress\/plugins\/seo\/ -->\n<title>Construction de la route communale reliant El Meqsem, Sidi Ali Chouche, Tnanha et Ouled Ben Abdelkader \u2013 Province Moulay Yaacoub - R\u00e9gion F\u00e8s Mekn\u00e8s<\/title>\n<meta name=\"robots\" content=\"index, follow, max-snippet:-1, max-image-preview:large, max-video-preview:-1\" \/>\n<link rel=\"canonical\" href=\"https:\/\/www.region-fes-meknes.ma\/fr\/actualites\/construction-de-la-route-communale-reliant-el-meqsem-sidi-ali-chouche-tnanha-et-ouled-ben-abdelkader-province-moulay-yaacoub\/\" \/>\n<meta property=\"og:locale\" content=\"fr_FR\" \/>\n<meta property=\"og:type\" content=\"article\" \/>\n<meta property=\"og:title\" content=\"Construction de la route communale reliant El Meqsem, Sidi Ali Chouche, Tnanha et Ouled Ben Abdelkader \u2013 Province Moulay Yaacoub - R\u00e9gion F\u00e8s Mekn\u00e8s\" \/>\n<meta property=\"og:description\" content=\"Il a \u00e9t\u00e9 proc\u00e9d\u00e9 au lancement de la construction d\u2019une route communale reliant les douars d\u2019El Meqsem, Sidi Ali Chouche, Tnanha et Ouled Ben Abdelkader relevant de la commune territoriale ...\" \/>\n<meta property=\"og:url\" content=\"https:\/\/www.region-fes-meknes.ma\/fr\/actualites\/construction-de-la-route-communale-reliant-el-meqsem-sidi-ali-chouche-tnanha-et-ouled-ben-abdelkader-province-moulay-yaacoub\/\" \/>\n<meta property=\"og:site_name\" content=\"R\u00e9gion F\u00e8s Mekn\u00e8s\" \/>\n<meta property=\"article:publisher\" content=\"https:\/\/www.facebook.com\/R%c3%a9gion-F%c3%a8s-Mekn%c3%a8s-1130195096990872\" \/>\n<meta property=\"article:published_time\" content=\"2021-02-24T11:51:13+00:00\" \/>\n<meta property=\"article:modified_time\" content=\"2021-02-24T11:52:00+00:00\" \/>\n<meta property=\"og:image\" content=\"https:\/\/www.region-fes-meknes.ma\/wp-content\/uploads\/2021\/02\/C-1.jpeg\" \/>\n\t<meta property=\"og:image:width\" content=\"1090\" \/>\n\t<meta property=\"og:image:height\" content=\"722\" \/>\n\t<meta property=\"og:image:type\" content=\"image\/jpeg\" \/>\n<meta name=\"author\" content=\"Nisrine Hmamouchi\" \/>\n<meta name=\"twitter:card\" content=\"summary_large_image\" \/>\n<meta name=\"twitter:label1\" content=\"\u00c9crit par\" \/>\n\t<meta name=\"twitter:data1\" content=\"Nisrine Hmamouchi\" \/>\n<script type=\"application\/ld+json\" class=\"yoast-schema-graph\">{\"@context\":\"https:\/\/schema.org\",\"@graph\":[{\"@type\":\"Article\",\"@id\":\"https:\/\/www.region-fes-meknes.ma\/fr\/actualites\/construction-de-la-route-communale-reliant-el-meqsem-sidi-ali-chouche-tnanha-et-ouled-ben-abdelkader-province-moulay-yaacoub\/#article\",\"isPartOf\":{\"@id\":\"https:\/\/www.region-fes-meknes.ma\/fr\/actualites\/construction-de-la-route-communale-reliant-el-meqsem-sidi-ali-chouche-tnanha-et-ouled-ben-abdelkader-province-moulay-yaacoub\/\"},\"author\":{\"name\":\"Nisrine Hmamouchi\",\"@id\":\"https:\/\/www.region-fes-meknes.ma\/#\/schema\/person\/309b003b18d9423ddb81c18399ef524b\"},\"headline\":\"Construction de la route communale reliant El Meqsem, Sidi Ali Chouche, Tnanha et Ouled Ben Abdelkader \u2013 Province Moulay Yaacoub\",\"datePublished\":\"2021-02-24T11:51:13+00:00\",\"dateModified\":\"2021-02-24T11:52:00+00:00\",\"mainEntityOfPage\":{\"@id\":\"https:\/\/www.region-fes-meknes.ma\/fr\/actualites\/construction-de-la-route-communale-reliant-el-meqsem-sidi-ali-chouche-tnanha-et-ouled-ben-abdelkader-province-moulay-yaacoub\/\"},\"wordCount\":94,\"commentCount\":0,\"publisher\":{\"@id\":\"https:\/\/www.region-fes-meknes.ma\/#organization\"},\"articleSection\":[\"Actualit\u00e9s\"],\"inLanguage\":\"fr-FR\",\"potentialAction\":[{\"@type\":\"CommentAction\",\"name\":\"Comment\",\"target\":[\"https:\/\/www.region-fes-meknes.ma\/fr\/actualites\/construction-de-la-route-communale-reliant-el-meqsem-sidi-ali-chouche-tnanha-et-ouled-ben-abdelkader-province-moulay-yaacoub\/#respond\"]}]},{\"@type\":\"WebPage\",\"@id\":\"https:\/\/www.region-fes-meknes.ma\/fr\/actualites\/construction-de-la-route-communale-reliant-el-meqsem-sidi-ali-chouche-tnanha-et-ouled-ben-abdelkader-province-moulay-yaacoub\/\",\"url\":\"https:\/\/www.region-fes-meknes.ma\/fr\/actualites\/construction-de-la-route-communale-reliant-el-meqsem-sidi-ali-chouche-tnanha-et-ouled-ben-abdelkader-province-moulay-yaacoub\/\",\"name\":\"Construction de la route communale reliant El Meqsem, Sidi Ali Chouche, Tnanha et Ouled Ben Abdelkader \u2013 Province Moulay Yaacoub - R\u00e9gion F\u00e8s Mekn\u00e8s\",\"isPartOf\":{\"@id\":\"https:\/\/www.region-fes-meknes.ma\/#website\"},\"datePublished\":\"2021-02-24T11:51:13+00:00\",\"dateModified\":\"2021-02-24T11:52:00+00:00\",\"breadcrumb\":{\"@id\":\"https:\/\/www.region-fes-meknes.ma\/fr\/actualites\/construction-de-la-route-communale-reliant-el-meqsem-sidi-ali-chouche-tnanha-et-ouled-ben-abdelkader-province-moulay-yaacoub\/#breadcrumb\"},\"inLanguage\":\"fr-FR\",\"potentialAction\":[{\"@type\":\"ReadAction\",\"target\":[\"https:\/\/www.region-fes-meknes.ma\/fr\/actualites\/construction-de-la-route-communale-reliant-el-meqsem-sidi-ali-chouche-tnanha-et-ouled-ben-abdelkader-province-moulay-yaacoub\/\"]}]},{\"@type\":\"BreadcrumbList\",\"@id\":\"https:\/\/www.region-fes-meknes.ma\/fr\/actualites\/construction-de-la-route-communale-reliant-el-meqsem-sidi-ali-chouche-tnanha-et-ouled-ben-abdelkader-province-moulay-yaacoub\/#breadcrumb\",\"itemListElement\":[{\"@type\":\"ListItem\",\"position\":1,\"name\":\"Accueil\",\"item\":\"https:\/\/www.region-fes-meknes.ma\/fr\/\"},{\"@type\":\"ListItem\",\"position\":2,\"name\":\"Construction de la route communale reliant El Meqsem, Sidi Ali Chouche, Tnanha et Ouled Ben Abdelkader \u2013 Province Moulay Yaacoub\"}]},{\"@type\":\"WebSite\",\"@id\":\"https:\/\/www.region-fes-meknes.ma\/#website\",\"url\":\"https:\/\/www.region-fes-meknes.ma\/\",\"name\":\"Portail de la R\u00e9gion F\u00e8s-Mekn\u00e8s\",\"description\":\"Site officiel de la r\u00e9gion F\u00e8s-Mekn\u00e8s.\",\"publisher\":{\"@id\":\"https:\/\/www.region-fes-meknes.ma\/#organization\"},\"potentialAction\":[{\"@type\":\"SearchAction\",\"target\":{\"@type\":\"EntryPoint\",\"urlTemplate\":\"https:\/\/www.region-fes-meknes.ma\/?s={search_term_string}\"},\"query-input\":\"required name=search_term_string\"}],\"inLanguage\":\"fr-FR\"},{\"@type\":\"Organization\",\"@id\":\"https:\/\/www.region-fes-meknes.ma\/#organization\",\"name\":\"R\u00e9gion F\u00e8s M\u00e8kn\u00e8s\",\"url\":\"https:\/\/www.region-fes-meknes.ma\/\",\"sameAs\":[\"https:\/\/www.facebook.com\/R\u00e9gion-F\u00e8s-Mekn\u00e8s-1130195096990872\"],\"logo\":{\"@type\":\"ImageObject\",\"inLanguage\":\"fr-FR\",\"@id\":\"https:\/\/www.region-fes-meknes.ma\/#\/schema\/logo\/image\/\",\"url\":\"http:\/\/www.region-fes-meknes.ma\/wp-content\/uploads\/2017\/10\/logo-rfm4.png\",\"contentUrl\":\"http:\/\/www.region-fes-meknes.ma\/wp-content\/uploads\/2017\/10\/logo-rfm4.png\",\"width\":304,\"height\":291,\"caption\":\"R\u00e9gion F\u00e8s M\u00e8kn\u00e8s\"},\"image\":{\"@id\":\"https:\/\/www.region-fes-meknes.ma\/#\/schema\/logo\/image\/\"}},{\"@type\":\"Person\",\"@id\":\"https:\/\/www.region-fes-meknes.ma\/#\/schema\/person\/309b003b18d9423ddb81c18399ef524b\",\"name\":\"Nisrine Hmamouchi\",\"image\":{\"@type\":\"ImageObject\",\"inLanguage\":\"fr-FR\",\"@id\":\"https:\/\/www.region-fes-meknes.ma\/#\/schema\/person\/image\/\",\"url\":\"https:\/\/secure.gravatar.com\/avatar\/7b3abdb99edc460b9304cacd3eb10c63?s=96&d=mm&r=g\",\"contentUrl\":\"https:\/\/secure.gravatar.com\/avatar\/7b3abdb99edc460b9304cacd3eb10c63?s=96&d=mm&r=g\",\"caption\":\"Nisrine Hmamouchi\"}}]}<\/script>\n<!-- \/ Yoast SEO plugin. -->","yoast_head_json":{"title":"Construction de la route communale reliant El Meqsem, Sidi Ali Chouche, Tnanha et Ouled Ben Abdelkader \u2013 Province Moulay Yaacoub - R\u00e9gion F\u00e8s Mekn\u00e8s","robots":{"index":"index","follow":"follow","max-snippet":"max-snippet:-1","max-image-preview":"max-image-preview:large","max-video-preview":"max-video-preview:-1"},"canonical":"https:\/\/www.region-fes-meknes.ma\/fr\/actualites\/construction-de-la-route-communale-reliant-el-meqsem-sidi-ali-chouche-tnanha-et-ouled-ben-abdelkader-province-moulay-yaacoub\/","og_locale":"fr_FR","og_type":"article","og_title":"Construction de la route communale reliant El Meqsem, Sidi Ali Chouche, Tnanha et Ouled Ben Abdelkader \u2013 Province Moulay Yaacoub - R\u00e9gion F\u00e8s Mekn\u00e8s","og_description":"Il a \u00e9t\u00e9 proc\u00e9d\u00e9 au lancement de la construction d\u2019une route communale reliant les douars d\u2019El Meqsem, Sidi Ali Chouche, Tnanha et Ouled Ben Abdelkader relevant de la commune territoriale ...","og_url":"https:\/\/www.region-fes-meknes.ma\/fr\/actualites\/construction-de-la-route-communale-reliant-el-meqsem-sidi-ali-chouche-tnanha-et-ouled-ben-abdelkader-province-moulay-yaacoub\/","og_site_name":"R\u00e9gion F\u00e8s Mekn\u00e8s","article_publisher":"https:\/\/www.facebook.com\/R%c3%a9gion-F%c3%a8s-Mekn%c3%a8s-1130195096990872","article_published_time":"2021-02-24T11:51:13+00:00","article_modified_time":"2021-02-24T11:52:00+00:00","og_image":[{"width":1090,"height":722,"url":"https:\/\/www.region-fes-meknes.ma\/wp-content\/uploads\/2021\/02\/C-1.jpeg","type":"image\/jpeg"}],"author":"Nisrine Hmamouchi","twitter_card":"summary_large_image","twitter_misc":{"\u00c9crit par":"Nisrine Hmamouchi"},"schema":{"@context":"https:\/\/schema.org","@graph":[{"@type":"Article","@id":"https:\/\/www.region-fes-meknes.ma\/fr\/actualites\/construction-de-la-route-communale-reliant-el-meqsem-sidi-ali-chouche-tnanha-et-ouled-ben-abdelkader-province-moulay-yaacoub\/#article","isPartOf":{"@id":"https:\/\/www.region-fes-meknes.ma\/fr\/actualites\/construction-de-la-route-communale-reliant-el-meqsem-sidi-ali-chouche-tnanha-et-ouled-ben-abdelkader-province-moulay-yaacoub\/"},"author":{"name":"Nisrine Hmamouchi","@id":"https:\/\/www.region-fes-meknes.ma\/#\/schema\/person\/309b003b18d9423ddb81c18399ef524b"},"headline":"Construction de la route communale reliant El Meqsem, Sidi Ali Chouche, Tnanha et Ouled Ben Abdelkader \u2013 Province Moulay Yaacoub","datePublished":"2021-02-24T11:51:13+00:00","dateModified":"2021-02-24T11:52:00+00:00","mainEntityOfPage":{"@id":"https:\/\/www.region-fes-meknes.ma\/fr\/actualites\/construction-de-la-route-communale-reliant-el-meqsem-sidi-ali-chouche-tnanha-et-ouled-ben-abdelkader-province-moulay-yaacoub\/"},"wordCount":94,"commentCount":0,"publisher":{"@id":"https:\/\/www.region-fes-meknes.ma\/#organization"},"articleSection":["Actualit\u00e9s"],"inLanguage":"fr-FR","potentialAction":[{"@type":"CommentAction","name":"Comment","target":["https:\/\/www.region-fes-meknes.ma\/fr\/actualites\/construction-de-la-route-communale-reliant-el-meqsem-sidi-ali-chouche-tnanha-et-ouled-ben-abdelkader-province-moulay-yaacoub\/#respond"]}]},{"@type":"WebPage","@id":"https:\/\/www.region-fes-meknes.ma\/fr\/actualites\/construction-de-la-route-communale-reliant-el-meqsem-sidi-ali-chouche-tnanha-et-ouled-ben-abdelkader-province-moulay-yaacoub\/","url":"https:\/\/www.region-fes-meknes.ma\/fr\/actualites\/construction-de-la-route-communale-reliant-el-meqsem-sidi-ali-chouche-tnanha-et-ouled-ben-abdelkader-province-moulay-yaacoub\/","name":"Construction de la route communale reliant El Meqsem, Sidi Ali Chouche, Tnanha et Ouled Ben Abdelkader \u2013 Province Moulay Yaacoub - R\u00e9gion F\u00e8s Mekn\u00e8s","isPartOf":{"@id":"https:\/\/www.region-fes-meknes.ma\/#website"},"datePublished":"2021-02-24T11:51:13+00:00","dateModified":"2021-02-24T11:52:00+00:00","breadcrumb":{"@id":"https:\/\/www.region-fes-meknes.ma\/fr\/actualites\/construction-de-la-route-communale-reliant-el-meqsem-sidi-ali-chouche-tnanha-et-ouled-ben-abdelkader-province-moulay-yaacoub\/#breadcrumb"},"inLanguage":"fr-FR","potentialAction":[{"@type":"ReadAction","target":["https:\/\/www.region-fes-meknes.ma\/fr\/actualites\/construction-de-la-route-communale-reliant-el-meqsem-sidi-ali-chouche-tnanha-et-ouled-ben-abdelkader-province-moulay-yaacoub\/"]}]},{"@type":"BreadcrumbList","@id":"https:\/\/www.region-fes-meknes.ma\/fr\/actualites\/construction-de-la-route-communale-reliant-el-meqsem-sidi-ali-chouche-tnanha-et-ouled-ben-abdelkader-province-moulay-yaacoub\/#breadcrumb","itemListElement":[{"@type":"ListItem","position":1,"name":"Accueil","item":"https:\/\/www.region-fes-meknes.ma\/fr\/"},{"@type":"ListItem","position":2,"name":"Construction de la route communale reliant El Meqsem, Sidi Ali Chouche, Tnanha et Ouled Ben Abdelkader \u2013 Province Moulay Yaacoub"}]},{"@type":"WebSite","@id":"https:\/\/www.region-fes-meknes.ma\/#website","url":"https:\/\/www.region-fes-meknes.ma\/","name":"Portail de la R\u00e9gion F\u00e8s-Mekn\u00e8s","description":"Site officiel de la r\u00e9gion F\u00e8s-Mekn\u00e8s.","publisher":{"@id":"https:\/\/www.region-fes-meknes.ma\/#organization"},"potentialAction":[{"@type":"SearchAction","target":{"@type":"EntryPoint","urlTemplate":"https:\/\/www.region-fes-meknes.ma\/?s={search_term_string}"},"query-input":"required name=search_term_string"}],"inLanguage":"fr-FR"},{"@type":"Organization","@id":"https:\/\/www.region-fes-meknes.ma\/#organization","name":"R\u00e9gion F\u00e8s M\u00e8kn\u00e8s","url":"https:\/\/www.region-fes-meknes.ma\/","sameAs":["https:\/\/www.facebook.com\/R\u00e9gion-F\u00e8s-Mekn\u00e8s-1130195096990872"],"logo":{"@type":"ImageObject","inLanguage":"fr-FR","@id":"https:\/\/www.region-fes-meknes.ma\/#\/schema\/logo\/image\/","url":"http:\/\/www.region-fes-meknes.ma\/wp-content\/uploads\/2017\/10\/logo-rfm4.png","contentUrl":"http:\/\/www.region-fes-meknes.ma\/wp-content\/uploads\/2017\/10\/logo-rfm4.png","width":304,"height":291,"caption":"R\u00e9gion F\u00e8s M\u00e8kn\u00e8s"},"image":{"@id":"https:\/\/www.region-fes-meknes.ma\/#\/schema\/logo\/image\/"}},{"@type":"Person","@id":"https:\/\/www.region-fes-meknes.ma\/#\/schema\/person\/309b003b18d9423ddb81c18399ef524b","name":"Nisrine Hmamouchi","image":{"@type":"ImageObject","inLanguage":"fr-FR","@id":"https:\/\/www.region-fes-meknes.ma\/#\/schema\/person\/image\/","url":"https:\/\/secure.gravatar.com\/avatar\/7b3abdb99edc460b9304cacd3eb10c63?s=96&d=mm&r=g","contentUrl":"https:\/\/secure.gravatar.com\/avatar\/7b3abdb99edc460b9304cacd3eb10c63?s=96&d=mm&r=g","caption":"Nisrine Hmamouchi"}}]}},"_links":{"self":[{"href":"https:\/\/www.region-fes-meknes.ma\/fr\/wp-json\/wp\/v2\/posts\/16981"}],"collection":[{"href":"https:\/\/www.region-fes-meknes.ma\/fr\/wp-json\/wp\/v2\/posts"}],"about":[{"href":"https:\/\/www.region-fes-meknes.ma\/fr\/wp-json\/wp\/v2\/types\/post"}],"author":[{"embeddable":true,"href":"https:\/\/www.region-fes-meknes.ma\/fr\/wp-json\/wp\/v2\/users\/74"}],"replies":[{"embeddable":true,"href":"https:\/\/www.region-fes-meknes.ma\/fr\/wp-json\/wp\/v2\/comments?post=16981"}],"version-history":[{"count":1,"href":"https:\/\/www.region-fes-meknes.ma\/fr\/wp-json\/wp\/v2\/posts\/16981\/revisions"}],"predecessor-version":[{"id":16982,"href":"https:\/\/www.region-fes-meknes.ma\/fr\/wp-json\/wp\/v2\/posts\/16981\/revisions\/16982"}],"wp:featuredmedia":[{"embeddable":true,"href":"https:\/\/www.region-fes-meknes.ma\/fr\/wp-json\/wp\/v2\/media\/16977"}],"wp:attachment":[{"href":"https:\/\/www.region-fes-meknes.ma\/fr\/wp-json\/wp\/v2\/media?parent=16981"}],"wp:term":[{"taxonomy":"category","embeddable":true,"href":"https:\/\/www.region-fes-meknes.ma\/fr\/wp-json\/wp\/v2\/categories?post=16981"},{"taxonomy":"post_tag","embeddable":true,"href":"https:\/\/www.region-fes-meknes.ma\/fr\/wp-json\/wp\/v2\/tags?post=16981"}],"curies":[{"name":"wp","href":"https:\/\/api.w.org\/{rel}","templated":true}]}}