{"id":17205,"date":"2021-03-15T16:47:27","date_gmt":"2021-03-15T15:47:27","guid":{"rendered":"http:\/\/www.region-fes-meknes.ma\/?p=17205"},"modified":"2021-03-15T16:47:27","modified_gmt":"2021-03-15T15:47:27","slug":"lorganisation-dune-formation-sous-le-theme-la-dematerialisation-de-la-chaine-comptable-et-financiere-de-la-depense-au-crfm","status":"publish","type":"post","link":"https:\/\/www.region-fes-meknes.ma\/fr\/actualites\/lorganisation-dune-formation-sous-le-theme-la-dematerialisation-de-la-chaine-comptable-et-financiere-de-la-depense-au-crfm\/","title":{"rendered":"L&rsquo;organisation d&rsquo;une formation sous le th\u00e8me \u00ab La D\u00e9mat\u00e9rialisation de la Chaine Comptable et Financi\u00e8re de la D\u00e9pense \u00bb au CRFM"},"content":{"rendered":"<p>Le Conseil R\u00e9gional F\u00e8s-Mekn\u00e8s a organis\u00e9, Lundi 15 Mars 2021,\u00a0 un<br \/>\natelier de formation en collaboration avec la Tr\u00e9sorerie R\u00e9gionale de F\u00e8s sous le th\u00e8me \u00ab La D\u00e9mat\u00e9rialisation de la Chaine Comptable et Financi\u00e8re de la D\u00e9pense \u00bb \u00e0 l\u2019annexe du Conseil.<\/p>\n<p>Cette formation a \u00e9t\u00e9 organis\u00e9e\u00a0au profit des cadres du conseil r\u00e9gional et a \u00e9t\u00e9 encadr\u00e9e par Mr Yahya Bassou et Mr Nadir Moufakkir, deux Cadres relevant de la tr\u00e9sorerie R\u00e9gionale de F\u00e8s.<\/p>\n","protected":false},"excerpt":{"rendered":"<p>Le Conseil R\u00e9gional F\u00e8s-Mekn\u00e8s a organis\u00e9, Lundi 15 Mars 2021,\u00a0 un atelier de formation en collaboration avec la Tr\u00e9sorerie R\u00e9gionale de F\u00e8s sous le th\u00e8me \u00ab La D\u00e9mat\u00e9rialisation de la &#8230;<\/p>\n","protected":false},"author":76,"featured_media":17206,"comment_status":"open","ping_status":"closed","sticky":false,"template":"","format":"standard","meta":{"_bbp_topic_count":0,"_bbp_reply_count":0,"_bbp_total_topic_count":0,"_bbp_total_reply_count":0,"_bbp_voice_count":0,"_bbp_anonymous_reply_count":0,"_bbp_topic_count_hidden":0,"_bbp_reply_count_hidden":0,"_bbp_forum_subforum_count":0},"categories":[18],"tags":[],"acf":[],"yoast_head":"<!-- This site is optimized with the Yoast SEO plugin v19.5.1 - https:\/\/yoast.com\/wordpress\/plugins\/seo\/ -->\n<title>L&#039;organisation d&#039;une formation sous le th\u00e8me \u00ab La D\u00e9mat\u00e9rialisation de la Chaine Comptable et Financi\u00e8re de la D\u00e9pense \u00bb au CRFM - R\u00e9gion F\u00e8s Mekn\u00e8s<\/title>\n<meta name=\"robots\" content=\"index, follow, max-snippet:-1, max-image-preview:large, max-video-preview:-1\" \/>\n<link rel=\"canonical\" href=\"https:\/\/www.region-fes-meknes.ma\/fr\/actualites\/lorganisation-dune-formation-sous-le-theme-la-dematerialisation-de-la-chaine-comptable-et-financiere-de-la-depense-au-crfm\/\" \/>\n<meta property=\"og:locale\" content=\"fr_FR\" \/>\n<meta property=\"og:type\" content=\"article\" \/>\n<meta property=\"og:title\" content=\"L&#039;organisation d&#039;une formation sous le th\u00e8me \u00ab La D\u00e9mat\u00e9rialisation de la Chaine Comptable et Financi\u00e8re de la D\u00e9pense \u00bb au CRFM - R\u00e9gion F\u00e8s Mekn\u00e8s\" \/>\n<meta property=\"og:description\" content=\"Le Conseil R\u00e9gional F\u00e8s-Mekn\u00e8s a organis\u00e9, Lundi 15 Mars 2021,\u00a0 un atelier de formation en collaboration avec la Tr\u00e9sorerie R\u00e9gionale de F\u00e8s sous le th\u00e8me \u00ab La D\u00e9mat\u00e9rialisation de la ...\" \/>\n<meta property=\"og:url\" content=\"https:\/\/www.region-fes-meknes.ma\/fr\/actualites\/lorganisation-dune-formation-sous-le-theme-la-dematerialisation-de-la-chaine-comptable-et-financiere-de-la-depense-au-crfm\/\" \/>\n<meta property=\"og:site_name\" content=\"R\u00e9gion F\u00e8s Mekn\u00e8s\" \/>\n<meta property=\"article:publisher\" content=\"https:\/\/www.facebook.com\/R%c3%a9gion-F%c3%a8s-Mekn%c3%a8s-1130195096990872\" \/>\n<meta property=\"article:published_time\" content=\"2021-03-15T15:47:27+00:00\" \/>\n<meta property=\"og:image\" content=\"https:\/\/www.region-fes-meknes.ma\/wp-content\/uploads\/2021\/03\/WhatsApp-Image-2021-03-15-at-11.44.50.jpeg\" \/>\n\t<meta property=\"og:image:width\" content=\"1280\" \/>\n\t<meta property=\"og:image:height\" content=\"958\" \/>\n\t<meta property=\"og:image:type\" content=\"image\/jpeg\" \/>\n<meta name=\"author\" content=\"Zaynab Dhimene\" \/>\n<meta name=\"twitter:card\" content=\"summary_large_image\" \/>\n<meta name=\"twitter:label1\" content=\"\u00c9crit par\" \/>\n\t<meta name=\"twitter:data1\" content=\"Zaynab Dhimene\" \/>\n<script type=\"application\/ld+json\" class=\"yoast-schema-graph\">{\"@context\":\"https:\/\/schema.org\",\"@graph\":[{\"@type\":\"Article\",\"@id\":\"https:\/\/www.region-fes-meknes.ma\/fr\/actualites\/lorganisation-dune-formation-sous-le-theme-la-dematerialisation-de-la-chaine-comptable-et-financiere-de-la-depense-au-crfm\/#article\",\"isPartOf\":{\"@id\":\"https:\/\/www.region-fes-meknes.ma\/fr\/actualites\/lorganisation-dune-formation-sous-le-theme-la-dematerialisation-de-la-chaine-comptable-et-financiere-de-la-depense-au-crfm\/\"},\"author\":{\"name\":\"Zaynab Dhimene\",\"@id\":\"https:\/\/www.region-fes-meknes.ma\/#\/schema\/person\/0f39741727e5e507b0f585d8ea23e359\"},\"headline\":\"L&rsquo;organisation d&rsquo;une formation sous le th\u00e8me \u00ab La D\u00e9mat\u00e9rialisation de la Chaine Comptable et Financi\u00e8re de la D\u00e9pense \u00bb au CRFM\",\"datePublished\":\"2021-03-15T15:47:27+00:00\",\"dateModified\":\"2021-03-15T15:47:27+00:00\",\"mainEntityOfPage\":{\"@id\":\"https:\/\/www.region-fes-meknes.ma\/fr\/actualites\/lorganisation-dune-formation-sous-le-theme-la-dematerialisation-de-la-chaine-comptable-et-financiere-de-la-depense-au-crfm\/\"},\"wordCount\":112,\"commentCount\":0,\"publisher\":{\"@id\":\"https:\/\/www.region-fes-meknes.ma\/#organization\"},\"articleSection\":[\"Actualit\u00e9s\"],\"inLanguage\":\"fr-FR\",\"potentialAction\":[{\"@type\":\"CommentAction\",\"name\":\"Comment\",\"target\":[\"https:\/\/www.region-fes-meknes.ma\/fr\/actualites\/lorganisation-dune-formation-sous-le-theme-la-dematerialisation-de-la-chaine-comptable-et-financiere-de-la-depense-au-crfm\/#respond\"]}]},{\"@type\":\"WebPage\",\"@id\":\"https:\/\/www.region-fes-meknes.ma\/fr\/actualites\/lorganisation-dune-formation-sous-le-theme-la-dematerialisation-de-la-chaine-comptable-et-financiere-de-la-depense-au-crfm\/\",\"url\":\"https:\/\/www.region-fes-meknes.ma\/fr\/actualites\/lorganisation-dune-formation-sous-le-theme-la-dematerialisation-de-la-chaine-comptable-et-financiere-de-la-depense-au-crfm\/\",\"name\":\"L'organisation d'une formation sous le th\u00e8me \u00ab La D\u00e9mat\u00e9rialisation de la Chaine Comptable et Financi\u00e8re de la D\u00e9pense \u00bb au CRFM - R\u00e9gion F\u00e8s Mekn\u00e8s\",\"isPartOf\":{\"@id\":\"https:\/\/www.region-fes-meknes.ma\/#website\"},\"datePublished\":\"2021-03-15T15:47:27+00:00\",\"dateModified\":\"2021-03-15T15:47:27+00:00\",\"breadcrumb\":{\"@id\":\"https:\/\/www.region-fes-meknes.ma\/fr\/actualites\/lorganisation-dune-formation-sous-le-theme-la-dematerialisation-de-la-chaine-comptable-et-financiere-de-la-depense-au-crfm\/#breadcrumb\"},\"inLanguage\":\"fr-FR\",\"potentialAction\":[{\"@type\":\"ReadAction\",\"target\":[\"https:\/\/www.region-fes-meknes.ma\/fr\/actualites\/lorganisation-dune-formation-sous-le-theme-la-dematerialisation-de-la-chaine-comptable-et-financiere-de-la-depense-au-crfm\/\"]}]},{\"@type\":\"BreadcrumbList\",\"@id\":\"https:\/\/www.region-fes-meknes.ma\/fr\/actualites\/lorganisation-dune-formation-sous-le-theme-la-dematerialisation-de-la-chaine-comptable-et-financiere-de-la-depense-au-crfm\/#breadcrumb\",\"itemListElement\":[{\"@type\":\"ListItem\",\"position\":1,\"name\":\"Accueil\",\"item\":\"https:\/\/www.region-fes-meknes.ma\/fr\/\"},{\"@type\":\"ListItem\",\"position\":2,\"name\":\"L&rsquo;organisation d&rsquo;une formation sous le th\u00e8me \u00ab La D\u00e9mat\u00e9rialisation de la Chaine Comptable et Financi\u00e8re de la D\u00e9pense \u00bb au CRFM\"}]},{\"@type\":\"WebSite\",\"@id\":\"https:\/\/www.region-fes-meknes.ma\/#website\",\"url\":\"https:\/\/www.region-fes-meknes.ma\/\",\"name\":\"Portail de la R\u00e9gion F\u00e8s-Mekn\u00e8s\",\"description\":\"Site officiel de la r\u00e9gion F\u00e8s-Mekn\u00e8s.\",\"publisher\":{\"@id\":\"https:\/\/www.region-fes-meknes.ma\/#organization\"},\"potentialAction\":[{\"@type\":\"SearchAction\",\"target\":{\"@type\":\"EntryPoint\",\"urlTemplate\":\"https:\/\/www.region-fes-meknes.ma\/?s={search_term_string}\"},\"query-input\":\"required name=search_term_string\"}],\"inLanguage\":\"fr-FR\"},{\"@type\":\"Organization\",\"@id\":\"https:\/\/www.region-fes-meknes.ma\/#organization\",\"name\":\"R\u00e9gion F\u00e8s M\u00e8kn\u00e8s\",\"url\":\"https:\/\/www.region-fes-meknes.ma\/\",\"sameAs\":[\"https:\/\/www.facebook.com\/R\u00e9gion-F\u00e8s-Mekn\u00e8s-1130195096990872\"],\"logo\":{\"@type\":\"ImageObject\",\"inLanguage\":\"fr-FR\",\"@id\":\"https:\/\/www.region-fes-meknes.ma\/#\/schema\/logo\/image\/\",\"url\":\"http:\/\/www.region-fes-meknes.ma\/wp-content\/uploads\/2017\/10\/logo-rfm4.png\",\"contentUrl\":\"http:\/\/www.region-fes-meknes.ma\/wp-content\/uploads\/2017\/10\/logo-rfm4.png\",\"width\":304,\"height\":291,\"caption\":\"R\u00e9gion F\u00e8s M\u00e8kn\u00e8s\"},\"image\":{\"@id\":\"https:\/\/www.region-fes-meknes.ma\/#\/schema\/logo\/image\/\"}},{\"@type\":\"Person\",\"@id\":\"https:\/\/www.region-fes-meknes.ma\/#\/schema\/person\/0f39741727e5e507b0f585d8ea23e359\",\"name\":\"Zaynab Dhimene\",\"image\":{\"@type\":\"ImageObject\",\"inLanguage\":\"fr-FR\",\"@id\":\"https:\/\/www.region-fes-meknes.ma\/#\/schema\/person\/image\/\",\"url\":\"https:\/\/secure.gravatar.com\/avatar\/c668cebb47e2644c6dfb9d8f5a83fb03?s=96&d=mm&r=g\",\"contentUrl\":\"https:\/\/secure.gravatar.com\/avatar\/c668cebb47e2644c6dfb9d8f5a83fb03?s=96&d=mm&r=g\",\"caption\":\"Zaynab Dhimene\"}}]}<\/script>\n<!-- \/ Yoast SEO plugin. -->","yoast_head_json":{"title":"L'organisation d'une formation sous le th\u00e8me \u00ab La D\u00e9mat\u00e9rialisation de la Chaine Comptable et Financi\u00e8re de la D\u00e9pense \u00bb au CRFM - R\u00e9gion F\u00e8s Mekn\u00e8s","robots":{"index":"index","follow":"follow","max-snippet":"max-snippet:-1","max-image-preview":"max-image-preview:large","max-video-preview":"max-video-preview:-1"},"canonical":"https:\/\/www.region-fes-meknes.ma\/fr\/actualites\/lorganisation-dune-formation-sous-le-theme-la-dematerialisation-de-la-chaine-comptable-et-financiere-de-la-depense-au-crfm\/","og_locale":"fr_FR","og_type":"article","og_title":"L'organisation d'une formation sous le th\u00e8me \u00ab La D\u00e9mat\u00e9rialisation de la Chaine Comptable et Financi\u00e8re de la D\u00e9pense \u00bb au CRFM - R\u00e9gion F\u00e8s Mekn\u00e8s","og_description":"Le Conseil R\u00e9gional F\u00e8s-Mekn\u00e8s a organis\u00e9, Lundi 15 Mars 2021,\u00a0 un atelier de formation en collaboration avec la Tr\u00e9sorerie R\u00e9gionale de F\u00e8s sous le th\u00e8me \u00ab La D\u00e9mat\u00e9rialisation de la ...","og_url":"https:\/\/www.region-fes-meknes.ma\/fr\/actualites\/lorganisation-dune-formation-sous-le-theme-la-dematerialisation-de-la-chaine-comptable-et-financiere-de-la-depense-au-crfm\/","og_site_name":"R\u00e9gion F\u00e8s Mekn\u00e8s","article_publisher":"https:\/\/www.facebook.com\/R%c3%a9gion-F%c3%a8s-Mekn%c3%a8s-1130195096990872","article_published_time":"2021-03-15T15:47:27+00:00","og_image":[{"width":1280,"height":958,"url":"https:\/\/www.region-fes-meknes.ma\/wp-content\/uploads\/2021\/03\/WhatsApp-Image-2021-03-15-at-11.44.50.jpeg","type":"image\/jpeg"}],"author":"Zaynab Dhimene","twitter_card":"summary_large_image","twitter_misc":{"\u00c9crit par":"Zaynab Dhimene"},"schema":{"@context":"https:\/\/schema.org","@graph":[{"@type":"Article","@id":"https:\/\/www.region-fes-meknes.ma\/fr\/actualites\/lorganisation-dune-formation-sous-le-theme-la-dematerialisation-de-la-chaine-comptable-et-financiere-de-la-depense-au-crfm\/#article","isPartOf":{"@id":"https:\/\/www.region-fes-meknes.ma\/fr\/actualites\/lorganisation-dune-formation-sous-le-theme-la-dematerialisation-de-la-chaine-comptable-et-financiere-de-la-depense-au-crfm\/"},"author":{"name":"Zaynab Dhimene","@id":"https:\/\/www.region-fes-meknes.ma\/#\/schema\/person\/0f39741727e5e507b0f585d8ea23e359"},"headline":"L&rsquo;organisation d&rsquo;une formation sous le th\u00e8me \u00ab La D\u00e9mat\u00e9rialisation de la Chaine Comptable et Financi\u00e8re de la D\u00e9pense \u00bb au CRFM","datePublished":"2021-03-15T15:47:27+00:00","dateModified":"2021-03-15T15:47:27+00:00","mainEntityOfPage":{"@id":"https:\/\/www.region-fes-meknes.ma\/fr\/actualites\/lorganisation-dune-formation-sous-le-theme-la-dematerialisation-de-la-chaine-comptable-et-financiere-de-la-depense-au-crfm\/"},"wordCount":112,"commentCount":0,"publisher":{"@id":"https:\/\/www.region-fes-meknes.ma\/#organization"},"articleSection":["Actualit\u00e9s"],"inLanguage":"fr-FR","potentialAction":[{"@type":"CommentAction","name":"Comment","target":["https:\/\/www.region-fes-meknes.ma\/fr\/actualites\/lorganisation-dune-formation-sous-le-theme-la-dematerialisation-de-la-chaine-comptable-et-financiere-de-la-depense-au-crfm\/#respond"]}]},{"@type":"WebPage","@id":"https:\/\/www.region-fes-meknes.ma\/fr\/actualites\/lorganisation-dune-formation-sous-le-theme-la-dematerialisation-de-la-chaine-comptable-et-financiere-de-la-depense-au-crfm\/","url":"https:\/\/www.region-fes-meknes.ma\/fr\/actualites\/lorganisation-dune-formation-sous-le-theme-la-dematerialisation-de-la-chaine-comptable-et-financiere-de-la-depense-au-crfm\/","name":"L'organisation d'une formation sous le th\u00e8me \u00ab La D\u00e9mat\u00e9rialisation de la Chaine Comptable et Financi\u00e8re de la D\u00e9pense \u00bb au CRFM - R\u00e9gion F\u00e8s Mekn\u00e8s","isPartOf":{"@id":"https:\/\/www.region-fes-meknes.ma\/#website"},"datePublished":"2021-03-15T15:47:27+00:00","dateModified":"2021-03-15T15:47:27+00:00","breadcrumb":{"@id":"https:\/\/www.region-fes-meknes.ma\/fr\/actualites\/lorganisation-dune-formation-sous-le-theme-la-dematerialisation-de-la-chaine-comptable-et-financiere-de-la-depense-au-crfm\/#breadcrumb"},"inLanguage":"fr-FR","potentialAction":[{"@type":"ReadAction","target":["https:\/\/www.region-fes-meknes.ma\/fr\/actualites\/lorganisation-dune-formation-sous-le-theme-la-dematerialisation-de-la-chaine-comptable-et-financiere-de-la-depense-au-crfm\/"]}]},{"@type":"BreadcrumbList","@id":"https:\/\/www.region-fes-meknes.ma\/fr\/actualites\/lorganisation-dune-formation-sous-le-theme-la-dematerialisation-de-la-chaine-comptable-et-financiere-de-la-depense-au-crfm\/#breadcrumb","itemListElement":[{"@type":"ListItem","position":1,"name":"Accueil","item":"https:\/\/www.region-fes-meknes.ma\/fr\/"},{"@type":"ListItem","position":2,"name":"L&rsquo;organisation d&rsquo;une formation sous le th\u00e8me \u00ab La D\u00e9mat\u00e9rialisation de la Chaine Comptable et Financi\u00e8re de la D\u00e9pense \u00bb au CRFM"}]},{"@type":"WebSite","@id":"https:\/\/www.region-fes-meknes.ma\/#website","url":"https:\/\/www.region-fes-meknes.ma\/","name":"Portail de la R\u00e9gion F\u00e8s-Mekn\u00e8s","description":"Site officiel de la r\u00e9gion F\u00e8s-Mekn\u00e8s.","publisher":{"@id":"https:\/\/www.region-fes-meknes.ma\/#organization"},"potentialAction":[{"@type":"SearchAction","target":{"@type":"EntryPoint","urlTemplate":"https:\/\/www.region-fes-meknes.ma\/?s={search_term_string}"},"query-input":"required name=search_term_string"}],"inLanguage":"fr-FR"},{"@type":"Organization","@id":"https:\/\/www.region-fes-meknes.ma\/#organization","name":"R\u00e9gion F\u00e8s M\u00e8kn\u00e8s","url":"https:\/\/www.region-fes-meknes.ma\/","sameAs":["https:\/\/www.facebook.com\/R\u00e9gion-F\u00e8s-Mekn\u00e8s-1130195096990872"],"logo":{"@type":"ImageObject","inLanguage":"fr-FR","@id":"https:\/\/www.region-fes-meknes.ma\/#\/schema\/logo\/image\/","url":"http:\/\/www.region-fes-meknes.ma\/wp-content\/uploads\/2017\/10\/logo-rfm4.png","contentUrl":"http:\/\/www.region-fes-meknes.ma\/wp-content\/uploads\/2017\/10\/logo-rfm4.png","width":304,"height":291,"caption":"R\u00e9gion F\u00e8s M\u00e8kn\u00e8s"},"image":{"@id":"https:\/\/www.region-fes-meknes.ma\/#\/schema\/logo\/image\/"}},{"@type":"Person","@id":"https:\/\/www.region-fes-meknes.ma\/#\/schema\/person\/0f39741727e5e507b0f585d8ea23e359","name":"Zaynab Dhimene","image":{"@type":"ImageObject","inLanguage":"fr-FR","@id":"https:\/\/www.region-fes-meknes.ma\/#\/schema\/person\/image\/","url":"https:\/\/secure.gravatar.com\/avatar\/c668cebb47e2644c6dfb9d8f5a83fb03?s=96&d=mm&r=g","contentUrl":"https:\/\/secure.gravatar.com\/avatar\/c668cebb47e2644c6dfb9d8f5a83fb03?s=96&d=mm&r=g","caption":"Zaynab Dhimene"}}]}},"_links":{"self":[{"href":"https:\/\/www.region-fes-meknes.ma\/fr\/wp-json\/wp\/v2\/posts\/17205"}],"collection":[{"href":"https:\/\/www.region-fes-meknes.ma\/fr\/wp-json\/wp\/v2\/posts"}],"about":[{"href":"https:\/\/www.region-fes-meknes.ma\/fr\/wp-json\/wp\/v2\/types\/post"}],"author":[{"embeddable":true,"href":"https:\/\/www.region-fes-meknes.ma\/fr\/wp-json\/wp\/v2\/users\/76"}],"replies":[{"embeddable":true,"href":"https:\/\/www.region-fes-meknes.ma\/fr\/wp-json\/wp\/v2\/comments?post=17205"}],"version-history":[{"count":1,"href":"https:\/\/www.region-fes-meknes.ma\/fr\/wp-json\/wp\/v2\/posts\/17205\/revisions"}],"predecessor-version":[{"id":17216,"href":"https:\/\/www.region-fes-meknes.ma\/fr\/wp-json\/wp\/v2\/posts\/17205\/revisions\/17216"}],"wp:featuredmedia":[{"embeddable":true,"href":"https:\/\/www.region-fes-meknes.ma\/fr\/wp-json\/wp\/v2\/media\/17206"}],"wp:attachment":[{"href":"https:\/\/www.region-fes-meknes.ma\/fr\/wp-json\/wp\/v2\/media?parent=17205"}],"wp:term":[{"taxonomy":"category","embeddable":true,"href":"https:\/\/www.region-fes-meknes.ma\/fr\/wp-json\/wp\/v2\/categories?post=17205"},{"taxonomy":"post_tag","embeddable":true,"href":"https:\/\/www.region-fes-meknes.ma\/fr\/wp-json\/wp\/v2\/tags?post=17205"}],"curies":[{"name":"wp","href":"https:\/\/api.w.org\/{rel}","templated":true}]}}