{"id":17650,"date":"2021-04-16T14:49:24","date_gmt":"2021-04-16T14:49:24","guid":{"rendered":"http:\/\/www.region-fes-meknes.ma\/?p=17650"},"modified":"2021-04-16T15:13:03","modified_gmt":"2021-04-16T15:13:03","slug":"accueil-du-directeur-de-lagence-francaise-de-developpement","status":"publish","type":"post","link":"https:\/\/www.region-fes-meknes.ma\/fr\/actualites\/accueil-du-directeur-de-lagence-francaise-de-developpement\/","title":{"rendered":"Accueil du Directeur de L\u2019Agence Fran\u00e7aise de D\u00e9veloppement"},"content":{"rendered":"<p>Le Pr\u00e9sident de la R\u00e9gion F\u00e8s Mekn\u00e8s Mr Mohand Laenser accompagn\u00e9 du 1er Vice-Pr\u00e9sident Mr Driss Sqalli Adaoui a accueilli le 16 avril 2021 au conseil r\u00e9gional F\u00e8s Mekn\u00e8s; Monsieur Mihoub Mezouaghi, Directeur de l\u2019Agence Fran\u00e7aise de d\u00e9veloppement au Maroc. Cette rencontre \u00a0a permis d\u2019\u00e9changer sur les besoins de financement et d\u2019accompagnement technique pour la mise en \u0153uvre du Programme de d\u00e9veloppement r\u00e9gional, en faveur des projets li\u00e9s \u00e0 la r\u00e9duction des d\u00e9ficits sociaux et in\u00e9galit\u00e9s territoriales, ainsi que la valorisation et la conservation des ressources naturelles de la r\u00e9gion F\u00e8s Mekn\u00e8s.<\/p>\n<p>Partenaire du Royaume depuis 1992; La strat\u00e9gie d\u2019intervention de l\u2019AFD au Maroc a pour finalit\u00e9 de favoriser une croissance inclusive et durable \u00a0Inclin\u00e9e au niveau de trois grands objectifs : valoriser et prot\u00e9ger le capital humain, contribuer \u00e0 l\u2019attractivit\u00e9 du territoire, \u00e0 la coh\u00e9sion sociale et \u00e0 la r\u00e9duction des disparit\u00e9s spatiales, appuyer les transitions \u00e9nerg\u00e9tiques et \u00e9cologiques ainsi que \u00a0l\u2019adaptation au changement climatique.<\/p>\n","protected":false},"excerpt":{"rendered":"<p>Le Pr\u00e9sident de la R\u00e9gion F\u00e8s Mekn\u00e8s Mr Mohand Laenser accompagn\u00e9 du 1er Vice-Pr\u00e9sident Mr Driss Sqalli Adaoui a accueilli le 16 avril 2021 au conseil r\u00e9gional F\u00e8s Mekn\u00e8s; Monsieur &#8230;<\/p>\n","protected":false},"author":75,"featured_media":17655,"comment_status":"open","ping_status":"closed","sticky":false,"template":"","format":"standard","meta":{"_bbp_topic_count":0,"_bbp_reply_count":0,"_bbp_total_topic_count":0,"_bbp_total_reply_count":0,"_bbp_voice_count":0,"_bbp_anonymous_reply_count":0,"_bbp_topic_count_hidden":0,"_bbp_reply_count_hidden":0,"_bbp_forum_subforum_count":0},"categories":[18,92],"tags":[],"acf":[],"yoast_head":"<!-- This site is optimized with the Yoast SEO plugin v19.5.1 - https:\/\/yoast.com\/wordpress\/plugins\/seo\/ -->\n<title>Accueil du Directeur de L\u2019Agence Fran\u00e7aise de D\u00e9veloppement - R\u00e9gion F\u00e8s Mekn\u00e8s<\/title>\n<meta name=\"robots\" content=\"index, follow, max-snippet:-1, max-image-preview:large, max-video-preview:-1\" \/>\n<link rel=\"canonical\" href=\"https:\/\/www.region-fes-meknes.ma\/fr\/actualites\/accueil-du-directeur-de-lagence-francaise-de-developpement\/\" \/>\n<meta property=\"og:locale\" content=\"fr_FR\" \/>\n<meta property=\"og:type\" content=\"article\" \/>\n<meta property=\"og:title\" content=\"Accueil du Directeur de L\u2019Agence Fran\u00e7aise de D\u00e9veloppement - R\u00e9gion F\u00e8s Mekn\u00e8s\" \/>\n<meta property=\"og:description\" content=\"Le Pr\u00e9sident de la R\u00e9gion F\u00e8s Mekn\u00e8s Mr Mohand Laenser accompagn\u00e9 du 1er Vice-Pr\u00e9sident Mr Driss Sqalli Adaoui a accueilli le 16 avril 2021 au conseil r\u00e9gional F\u00e8s Mekn\u00e8s; Monsieur ...\" \/>\n<meta property=\"og:url\" content=\"https:\/\/www.region-fes-meknes.ma\/fr\/actualites\/accueil-du-directeur-de-lagence-francaise-de-developpement\/\" \/>\n<meta property=\"og:site_name\" content=\"R\u00e9gion F\u00e8s Mekn\u00e8s\" \/>\n<meta property=\"article:publisher\" content=\"https:\/\/www.facebook.com\/R%c3%a9gion-F%c3%a8s-Mekn%c3%a8s-1130195096990872\" \/>\n<meta property=\"article:published_time\" content=\"2021-04-16T14:49:24+00:00\" \/>\n<meta property=\"article:modified_time\" content=\"2021-04-16T15:13:03+00:00\" \/>\n<meta property=\"og:image\" content=\"https:\/\/www.region-fes-meknes.ma\/wp-content\/uploads\/2021\/04\/DSC_1586-scaled.jpg\" \/>\n\t<meta property=\"og:image:width\" content=\"2560\" \/>\n\t<meta property=\"og:image:height\" content=\"1707\" \/>\n\t<meta property=\"og:image:type\" content=\"image\/jpeg\" \/>\n<meta name=\"author\" content=\"Hanane Taibi\" \/>\n<meta name=\"twitter:card\" content=\"summary_large_image\" \/>\n<meta name=\"twitter:label1\" content=\"\u00c9crit par\" \/>\n\t<meta name=\"twitter:data1\" content=\"Hanane Taibi\" \/>\n\t<meta name=\"twitter:label2\" content=\"Dur\u00e9e de lecture estim\u00e9e\" \/>\n\t<meta name=\"twitter:data2\" content=\"1 minute\" \/>\n<script type=\"application\/ld+json\" class=\"yoast-schema-graph\">{\"@context\":\"https:\/\/schema.org\",\"@graph\":[{\"@type\":\"Article\",\"@id\":\"https:\/\/www.region-fes-meknes.ma\/fr\/actualites\/accueil-du-directeur-de-lagence-francaise-de-developpement\/#article\",\"isPartOf\":{\"@id\":\"https:\/\/www.region-fes-meknes.ma\/fr\/actualites\/accueil-du-directeur-de-lagence-francaise-de-developpement\/\"},\"author\":{\"name\":\"Hanane Taibi\",\"@id\":\"https:\/\/www.region-fes-meknes.ma\/#\/schema\/person\/33105c16edc047c6dcefb301421af76b\"},\"headline\":\"Accueil du Directeur de L\u2019Agence Fran\u00e7aise de D\u00e9veloppement\",\"datePublished\":\"2021-04-16T14:49:24+00:00\",\"dateModified\":\"2021-04-16T15:13:03+00:00\",\"mainEntityOfPage\":{\"@id\":\"https:\/\/www.region-fes-meknes.ma\/fr\/actualites\/accueil-du-directeur-de-lagence-francaise-de-developpement\/\"},\"wordCount\":193,\"commentCount\":0,\"publisher\":{\"@id\":\"https:\/\/www.region-fes-meknes.ma\/#organization\"},\"articleSection\":[\"Actualit\u00e9s\",\"Coop\u00e9ration\"],\"inLanguage\":\"fr-FR\",\"potentialAction\":[{\"@type\":\"CommentAction\",\"name\":\"Comment\",\"target\":[\"https:\/\/www.region-fes-meknes.ma\/fr\/actualites\/accueil-du-directeur-de-lagence-francaise-de-developpement\/#respond\"]}]},{\"@type\":\"WebPage\",\"@id\":\"https:\/\/www.region-fes-meknes.ma\/fr\/actualites\/accueil-du-directeur-de-lagence-francaise-de-developpement\/\",\"url\":\"https:\/\/www.region-fes-meknes.ma\/fr\/actualites\/accueil-du-directeur-de-lagence-francaise-de-developpement\/\",\"name\":\"Accueil du Directeur de L\u2019Agence Fran\u00e7aise de D\u00e9veloppement - R\u00e9gion F\u00e8s Mekn\u00e8s\",\"isPartOf\":{\"@id\":\"https:\/\/www.region-fes-meknes.ma\/#website\"},\"datePublished\":\"2021-04-16T14:49:24+00:00\",\"dateModified\":\"2021-04-16T15:13:03+00:00\",\"breadcrumb\":{\"@id\":\"https:\/\/www.region-fes-meknes.ma\/fr\/actualites\/accueil-du-directeur-de-lagence-francaise-de-developpement\/#breadcrumb\"},\"inLanguage\":\"fr-FR\",\"potentialAction\":[{\"@type\":\"ReadAction\",\"target\":[\"https:\/\/www.region-fes-meknes.ma\/fr\/actualites\/accueil-du-directeur-de-lagence-francaise-de-developpement\/\"]}]},{\"@type\":\"BreadcrumbList\",\"@id\":\"https:\/\/www.region-fes-meknes.ma\/fr\/actualites\/accueil-du-directeur-de-lagence-francaise-de-developpement\/#breadcrumb\",\"itemListElement\":[{\"@type\":\"ListItem\",\"position\":1,\"name\":\"Accueil\",\"item\":\"https:\/\/www.region-fes-meknes.ma\/fr\/\"},{\"@type\":\"ListItem\",\"position\":2,\"name\":\"Accueil du Directeur de L\u2019Agence Fran\u00e7aise de D\u00e9veloppement\"}]},{\"@type\":\"WebSite\",\"@id\":\"https:\/\/www.region-fes-meknes.ma\/#website\",\"url\":\"https:\/\/www.region-fes-meknes.ma\/\",\"name\":\"Portail de la R\u00e9gion F\u00e8s-Mekn\u00e8s\",\"description\":\"Site officiel de la r\u00e9gion F\u00e8s-Mekn\u00e8s.\",\"publisher\":{\"@id\":\"https:\/\/www.region-fes-meknes.ma\/#organization\"},\"potentialAction\":[{\"@type\":\"SearchAction\",\"target\":{\"@type\":\"EntryPoint\",\"urlTemplate\":\"https:\/\/www.region-fes-meknes.ma\/?s={search_term_string}\"},\"query-input\":\"required name=search_term_string\"}],\"inLanguage\":\"fr-FR\"},{\"@type\":\"Organization\",\"@id\":\"https:\/\/www.region-fes-meknes.ma\/#organization\",\"name\":\"R\u00e9gion F\u00e8s M\u00e8kn\u00e8s\",\"url\":\"https:\/\/www.region-fes-meknes.ma\/\",\"sameAs\":[\"https:\/\/www.facebook.com\/R\u00e9gion-F\u00e8s-Mekn\u00e8s-1130195096990872\"],\"logo\":{\"@type\":\"ImageObject\",\"inLanguage\":\"fr-FR\",\"@id\":\"https:\/\/www.region-fes-meknes.ma\/#\/schema\/logo\/image\/\",\"url\":\"http:\/\/www.region-fes-meknes.ma\/wp-content\/uploads\/2017\/10\/logo-rfm4.png\",\"contentUrl\":\"http:\/\/www.region-fes-meknes.ma\/wp-content\/uploads\/2017\/10\/logo-rfm4.png\",\"width\":304,\"height\":291,\"caption\":\"R\u00e9gion F\u00e8s M\u00e8kn\u00e8s\"},\"image\":{\"@id\":\"https:\/\/www.region-fes-meknes.ma\/#\/schema\/logo\/image\/\"}},{\"@type\":\"Person\",\"@id\":\"https:\/\/www.region-fes-meknes.ma\/#\/schema\/person\/33105c16edc047c6dcefb301421af76b\",\"name\":\"Hanane Taibi\",\"image\":{\"@type\":\"ImageObject\",\"inLanguage\":\"fr-FR\",\"@id\":\"https:\/\/www.region-fes-meknes.ma\/#\/schema\/person\/image\/\",\"url\":\"https:\/\/secure.gravatar.com\/avatar\/c2f0afc69e4a1a1edc8ae692c477bdcb?s=96&d=mm&r=g\",\"contentUrl\":\"https:\/\/secure.gravatar.com\/avatar\/c2f0afc69e4a1a1edc8ae692c477bdcb?s=96&d=mm&r=g\",\"caption\":\"Hanane Taibi\"}}]}<\/script>\n<!-- \/ Yoast SEO plugin. -->","yoast_head_json":{"title":"Accueil du Directeur de L\u2019Agence Fran\u00e7aise de D\u00e9veloppement - R\u00e9gion F\u00e8s Mekn\u00e8s","robots":{"index":"index","follow":"follow","max-snippet":"max-snippet:-1","max-image-preview":"max-image-preview:large","max-video-preview":"max-video-preview:-1"},"canonical":"https:\/\/www.region-fes-meknes.ma\/fr\/actualites\/accueil-du-directeur-de-lagence-francaise-de-developpement\/","og_locale":"fr_FR","og_type":"article","og_title":"Accueil du Directeur de L\u2019Agence Fran\u00e7aise de D\u00e9veloppement - R\u00e9gion F\u00e8s Mekn\u00e8s","og_description":"Le Pr\u00e9sident de la R\u00e9gion F\u00e8s Mekn\u00e8s Mr Mohand Laenser accompagn\u00e9 du 1er Vice-Pr\u00e9sident Mr Driss Sqalli Adaoui a accueilli le 16 avril 2021 au conseil r\u00e9gional F\u00e8s Mekn\u00e8s; Monsieur ...","og_url":"https:\/\/www.region-fes-meknes.ma\/fr\/actualites\/accueil-du-directeur-de-lagence-francaise-de-developpement\/","og_site_name":"R\u00e9gion F\u00e8s Mekn\u00e8s","article_publisher":"https:\/\/www.facebook.com\/R%c3%a9gion-F%c3%a8s-Mekn%c3%a8s-1130195096990872","article_published_time":"2021-04-16T14:49:24+00:00","article_modified_time":"2021-04-16T15:13:03+00:00","og_image":[{"width":2560,"height":1707,"url":"https:\/\/www.region-fes-meknes.ma\/wp-content\/uploads\/2021\/04\/DSC_1586-scaled.jpg","type":"image\/jpeg"}],"author":"Hanane Taibi","twitter_card":"summary_large_image","twitter_misc":{"\u00c9crit par":"Hanane Taibi","Dur\u00e9e de lecture estim\u00e9e":"1 minute"},"schema":{"@context":"https:\/\/schema.org","@graph":[{"@type":"Article","@id":"https:\/\/www.region-fes-meknes.ma\/fr\/actualites\/accueil-du-directeur-de-lagence-francaise-de-developpement\/#article","isPartOf":{"@id":"https:\/\/www.region-fes-meknes.ma\/fr\/actualites\/accueil-du-directeur-de-lagence-francaise-de-developpement\/"},"author":{"name":"Hanane Taibi","@id":"https:\/\/www.region-fes-meknes.ma\/#\/schema\/person\/33105c16edc047c6dcefb301421af76b"},"headline":"Accueil du Directeur de L\u2019Agence Fran\u00e7aise de D\u00e9veloppement","datePublished":"2021-04-16T14:49:24+00:00","dateModified":"2021-04-16T15:13:03+00:00","mainEntityOfPage":{"@id":"https:\/\/www.region-fes-meknes.ma\/fr\/actualites\/accueil-du-directeur-de-lagence-francaise-de-developpement\/"},"wordCount":193,"commentCount":0,"publisher":{"@id":"https:\/\/www.region-fes-meknes.ma\/#organization"},"articleSection":["Actualit\u00e9s","Coop\u00e9ration"],"inLanguage":"fr-FR","potentialAction":[{"@type":"CommentAction","name":"Comment","target":["https:\/\/www.region-fes-meknes.ma\/fr\/actualites\/accueil-du-directeur-de-lagence-francaise-de-developpement\/#respond"]}]},{"@type":"WebPage","@id":"https:\/\/www.region-fes-meknes.ma\/fr\/actualites\/accueil-du-directeur-de-lagence-francaise-de-developpement\/","url":"https:\/\/www.region-fes-meknes.ma\/fr\/actualites\/accueil-du-directeur-de-lagence-francaise-de-developpement\/","name":"Accueil du Directeur de L\u2019Agence Fran\u00e7aise de D\u00e9veloppement - R\u00e9gion F\u00e8s Mekn\u00e8s","isPartOf":{"@id":"https:\/\/www.region-fes-meknes.ma\/#website"},"datePublished":"2021-04-16T14:49:24+00:00","dateModified":"2021-04-16T15:13:03+00:00","breadcrumb":{"@id":"https:\/\/www.region-fes-meknes.ma\/fr\/actualites\/accueil-du-directeur-de-lagence-francaise-de-developpement\/#breadcrumb"},"inLanguage":"fr-FR","potentialAction":[{"@type":"ReadAction","target":["https:\/\/www.region-fes-meknes.ma\/fr\/actualites\/accueil-du-directeur-de-lagence-francaise-de-developpement\/"]}]},{"@type":"BreadcrumbList","@id":"https:\/\/www.region-fes-meknes.ma\/fr\/actualites\/accueil-du-directeur-de-lagence-francaise-de-developpement\/#breadcrumb","itemListElement":[{"@type":"ListItem","position":1,"name":"Accueil","item":"https:\/\/www.region-fes-meknes.ma\/fr\/"},{"@type":"ListItem","position":2,"name":"Accueil du Directeur de L\u2019Agence Fran\u00e7aise de D\u00e9veloppement"}]},{"@type":"WebSite","@id":"https:\/\/www.region-fes-meknes.ma\/#website","url":"https:\/\/www.region-fes-meknes.ma\/","name":"Portail de la R\u00e9gion F\u00e8s-Mekn\u00e8s","description":"Site officiel de la r\u00e9gion F\u00e8s-Mekn\u00e8s.","publisher":{"@id":"https:\/\/www.region-fes-meknes.ma\/#organization"},"potentialAction":[{"@type":"SearchAction","target":{"@type":"EntryPoint","urlTemplate":"https:\/\/www.region-fes-meknes.ma\/?s={search_term_string}"},"query-input":"required name=search_term_string"}],"inLanguage":"fr-FR"},{"@type":"Organization","@id":"https:\/\/www.region-fes-meknes.ma\/#organization","name":"R\u00e9gion F\u00e8s M\u00e8kn\u00e8s","url":"https:\/\/www.region-fes-meknes.ma\/","sameAs":["https:\/\/www.facebook.com\/R\u00e9gion-F\u00e8s-Mekn\u00e8s-1130195096990872"],"logo":{"@type":"ImageObject","inLanguage":"fr-FR","@id":"https:\/\/www.region-fes-meknes.ma\/#\/schema\/logo\/image\/","url":"http:\/\/www.region-fes-meknes.ma\/wp-content\/uploads\/2017\/10\/logo-rfm4.png","contentUrl":"http:\/\/www.region-fes-meknes.ma\/wp-content\/uploads\/2017\/10\/logo-rfm4.png","width":304,"height":291,"caption":"R\u00e9gion F\u00e8s M\u00e8kn\u00e8s"},"image":{"@id":"https:\/\/www.region-fes-meknes.ma\/#\/schema\/logo\/image\/"}},{"@type":"Person","@id":"https:\/\/www.region-fes-meknes.ma\/#\/schema\/person\/33105c16edc047c6dcefb301421af76b","name":"Hanane Taibi","image":{"@type":"ImageObject","inLanguage":"fr-FR","@id":"https:\/\/www.region-fes-meknes.ma\/#\/schema\/person\/image\/","url":"https:\/\/secure.gravatar.com\/avatar\/c2f0afc69e4a1a1edc8ae692c477bdcb?s=96&d=mm&r=g","contentUrl":"https:\/\/secure.gravatar.com\/avatar\/c2f0afc69e4a1a1edc8ae692c477bdcb?s=96&d=mm&r=g","caption":"Hanane Taibi"}}]}},"_links":{"self":[{"href":"https:\/\/www.region-fes-meknes.ma\/fr\/wp-json\/wp\/v2\/posts\/17650"}],"collection":[{"href":"https:\/\/www.region-fes-meknes.ma\/fr\/wp-json\/wp\/v2\/posts"}],"about":[{"href":"https:\/\/www.region-fes-meknes.ma\/fr\/wp-json\/wp\/v2\/types\/post"}],"author":[{"embeddable":true,"href":"https:\/\/www.region-fes-meknes.ma\/fr\/wp-json\/wp\/v2\/users\/75"}],"replies":[{"embeddable":true,"href":"https:\/\/www.region-fes-meknes.ma\/fr\/wp-json\/wp\/v2\/comments?post=17650"}],"version-history":[{"count":3,"href":"https:\/\/www.region-fes-meknes.ma\/fr\/wp-json\/wp\/v2\/posts\/17650\/revisions"}],"predecessor-version":[{"id":17673,"href":"https:\/\/www.region-fes-meknes.ma\/fr\/wp-json\/wp\/v2\/posts\/17650\/revisions\/17673"}],"wp:featuredmedia":[{"embeddable":true,"href":"https:\/\/www.region-fes-meknes.ma\/fr\/wp-json\/wp\/v2\/media\/17655"}],"wp:attachment":[{"href":"https:\/\/www.region-fes-meknes.ma\/fr\/wp-json\/wp\/v2\/media?parent=17650"}],"wp:term":[{"taxonomy":"category","embeddable":true,"href":"https:\/\/www.region-fes-meknes.ma\/fr\/wp-json\/wp\/v2\/categories?post=17650"},{"taxonomy":"post_tag","embeddable":true,"href":"https:\/\/www.region-fes-meknes.ma\/fr\/wp-json\/wp\/v2\/tags?post=17650"}],"curies":[{"name":"wp","href":"https:\/\/api.w.org\/{rel}","templated":true}]}}