{"id":17766,"date":"2021-04-28T14:22:48","date_gmt":"2021-04-28T14:22:48","guid":{"rendered":"http:\/\/www.region-fes-meknes.ma\/?p=17766"},"modified":"2021-04-28T16:04:59","modified_gmt":"2021-04-28T16:04:59","slug":"reunion-du-comite-mixte-de-cooperation-entre-la-region-fes-meknes-et-la-region-centre-val-de-loire-2","status":"publish","type":"post","link":"https:\/\/www.region-fes-meknes.ma\/fr\/actualites\/reunion-du-comite-mixte-de-cooperation-entre-la-region-fes-meknes-et-la-region-centre-val-de-loire-2\/","title":{"rendered":"R\u00e9union du Comit\u00e9 Mixte de Coop\u00e9ration entre la r\u00e9gion F\u00e8s Mekn\u00e8s et la R\u00e9gion Centre Val De Loire"},"content":{"rendered":"<p>Dans le cadre de la convention de coop\u00e9ration entre la R\u00e9gion F\u00e8s-Mekn\u00e8s et la R\u00e9gion Centre-Val-de-Loire, une r\u00e9union de travail du Comit\u00e9 Mixte de Coop\u00e9ration s\u2019est tenue le mercredi 28 avril 2021 par Visioconf\u00e9rence, en vue de\u00a0:<\/p>\n<ul>\n<li>Pr\u00e9senter le bilan de coop\u00e9ration de l\u2019ann\u00e9e 2020<\/li>\n<li>Pr\u00e9senter et valider le plan d\u2019action de l\u2019ann\u00e9e 2021<\/li>\n<li>Pr\u00e9senter le projet du tourisme \u00e9questre en r\u00e9gion F\u00e8s Mekn\u00e8s et l\u2019\u00e9tat d\u2019avancement du diagnostic du tourisme \u00e9questre en cours de pr\u00e9paration par une \u00e9quipe Universitaire de l\u2019\u00e9cole nationale d\u2019agriculture de Mekn\u00e8s.<\/li>\n<\/ul>\n<p>La r\u00e9union a \u00e9t\u00e9 inaugur\u00e9e par le Pr\u00e9sident de la R\u00e9gion F\u00e8s-Mekn\u00e8s, M. Mohand Laenser et le Pr\u00e9sident de la R\u00e9gion Centre-Val-de-Loire, M. Fran\u00e7ois Bonneau.<\/p>\n<p>Elle a ainsi connu la participation de\u00a0 M. Driss Squalli Adaoui, 1er Vice-Pr\u00e9sident de la R\u00e9gion F\u00e8s-Mekn\u00e8s, M. Mustapha Merizak, Pr\u00e9sident de la Commission des relations ext\u00e9rieures et de la coop\u00e9ration, R\u00e9gion F\u00e8s-Mekn\u00e8s, M. Adnane Zerrouki, Directeur G\u00e9n\u00e9ral des Services, M. Anas Ansari, Chef du Service des Relations G\u00e9n\u00e9rales et Coop\u00e9ration Internationale, R\u00e9gion F\u00e8s-Mekn\u00e8s. Mme Salma Ansari, Charg\u00e9e de suivi de la coop\u00e9ration internationale, R\u00e9gion F\u00e8s-Mekn\u00e8s, M. Olivier Frezot, Conseiller d\u00e9l\u00e9gu\u00e9 \u00e0 la coop\u00e9ration d\u00e9centralis\u00e9e de la R\u00e9gion Centre-Val de Loire, Mme Sol\u00e8ne Beno\u00eet-Hernandez, Conseill\u00e8re de M. Charles Fournier, R\u00e9gion Centre-Val de Loire, M. Pascal Meyer, Directeur-adjoint des relations internationales, R\u00e9gion Centre-Val de Loire et Mme Lisa Bonnet, Charg\u00e9e de mission de coop\u00e9ration d\u00e9centralis\u00e9e, R\u00e9gion Centre-Val de Loire.<\/p>\n","protected":false},"excerpt":{"rendered":"<p>Dans le cadre de la convention de coop\u00e9ration entre la R\u00e9gion F\u00e8s-Mekn\u00e8s et la R\u00e9gion Centre-Val-de-Loire, une r\u00e9union de travail du Comit\u00e9 Mixte de Coop\u00e9ration s\u2019est tenue le mercredi 28 &#8230;<\/p>\n","protected":false},"author":76,"featured_media":17784,"comment_status":"open","ping_status":"closed","sticky":false,"template":"","format":"standard","meta":{"_bbp_topic_count":0,"_bbp_reply_count":0,"_bbp_total_topic_count":0,"_bbp_total_reply_count":0,"_bbp_voice_count":0,"_bbp_anonymous_reply_count":0,"_bbp_topic_count_hidden":0,"_bbp_reply_count_hidden":0,"_bbp_forum_subforum_count":0},"categories":[18,92],"tags":[],"acf":[],"yoast_head":"<!-- This site is optimized with the Yoast SEO plugin v19.5.1 - https:\/\/yoast.com\/wordpress\/plugins\/seo\/ -->\n<title>R\u00e9union du Comit\u00e9 Mixte de Coop\u00e9ration entre la r\u00e9gion F\u00e8s Mekn\u00e8s et la R\u00e9gion Centre Val De Loire - R\u00e9gion F\u00e8s Mekn\u00e8s<\/title>\n<meta name=\"robots\" content=\"index, follow, max-snippet:-1, max-image-preview:large, max-video-preview:-1\" \/>\n<link rel=\"canonical\" href=\"https:\/\/www.region-fes-meknes.ma\/fr\/actualites\/reunion-du-comite-mixte-de-cooperation-entre-la-region-fes-meknes-et-la-region-centre-val-de-loire-2\/\" \/>\n<meta property=\"og:locale\" content=\"fr_FR\" \/>\n<meta property=\"og:type\" content=\"article\" \/>\n<meta property=\"og:title\" content=\"R\u00e9union du Comit\u00e9 Mixte de Coop\u00e9ration entre la r\u00e9gion F\u00e8s Mekn\u00e8s et la R\u00e9gion Centre Val De Loire - R\u00e9gion F\u00e8s Mekn\u00e8s\" \/>\n<meta property=\"og:description\" content=\"Dans le cadre de la convention de coop\u00e9ration entre la R\u00e9gion F\u00e8s-Mekn\u00e8s et la R\u00e9gion Centre-Val-de-Loire, une r\u00e9union de travail du Comit\u00e9 Mixte de Coop\u00e9ration s\u2019est tenue le mercredi 28 ...\" \/>\n<meta property=\"og:url\" content=\"https:\/\/www.region-fes-meknes.ma\/fr\/actualites\/reunion-du-comite-mixte-de-cooperation-entre-la-region-fes-meknes-et-la-region-centre-val-de-loire-2\/\" \/>\n<meta property=\"og:site_name\" content=\"R\u00e9gion F\u00e8s Mekn\u00e8s\" \/>\n<meta property=\"article:publisher\" content=\"https:\/\/www.facebook.com\/R%c3%a9gion-F%c3%a8s-Mekn%c3%a8s-1130195096990872\" \/>\n<meta property=\"article:published_time\" content=\"2021-04-28T14:22:48+00:00\" \/>\n<meta property=\"article:modified_time\" content=\"2021-04-28T16:04:59+00:00\" \/>\n<meta property=\"og:image\" content=\"https:\/\/www.region-fes-meknes.ma\/wp-content\/uploads\/2021\/04\/Capture55555.png\" \/>\n\t<meta property=\"og:image:width\" content=\"594\" \/>\n\t<meta property=\"og:image:height\" content=\"828\" \/>\n\t<meta property=\"og:image:type\" content=\"image\/png\" \/>\n<meta name=\"author\" content=\"Zaynab Dhimene\" \/>\n<meta name=\"twitter:card\" content=\"summary_large_image\" \/>\n<meta name=\"twitter:label1\" content=\"\u00c9crit par\" \/>\n\t<meta name=\"twitter:data1\" content=\"Zaynab Dhimene\" \/>\n\t<meta name=\"twitter:label2\" content=\"Dur\u00e9e de lecture estim\u00e9e\" \/>\n\t<meta name=\"twitter:data2\" content=\"1 minute\" \/>\n<script type=\"application\/ld+json\" class=\"yoast-schema-graph\">{\"@context\":\"https:\/\/schema.org\",\"@graph\":[{\"@type\":\"Article\",\"@id\":\"https:\/\/www.region-fes-meknes.ma\/fr\/actualites\/reunion-du-comite-mixte-de-cooperation-entre-la-region-fes-meknes-et-la-region-centre-val-de-loire-2\/#article\",\"isPartOf\":{\"@id\":\"https:\/\/www.region-fes-meknes.ma\/fr\/actualites\/reunion-du-comite-mixte-de-cooperation-entre-la-region-fes-meknes-et-la-region-centre-val-de-loire-2\/\"},\"author\":{\"name\":\"Zaynab Dhimene\",\"@id\":\"https:\/\/www.region-fes-meknes.ma\/#\/schema\/person\/0f39741727e5e507b0f585d8ea23e359\"},\"headline\":\"R\u00e9union du Comit\u00e9 Mixte de Coop\u00e9ration entre la r\u00e9gion F\u00e8s Mekn\u00e8s et la R\u00e9gion Centre Val De Loire\",\"datePublished\":\"2021-04-28T14:22:48+00:00\",\"dateModified\":\"2021-04-28T16:04:59+00:00\",\"mainEntityOfPage\":{\"@id\":\"https:\/\/www.region-fes-meknes.ma\/fr\/actualites\/reunion-du-comite-mixte-de-cooperation-entre-la-region-fes-meknes-et-la-region-centre-val-de-loire-2\/\"},\"wordCount\":323,\"commentCount\":0,\"publisher\":{\"@id\":\"https:\/\/www.region-fes-meknes.ma\/#organization\"},\"articleSection\":[\"Actualit\u00e9s\",\"Coop\u00e9ration\"],\"inLanguage\":\"fr-FR\",\"potentialAction\":[{\"@type\":\"CommentAction\",\"name\":\"Comment\",\"target\":[\"https:\/\/www.region-fes-meknes.ma\/fr\/actualites\/reunion-du-comite-mixte-de-cooperation-entre-la-region-fes-meknes-et-la-region-centre-val-de-loire-2\/#respond\"]}]},{\"@type\":\"WebPage\",\"@id\":\"https:\/\/www.region-fes-meknes.ma\/fr\/actualites\/reunion-du-comite-mixte-de-cooperation-entre-la-region-fes-meknes-et-la-region-centre-val-de-loire-2\/\",\"url\":\"https:\/\/www.region-fes-meknes.ma\/fr\/actualites\/reunion-du-comite-mixte-de-cooperation-entre-la-region-fes-meknes-et-la-region-centre-val-de-loire-2\/\",\"name\":\"R\u00e9union du Comit\u00e9 Mixte de Coop\u00e9ration entre la r\u00e9gion F\u00e8s Mekn\u00e8s et la R\u00e9gion Centre Val De Loire - R\u00e9gion F\u00e8s Mekn\u00e8s\",\"isPartOf\":{\"@id\":\"https:\/\/www.region-fes-meknes.ma\/#website\"},\"datePublished\":\"2021-04-28T14:22:48+00:00\",\"dateModified\":\"2021-04-28T16:04:59+00:00\",\"breadcrumb\":{\"@id\":\"https:\/\/www.region-fes-meknes.ma\/fr\/actualites\/reunion-du-comite-mixte-de-cooperation-entre-la-region-fes-meknes-et-la-region-centre-val-de-loire-2\/#breadcrumb\"},\"inLanguage\":\"fr-FR\",\"potentialAction\":[{\"@type\":\"ReadAction\",\"target\":[\"https:\/\/www.region-fes-meknes.ma\/fr\/actualites\/reunion-du-comite-mixte-de-cooperation-entre-la-region-fes-meknes-et-la-region-centre-val-de-loire-2\/\"]}]},{\"@type\":\"BreadcrumbList\",\"@id\":\"https:\/\/www.region-fes-meknes.ma\/fr\/actualites\/reunion-du-comite-mixte-de-cooperation-entre-la-region-fes-meknes-et-la-region-centre-val-de-loire-2\/#breadcrumb\",\"itemListElement\":[{\"@type\":\"ListItem\",\"position\":1,\"name\":\"Accueil\",\"item\":\"https:\/\/www.region-fes-meknes.ma\/fr\/\"},{\"@type\":\"ListItem\",\"position\":2,\"name\":\"R\u00e9union du Comit\u00e9 Mixte de Coop\u00e9ration entre la r\u00e9gion F\u00e8s Mekn\u00e8s et la R\u00e9gion Centre Val De Loire\"}]},{\"@type\":\"WebSite\",\"@id\":\"https:\/\/www.region-fes-meknes.ma\/#website\",\"url\":\"https:\/\/www.region-fes-meknes.ma\/\",\"name\":\"Portail de la R\u00e9gion F\u00e8s-Mekn\u00e8s\",\"description\":\"Site officiel de la r\u00e9gion F\u00e8s-Mekn\u00e8s.\",\"publisher\":{\"@id\":\"https:\/\/www.region-fes-meknes.ma\/#organization\"},\"potentialAction\":[{\"@type\":\"SearchAction\",\"target\":{\"@type\":\"EntryPoint\",\"urlTemplate\":\"https:\/\/www.region-fes-meknes.ma\/?s={search_term_string}\"},\"query-input\":\"required name=search_term_string\"}],\"inLanguage\":\"fr-FR\"},{\"@type\":\"Organization\",\"@id\":\"https:\/\/www.region-fes-meknes.ma\/#organization\",\"name\":\"R\u00e9gion F\u00e8s M\u00e8kn\u00e8s\",\"url\":\"https:\/\/www.region-fes-meknes.ma\/\",\"sameAs\":[\"https:\/\/www.facebook.com\/R\u00e9gion-F\u00e8s-Mekn\u00e8s-1130195096990872\"],\"logo\":{\"@type\":\"ImageObject\",\"inLanguage\":\"fr-FR\",\"@id\":\"https:\/\/www.region-fes-meknes.ma\/#\/schema\/logo\/image\/\",\"url\":\"http:\/\/www.region-fes-meknes.ma\/wp-content\/uploads\/2017\/10\/logo-rfm4.png\",\"contentUrl\":\"http:\/\/www.region-fes-meknes.ma\/wp-content\/uploads\/2017\/10\/logo-rfm4.png\",\"width\":304,\"height\":291,\"caption\":\"R\u00e9gion F\u00e8s M\u00e8kn\u00e8s\"},\"image\":{\"@id\":\"https:\/\/www.region-fes-meknes.ma\/#\/schema\/logo\/image\/\"}},{\"@type\":\"Person\",\"@id\":\"https:\/\/www.region-fes-meknes.ma\/#\/schema\/person\/0f39741727e5e507b0f585d8ea23e359\",\"name\":\"Zaynab Dhimene\",\"image\":{\"@type\":\"ImageObject\",\"inLanguage\":\"fr-FR\",\"@id\":\"https:\/\/www.region-fes-meknes.ma\/#\/schema\/person\/image\/\",\"url\":\"https:\/\/secure.gravatar.com\/avatar\/c668cebb47e2644c6dfb9d8f5a83fb03?s=96&d=mm&r=g\",\"contentUrl\":\"https:\/\/secure.gravatar.com\/avatar\/c668cebb47e2644c6dfb9d8f5a83fb03?s=96&d=mm&r=g\",\"caption\":\"Zaynab Dhimene\"}}]}<\/script>\n<!-- \/ Yoast SEO plugin. -->","yoast_head_json":{"title":"R\u00e9union du Comit\u00e9 Mixte de Coop\u00e9ration entre la r\u00e9gion F\u00e8s Mekn\u00e8s et la R\u00e9gion Centre Val De Loire - R\u00e9gion F\u00e8s Mekn\u00e8s","robots":{"index":"index","follow":"follow","max-snippet":"max-snippet:-1","max-image-preview":"max-image-preview:large","max-video-preview":"max-video-preview:-1"},"canonical":"https:\/\/www.region-fes-meknes.ma\/fr\/actualites\/reunion-du-comite-mixte-de-cooperation-entre-la-region-fes-meknes-et-la-region-centre-val-de-loire-2\/","og_locale":"fr_FR","og_type":"article","og_title":"R\u00e9union du Comit\u00e9 Mixte de Coop\u00e9ration entre la r\u00e9gion F\u00e8s Mekn\u00e8s et la R\u00e9gion Centre Val De Loire - R\u00e9gion F\u00e8s Mekn\u00e8s","og_description":"Dans le cadre de la convention de coop\u00e9ration entre la R\u00e9gion F\u00e8s-Mekn\u00e8s et la R\u00e9gion Centre-Val-de-Loire, une r\u00e9union de travail du Comit\u00e9 Mixte de Coop\u00e9ration s\u2019est tenue le mercredi 28 ...","og_url":"https:\/\/www.region-fes-meknes.ma\/fr\/actualites\/reunion-du-comite-mixte-de-cooperation-entre-la-region-fes-meknes-et-la-region-centre-val-de-loire-2\/","og_site_name":"R\u00e9gion F\u00e8s Mekn\u00e8s","article_publisher":"https:\/\/www.facebook.com\/R%c3%a9gion-F%c3%a8s-Mekn%c3%a8s-1130195096990872","article_published_time":"2021-04-28T14:22:48+00:00","article_modified_time":"2021-04-28T16:04:59+00:00","og_image":[{"width":594,"height":828,"url":"https:\/\/www.region-fes-meknes.ma\/wp-content\/uploads\/2021\/04\/Capture55555.png","type":"image\/png"}],"author":"Zaynab Dhimene","twitter_card":"summary_large_image","twitter_misc":{"\u00c9crit par":"Zaynab Dhimene","Dur\u00e9e de lecture estim\u00e9e":"1 minute"},"schema":{"@context":"https:\/\/schema.org","@graph":[{"@type":"Article","@id":"https:\/\/www.region-fes-meknes.ma\/fr\/actualites\/reunion-du-comite-mixte-de-cooperation-entre-la-region-fes-meknes-et-la-region-centre-val-de-loire-2\/#article","isPartOf":{"@id":"https:\/\/www.region-fes-meknes.ma\/fr\/actualites\/reunion-du-comite-mixte-de-cooperation-entre-la-region-fes-meknes-et-la-region-centre-val-de-loire-2\/"},"author":{"name":"Zaynab Dhimene","@id":"https:\/\/www.region-fes-meknes.ma\/#\/schema\/person\/0f39741727e5e507b0f585d8ea23e359"},"headline":"R\u00e9union du Comit\u00e9 Mixte de Coop\u00e9ration entre la r\u00e9gion F\u00e8s Mekn\u00e8s et la R\u00e9gion Centre Val De Loire","datePublished":"2021-04-28T14:22:48+00:00","dateModified":"2021-04-28T16:04:59+00:00","mainEntityOfPage":{"@id":"https:\/\/www.region-fes-meknes.ma\/fr\/actualites\/reunion-du-comite-mixte-de-cooperation-entre-la-region-fes-meknes-et-la-region-centre-val-de-loire-2\/"},"wordCount":323,"commentCount":0,"publisher":{"@id":"https:\/\/www.region-fes-meknes.ma\/#organization"},"articleSection":["Actualit\u00e9s","Coop\u00e9ration"],"inLanguage":"fr-FR","potentialAction":[{"@type":"CommentAction","name":"Comment","target":["https:\/\/www.region-fes-meknes.ma\/fr\/actualites\/reunion-du-comite-mixte-de-cooperation-entre-la-region-fes-meknes-et-la-region-centre-val-de-loire-2\/#respond"]}]},{"@type":"WebPage","@id":"https:\/\/www.region-fes-meknes.ma\/fr\/actualites\/reunion-du-comite-mixte-de-cooperation-entre-la-region-fes-meknes-et-la-region-centre-val-de-loire-2\/","url":"https:\/\/www.region-fes-meknes.ma\/fr\/actualites\/reunion-du-comite-mixte-de-cooperation-entre-la-region-fes-meknes-et-la-region-centre-val-de-loire-2\/","name":"R\u00e9union du Comit\u00e9 Mixte de Coop\u00e9ration entre la r\u00e9gion F\u00e8s Mekn\u00e8s et la R\u00e9gion Centre Val De Loire - R\u00e9gion F\u00e8s Mekn\u00e8s","isPartOf":{"@id":"https:\/\/www.region-fes-meknes.ma\/#website"},"datePublished":"2021-04-28T14:22:48+00:00","dateModified":"2021-04-28T16:04:59+00:00","breadcrumb":{"@id":"https:\/\/www.region-fes-meknes.ma\/fr\/actualites\/reunion-du-comite-mixte-de-cooperation-entre-la-region-fes-meknes-et-la-region-centre-val-de-loire-2\/#breadcrumb"},"inLanguage":"fr-FR","potentialAction":[{"@type":"ReadAction","target":["https:\/\/www.region-fes-meknes.ma\/fr\/actualites\/reunion-du-comite-mixte-de-cooperation-entre-la-region-fes-meknes-et-la-region-centre-val-de-loire-2\/"]}]},{"@type":"BreadcrumbList","@id":"https:\/\/www.region-fes-meknes.ma\/fr\/actualites\/reunion-du-comite-mixte-de-cooperation-entre-la-region-fes-meknes-et-la-region-centre-val-de-loire-2\/#breadcrumb","itemListElement":[{"@type":"ListItem","position":1,"name":"Accueil","item":"https:\/\/www.region-fes-meknes.ma\/fr\/"},{"@type":"ListItem","position":2,"name":"R\u00e9union du Comit\u00e9 Mixte de Coop\u00e9ration entre la r\u00e9gion F\u00e8s Mekn\u00e8s et la R\u00e9gion Centre Val De Loire"}]},{"@type":"WebSite","@id":"https:\/\/www.region-fes-meknes.ma\/#website","url":"https:\/\/www.region-fes-meknes.ma\/","name":"Portail de la R\u00e9gion F\u00e8s-Mekn\u00e8s","description":"Site officiel de la r\u00e9gion F\u00e8s-Mekn\u00e8s.","publisher":{"@id":"https:\/\/www.region-fes-meknes.ma\/#organization"},"potentialAction":[{"@type":"SearchAction","target":{"@type":"EntryPoint","urlTemplate":"https:\/\/www.region-fes-meknes.ma\/?s={search_term_string}"},"query-input":"required name=search_term_string"}],"inLanguage":"fr-FR"},{"@type":"Organization","@id":"https:\/\/www.region-fes-meknes.ma\/#organization","name":"R\u00e9gion F\u00e8s M\u00e8kn\u00e8s","url":"https:\/\/www.region-fes-meknes.ma\/","sameAs":["https:\/\/www.facebook.com\/R\u00e9gion-F\u00e8s-Mekn\u00e8s-1130195096990872"],"logo":{"@type":"ImageObject","inLanguage":"fr-FR","@id":"https:\/\/www.region-fes-meknes.ma\/#\/schema\/logo\/image\/","url":"http:\/\/www.region-fes-meknes.ma\/wp-content\/uploads\/2017\/10\/logo-rfm4.png","contentUrl":"http:\/\/www.region-fes-meknes.ma\/wp-content\/uploads\/2017\/10\/logo-rfm4.png","width":304,"height":291,"caption":"R\u00e9gion F\u00e8s M\u00e8kn\u00e8s"},"image":{"@id":"https:\/\/www.region-fes-meknes.ma\/#\/schema\/logo\/image\/"}},{"@type":"Person","@id":"https:\/\/www.region-fes-meknes.ma\/#\/schema\/person\/0f39741727e5e507b0f585d8ea23e359","name":"Zaynab Dhimene","image":{"@type":"ImageObject","inLanguage":"fr-FR","@id":"https:\/\/www.region-fes-meknes.ma\/#\/schema\/person\/image\/","url":"https:\/\/secure.gravatar.com\/avatar\/c668cebb47e2644c6dfb9d8f5a83fb03?s=96&d=mm&r=g","contentUrl":"https:\/\/secure.gravatar.com\/avatar\/c668cebb47e2644c6dfb9d8f5a83fb03?s=96&d=mm&r=g","caption":"Zaynab Dhimene"}}]}},"_links":{"self":[{"href":"https:\/\/www.region-fes-meknes.ma\/fr\/wp-json\/wp\/v2\/posts\/17766"}],"collection":[{"href":"https:\/\/www.region-fes-meknes.ma\/fr\/wp-json\/wp\/v2\/posts"}],"about":[{"href":"https:\/\/www.region-fes-meknes.ma\/fr\/wp-json\/wp\/v2\/types\/post"}],"author":[{"embeddable":true,"href":"https:\/\/www.region-fes-meknes.ma\/fr\/wp-json\/wp\/v2\/users\/76"}],"replies":[{"embeddable":true,"href":"https:\/\/www.region-fes-meknes.ma\/fr\/wp-json\/wp\/v2\/comments?post=17766"}],"version-history":[{"count":3,"href":"https:\/\/www.region-fes-meknes.ma\/fr\/wp-json\/wp\/v2\/posts\/17766\/revisions"}],"predecessor-version":[{"id":17820,"href":"https:\/\/www.region-fes-meknes.ma\/fr\/wp-json\/wp\/v2\/posts\/17766\/revisions\/17820"}],"wp:featuredmedia":[{"embeddable":true,"href":"https:\/\/www.region-fes-meknes.ma\/fr\/wp-json\/wp\/v2\/media\/17784"}],"wp:attachment":[{"href":"https:\/\/www.region-fes-meknes.ma\/fr\/wp-json\/wp\/v2\/media?parent=17766"}],"wp:term":[{"taxonomy":"category","embeddable":true,"href":"https:\/\/www.region-fes-meknes.ma\/fr\/wp-json\/wp\/v2\/categories?post=17766"},{"taxonomy":"post_tag","embeddable":true,"href":"https:\/\/www.region-fes-meknes.ma\/fr\/wp-json\/wp\/v2\/tags?post=17766"}],"curies":[{"name":"wp","href":"https:\/\/api.w.org\/{rel}","templated":true}]}}