{"id":18186,"date":"2021-06-11T16:22:43","date_gmt":"2021-06-11T15:22:43","guid":{"rendered":"http:\/\/www.region-fes-meknes.ma\/?p=18186"},"modified":"2021-06-14T15:20:32","modified_gmt":"2021-06-14T14:20:32","slug":"echange-entre-centres-equestres-des-regions-fes-meknes-et-centre-val-de-loire-de-france","status":"publish","type":"post","link":"https:\/\/www.region-fes-meknes.ma\/fr\/actualites\/echange-entre-centres-equestres-des-regions-fes-meknes-et-centre-val-de-loire-de-france\/","title":{"rendered":"Echange entre les centres \u00e9questres des R\u00e9gions F\u00e8s-Mekn\u00e8s et Centre Val de Loire de France"},"content":{"rendered":"<p>Dans le cadre du projet du d\u00e9veloppement du tourisme \u00e9questre dans la province d\u2019Ifrane, un \u00e9change entre les centres \u00e9questres des r\u00e9gions partenaires de F\u00e8s-Mekn\u00e8s et Centre Val de Loire s\u2019est tenu le 10 juin 2021 par visioconf\u00e9rence, avec la participation de\u00a0:<\/p>\n<ul>\n<li>Mme <strong>Sophie GAUTHIER<\/strong>, Dirigeante d&rsquo;un centre de tourisme \u00e9questre dans le Loir et Cher \/ Centre de formation Accompagnateur de Tourisme Equestre\u00a0;<\/li>\n<li>Mme <strong>Fanny BEGUIN<\/strong>, Dirigeante d\u2019un centre \u00e9questre dans le Loir et Cher\u00a0;<\/li>\n<li><strong>Jean-Louis FOURMY<\/strong>, Pr\u00e9sident d&rsquo;une Association de Cavaliers randonneurs en Eure et Loir\/ Formateur de baliseurs de Tourisme Equestre\u00a0;<\/li>\n<li><strong>Cl\u00e9ment MILLET<\/strong>, Directeur du Comit\u00e9 R\u00e9gional d&rsquo;Equitation Centre-Val de Loire\u00a0;<\/li>\n<li><strong>Adnane ALI<\/strong>, Dirigeant du centre \u00e9questre Le Vallon Vert\u00a0;<\/li>\n<li><strong>Azzedine MSEFFER<\/strong>, Dirigeant du centre \u00e9questre de F\u00e8s<\/li>\n<li>Mme <strong>Lisa BONNET<\/strong>, Charg\u00e9e de mission de coop\u00e9ration d\u00e9centralis\u00e9e, R\u00e9gion Centre-Val de Loire\u00a0;<\/li>\n<li><strong>Anas ANSARI<\/strong>, Chef du Service des Relations G\u00e9n\u00e9rales et Coop\u00e9ration Internationale, R\u00e9gion F\u00e8s-Mekn\u00e8s\u00a0;<\/li>\n<li>Et de Mme <strong>Ma\u00ebva LE GUIDEC<\/strong>, Volontaire charg\u00e9e du suivi de coop\u00e9ration entre la R\u00e9gion Centre-Val de Loire et la R\u00e9gion F\u00e8s-Mekn\u00e8s.<\/li>\n<\/ul>\n<p>Cette r\u00e9union a port\u00e9 sur les points suivants\u00a0:<\/p>\n<ul>\n<li>Contexte de l\u2019\u00e9change\u00a0: Br\u00e8ve pr\u00e9sentation <strong>du projet de d\u00e9veloppement du tourisme \u00e9questre en R\u00e9gion F\u00e8s-Mekn\u00e8s<\/strong> ;<\/li>\n<li>Pr\u00e9sentation du <strong>Comit\u00e9 R\u00e9gional d\u2019Equitation Centre-Val de Loire <\/strong>et du <strong>mod\u00e8le fran\u00e7ais de fonctionnement des centres<\/strong> ;<\/li>\n<li>Tour de table : Pr\u00e9sentation d\u00e9taill\u00e9e des participants, de leur activit\u00e9 et des caract\u00e9ristiques de leur structure ;<\/li>\n<li>Echanges sur la th\u00e9matique de l\u2019<strong>impact de la crise sanitaire sur les centres \u00e9questres fran\u00e7ais et marocains<\/strong> et discussion autour des <strong>strat\u00e9gies de relance post-crise<\/strong> ;<\/li>\n<li>Conclusion.<\/li>\n<\/ul>\n<p>Ces premiers \u00e9changes de bonnes pratiques \u00e9taient tr\u00e8s int\u00e9ressants et pertinents dans le savoir-faire marocain mais aussi fran\u00e7ais, aussi bien d\u2019un c\u00f4t\u00e9 que l\u2019autre d\u2019ailleurs, et ouvriront de nouvelles pistes de coop\u00e9ration entre les centres \u00e9questres marocains et fran\u00e7ais.<\/p>\n","protected":false},"excerpt":{"rendered":"<p>Dans le cadre du projet du d\u00e9veloppement du tourisme \u00e9questre dans la province d\u2019Ifrane, un \u00e9change entre les centres \u00e9questres des r\u00e9gions partenaires de F\u00e8s-Mekn\u00e8s et Centre Val de Loire &#8230;<\/p>\n","protected":false},"author":74,"featured_media":18189,"comment_status":"open","ping_status":"closed","sticky":false,"template":"","format":"standard","meta":{"_bbp_topic_count":0,"_bbp_reply_count":0,"_bbp_total_topic_count":0,"_bbp_total_reply_count":0,"_bbp_voice_count":0,"_bbp_anonymous_reply_count":0,"_bbp_topic_count_hidden":0,"_bbp_reply_count_hidden":0,"_bbp_forum_subforum_count":0},"categories":[18],"tags":[],"acf":[],"yoast_head":"<!-- This site is optimized with the Yoast SEO plugin v19.5.1 - https:\/\/yoast.com\/wordpress\/plugins\/seo\/ -->\n<title>Echange entre les centres \u00e9questres des R\u00e9gions F\u00e8s-Mekn\u00e8s et Centre Val de Loire de France - R\u00e9gion F\u00e8s Mekn\u00e8s<\/title>\n<meta name=\"robots\" content=\"index, follow, max-snippet:-1, max-image-preview:large, max-video-preview:-1\" \/>\n<link rel=\"canonical\" href=\"https:\/\/www.region-fes-meknes.ma\/fr\/actualites\/echange-entre-centres-equestres-des-regions-fes-meknes-et-centre-val-de-loire-de-france\/\" \/>\n<meta property=\"og:locale\" content=\"fr_FR\" \/>\n<meta property=\"og:type\" content=\"article\" \/>\n<meta property=\"og:title\" content=\"Echange entre les centres \u00e9questres des R\u00e9gions F\u00e8s-Mekn\u00e8s et Centre Val de Loire de France - R\u00e9gion F\u00e8s Mekn\u00e8s\" \/>\n<meta property=\"og:description\" content=\"Dans le cadre du projet du d\u00e9veloppement du tourisme \u00e9questre dans la province d\u2019Ifrane, un \u00e9change entre les centres \u00e9questres des r\u00e9gions partenaires de F\u00e8s-Mekn\u00e8s et Centre Val de Loire ...\" \/>\n<meta property=\"og:url\" content=\"https:\/\/www.region-fes-meknes.ma\/fr\/actualites\/echange-entre-centres-equestres-des-regions-fes-meknes-et-centre-val-de-loire-de-france\/\" \/>\n<meta property=\"og:site_name\" content=\"R\u00e9gion F\u00e8s Mekn\u00e8s\" \/>\n<meta property=\"article:publisher\" content=\"https:\/\/www.facebook.com\/R%c3%a9gion-F%c3%a8s-Mekn%c3%a8s-1130195096990872\" \/>\n<meta property=\"article:published_time\" content=\"2021-06-11T15:22:43+00:00\" \/>\n<meta property=\"article:modified_time\" content=\"2021-06-14T14:20:32+00:00\" \/>\n<meta property=\"og:image\" content=\"https:\/\/www.region-fes-meknes.ma\/wp-content\/uploads\/2021\/06\/echange3.png\" \/>\n\t<meta property=\"og:image:width\" content=\"1123\" \/>\n\t<meta property=\"og:image:height\" content=\"640\" \/>\n\t<meta property=\"og:image:type\" content=\"image\/png\" \/>\n<meta name=\"author\" content=\"Nisrine Hmamouchi\" \/>\n<meta name=\"twitter:card\" content=\"summary_large_image\" \/>\n<meta name=\"twitter:label1\" content=\"\u00c9crit par\" \/>\n\t<meta name=\"twitter:data1\" content=\"Nisrine Hmamouchi\" \/>\n\t<meta name=\"twitter:label2\" content=\"Dur\u00e9e de lecture estim\u00e9e\" \/>\n\t<meta name=\"twitter:data2\" content=\"2 minutes\" \/>\n<script type=\"application\/ld+json\" class=\"yoast-schema-graph\">{\"@context\":\"https:\/\/schema.org\",\"@graph\":[{\"@type\":\"Article\",\"@id\":\"https:\/\/www.region-fes-meknes.ma\/fr\/actualites\/echange-entre-centres-equestres-des-regions-fes-meknes-et-centre-val-de-loire-de-france\/#article\",\"isPartOf\":{\"@id\":\"https:\/\/www.region-fes-meknes.ma\/fr\/actualites\/echange-entre-centres-equestres-des-regions-fes-meknes-et-centre-val-de-loire-de-france\/\"},\"author\":{\"name\":\"Nisrine Hmamouchi\",\"@id\":\"https:\/\/www.region-fes-meknes.ma\/#\/schema\/person\/309b003b18d9423ddb81c18399ef524b\"},\"headline\":\"Echange entre les centres \u00e9questres des R\u00e9gions F\u00e8s-Mekn\u00e8s et Centre Val de Loire de France\",\"datePublished\":\"2021-06-11T15:22:43+00:00\",\"dateModified\":\"2021-06-14T14:20:32+00:00\",\"mainEntityOfPage\":{\"@id\":\"https:\/\/www.region-fes-meknes.ma\/fr\/actualites\/echange-entre-centres-equestres-des-regions-fes-meknes-et-centre-val-de-loire-de-france\/\"},\"wordCount\":364,\"commentCount\":0,\"publisher\":{\"@id\":\"https:\/\/www.region-fes-meknes.ma\/#organization\"},\"articleSection\":[\"Actualit\u00e9s\"],\"inLanguage\":\"fr-FR\",\"potentialAction\":[{\"@type\":\"CommentAction\",\"name\":\"Comment\",\"target\":[\"https:\/\/www.region-fes-meknes.ma\/fr\/actualites\/echange-entre-centres-equestres-des-regions-fes-meknes-et-centre-val-de-loire-de-france\/#respond\"]}]},{\"@type\":\"WebPage\",\"@id\":\"https:\/\/www.region-fes-meknes.ma\/fr\/actualites\/echange-entre-centres-equestres-des-regions-fes-meknes-et-centre-val-de-loire-de-france\/\",\"url\":\"https:\/\/www.region-fes-meknes.ma\/fr\/actualites\/echange-entre-centres-equestres-des-regions-fes-meknes-et-centre-val-de-loire-de-france\/\",\"name\":\"Echange entre les centres \u00e9questres des R\u00e9gions F\u00e8s-Mekn\u00e8s et Centre Val de Loire de France - R\u00e9gion F\u00e8s Mekn\u00e8s\",\"isPartOf\":{\"@id\":\"https:\/\/www.region-fes-meknes.ma\/#website\"},\"datePublished\":\"2021-06-11T15:22:43+00:00\",\"dateModified\":\"2021-06-14T14:20:32+00:00\",\"breadcrumb\":{\"@id\":\"https:\/\/www.region-fes-meknes.ma\/fr\/actualites\/echange-entre-centres-equestres-des-regions-fes-meknes-et-centre-val-de-loire-de-france\/#breadcrumb\"},\"inLanguage\":\"fr-FR\",\"potentialAction\":[{\"@type\":\"ReadAction\",\"target\":[\"https:\/\/www.region-fes-meknes.ma\/fr\/actualites\/echange-entre-centres-equestres-des-regions-fes-meknes-et-centre-val-de-loire-de-france\/\"]}]},{\"@type\":\"BreadcrumbList\",\"@id\":\"https:\/\/www.region-fes-meknes.ma\/fr\/actualites\/echange-entre-centres-equestres-des-regions-fes-meknes-et-centre-val-de-loire-de-france\/#breadcrumb\",\"itemListElement\":[{\"@type\":\"ListItem\",\"position\":1,\"name\":\"Accueil\",\"item\":\"https:\/\/www.region-fes-meknes.ma\/fr\/\"},{\"@type\":\"ListItem\",\"position\":2,\"name\":\"Echange entre les centres \u00e9questres des R\u00e9gions F\u00e8s-Mekn\u00e8s et Centre Val de Loire de France\"}]},{\"@type\":\"WebSite\",\"@id\":\"https:\/\/www.region-fes-meknes.ma\/#website\",\"url\":\"https:\/\/www.region-fes-meknes.ma\/\",\"name\":\"Portail de la R\u00e9gion F\u00e8s-Mekn\u00e8s\",\"description\":\"Site officiel de la r\u00e9gion F\u00e8s-Mekn\u00e8s.\",\"publisher\":{\"@id\":\"https:\/\/www.region-fes-meknes.ma\/#organization\"},\"potentialAction\":[{\"@type\":\"SearchAction\",\"target\":{\"@type\":\"EntryPoint\",\"urlTemplate\":\"https:\/\/www.region-fes-meknes.ma\/?s={search_term_string}\"},\"query-input\":\"required name=search_term_string\"}],\"inLanguage\":\"fr-FR\"},{\"@type\":\"Organization\",\"@id\":\"https:\/\/www.region-fes-meknes.ma\/#organization\",\"name\":\"R\u00e9gion F\u00e8s M\u00e8kn\u00e8s\",\"url\":\"https:\/\/www.region-fes-meknes.ma\/\",\"sameAs\":[\"https:\/\/www.facebook.com\/R\u00e9gion-F\u00e8s-Mekn\u00e8s-1130195096990872\"],\"logo\":{\"@type\":\"ImageObject\",\"inLanguage\":\"fr-FR\",\"@id\":\"https:\/\/www.region-fes-meknes.ma\/#\/schema\/logo\/image\/\",\"url\":\"http:\/\/www.region-fes-meknes.ma\/wp-content\/uploads\/2017\/10\/logo-rfm4.png\",\"contentUrl\":\"http:\/\/www.region-fes-meknes.ma\/wp-content\/uploads\/2017\/10\/logo-rfm4.png\",\"width\":304,\"height\":291,\"caption\":\"R\u00e9gion F\u00e8s M\u00e8kn\u00e8s\"},\"image\":{\"@id\":\"https:\/\/www.region-fes-meknes.ma\/#\/schema\/logo\/image\/\"}},{\"@type\":\"Person\",\"@id\":\"https:\/\/www.region-fes-meknes.ma\/#\/schema\/person\/309b003b18d9423ddb81c18399ef524b\",\"name\":\"Nisrine Hmamouchi\",\"image\":{\"@type\":\"ImageObject\",\"inLanguage\":\"fr-FR\",\"@id\":\"https:\/\/www.region-fes-meknes.ma\/#\/schema\/person\/image\/\",\"url\":\"https:\/\/secure.gravatar.com\/avatar\/7b3abdb99edc460b9304cacd3eb10c63?s=96&d=mm&r=g\",\"contentUrl\":\"https:\/\/secure.gravatar.com\/avatar\/7b3abdb99edc460b9304cacd3eb10c63?s=96&d=mm&r=g\",\"caption\":\"Nisrine Hmamouchi\"}}]}<\/script>\n<!-- \/ Yoast SEO plugin. -->","yoast_head_json":{"title":"Echange entre les centres \u00e9questres des R\u00e9gions F\u00e8s-Mekn\u00e8s et Centre Val de Loire de France - R\u00e9gion F\u00e8s Mekn\u00e8s","robots":{"index":"index","follow":"follow","max-snippet":"max-snippet:-1","max-image-preview":"max-image-preview:large","max-video-preview":"max-video-preview:-1"},"canonical":"https:\/\/www.region-fes-meknes.ma\/fr\/actualites\/echange-entre-centres-equestres-des-regions-fes-meknes-et-centre-val-de-loire-de-france\/","og_locale":"fr_FR","og_type":"article","og_title":"Echange entre les centres \u00e9questres des R\u00e9gions F\u00e8s-Mekn\u00e8s et Centre Val de Loire de France - R\u00e9gion F\u00e8s Mekn\u00e8s","og_description":"Dans le cadre du projet du d\u00e9veloppement du tourisme \u00e9questre dans la province d\u2019Ifrane, un \u00e9change entre les centres \u00e9questres des r\u00e9gions partenaires de F\u00e8s-Mekn\u00e8s et Centre Val de Loire ...","og_url":"https:\/\/www.region-fes-meknes.ma\/fr\/actualites\/echange-entre-centres-equestres-des-regions-fes-meknes-et-centre-val-de-loire-de-france\/","og_site_name":"R\u00e9gion F\u00e8s Mekn\u00e8s","article_publisher":"https:\/\/www.facebook.com\/R%c3%a9gion-F%c3%a8s-Mekn%c3%a8s-1130195096990872","article_published_time":"2021-06-11T15:22:43+00:00","article_modified_time":"2021-06-14T14:20:32+00:00","og_image":[{"width":1123,"height":640,"url":"https:\/\/www.region-fes-meknes.ma\/wp-content\/uploads\/2021\/06\/echange3.png","type":"image\/png"}],"author":"Nisrine Hmamouchi","twitter_card":"summary_large_image","twitter_misc":{"\u00c9crit par":"Nisrine Hmamouchi","Dur\u00e9e de lecture estim\u00e9e":"2 minutes"},"schema":{"@context":"https:\/\/schema.org","@graph":[{"@type":"Article","@id":"https:\/\/www.region-fes-meknes.ma\/fr\/actualites\/echange-entre-centres-equestres-des-regions-fes-meknes-et-centre-val-de-loire-de-france\/#article","isPartOf":{"@id":"https:\/\/www.region-fes-meknes.ma\/fr\/actualites\/echange-entre-centres-equestres-des-regions-fes-meknes-et-centre-val-de-loire-de-france\/"},"author":{"name":"Nisrine Hmamouchi","@id":"https:\/\/www.region-fes-meknes.ma\/#\/schema\/person\/309b003b18d9423ddb81c18399ef524b"},"headline":"Echange entre les centres \u00e9questres des R\u00e9gions F\u00e8s-Mekn\u00e8s et Centre Val de Loire de France","datePublished":"2021-06-11T15:22:43+00:00","dateModified":"2021-06-14T14:20:32+00:00","mainEntityOfPage":{"@id":"https:\/\/www.region-fes-meknes.ma\/fr\/actualites\/echange-entre-centres-equestres-des-regions-fes-meknes-et-centre-val-de-loire-de-france\/"},"wordCount":364,"commentCount":0,"publisher":{"@id":"https:\/\/www.region-fes-meknes.ma\/#organization"},"articleSection":["Actualit\u00e9s"],"inLanguage":"fr-FR","potentialAction":[{"@type":"CommentAction","name":"Comment","target":["https:\/\/www.region-fes-meknes.ma\/fr\/actualites\/echange-entre-centres-equestres-des-regions-fes-meknes-et-centre-val-de-loire-de-france\/#respond"]}]},{"@type":"WebPage","@id":"https:\/\/www.region-fes-meknes.ma\/fr\/actualites\/echange-entre-centres-equestres-des-regions-fes-meknes-et-centre-val-de-loire-de-france\/","url":"https:\/\/www.region-fes-meknes.ma\/fr\/actualites\/echange-entre-centres-equestres-des-regions-fes-meknes-et-centre-val-de-loire-de-france\/","name":"Echange entre les centres \u00e9questres des R\u00e9gions F\u00e8s-Mekn\u00e8s et Centre Val de Loire de France - R\u00e9gion F\u00e8s Mekn\u00e8s","isPartOf":{"@id":"https:\/\/www.region-fes-meknes.ma\/#website"},"datePublished":"2021-06-11T15:22:43+00:00","dateModified":"2021-06-14T14:20:32+00:00","breadcrumb":{"@id":"https:\/\/www.region-fes-meknes.ma\/fr\/actualites\/echange-entre-centres-equestres-des-regions-fes-meknes-et-centre-val-de-loire-de-france\/#breadcrumb"},"inLanguage":"fr-FR","potentialAction":[{"@type":"ReadAction","target":["https:\/\/www.region-fes-meknes.ma\/fr\/actualites\/echange-entre-centres-equestres-des-regions-fes-meknes-et-centre-val-de-loire-de-france\/"]}]},{"@type":"BreadcrumbList","@id":"https:\/\/www.region-fes-meknes.ma\/fr\/actualites\/echange-entre-centres-equestres-des-regions-fes-meknes-et-centre-val-de-loire-de-france\/#breadcrumb","itemListElement":[{"@type":"ListItem","position":1,"name":"Accueil","item":"https:\/\/www.region-fes-meknes.ma\/fr\/"},{"@type":"ListItem","position":2,"name":"Echange entre les centres \u00e9questres des R\u00e9gions F\u00e8s-Mekn\u00e8s et Centre Val de Loire de France"}]},{"@type":"WebSite","@id":"https:\/\/www.region-fes-meknes.ma\/#website","url":"https:\/\/www.region-fes-meknes.ma\/","name":"Portail de la R\u00e9gion F\u00e8s-Mekn\u00e8s","description":"Site officiel de la r\u00e9gion F\u00e8s-Mekn\u00e8s.","publisher":{"@id":"https:\/\/www.region-fes-meknes.ma\/#organization"},"potentialAction":[{"@type":"SearchAction","target":{"@type":"EntryPoint","urlTemplate":"https:\/\/www.region-fes-meknes.ma\/?s={search_term_string}"},"query-input":"required name=search_term_string"}],"inLanguage":"fr-FR"},{"@type":"Organization","@id":"https:\/\/www.region-fes-meknes.ma\/#organization","name":"R\u00e9gion F\u00e8s M\u00e8kn\u00e8s","url":"https:\/\/www.region-fes-meknes.ma\/","sameAs":["https:\/\/www.facebook.com\/R\u00e9gion-F\u00e8s-Mekn\u00e8s-1130195096990872"],"logo":{"@type":"ImageObject","inLanguage":"fr-FR","@id":"https:\/\/www.region-fes-meknes.ma\/#\/schema\/logo\/image\/","url":"http:\/\/www.region-fes-meknes.ma\/wp-content\/uploads\/2017\/10\/logo-rfm4.png","contentUrl":"http:\/\/www.region-fes-meknes.ma\/wp-content\/uploads\/2017\/10\/logo-rfm4.png","width":304,"height":291,"caption":"R\u00e9gion F\u00e8s M\u00e8kn\u00e8s"},"image":{"@id":"https:\/\/www.region-fes-meknes.ma\/#\/schema\/logo\/image\/"}},{"@type":"Person","@id":"https:\/\/www.region-fes-meknes.ma\/#\/schema\/person\/309b003b18d9423ddb81c18399ef524b","name":"Nisrine Hmamouchi","image":{"@type":"ImageObject","inLanguage":"fr-FR","@id":"https:\/\/www.region-fes-meknes.ma\/#\/schema\/person\/image\/","url":"https:\/\/secure.gravatar.com\/avatar\/7b3abdb99edc460b9304cacd3eb10c63?s=96&d=mm&r=g","contentUrl":"https:\/\/secure.gravatar.com\/avatar\/7b3abdb99edc460b9304cacd3eb10c63?s=96&d=mm&r=g","caption":"Nisrine Hmamouchi"}}]}},"_links":{"self":[{"href":"https:\/\/www.region-fes-meknes.ma\/fr\/wp-json\/wp\/v2\/posts\/18186"}],"collection":[{"href":"https:\/\/www.region-fes-meknes.ma\/fr\/wp-json\/wp\/v2\/posts"}],"about":[{"href":"https:\/\/www.region-fes-meknes.ma\/fr\/wp-json\/wp\/v2\/types\/post"}],"author":[{"embeddable":true,"href":"https:\/\/www.region-fes-meknes.ma\/fr\/wp-json\/wp\/v2\/users\/74"}],"replies":[{"embeddable":true,"href":"https:\/\/www.region-fes-meknes.ma\/fr\/wp-json\/wp\/v2\/comments?post=18186"}],"version-history":[{"count":3,"href":"https:\/\/www.region-fes-meknes.ma\/fr\/wp-json\/wp\/v2\/posts\/18186\/revisions"}],"predecessor-version":[{"id":18204,"href":"https:\/\/www.region-fes-meknes.ma\/fr\/wp-json\/wp\/v2\/posts\/18186\/revisions\/18204"}],"wp:featuredmedia":[{"embeddable":true,"href":"https:\/\/www.region-fes-meknes.ma\/fr\/wp-json\/wp\/v2\/media\/18189"}],"wp:attachment":[{"href":"https:\/\/www.region-fes-meknes.ma\/fr\/wp-json\/wp\/v2\/media?parent=18186"}],"wp:term":[{"taxonomy":"category","embeddable":true,"href":"https:\/\/www.region-fes-meknes.ma\/fr\/wp-json\/wp\/v2\/categories?post=18186"},{"taxonomy":"post_tag","embeddable":true,"href":"https:\/\/www.region-fes-meknes.ma\/fr\/wp-json\/wp\/v2\/tags?post=18186"}],"curies":[{"name":"wp","href":"https:\/\/api.w.org\/{rel}","templated":true}]}}