{"id":18302,"date":"2021-06-21T16:18:26","date_gmt":"2021-06-21T15:18:26","guid":{"rendered":"http:\/\/www.region-fes-meknes.ma\/?p=18302"},"modified":"2021-06-22T13:06:21","modified_gmt":"2021-06-22T12:06:21","slug":"cooperation-decentralisee-des-actions-entreprises-par-la-region-fes-meknes-et-la-region-centre-val-de-loire-pour-lappui-des-activites-culturelles-aux-sein-des-lycees","status":"publish","type":"post","link":"https:\/\/www.region-fes-meknes.ma\/fr\/actualites\/cooperation-decentralisee-des-actions-entreprises-par-la-region-fes-meknes-et-la-region-centre-val-de-loire-pour-lappui-des-activites-culturelles-aux-sein-des-lycees\/","title":{"rendered":"Coop\u00e9ration D\u00e9centralis\u00e9e: Des actions entreprises par la R\u00e9gion F\u00e8s Mekn\u00e8s et la R\u00e9gion Centre-Val-de-Loire pour l\u2019appui des activit\u00e9s culturelles aux sein des lyc\u00e9es"},"content":{"rendered":"<p>Dans le cadre de la r\u00e9alisation des projets relatifs \u00e0 la Coop\u00e9ration d\u00e9centralis\u00e9e entre le Conseil R\u00e9gional F\u00e8s Mekn\u00e8s et la R\u00e9gion Centre-Val-de-Loire, le repr\u00e9sentant du Conseil, M. Anas Ansari, chef du service des relations publiques et de la coop\u00e9ration internationale, accompagn\u00e9 de Mme Ma\u00ebva Le Guidec, la repr\u00e9sentante de la r\u00e9gion Centre Val de Loire, ont effectu\u00e9, jeudi 17 juin, une visite de travail au lyc\u00e9e Tarik Ibnou Ziyad situ\u00e9 \u00e0 la ville de Azrou.<\/p>\n<p>Ainsi, Ils ont \u00e9t\u00e9 re\u00e7us par le Directeur du lyc\u00e9e et les professeurs charg\u00e9s des animations culturelles au sein de l\u2019\u00e9tablissement.<\/p>\n<p>Cette visite a \u00e9t\u00e9 l&rsquo;occasion de pr\u00e9senter le projet culturel des deux r\u00e9gions partenaires, dont la r\u00e9alisation est pr\u00e9vue pour l&rsquo;ann\u00e9e scolaire prochaine 2021-2022. Il s\u2019agit notamment de l\u2019accueil des artistes professionnels fran\u00e7ais au sein du lyc\u00e9e en deux p\u00e9riode pour travailler, en coordination avec les professeurs du lyc\u00e9e, avec les \u00e9l\u00e8ves concern\u00e9s sur des projets artistiques.<\/p>\n<p>Le Directeur du lyc\u00e9e ainsi que le repr\u00e9sentant de la direction provinciale d&rsquo;Education et de la formation ont salu\u00e9 les deux r\u00e9gions pour cette initiative qui va permettre essentiellement le renforcement des actions culturelles au lyc\u00e9e.<\/p>\n","protected":false},"excerpt":{"rendered":"<p>Dans le cadre de la r\u00e9alisation des projets relatifs \u00e0 la Coop\u00e9ration d\u00e9centralis\u00e9e entre le Conseil R\u00e9gional F\u00e8s Mekn\u00e8s et la R\u00e9gion Centre-Val-de-Loire, le repr\u00e9sentant du Conseil, M. Anas Ansari, &#8230;<\/p>\n","protected":false},"author":76,"featured_media":18303,"comment_status":"open","ping_status":"closed","sticky":false,"template":"","format":"standard","meta":{"_bbp_topic_count":0,"_bbp_reply_count":0,"_bbp_total_topic_count":0,"_bbp_total_reply_count":0,"_bbp_voice_count":0,"_bbp_anonymous_reply_count":0,"_bbp_topic_count_hidden":0,"_bbp_reply_count_hidden":0,"_bbp_forum_subforum_count":0},"categories":[18,92],"tags":[],"acf":[],"yoast_head":"<!-- This site is optimized with the Yoast SEO plugin v19.5.1 - https:\/\/yoast.com\/wordpress\/plugins\/seo\/ -->\n<title>Coop\u00e9ration D\u00e9centralis\u00e9e: Des actions entreprises par la R\u00e9gion F\u00e8s Mekn\u00e8s et la R\u00e9gion Centre-Val-de-Loire pour l\u2019appui des activit\u00e9s culturelles aux sein des lyc\u00e9es - R\u00e9gion F\u00e8s Mekn\u00e8s<\/title>\n<meta name=\"robots\" content=\"index, follow, max-snippet:-1, max-image-preview:large, max-video-preview:-1\" \/>\n<link rel=\"canonical\" href=\"https:\/\/www.region-fes-meknes.ma\/fr\/actualites\/cooperation-decentralisee-des-actions-entreprises-par-la-region-fes-meknes-et-la-region-centre-val-de-loire-pour-lappui-des-activites-culturelles-aux-sein-des-lycees\/\" \/>\n<meta property=\"og:locale\" content=\"fr_FR\" \/>\n<meta property=\"og:type\" content=\"article\" \/>\n<meta property=\"og:title\" content=\"Coop\u00e9ration D\u00e9centralis\u00e9e: Des actions entreprises par la R\u00e9gion F\u00e8s Mekn\u00e8s et la R\u00e9gion Centre-Val-de-Loire pour l\u2019appui des activit\u00e9s culturelles aux sein des lyc\u00e9es - R\u00e9gion F\u00e8s Mekn\u00e8s\" \/>\n<meta property=\"og:description\" content=\"Dans le cadre de la r\u00e9alisation des projets relatifs \u00e0 la Coop\u00e9ration d\u00e9centralis\u00e9e entre le Conseil R\u00e9gional F\u00e8s Mekn\u00e8s et la R\u00e9gion Centre-Val-de-Loire, le repr\u00e9sentant du Conseil, M. Anas Ansari, ...\" \/>\n<meta property=\"og:url\" content=\"https:\/\/www.region-fes-meknes.ma\/fr\/actualites\/cooperation-decentralisee-des-actions-entreprises-par-la-region-fes-meknes-et-la-region-centre-val-de-loire-pour-lappui-des-activites-culturelles-aux-sein-des-lycees\/\" \/>\n<meta property=\"og:site_name\" content=\"R\u00e9gion F\u00e8s Mekn\u00e8s\" \/>\n<meta property=\"article:publisher\" content=\"https:\/\/www.facebook.com\/R%c3%a9gion-F%c3%a8s-Mekn%c3%a8s-1130195096990872\" \/>\n<meta property=\"article:published_time\" content=\"2021-06-21T15:18:26+00:00\" \/>\n<meta property=\"article:modified_time\" content=\"2021-06-22T12:06:21+00:00\" \/>\n<meta property=\"og:image\" content=\"https:\/\/www.region-fes-meknes.ma\/wp-content\/uploads\/2021\/06\/96a21055-d609-40ac-b3c3-e6fa544b4368.jpg\" \/>\n\t<meta property=\"og:image:width\" content=\"1156\" \/>\n\t<meta property=\"og:image:height\" content=\"868\" \/>\n\t<meta property=\"og:image:type\" content=\"image\/jpeg\" \/>\n<meta name=\"author\" content=\"Zaynab Dhimene\" \/>\n<meta name=\"twitter:card\" content=\"summary_large_image\" \/>\n<meta name=\"twitter:label1\" content=\"\u00c9crit par\" \/>\n\t<meta name=\"twitter:data1\" content=\"Zaynab Dhimene\" \/>\n\t<meta name=\"twitter:label2\" content=\"Dur\u00e9e de lecture estim\u00e9e\" \/>\n\t<meta name=\"twitter:data2\" content=\"1 minute\" \/>\n<script type=\"application\/ld+json\" class=\"yoast-schema-graph\">{\"@context\":\"https:\/\/schema.org\",\"@graph\":[{\"@type\":\"Article\",\"@id\":\"https:\/\/www.region-fes-meknes.ma\/fr\/actualites\/cooperation-decentralisee-des-actions-entreprises-par-la-region-fes-meknes-et-la-region-centre-val-de-loire-pour-lappui-des-activites-culturelles-aux-sein-des-lycees\/#article\",\"isPartOf\":{\"@id\":\"https:\/\/www.region-fes-meknes.ma\/fr\/actualites\/cooperation-decentralisee-des-actions-entreprises-par-la-region-fes-meknes-et-la-region-centre-val-de-loire-pour-lappui-des-activites-culturelles-aux-sein-des-lycees\/\"},\"author\":{\"name\":\"Zaynab Dhimene\",\"@id\":\"https:\/\/www.region-fes-meknes.ma\/#\/schema\/person\/0f39741727e5e507b0f585d8ea23e359\"},\"headline\":\"Coop\u00e9ration D\u00e9centralis\u00e9e: Des actions entreprises par la R\u00e9gion F\u00e8s Mekn\u00e8s et la R\u00e9gion Centre-Val-de-Loire pour l\u2019appui des activit\u00e9s culturelles aux sein des lyc\u00e9es\",\"datePublished\":\"2021-06-21T15:18:26+00:00\",\"dateModified\":\"2021-06-22T12:06:21+00:00\",\"mainEntityOfPage\":{\"@id\":\"https:\/\/www.region-fes-meknes.ma\/fr\/actualites\/cooperation-decentralisee-des-actions-entreprises-par-la-region-fes-meknes-et-la-region-centre-val-de-loire-pour-lappui-des-activites-culturelles-aux-sein-des-lycees\/\"},\"wordCount\":255,\"commentCount\":0,\"publisher\":{\"@id\":\"https:\/\/www.region-fes-meknes.ma\/#organization\"},\"articleSection\":[\"Actualit\u00e9s\",\"Coop\u00e9ration\"],\"inLanguage\":\"fr-FR\",\"potentialAction\":[{\"@type\":\"CommentAction\",\"name\":\"Comment\",\"target\":[\"https:\/\/www.region-fes-meknes.ma\/fr\/actualites\/cooperation-decentralisee-des-actions-entreprises-par-la-region-fes-meknes-et-la-region-centre-val-de-loire-pour-lappui-des-activites-culturelles-aux-sein-des-lycees\/#respond\"]}]},{\"@type\":\"WebPage\",\"@id\":\"https:\/\/www.region-fes-meknes.ma\/fr\/actualites\/cooperation-decentralisee-des-actions-entreprises-par-la-region-fes-meknes-et-la-region-centre-val-de-loire-pour-lappui-des-activites-culturelles-aux-sein-des-lycees\/\",\"url\":\"https:\/\/www.region-fes-meknes.ma\/fr\/actualites\/cooperation-decentralisee-des-actions-entreprises-par-la-region-fes-meknes-et-la-region-centre-val-de-loire-pour-lappui-des-activites-culturelles-aux-sein-des-lycees\/\",\"name\":\"Coop\u00e9ration D\u00e9centralis\u00e9e: Des actions entreprises par la R\u00e9gion F\u00e8s Mekn\u00e8s et la R\u00e9gion Centre-Val-de-Loire pour l\u2019appui des activit\u00e9s culturelles aux sein des lyc\u00e9es - R\u00e9gion F\u00e8s Mekn\u00e8s\",\"isPartOf\":{\"@id\":\"https:\/\/www.region-fes-meknes.ma\/#website\"},\"datePublished\":\"2021-06-21T15:18:26+00:00\",\"dateModified\":\"2021-06-22T12:06:21+00:00\",\"breadcrumb\":{\"@id\":\"https:\/\/www.region-fes-meknes.ma\/fr\/actualites\/cooperation-decentralisee-des-actions-entreprises-par-la-region-fes-meknes-et-la-region-centre-val-de-loire-pour-lappui-des-activites-culturelles-aux-sein-des-lycees\/#breadcrumb\"},\"inLanguage\":\"fr-FR\",\"potentialAction\":[{\"@type\":\"ReadAction\",\"target\":[\"https:\/\/www.region-fes-meknes.ma\/fr\/actualites\/cooperation-decentralisee-des-actions-entreprises-par-la-region-fes-meknes-et-la-region-centre-val-de-loire-pour-lappui-des-activites-culturelles-aux-sein-des-lycees\/\"]}]},{\"@type\":\"BreadcrumbList\",\"@id\":\"https:\/\/www.region-fes-meknes.ma\/fr\/actualites\/cooperation-decentralisee-des-actions-entreprises-par-la-region-fes-meknes-et-la-region-centre-val-de-loire-pour-lappui-des-activites-culturelles-aux-sein-des-lycees\/#breadcrumb\",\"itemListElement\":[{\"@type\":\"ListItem\",\"position\":1,\"name\":\"Accueil\",\"item\":\"https:\/\/www.region-fes-meknes.ma\/fr\/\"},{\"@type\":\"ListItem\",\"position\":2,\"name\":\"Coop\u00e9ration D\u00e9centralis\u00e9e: Des actions entreprises par la R\u00e9gion F\u00e8s Mekn\u00e8s et la R\u00e9gion Centre-Val-de-Loire pour l\u2019appui des activit\u00e9s culturelles aux sein des lyc\u00e9es\"}]},{\"@type\":\"WebSite\",\"@id\":\"https:\/\/www.region-fes-meknes.ma\/#website\",\"url\":\"https:\/\/www.region-fes-meknes.ma\/\",\"name\":\"Portail de la R\u00e9gion F\u00e8s-Mekn\u00e8s\",\"description\":\"Site officiel de la r\u00e9gion F\u00e8s-Mekn\u00e8s.\",\"publisher\":{\"@id\":\"https:\/\/www.region-fes-meknes.ma\/#organization\"},\"potentialAction\":[{\"@type\":\"SearchAction\",\"target\":{\"@type\":\"EntryPoint\",\"urlTemplate\":\"https:\/\/www.region-fes-meknes.ma\/?s={search_term_string}\"},\"query-input\":\"required name=search_term_string\"}],\"inLanguage\":\"fr-FR\"},{\"@type\":\"Organization\",\"@id\":\"https:\/\/www.region-fes-meknes.ma\/#organization\",\"name\":\"R\u00e9gion F\u00e8s M\u00e8kn\u00e8s\",\"url\":\"https:\/\/www.region-fes-meknes.ma\/\",\"sameAs\":[\"https:\/\/www.facebook.com\/R\u00e9gion-F\u00e8s-Mekn\u00e8s-1130195096990872\"],\"logo\":{\"@type\":\"ImageObject\",\"inLanguage\":\"fr-FR\",\"@id\":\"https:\/\/www.region-fes-meknes.ma\/#\/schema\/logo\/image\/\",\"url\":\"http:\/\/www.region-fes-meknes.ma\/wp-content\/uploads\/2017\/10\/logo-rfm4.png\",\"contentUrl\":\"http:\/\/www.region-fes-meknes.ma\/wp-content\/uploads\/2017\/10\/logo-rfm4.png\",\"width\":304,\"height\":291,\"caption\":\"R\u00e9gion F\u00e8s M\u00e8kn\u00e8s\"},\"image\":{\"@id\":\"https:\/\/www.region-fes-meknes.ma\/#\/schema\/logo\/image\/\"}},{\"@type\":\"Person\",\"@id\":\"https:\/\/www.region-fes-meknes.ma\/#\/schema\/person\/0f39741727e5e507b0f585d8ea23e359\",\"name\":\"Zaynab Dhimene\",\"image\":{\"@type\":\"ImageObject\",\"inLanguage\":\"fr-FR\",\"@id\":\"https:\/\/www.region-fes-meknes.ma\/#\/schema\/person\/image\/\",\"url\":\"https:\/\/secure.gravatar.com\/avatar\/c668cebb47e2644c6dfb9d8f5a83fb03?s=96&d=mm&r=g\",\"contentUrl\":\"https:\/\/secure.gravatar.com\/avatar\/c668cebb47e2644c6dfb9d8f5a83fb03?s=96&d=mm&r=g\",\"caption\":\"Zaynab Dhimene\"}}]}<\/script>\n<!-- \/ Yoast SEO plugin. -->","yoast_head_json":{"title":"Coop\u00e9ration D\u00e9centralis\u00e9e: Des actions entreprises par la R\u00e9gion F\u00e8s Mekn\u00e8s et la R\u00e9gion Centre-Val-de-Loire pour l\u2019appui des activit\u00e9s culturelles aux sein des lyc\u00e9es - R\u00e9gion F\u00e8s Mekn\u00e8s","robots":{"index":"index","follow":"follow","max-snippet":"max-snippet:-1","max-image-preview":"max-image-preview:large","max-video-preview":"max-video-preview:-1"},"canonical":"https:\/\/www.region-fes-meknes.ma\/fr\/actualites\/cooperation-decentralisee-des-actions-entreprises-par-la-region-fes-meknes-et-la-region-centre-val-de-loire-pour-lappui-des-activites-culturelles-aux-sein-des-lycees\/","og_locale":"fr_FR","og_type":"article","og_title":"Coop\u00e9ration D\u00e9centralis\u00e9e: Des actions entreprises par la R\u00e9gion F\u00e8s Mekn\u00e8s et la R\u00e9gion Centre-Val-de-Loire pour l\u2019appui des activit\u00e9s culturelles aux sein des lyc\u00e9es - R\u00e9gion F\u00e8s Mekn\u00e8s","og_description":"Dans le cadre de la r\u00e9alisation des projets relatifs \u00e0 la Coop\u00e9ration d\u00e9centralis\u00e9e entre le Conseil R\u00e9gional F\u00e8s Mekn\u00e8s et la R\u00e9gion Centre-Val-de-Loire, le repr\u00e9sentant du Conseil, M. Anas Ansari, ...","og_url":"https:\/\/www.region-fes-meknes.ma\/fr\/actualites\/cooperation-decentralisee-des-actions-entreprises-par-la-region-fes-meknes-et-la-region-centre-val-de-loire-pour-lappui-des-activites-culturelles-aux-sein-des-lycees\/","og_site_name":"R\u00e9gion F\u00e8s Mekn\u00e8s","article_publisher":"https:\/\/www.facebook.com\/R%c3%a9gion-F%c3%a8s-Mekn%c3%a8s-1130195096990872","article_published_time":"2021-06-21T15:18:26+00:00","article_modified_time":"2021-06-22T12:06:21+00:00","og_image":[{"width":1156,"height":868,"url":"https:\/\/www.region-fes-meknes.ma\/wp-content\/uploads\/2021\/06\/96a21055-d609-40ac-b3c3-e6fa544b4368.jpg","type":"image\/jpeg"}],"author":"Zaynab Dhimene","twitter_card":"summary_large_image","twitter_misc":{"\u00c9crit par":"Zaynab Dhimene","Dur\u00e9e de lecture estim\u00e9e":"1 minute"},"schema":{"@context":"https:\/\/schema.org","@graph":[{"@type":"Article","@id":"https:\/\/www.region-fes-meknes.ma\/fr\/actualites\/cooperation-decentralisee-des-actions-entreprises-par-la-region-fes-meknes-et-la-region-centre-val-de-loire-pour-lappui-des-activites-culturelles-aux-sein-des-lycees\/#article","isPartOf":{"@id":"https:\/\/www.region-fes-meknes.ma\/fr\/actualites\/cooperation-decentralisee-des-actions-entreprises-par-la-region-fes-meknes-et-la-region-centre-val-de-loire-pour-lappui-des-activites-culturelles-aux-sein-des-lycees\/"},"author":{"name":"Zaynab Dhimene","@id":"https:\/\/www.region-fes-meknes.ma\/#\/schema\/person\/0f39741727e5e507b0f585d8ea23e359"},"headline":"Coop\u00e9ration D\u00e9centralis\u00e9e: Des actions entreprises par la R\u00e9gion F\u00e8s Mekn\u00e8s et la R\u00e9gion Centre-Val-de-Loire pour l\u2019appui des activit\u00e9s culturelles aux sein des lyc\u00e9es","datePublished":"2021-06-21T15:18:26+00:00","dateModified":"2021-06-22T12:06:21+00:00","mainEntityOfPage":{"@id":"https:\/\/www.region-fes-meknes.ma\/fr\/actualites\/cooperation-decentralisee-des-actions-entreprises-par-la-region-fes-meknes-et-la-region-centre-val-de-loire-pour-lappui-des-activites-culturelles-aux-sein-des-lycees\/"},"wordCount":255,"commentCount":0,"publisher":{"@id":"https:\/\/www.region-fes-meknes.ma\/#organization"},"articleSection":["Actualit\u00e9s","Coop\u00e9ration"],"inLanguage":"fr-FR","potentialAction":[{"@type":"CommentAction","name":"Comment","target":["https:\/\/www.region-fes-meknes.ma\/fr\/actualites\/cooperation-decentralisee-des-actions-entreprises-par-la-region-fes-meknes-et-la-region-centre-val-de-loire-pour-lappui-des-activites-culturelles-aux-sein-des-lycees\/#respond"]}]},{"@type":"WebPage","@id":"https:\/\/www.region-fes-meknes.ma\/fr\/actualites\/cooperation-decentralisee-des-actions-entreprises-par-la-region-fes-meknes-et-la-region-centre-val-de-loire-pour-lappui-des-activites-culturelles-aux-sein-des-lycees\/","url":"https:\/\/www.region-fes-meknes.ma\/fr\/actualites\/cooperation-decentralisee-des-actions-entreprises-par-la-region-fes-meknes-et-la-region-centre-val-de-loire-pour-lappui-des-activites-culturelles-aux-sein-des-lycees\/","name":"Coop\u00e9ration D\u00e9centralis\u00e9e: Des actions entreprises par la R\u00e9gion F\u00e8s Mekn\u00e8s et la R\u00e9gion Centre-Val-de-Loire pour l\u2019appui des activit\u00e9s culturelles aux sein des lyc\u00e9es - R\u00e9gion F\u00e8s Mekn\u00e8s","isPartOf":{"@id":"https:\/\/www.region-fes-meknes.ma\/#website"},"datePublished":"2021-06-21T15:18:26+00:00","dateModified":"2021-06-22T12:06:21+00:00","breadcrumb":{"@id":"https:\/\/www.region-fes-meknes.ma\/fr\/actualites\/cooperation-decentralisee-des-actions-entreprises-par-la-region-fes-meknes-et-la-region-centre-val-de-loire-pour-lappui-des-activites-culturelles-aux-sein-des-lycees\/#breadcrumb"},"inLanguage":"fr-FR","potentialAction":[{"@type":"ReadAction","target":["https:\/\/www.region-fes-meknes.ma\/fr\/actualites\/cooperation-decentralisee-des-actions-entreprises-par-la-region-fes-meknes-et-la-region-centre-val-de-loire-pour-lappui-des-activites-culturelles-aux-sein-des-lycees\/"]}]},{"@type":"BreadcrumbList","@id":"https:\/\/www.region-fes-meknes.ma\/fr\/actualites\/cooperation-decentralisee-des-actions-entreprises-par-la-region-fes-meknes-et-la-region-centre-val-de-loire-pour-lappui-des-activites-culturelles-aux-sein-des-lycees\/#breadcrumb","itemListElement":[{"@type":"ListItem","position":1,"name":"Accueil","item":"https:\/\/www.region-fes-meknes.ma\/fr\/"},{"@type":"ListItem","position":2,"name":"Coop\u00e9ration D\u00e9centralis\u00e9e: Des actions entreprises par la R\u00e9gion F\u00e8s Mekn\u00e8s et la R\u00e9gion Centre-Val-de-Loire pour l\u2019appui des activit\u00e9s culturelles aux sein des lyc\u00e9es"}]},{"@type":"WebSite","@id":"https:\/\/www.region-fes-meknes.ma\/#website","url":"https:\/\/www.region-fes-meknes.ma\/","name":"Portail de la R\u00e9gion F\u00e8s-Mekn\u00e8s","description":"Site officiel de la r\u00e9gion F\u00e8s-Mekn\u00e8s.","publisher":{"@id":"https:\/\/www.region-fes-meknes.ma\/#organization"},"potentialAction":[{"@type":"SearchAction","target":{"@type":"EntryPoint","urlTemplate":"https:\/\/www.region-fes-meknes.ma\/?s={search_term_string}"},"query-input":"required name=search_term_string"}],"inLanguage":"fr-FR"},{"@type":"Organization","@id":"https:\/\/www.region-fes-meknes.ma\/#organization","name":"R\u00e9gion F\u00e8s M\u00e8kn\u00e8s","url":"https:\/\/www.region-fes-meknes.ma\/","sameAs":["https:\/\/www.facebook.com\/R\u00e9gion-F\u00e8s-Mekn\u00e8s-1130195096990872"],"logo":{"@type":"ImageObject","inLanguage":"fr-FR","@id":"https:\/\/www.region-fes-meknes.ma\/#\/schema\/logo\/image\/","url":"http:\/\/www.region-fes-meknes.ma\/wp-content\/uploads\/2017\/10\/logo-rfm4.png","contentUrl":"http:\/\/www.region-fes-meknes.ma\/wp-content\/uploads\/2017\/10\/logo-rfm4.png","width":304,"height":291,"caption":"R\u00e9gion F\u00e8s M\u00e8kn\u00e8s"},"image":{"@id":"https:\/\/www.region-fes-meknes.ma\/#\/schema\/logo\/image\/"}},{"@type":"Person","@id":"https:\/\/www.region-fes-meknes.ma\/#\/schema\/person\/0f39741727e5e507b0f585d8ea23e359","name":"Zaynab Dhimene","image":{"@type":"ImageObject","inLanguage":"fr-FR","@id":"https:\/\/www.region-fes-meknes.ma\/#\/schema\/person\/image\/","url":"https:\/\/secure.gravatar.com\/avatar\/c668cebb47e2644c6dfb9d8f5a83fb03?s=96&d=mm&r=g","contentUrl":"https:\/\/secure.gravatar.com\/avatar\/c668cebb47e2644c6dfb9d8f5a83fb03?s=96&d=mm&r=g","caption":"Zaynab Dhimene"}}]}},"_links":{"self":[{"href":"https:\/\/www.region-fes-meknes.ma\/fr\/wp-json\/wp\/v2\/posts\/18302"}],"collection":[{"href":"https:\/\/www.region-fes-meknes.ma\/fr\/wp-json\/wp\/v2\/posts"}],"about":[{"href":"https:\/\/www.region-fes-meknes.ma\/fr\/wp-json\/wp\/v2\/types\/post"}],"author":[{"embeddable":true,"href":"https:\/\/www.region-fes-meknes.ma\/fr\/wp-json\/wp\/v2\/users\/76"}],"replies":[{"embeddable":true,"href":"https:\/\/www.region-fes-meknes.ma\/fr\/wp-json\/wp\/v2\/comments?post=18302"}],"version-history":[{"count":3,"href":"https:\/\/www.region-fes-meknes.ma\/fr\/wp-json\/wp\/v2\/posts\/18302\/revisions"}],"predecessor-version":[{"id":18356,"href":"https:\/\/www.region-fes-meknes.ma\/fr\/wp-json\/wp\/v2\/posts\/18302\/revisions\/18356"}],"wp:featuredmedia":[{"embeddable":true,"href":"https:\/\/www.region-fes-meknes.ma\/fr\/wp-json\/wp\/v2\/media\/18303"}],"wp:attachment":[{"href":"https:\/\/www.region-fes-meknes.ma\/fr\/wp-json\/wp\/v2\/media?parent=18302"}],"wp:term":[{"taxonomy":"category","embeddable":true,"href":"https:\/\/www.region-fes-meknes.ma\/fr\/wp-json\/wp\/v2\/categories?post=18302"},{"taxonomy":"post_tag","embeddable":true,"href":"https:\/\/www.region-fes-meknes.ma\/fr\/wp-json\/wp\/v2\/tags?post=18302"}],"curies":[{"name":"wp","href":"https:\/\/api.w.org\/{rel}","templated":true}]}}