{"id":18461,"date":"2021-06-24T15:56:15","date_gmt":"2021-06-24T14:56:15","guid":{"rendered":"http:\/\/www.region-fes-meknes.ma\/?p=18461"},"modified":"2021-06-24T15:56:15","modified_gmt":"2021-06-24T14:56:15","slug":"dysiaal-2-reunion-de-travail-entre-la-region-fes-meknes-et-la-region-occitanie-autour-du-projet","status":"publish","type":"post","link":"https:\/\/www.region-fes-meknes.ma\/fr\/actualites\/dysiaal-2-reunion-de-travail-entre-la-region-fes-meknes-et-la-region-occitanie-autour-du-projet\/","title":{"rendered":"Dysiaal 2: R\u00e9union de travail entre la R\u00e9gion F\u00e8s-Mekn\u00e8s et la r\u00e9gion Occitanie autour du projet"},"content":{"rendered":"<p>Dans le cadre du projet \u00ab\u00a0Dysiall \u00a02, Dynamique de soutien \u00e0 l\u2019innovation agroalimentaire du P\u00f4le Agrinova de F\u00e8s Mekn\u00e8s\u00a0\u00bb, port\u00e9 par la R\u00e9gion Occitanie et la R\u00e9gion F\u00e8s-Mekn\u00e8s et financ\u00e9 par le fonds conjoint franco marocain 2021 , une r\u00e9union de travail entre les partenaires du projet s\u2019est tenue le 24 juin 2021 en visioconf\u00e9rence.<\/p>\n<p>Cette r\u00e9union a connu la participation des repr\u00e9sentants de la R\u00e9gion F\u00e8s Mekn\u00e8s, de la r\u00e9gion Occitanie , du p\u00f4le Agrinova de Mekn\u00e8s et Agropolis de Montpellier. Ainsi, la r\u00e9union avait pour objectif la pr\u00e9paration du lancement du projet et la d\u00e9finition du calendrier de la r\u00e9alisation et des actions \u00e0 mettre en \u0153uvre.<\/p>\n","protected":false},"excerpt":{"rendered":"<p>Dans le cadre du projet \u00ab\u00a0Dysiall \u00a02, Dynamique de soutien \u00e0 l\u2019innovation agroalimentaire du P\u00f4le Agrinova de F\u00e8s Mekn\u00e8s\u00a0\u00bb, port\u00e9 par la R\u00e9gion Occitanie et la R\u00e9gion F\u00e8s-Mekn\u00e8s et financ\u00e9 &#8230;<\/p>\n","protected":false},"author":76,"featured_media":18462,"comment_status":"open","ping_status":"closed","sticky":false,"template":"","format":"standard","meta":{"_bbp_topic_count":0,"_bbp_reply_count":0,"_bbp_total_topic_count":0,"_bbp_total_reply_count":0,"_bbp_voice_count":0,"_bbp_anonymous_reply_count":0,"_bbp_topic_count_hidden":0,"_bbp_reply_count_hidden":0,"_bbp_forum_subforum_count":0},"categories":[18,92],"tags":[],"acf":[],"yoast_head":"<!-- This site is optimized with the Yoast SEO plugin v19.5.1 - https:\/\/yoast.com\/wordpress\/plugins\/seo\/ -->\n<title>Dysiaal 2: R\u00e9union de travail entre la R\u00e9gion F\u00e8s-Mekn\u00e8s et la r\u00e9gion Occitanie autour du projet - R\u00e9gion F\u00e8s Mekn\u00e8s<\/title>\n<meta name=\"robots\" content=\"index, follow, max-snippet:-1, max-image-preview:large, max-video-preview:-1\" \/>\n<link rel=\"canonical\" href=\"https:\/\/www.region-fes-meknes.ma\/fr\/actualites\/dysiaal-2-reunion-de-travail-entre-la-region-fes-meknes-et-la-region-occitanie-autour-du-projet\/\" \/>\n<meta property=\"og:locale\" content=\"fr_FR\" \/>\n<meta property=\"og:type\" content=\"article\" \/>\n<meta property=\"og:title\" content=\"Dysiaal 2: R\u00e9union de travail entre la R\u00e9gion F\u00e8s-Mekn\u00e8s et la r\u00e9gion Occitanie autour du projet - R\u00e9gion F\u00e8s Mekn\u00e8s\" \/>\n<meta property=\"og:description\" content=\"Dans le cadre du projet \u00ab\u00a0Dysiall \u00a02, Dynamique de soutien \u00e0 l\u2019innovation agroalimentaire du P\u00f4le Agrinova de F\u00e8s Mekn\u00e8s\u00a0\u00bb, port\u00e9 par la R\u00e9gion Occitanie et la R\u00e9gion F\u00e8s-Mekn\u00e8s et financ\u00e9 ...\" \/>\n<meta property=\"og:url\" content=\"https:\/\/www.region-fes-meknes.ma\/fr\/actualites\/dysiaal-2-reunion-de-travail-entre-la-region-fes-meknes-et-la-region-occitanie-autour-du-projet\/\" \/>\n<meta property=\"og:site_name\" content=\"R\u00e9gion F\u00e8s Mekn\u00e8s\" \/>\n<meta property=\"article:publisher\" content=\"https:\/\/www.facebook.com\/R%c3%a9gion-F%c3%a8s-Mekn%c3%a8s-1130195096990872\" \/>\n<meta property=\"article:published_time\" content=\"2021-06-24T14:56:15+00:00\" \/>\n<meta property=\"og:image\" content=\"https:\/\/www.region-fes-meknes.ma\/wp-content\/uploads\/2021\/06\/Capture.png\" \/>\n\t<meta property=\"og:image:width\" content=\"1477\" \/>\n\t<meta property=\"og:image:height\" content=\"797\" \/>\n\t<meta property=\"og:image:type\" content=\"image\/png\" \/>\n<meta name=\"author\" content=\"Zaynab Dhimene\" \/>\n<meta name=\"twitter:card\" content=\"summary_large_image\" \/>\n<meta name=\"twitter:label1\" content=\"\u00c9crit par\" \/>\n\t<meta name=\"twitter:data1\" content=\"Zaynab Dhimene\" \/>\n\t<meta name=\"twitter:label2\" content=\"Dur\u00e9e de lecture estim\u00e9e\" \/>\n\t<meta name=\"twitter:data2\" content=\"1 minute\" \/>\n<script type=\"application\/ld+json\" class=\"yoast-schema-graph\">{\"@context\":\"https:\/\/schema.org\",\"@graph\":[{\"@type\":\"Article\",\"@id\":\"https:\/\/www.region-fes-meknes.ma\/fr\/actualites\/dysiaal-2-reunion-de-travail-entre-la-region-fes-meknes-et-la-region-occitanie-autour-du-projet\/#article\",\"isPartOf\":{\"@id\":\"https:\/\/www.region-fes-meknes.ma\/fr\/actualites\/dysiaal-2-reunion-de-travail-entre-la-region-fes-meknes-et-la-region-occitanie-autour-du-projet\/\"},\"author\":{\"name\":\"Zaynab Dhimene\",\"@id\":\"https:\/\/www.region-fes-meknes.ma\/#\/schema\/person\/0f39741727e5e507b0f585d8ea23e359\"},\"headline\":\"Dysiaal 2: R\u00e9union de travail entre la R\u00e9gion F\u00e8s-Mekn\u00e8s et la r\u00e9gion Occitanie autour du projet\",\"datePublished\":\"2021-06-24T14:56:15+00:00\",\"dateModified\":\"2021-06-24T14:56:15+00:00\",\"mainEntityOfPage\":{\"@id\":\"https:\/\/www.region-fes-meknes.ma\/fr\/actualites\/dysiaal-2-reunion-de-travail-entre-la-region-fes-meknes-et-la-region-occitanie-autour-du-projet\/\"},\"wordCount\":144,\"commentCount\":0,\"publisher\":{\"@id\":\"https:\/\/www.region-fes-meknes.ma\/#organization\"},\"articleSection\":[\"Actualit\u00e9s\",\"Coop\u00e9ration\"],\"inLanguage\":\"fr-FR\",\"potentialAction\":[{\"@type\":\"CommentAction\",\"name\":\"Comment\",\"target\":[\"https:\/\/www.region-fes-meknes.ma\/fr\/actualites\/dysiaal-2-reunion-de-travail-entre-la-region-fes-meknes-et-la-region-occitanie-autour-du-projet\/#respond\"]}]},{\"@type\":\"WebPage\",\"@id\":\"https:\/\/www.region-fes-meknes.ma\/fr\/actualites\/dysiaal-2-reunion-de-travail-entre-la-region-fes-meknes-et-la-region-occitanie-autour-du-projet\/\",\"url\":\"https:\/\/www.region-fes-meknes.ma\/fr\/actualites\/dysiaal-2-reunion-de-travail-entre-la-region-fes-meknes-et-la-region-occitanie-autour-du-projet\/\",\"name\":\"Dysiaal 2: R\u00e9union de travail entre la R\u00e9gion F\u00e8s-Mekn\u00e8s et la r\u00e9gion Occitanie autour du projet - R\u00e9gion F\u00e8s Mekn\u00e8s\",\"isPartOf\":{\"@id\":\"https:\/\/www.region-fes-meknes.ma\/#website\"},\"datePublished\":\"2021-06-24T14:56:15+00:00\",\"dateModified\":\"2021-06-24T14:56:15+00:00\",\"breadcrumb\":{\"@id\":\"https:\/\/www.region-fes-meknes.ma\/fr\/actualites\/dysiaal-2-reunion-de-travail-entre-la-region-fes-meknes-et-la-region-occitanie-autour-du-projet\/#breadcrumb\"},\"inLanguage\":\"fr-FR\",\"potentialAction\":[{\"@type\":\"ReadAction\",\"target\":[\"https:\/\/www.region-fes-meknes.ma\/fr\/actualites\/dysiaal-2-reunion-de-travail-entre-la-region-fes-meknes-et-la-region-occitanie-autour-du-projet\/\"]}]},{\"@type\":\"BreadcrumbList\",\"@id\":\"https:\/\/www.region-fes-meknes.ma\/fr\/actualites\/dysiaal-2-reunion-de-travail-entre-la-region-fes-meknes-et-la-region-occitanie-autour-du-projet\/#breadcrumb\",\"itemListElement\":[{\"@type\":\"ListItem\",\"position\":1,\"name\":\"Accueil\",\"item\":\"https:\/\/www.region-fes-meknes.ma\/fr\/\"},{\"@type\":\"ListItem\",\"position\":2,\"name\":\"Dysiaal 2: R\u00e9union de travail entre la R\u00e9gion F\u00e8s-Mekn\u00e8s et la r\u00e9gion Occitanie autour du projet\"}]},{\"@type\":\"WebSite\",\"@id\":\"https:\/\/www.region-fes-meknes.ma\/#website\",\"url\":\"https:\/\/www.region-fes-meknes.ma\/\",\"name\":\"Portail de la R\u00e9gion F\u00e8s-Mekn\u00e8s\",\"description\":\"Site officiel de la r\u00e9gion F\u00e8s-Mekn\u00e8s.\",\"publisher\":{\"@id\":\"https:\/\/www.region-fes-meknes.ma\/#organization\"},\"potentialAction\":[{\"@type\":\"SearchAction\",\"target\":{\"@type\":\"EntryPoint\",\"urlTemplate\":\"https:\/\/www.region-fes-meknes.ma\/?s={search_term_string}\"},\"query-input\":\"required name=search_term_string\"}],\"inLanguage\":\"fr-FR\"},{\"@type\":\"Organization\",\"@id\":\"https:\/\/www.region-fes-meknes.ma\/#organization\",\"name\":\"R\u00e9gion F\u00e8s M\u00e8kn\u00e8s\",\"url\":\"https:\/\/www.region-fes-meknes.ma\/\",\"sameAs\":[\"https:\/\/www.facebook.com\/R\u00e9gion-F\u00e8s-Mekn\u00e8s-1130195096990872\"],\"logo\":{\"@type\":\"ImageObject\",\"inLanguage\":\"fr-FR\",\"@id\":\"https:\/\/www.region-fes-meknes.ma\/#\/schema\/logo\/image\/\",\"url\":\"http:\/\/www.region-fes-meknes.ma\/wp-content\/uploads\/2017\/10\/logo-rfm4.png\",\"contentUrl\":\"http:\/\/www.region-fes-meknes.ma\/wp-content\/uploads\/2017\/10\/logo-rfm4.png\",\"width\":304,\"height\":291,\"caption\":\"R\u00e9gion F\u00e8s M\u00e8kn\u00e8s\"},\"image\":{\"@id\":\"https:\/\/www.region-fes-meknes.ma\/#\/schema\/logo\/image\/\"}},{\"@type\":\"Person\",\"@id\":\"https:\/\/www.region-fes-meknes.ma\/#\/schema\/person\/0f39741727e5e507b0f585d8ea23e359\",\"name\":\"Zaynab Dhimene\",\"image\":{\"@type\":\"ImageObject\",\"inLanguage\":\"fr-FR\",\"@id\":\"https:\/\/www.region-fes-meknes.ma\/#\/schema\/person\/image\/\",\"url\":\"https:\/\/secure.gravatar.com\/avatar\/c668cebb47e2644c6dfb9d8f5a83fb03?s=96&d=mm&r=g\",\"contentUrl\":\"https:\/\/secure.gravatar.com\/avatar\/c668cebb47e2644c6dfb9d8f5a83fb03?s=96&d=mm&r=g\",\"caption\":\"Zaynab Dhimene\"}}]}<\/script>\n<!-- \/ Yoast SEO plugin. -->","yoast_head_json":{"title":"Dysiaal 2: R\u00e9union de travail entre la R\u00e9gion F\u00e8s-Mekn\u00e8s et la r\u00e9gion Occitanie autour du projet - R\u00e9gion F\u00e8s Mekn\u00e8s","robots":{"index":"index","follow":"follow","max-snippet":"max-snippet:-1","max-image-preview":"max-image-preview:large","max-video-preview":"max-video-preview:-1"},"canonical":"https:\/\/www.region-fes-meknes.ma\/fr\/actualites\/dysiaal-2-reunion-de-travail-entre-la-region-fes-meknes-et-la-region-occitanie-autour-du-projet\/","og_locale":"fr_FR","og_type":"article","og_title":"Dysiaal 2: R\u00e9union de travail entre la R\u00e9gion F\u00e8s-Mekn\u00e8s et la r\u00e9gion Occitanie autour du projet - R\u00e9gion F\u00e8s Mekn\u00e8s","og_description":"Dans le cadre du projet \u00ab\u00a0Dysiall \u00a02, Dynamique de soutien \u00e0 l\u2019innovation agroalimentaire du P\u00f4le Agrinova de F\u00e8s Mekn\u00e8s\u00a0\u00bb, port\u00e9 par la R\u00e9gion Occitanie et la R\u00e9gion F\u00e8s-Mekn\u00e8s et financ\u00e9 ...","og_url":"https:\/\/www.region-fes-meknes.ma\/fr\/actualites\/dysiaal-2-reunion-de-travail-entre-la-region-fes-meknes-et-la-region-occitanie-autour-du-projet\/","og_site_name":"R\u00e9gion F\u00e8s Mekn\u00e8s","article_publisher":"https:\/\/www.facebook.com\/R%c3%a9gion-F%c3%a8s-Mekn%c3%a8s-1130195096990872","article_published_time":"2021-06-24T14:56:15+00:00","og_image":[{"width":1477,"height":797,"url":"https:\/\/www.region-fes-meknes.ma\/wp-content\/uploads\/2021\/06\/Capture.png","type":"image\/png"}],"author":"Zaynab Dhimene","twitter_card":"summary_large_image","twitter_misc":{"\u00c9crit par":"Zaynab Dhimene","Dur\u00e9e de lecture estim\u00e9e":"1 minute"},"schema":{"@context":"https:\/\/schema.org","@graph":[{"@type":"Article","@id":"https:\/\/www.region-fes-meknes.ma\/fr\/actualites\/dysiaal-2-reunion-de-travail-entre-la-region-fes-meknes-et-la-region-occitanie-autour-du-projet\/#article","isPartOf":{"@id":"https:\/\/www.region-fes-meknes.ma\/fr\/actualites\/dysiaal-2-reunion-de-travail-entre-la-region-fes-meknes-et-la-region-occitanie-autour-du-projet\/"},"author":{"name":"Zaynab Dhimene","@id":"https:\/\/www.region-fes-meknes.ma\/#\/schema\/person\/0f39741727e5e507b0f585d8ea23e359"},"headline":"Dysiaal 2: R\u00e9union de travail entre la R\u00e9gion F\u00e8s-Mekn\u00e8s et la r\u00e9gion Occitanie autour du projet","datePublished":"2021-06-24T14:56:15+00:00","dateModified":"2021-06-24T14:56:15+00:00","mainEntityOfPage":{"@id":"https:\/\/www.region-fes-meknes.ma\/fr\/actualites\/dysiaal-2-reunion-de-travail-entre-la-region-fes-meknes-et-la-region-occitanie-autour-du-projet\/"},"wordCount":144,"commentCount":0,"publisher":{"@id":"https:\/\/www.region-fes-meknes.ma\/#organization"},"articleSection":["Actualit\u00e9s","Coop\u00e9ration"],"inLanguage":"fr-FR","potentialAction":[{"@type":"CommentAction","name":"Comment","target":["https:\/\/www.region-fes-meknes.ma\/fr\/actualites\/dysiaal-2-reunion-de-travail-entre-la-region-fes-meknes-et-la-region-occitanie-autour-du-projet\/#respond"]}]},{"@type":"WebPage","@id":"https:\/\/www.region-fes-meknes.ma\/fr\/actualites\/dysiaal-2-reunion-de-travail-entre-la-region-fes-meknes-et-la-region-occitanie-autour-du-projet\/","url":"https:\/\/www.region-fes-meknes.ma\/fr\/actualites\/dysiaal-2-reunion-de-travail-entre-la-region-fes-meknes-et-la-region-occitanie-autour-du-projet\/","name":"Dysiaal 2: R\u00e9union de travail entre la R\u00e9gion F\u00e8s-Mekn\u00e8s et la r\u00e9gion Occitanie autour du projet - R\u00e9gion F\u00e8s Mekn\u00e8s","isPartOf":{"@id":"https:\/\/www.region-fes-meknes.ma\/#website"},"datePublished":"2021-06-24T14:56:15+00:00","dateModified":"2021-06-24T14:56:15+00:00","breadcrumb":{"@id":"https:\/\/www.region-fes-meknes.ma\/fr\/actualites\/dysiaal-2-reunion-de-travail-entre-la-region-fes-meknes-et-la-region-occitanie-autour-du-projet\/#breadcrumb"},"inLanguage":"fr-FR","potentialAction":[{"@type":"ReadAction","target":["https:\/\/www.region-fes-meknes.ma\/fr\/actualites\/dysiaal-2-reunion-de-travail-entre-la-region-fes-meknes-et-la-region-occitanie-autour-du-projet\/"]}]},{"@type":"BreadcrumbList","@id":"https:\/\/www.region-fes-meknes.ma\/fr\/actualites\/dysiaal-2-reunion-de-travail-entre-la-region-fes-meknes-et-la-region-occitanie-autour-du-projet\/#breadcrumb","itemListElement":[{"@type":"ListItem","position":1,"name":"Accueil","item":"https:\/\/www.region-fes-meknes.ma\/fr\/"},{"@type":"ListItem","position":2,"name":"Dysiaal 2: R\u00e9union de travail entre la R\u00e9gion F\u00e8s-Mekn\u00e8s et la r\u00e9gion Occitanie autour du projet"}]},{"@type":"WebSite","@id":"https:\/\/www.region-fes-meknes.ma\/#website","url":"https:\/\/www.region-fes-meknes.ma\/","name":"Portail de la R\u00e9gion F\u00e8s-Mekn\u00e8s","description":"Site officiel de la r\u00e9gion F\u00e8s-Mekn\u00e8s.","publisher":{"@id":"https:\/\/www.region-fes-meknes.ma\/#organization"},"potentialAction":[{"@type":"SearchAction","target":{"@type":"EntryPoint","urlTemplate":"https:\/\/www.region-fes-meknes.ma\/?s={search_term_string}"},"query-input":"required name=search_term_string"}],"inLanguage":"fr-FR"},{"@type":"Organization","@id":"https:\/\/www.region-fes-meknes.ma\/#organization","name":"R\u00e9gion F\u00e8s M\u00e8kn\u00e8s","url":"https:\/\/www.region-fes-meknes.ma\/","sameAs":["https:\/\/www.facebook.com\/R\u00e9gion-F\u00e8s-Mekn\u00e8s-1130195096990872"],"logo":{"@type":"ImageObject","inLanguage":"fr-FR","@id":"https:\/\/www.region-fes-meknes.ma\/#\/schema\/logo\/image\/","url":"http:\/\/www.region-fes-meknes.ma\/wp-content\/uploads\/2017\/10\/logo-rfm4.png","contentUrl":"http:\/\/www.region-fes-meknes.ma\/wp-content\/uploads\/2017\/10\/logo-rfm4.png","width":304,"height":291,"caption":"R\u00e9gion F\u00e8s M\u00e8kn\u00e8s"},"image":{"@id":"https:\/\/www.region-fes-meknes.ma\/#\/schema\/logo\/image\/"}},{"@type":"Person","@id":"https:\/\/www.region-fes-meknes.ma\/#\/schema\/person\/0f39741727e5e507b0f585d8ea23e359","name":"Zaynab Dhimene","image":{"@type":"ImageObject","inLanguage":"fr-FR","@id":"https:\/\/www.region-fes-meknes.ma\/#\/schema\/person\/image\/","url":"https:\/\/secure.gravatar.com\/avatar\/c668cebb47e2644c6dfb9d8f5a83fb03?s=96&d=mm&r=g","contentUrl":"https:\/\/secure.gravatar.com\/avatar\/c668cebb47e2644c6dfb9d8f5a83fb03?s=96&d=mm&r=g","caption":"Zaynab Dhimene"}}]}},"_links":{"self":[{"href":"https:\/\/www.region-fes-meknes.ma\/fr\/wp-json\/wp\/v2\/posts\/18461"}],"collection":[{"href":"https:\/\/www.region-fes-meknes.ma\/fr\/wp-json\/wp\/v2\/posts"}],"about":[{"href":"https:\/\/www.region-fes-meknes.ma\/fr\/wp-json\/wp\/v2\/types\/post"}],"author":[{"embeddable":true,"href":"https:\/\/www.region-fes-meknes.ma\/fr\/wp-json\/wp\/v2\/users\/76"}],"replies":[{"embeddable":true,"href":"https:\/\/www.region-fes-meknes.ma\/fr\/wp-json\/wp\/v2\/comments?post=18461"}],"version-history":[{"count":1,"href":"https:\/\/www.region-fes-meknes.ma\/fr\/wp-json\/wp\/v2\/posts\/18461\/revisions"}],"predecessor-version":[{"id":18464,"href":"https:\/\/www.region-fes-meknes.ma\/fr\/wp-json\/wp\/v2\/posts\/18461\/revisions\/18464"}],"wp:featuredmedia":[{"embeddable":true,"href":"https:\/\/www.region-fes-meknes.ma\/fr\/wp-json\/wp\/v2\/media\/18462"}],"wp:attachment":[{"href":"https:\/\/www.region-fes-meknes.ma\/fr\/wp-json\/wp\/v2\/media?parent=18461"}],"wp:term":[{"taxonomy":"category","embeddable":true,"href":"https:\/\/www.region-fes-meknes.ma\/fr\/wp-json\/wp\/v2\/categories?post=18461"},{"taxonomy":"post_tag","embeddable":true,"href":"https:\/\/www.region-fes-meknes.ma\/fr\/wp-json\/wp\/v2\/tags?post=18461"}],"curies":[{"name":"wp","href":"https:\/\/api.w.org\/{rel}","templated":true}]}}