{"id":18653,"date":"2021-08-02T13:20:32","date_gmt":"2021-08-02T12:20:32","guid":{"rendered":"http:\/\/www.region-fes-meknes.ma\/?p=18653"},"modified":"2021-08-02T13:24:19","modified_gmt":"2021-08-02T12:24:19","slug":"achevement-des-travaux-dalimentation-en-eau-potable-du-douar-ain-baida-a-la-commune-de-ain-cheggag-province-de-sefrou","status":"publish","type":"post","link":"https:\/\/www.region-fes-meknes.ma\/fr\/actualites\/achevement-des-travaux-dalimentation-en-eau-potable-du-douar-ain-baida-a-la-commune-de-ain-cheggag-province-de-sefrou\/","title":{"rendered":"Ach\u00e8vement des travaux d\u2019alimentation en eau potable du douar Ain Baida \u00e0 la commune de Ain Cheggag \u2013 Province de Sefrou"},"content":{"rendered":"<p>Il a \u00e9t\u00e9 proc\u00e9d\u00e9 \u00e0 l\u2019ach\u00e8vement des travaux relatifs \u00e0 l\u2019alimentation en eau potable du douar Ain Baida relevant de la commune de Ain Cheggag \u2013 Province de Sefrou \u2013 pour un investissement de 2.83 MDH financ\u00e9 par le conseil de la r\u00e9gion F\u00e8s-Mekn\u00e8s.<\/p>\n<p>Lesdits travaux ont concern\u00e9 la construction d\u2019un ch\u00e2teau d\u2019eau semi-enterr\u00e9 pouvant contenir jusqu\u2019\u00e0 150 m<sup>3 <\/sup>d\u2019eau, en plus d\u2019une station de pompage d\u2019un d\u00e9bit de 10 litres par seconde permettant ainsi, \u00e0 plus de 200 m\u00e9nages de b\u00e9n\u00e9ficier du service d\u2019adduction en eau potable via la liaison par un r\u00e9seau de distribution individuelle.<\/p>\n<p>Le projet a \u00e9t\u00e9 ex\u00e9cut\u00e9 sous la supervision technique de l\u2019AREP-FM assist\u00e9e par les \u00e9quipes de l\u2019ONEE \u2013 Branche Eau.<\/p>\n","protected":false},"excerpt":{"rendered":"<p>Il a \u00e9t\u00e9 proc\u00e9d\u00e9 \u00e0 l\u2019ach\u00e8vement des travaux relatifs \u00e0 l\u2019alimentation en eau potable du douar Ain Baida relevant de la commune de Ain Cheggag \u2013 Province de Sefrou \u2013 &#8230;<\/p>\n","protected":false},"author":76,"featured_media":18647,"comment_status":"open","ping_status":"closed","sticky":false,"template":"","format":"standard","meta":{"_bbp_topic_count":0,"_bbp_reply_count":0,"_bbp_total_topic_count":0,"_bbp_total_reply_count":0,"_bbp_voice_count":0,"_bbp_anonymous_reply_count":0,"_bbp_topic_count_hidden":0,"_bbp_reply_count_hidden":0,"_bbp_forum_subforum_count":0},"categories":[18],"tags":[],"acf":[],"yoast_head":"<!-- This site is optimized with the Yoast SEO plugin v19.5.1 - https:\/\/yoast.com\/wordpress\/plugins\/seo\/ -->\n<title>Ach\u00e8vement des travaux d\u2019alimentation en eau potable du douar Ain Baida \u00e0 la commune de Ain Cheggag \u2013 Province de Sefrou - R\u00e9gion F\u00e8s Mekn\u00e8s<\/title>\n<meta name=\"robots\" content=\"index, follow, max-snippet:-1, max-image-preview:large, max-video-preview:-1\" \/>\n<link rel=\"canonical\" href=\"https:\/\/www.region-fes-meknes.ma\/fr\/actualites\/achevement-des-travaux-dalimentation-en-eau-potable-du-douar-ain-baida-a-la-commune-de-ain-cheggag-province-de-sefrou\/\" \/>\n<meta property=\"og:locale\" content=\"fr_FR\" \/>\n<meta property=\"og:type\" content=\"article\" \/>\n<meta property=\"og:title\" content=\"Ach\u00e8vement des travaux d\u2019alimentation en eau potable du douar Ain Baida \u00e0 la commune de Ain Cheggag \u2013 Province de Sefrou - R\u00e9gion F\u00e8s Mekn\u00e8s\" \/>\n<meta property=\"og:description\" content=\"Il a \u00e9t\u00e9 proc\u00e9d\u00e9 \u00e0 l\u2019ach\u00e8vement des travaux relatifs \u00e0 l\u2019alimentation en eau potable du douar Ain Baida relevant de la commune de Ain Cheggag \u2013 Province de Sefrou \u2013 ...\" \/>\n<meta property=\"og:url\" content=\"https:\/\/www.region-fes-meknes.ma\/fr\/actualites\/achevement-des-travaux-dalimentation-en-eau-potable-du-douar-ain-baida-a-la-commune-de-ain-cheggag-province-de-sefrou\/\" \/>\n<meta property=\"og:site_name\" content=\"R\u00e9gion F\u00e8s Mekn\u00e8s\" \/>\n<meta property=\"article:publisher\" content=\"https:\/\/www.facebook.com\/R%c3%a9gion-F%c3%a8s-Mekn%c3%a8s-1130195096990872\" \/>\n<meta property=\"article:published_time\" content=\"2021-08-02T12:20:32+00:00\" \/>\n<meta property=\"article:modified_time\" content=\"2021-08-02T12:24:19+00:00\" \/>\n<meta property=\"og:image\" content=\"https:\/\/www.region-fes-meknes.ma\/wp-content\/uploads\/2021\/08\/A-1024x768.jpg\" \/>\n\t<meta property=\"og:image:width\" content=\"1024\" \/>\n\t<meta property=\"og:image:height\" content=\"768\" \/>\n\t<meta property=\"og:image:type\" content=\"image\/jpeg\" \/>\n<meta name=\"author\" content=\"Zaynab Dhimene\" \/>\n<meta name=\"twitter:card\" content=\"summary_large_image\" \/>\n<meta name=\"twitter:label1\" content=\"\u00c9crit par\" \/>\n\t<meta name=\"twitter:data1\" content=\"Zaynab Dhimene\" \/>\n\t<meta name=\"twitter:label2\" content=\"Dur\u00e9e de lecture estim\u00e9e\" \/>\n\t<meta name=\"twitter:data2\" content=\"1 minute\" \/>\n<script type=\"application\/ld+json\" class=\"yoast-schema-graph\">{\"@context\":\"https:\/\/schema.org\",\"@graph\":[{\"@type\":\"Article\",\"@id\":\"https:\/\/www.region-fes-meknes.ma\/fr\/actualites\/achevement-des-travaux-dalimentation-en-eau-potable-du-douar-ain-baida-a-la-commune-de-ain-cheggag-province-de-sefrou\/#article\",\"isPartOf\":{\"@id\":\"https:\/\/www.region-fes-meknes.ma\/fr\/actualites\/achevement-des-travaux-dalimentation-en-eau-potable-du-douar-ain-baida-a-la-commune-de-ain-cheggag-province-de-sefrou\/\"},\"author\":{\"name\":\"Zaynab Dhimene\",\"@id\":\"https:\/\/www.region-fes-meknes.ma\/#\/schema\/person\/0f39741727e5e507b0f585d8ea23e359\"},\"headline\":\"Ach\u00e8vement des travaux d\u2019alimentation en eau potable du douar Ain Baida \u00e0 la commune de Ain Cheggag \u2013 Province de Sefrou\",\"datePublished\":\"2021-08-02T12:20:32+00:00\",\"dateModified\":\"2021-08-02T12:24:19+00:00\",\"mainEntityOfPage\":{\"@id\":\"https:\/\/www.region-fes-meknes.ma\/fr\/actualites\/achevement-des-travaux-dalimentation-en-eau-potable-du-douar-ain-baida-a-la-commune-de-ain-cheggag-province-de-sefrou\/\"},\"wordCount\":151,\"commentCount\":0,\"publisher\":{\"@id\":\"https:\/\/www.region-fes-meknes.ma\/#organization\"},\"articleSection\":[\"Actualit\u00e9s\"],\"inLanguage\":\"fr-FR\",\"potentialAction\":[{\"@type\":\"CommentAction\",\"name\":\"Comment\",\"target\":[\"https:\/\/www.region-fes-meknes.ma\/fr\/actualites\/achevement-des-travaux-dalimentation-en-eau-potable-du-douar-ain-baida-a-la-commune-de-ain-cheggag-province-de-sefrou\/#respond\"]}]},{\"@type\":\"WebPage\",\"@id\":\"https:\/\/www.region-fes-meknes.ma\/fr\/actualites\/achevement-des-travaux-dalimentation-en-eau-potable-du-douar-ain-baida-a-la-commune-de-ain-cheggag-province-de-sefrou\/\",\"url\":\"https:\/\/www.region-fes-meknes.ma\/fr\/actualites\/achevement-des-travaux-dalimentation-en-eau-potable-du-douar-ain-baida-a-la-commune-de-ain-cheggag-province-de-sefrou\/\",\"name\":\"Ach\u00e8vement des travaux d\u2019alimentation en eau potable du douar Ain Baida \u00e0 la commune de Ain Cheggag \u2013 Province de Sefrou - R\u00e9gion F\u00e8s Mekn\u00e8s\",\"isPartOf\":{\"@id\":\"https:\/\/www.region-fes-meknes.ma\/#website\"},\"datePublished\":\"2021-08-02T12:20:32+00:00\",\"dateModified\":\"2021-08-02T12:24:19+00:00\",\"breadcrumb\":{\"@id\":\"https:\/\/www.region-fes-meknes.ma\/fr\/actualites\/achevement-des-travaux-dalimentation-en-eau-potable-du-douar-ain-baida-a-la-commune-de-ain-cheggag-province-de-sefrou\/#breadcrumb\"},\"inLanguage\":\"fr-FR\",\"potentialAction\":[{\"@type\":\"ReadAction\",\"target\":[\"https:\/\/www.region-fes-meknes.ma\/fr\/actualites\/achevement-des-travaux-dalimentation-en-eau-potable-du-douar-ain-baida-a-la-commune-de-ain-cheggag-province-de-sefrou\/\"]}]},{\"@type\":\"BreadcrumbList\",\"@id\":\"https:\/\/www.region-fes-meknes.ma\/fr\/actualites\/achevement-des-travaux-dalimentation-en-eau-potable-du-douar-ain-baida-a-la-commune-de-ain-cheggag-province-de-sefrou\/#breadcrumb\",\"itemListElement\":[{\"@type\":\"ListItem\",\"position\":1,\"name\":\"Accueil\",\"item\":\"https:\/\/www.region-fes-meknes.ma\/fr\/\"},{\"@type\":\"ListItem\",\"position\":2,\"name\":\"Ach\u00e8vement des travaux d\u2019alimentation en eau potable du douar Ain Baida \u00e0 la commune de Ain Cheggag \u2013 Province de Sefrou\"}]},{\"@type\":\"WebSite\",\"@id\":\"https:\/\/www.region-fes-meknes.ma\/#website\",\"url\":\"https:\/\/www.region-fes-meknes.ma\/\",\"name\":\"Portail de la R\u00e9gion F\u00e8s-Mekn\u00e8s\",\"description\":\"Site officiel de la r\u00e9gion F\u00e8s-Mekn\u00e8s.\",\"publisher\":{\"@id\":\"https:\/\/www.region-fes-meknes.ma\/#organization\"},\"potentialAction\":[{\"@type\":\"SearchAction\",\"target\":{\"@type\":\"EntryPoint\",\"urlTemplate\":\"https:\/\/www.region-fes-meknes.ma\/?s={search_term_string}\"},\"query-input\":\"required name=search_term_string\"}],\"inLanguage\":\"fr-FR\"},{\"@type\":\"Organization\",\"@id\":\"https:\/\/www.region-fes-meknes.ma\/#organization\",\"name\":\"R\u00e9gion F\u00e8s M\u00e8kn\u00e8s\",\"url\":\"https:\/\/www.region-fes-meknes.ma\/\",\"sameAs\":[\"https:\/\/www.facebook.com\/R\u00e9gion-F\u00e8s-Mekn\u00e8s-1130195096990872\"],\"logo\":{\"@type\":\"ImageObject\",\"inLanguage\":\"fr-FR\",\"@id\":\"https:\/\/www.region-fes-meknes.ma\/#\/schema\/logo\/image\/\",\"url\":\"http:\/\/www.region-fes-meknes.ma\/wp-content\/uploads\/2017\/10\/logo-rfm4.png\",\"contentUrl\":\"http:\/\/www.region-fes-meknes.ma\/wp-content\/uploads\/2017\/10\/logo-rfm4.png\",\"width\":304,\"height\":291,\"caption\":\"R\u00e9gion F\u00e8s M\u00e8kn\u00e8s\"},\"image\":{\"@id\":\"https:\/\/www.region-fes-meknes.ma\/#\/schema\/logo\/image\/\"}},{\"@type\":\"Person\",\"@id\":\"https:\/\/www.region-fes-meknes.ma\/#\/schema\/person\/0f39741727e5e507b0f585d8ea23e359\",\"name\":\"Zaynab Dhimene\",\"image\":{\"@type\":\"ImageObject\",\"inLanguage\":\"fr-FR\",\"@id\":\"https:\/\/www.region-fes-meknes.ma\/#\/schema\/person\/image\/\",\"url\":\"https:\/\/secure.gravatar.com\/avatar\/c668cebb47e2644c6dfb9d8f5a83fb03?s=96&d=mm&r=g\",\"contentUrl\":\"https:\/\/secure.gravatar.com\/avatar\/c668cebb47e2644c6dfb9d8f5a83fb03?s=96&d=mm&r=g\",\"caption\":\"Zaynab Dhimene\"}}]}<\/script>\n<!-- \/ Yoast SEO plugin. -->","yoast_head_json":{"title":"Ach\u00e8vement des travaux d\u2019alimentation en eau potable du douar Ain Baida \u00e0 la commune de Ain Cheggag \u2013 Province de Sefrou - R\u00e9gion F\u00e8s Mekn\u00e8s","robots":{"index":"index","follow":"follow","max-snippet":"max-snippet:-1","max-image-preview":"max-image-preview:large","max-video-preview":"max-video-preview:-1"},"canonical":"https:\/\/www.region-fes-meknes.ma\/fr\/actualites\/achevement-des-travaux-dalimentation-en-eau-potable-du-douar-ain-baida-a-la-commune-de-ain-cheggag-province-de-sefrou\/","og_locale":"fr_FR","og_type":"article","og_title":"Ach\u00e8vement des travaux d\u2019alimentation en eau potable du douar Ain Baida \u00e0 la commune de Ain Cheggag \u2013 Province de Sefrou - R\u00e9gion F\u00e8s Mekn\u00e8s","og_description":"Il a \u00e9t\u00e9 proc\u00e9d\u00e9 \u00e0 l\u2019ach\u00e8vement des travaux relatifs \u00e0 l\u2019alimentation en eau potable du douar Ain Baida relevant de la commune de Ain Cheggag \u2013 Province de Sefrou \u2013 ...","og_url":"https:\/\/www.region-fes-meknes.ma\/fr\/actualites\/achevement-des-travaux-dalimentation-en-eau-potable-du-douar-ain-baida-a-la-commune-de-ain-cheggag-province-de-sefrou\/","og_site_name":"R\u00e9gion F\u00e8s Mekn\u00e8s","article_publisher":"https:\/\/www.facebook.com\/R%c3%a9gion-F%c3%a8s-Mekn%c3%a8s-1130195096990872","article_published_time":"2021-08-02T12:20:32+00:00","article_modified_time":"2021-08-02T12:24:19+00:00","og_image":[{"width":1024,"height":768,"url":"https:\/\/www.region-fes-meknes.ma\/wp-content\/uploads\/2021\/08\/A-1024x768.jpg","type":"image\/jpeg"}],"author":"Zaynab Dhimene","twitter_card":"summary_large_image","twitter_misc":{"\u00c9crit par":"Zaynab Dhimene","Dur\u00e9e de lecture estim\u00e9e":"1 minute"},"schema":{"@context":"https:\/\/schema.org","@graph":[{"@type":"Article","@id":"https:\/\/www.region-fes-meknes.ma\/fr\/actualites\/achevement-des-travaux-dalimentation-en-eau-potable-du-douar-ain-baida-a-la-commune-de-ain-cheggag-province-de-sefrou\/#article","isPartOf":{"@id":"https:\/\/www.region-fes-meknes.ma\/fr\/actualites\/achevement-des-travaux-dalimentation-en-eau-potable-du-douar-ain-baida-a-la-commune-de-ain-cheggag-province-de-sefrou\/"},"author":{"name":"Zaynab Dhimene","@id":"https:\/\/www.region-fes-meknes.ma\/#\/schema\/person\/0f39741727e5e507b0f585d8ea23e359"},"headline":"Ach\u00e8vement des travaux d\u2019alimentation en eau potable du douar Ain Baida \u00e0 la commune de Ain Cheggag \u2013 Province de Sefrou","datePublished":"2021-08-02T12:20:32+00:00","dateModified":"2021-08-02T12:24:19+00:00","mainEntityOfPage":{"@id":"https:\/\/www.region-fes-meknes.ma\/fr\/actualites\/achevement-des-travaux-dalimentation-en-eau-potable-du-douar-ain-baida-a-la-commune-de-ain-cheggag-province-de-sefrou\/"},"wordCount":151,"commentCount":0,"publisher":{"@id":"https:\/\/www.region-fes-meknes.ma\/#organization"},"articleSection":["Actualit\u00e9s"],"inLanguage":"fr-FR","potentialAction":[{"@type":"CommentAction","name":"Comment","target":["https:\/\/www.region-fes-meknes.ma\/fr\/actualites\/achevement-des-travaux-dalimentation-en-eau-potable-du-douar-ain-baida-a-la-commune-de-ain-cheggag-province-de-sefrou\/#respond"]}]},{"@type":"WebPage","@id":"https:\/\/www.region-fes-meknes.ma\/fr\/actualites\/achevement-des-travaux-dalimentation-en-eau-potable-du-douar-ain-baida-a-la-commune-de-ain-cheggag-province-de-sefrou\/","url":"https:\/\/www.region-fes-meknes.ma\/fr\/actualites\/achevement-des-travaux-dalimentation-en-eau-potable-du-douar-ain-baida-a-la-commune-de-ain-cheggag-province-de-sefrou\/","name":"Ach\u00e8vement des travaux d\u2019alimentation en eau potable du douar Ain Baida \u00e0 la commune de Ain Cheggag \u2013 Province de Sefrou - R\u00e9gion F\u00e8s Mekn\u00e8s","isPartOf":{"@id":"https:\/\/www.region-fes-meknes.ma\/#website"},"datePublished":"2021-08-02T12:20:32+00:00","dateModified":"2021-08-02T12:24:19+00:00","breadcrumb":{"@id":"https:\/\/www.region-fes-meknes.ma\/fr\/actualites\/achevement-des-travaux-dalimentation-en-eau-potable-du-douar-ain-baida-a-la-commune-de-ain-cheggag-province-de-sefrou\/#breadcrumb"},"inLanguage":"fr-FR","potentialAction":[{"@type":"ReadAction","target":["https:\/\/www.region-fes-meknes.ma\/fr\/actualites\/achevement-des-travaux-dalimentation-en-eau-potable-du-douar-ain-baida-a-la-commune-de-ain-cheggag-province-de-sefrou\/"]}]},{"@type":"BreadcrumbList","@id":"https:\/\/www.region-fes-meknes.ma\/fr\/actualites\/achevement-des-travaux-dalimentation-en-eau-potable-du-douar-ain-baida-a-la-commune-de-ain-cheggag-province-de-sefrou\/#breadcrumb","itemListElement":[{"@type":"ListItem","position":1,"name":"Accueil","item":"https:\/\/www.region-fes-meknes.ma\/fr\/"},{"@type":"ListItem","position":2,"name":"Ach\u00e8vement des travaux d\u2019alimentation en eau potable du douar Ain Baida \u00e0 la commune de Ain Cheggag \u2013 Province de Sefrou"}]},{"@type":"WebSite","@id":"https:\/\/www.region-fes-meknes.ma\/#website","url":"https:\/\/www.region-fes-meknes.ma\/","name":"Portail de la R\u00e9gion F\u00e8s-Mekn\u00e8s","description":"Site officiel de la r\u00e9gion F\u00e8s-Mekn\u00e8s.","publisher":{"@id":"https:\/\/www.region-fes-meknes.ma\/#organization"},"potentialAction":[{"@type":"SearchAction","target":{"@type":"EntryPoint","urlTemplate":"https:\/\/www.region-fes-meknes.ma\/?s={search_term_string}"},"query-input":"required name=search_term_string"}],"inLanguage":"fr-FR"},{"@type":"Organization","@id":"https:\/\/www.region-fes-meknes.ma\/#organization","name":"R\u00e9gion F\u00e8s M\u00e8kn\u00e8s","url":"https:\/\/www.region-fes-meknes.ma\/","sameAs":["https:\/\/www.facebook.com\/R\u00e9gion-F\u00e8s-Mekn\u00e8s-1130195096990872"],"logo":{"@type":"ImageObject","inLanguage":"fr-FR","@id":"https:\/\/www.region-fes-meknes.ma\/#\/schema\/logo\/image\/","url":"http:\/\/www.region-fes-meknes.ma\/wp-content\/uploads\/2017\/10\/logo-rfm4.png","contentUrl":"http:\/\/www.region-fes-meknes.ma\/wp-content\/uploads\/2017\/10\/logo-rfm4.png","width":304,"height":291,"caption":"R\u00e9gion F\u00e8s M\u00e8kn\u00e8s"},"image":{"@id":"https:\/\/www.region-fes-meknes.ma\/#\/schema\/logo\/image\/"}},{"@type":"Person","@id":"https:\/\/www.region-fes-meknes.ma\/#\/schema\/person\/0f39741727e5e507b0f585d8ea23e359","name":"Zaynab Dhimene","image":{"@type":"ImageObject","inLanguage":"fr-FR","@id":"https:\/\/www.region-fes-meknes.ma\/#\/schema\/person\/image\/","url":"https:\/\/secure.gravatar.com\/avatar\/c668cebb47e2644c6dfb9d8f5a83fb03?s=96&d=mm&r=g","contentUrl":"https:\/\/secure.gravatar.com\/avatar\/c668cebb47e2644c6dfb9d8f5a83fb03?s=96&d=mm&r=g","caption":"Zaynab Dhimene"}}]}},"_links":{"self":[{"href":"https:\/\/www.region-fes-meknes.ma\/fr\/wp-json\/wp\/v2\/posts\/18653"}],"collection":[{"href":"https:\/\/www.region-fes-meknes.ma\/fr\/wp-json\/wp\/v2\/posts"}],"about":[{"href":"https:\/\/www.region-fes-meknes.ma\/fr\/wp-json\/wp\/v2\/types\/post"}],"author":[{"embeddable":true,"href":"https:\/\/www.region-fes-meknes.ma\/fr\/wp-json\/wp\/v2\/users\/76"}],"replies":[{"embeddable":true,"href":"https:\/\/www.region-fes-meknes.ma\/fr\/wp-json\/wp\/v2\/comments?post=18653"}],"version-history":[{"count":1,"href":"https:\/\/www.region-fes-meknes.ma\/fr\/wp-json\/wp\/v2\/posts\/18653\/revisions"}],"predecessor-version":[{"id":18654,"href":"https:\/\/www.region-fes-meknes.ma\/fr\/wp-json\/wp\/v2\/posts\/18653\/revisions\/18654"}],"wp:featuredmedia":[{"embeddable":true,"href":"https:\/\/www.region-fes-meknes.ma\/fr\/wp-json\/wp\/v2\/media\/18647"}],"wp:attachment":[{"href":"https:\/\/www.region-fes-meknes.ma\/fr\/wp-json\/wp\/v2\/media?parent=18653"}],"wp:term":[{"taxonomy":"category","embeddable":true,"href":"https:\/\/www.region-fes-meknes.ma\/fr\/wp-json\/wp\/v2\/categories?post=18653"},{"taxonomy":"post_tag","embeddable":true,"href":"https:\/\/www.region-fes-meknes.ma\/fr\/wp-json\/wp\/v2\/tags?post=18653"}],"curies":[{"name":"wp","href":"https:\/\/api.w.org\/{rel}","templated":true}]}}