{"id":19006,"date":"2021-10-22T12:10:56","date_gmt":"2021-10-22T11:10:56","guid":{"rendered":"http:\/\/www.region-fes-meknes.ma\/?p=19006"},"modified":"2021-10-22T14:48:05","modified_gmt":"2021-10-22T13:48:05","slug":"cooperation-internationale-le-president-du-conseil-de-la-region-fes-meknes-recoit-la-consule-generale-de-france-a-fes","status":"publish","type":"post","link":"https:\/\/www.region-fes-meknes.ma\/fr\/actualites\/cooperation-internationale-le-president-du-conseil-de-la-region-fes-meknes-recoit-la-consule-generale-de-france-a-fes\/","title":{"rendered":"Coop\u00e9ration Internationale: Le Pr\u00e9sident du Conseil de la r\u00e9gion F\u00e8s-Mekn\u00e8s re\u00e7oit la Consule G\u00e9n\u00e9rale de France \u00e0 F\u00e8s"},"content":{"rendered":"<p>Dans le cadre de la coop\u00e9ration internationale, Monsieur Abdelouahed El Ansari, le Pr\u00e9sident du Conseil de la r\u00e9gion F\u00e8s-Mekn\u00e8s, a re\u00e7u Madame V\u00e9ronique DAN, la Consule G\u00e9n\u00e9rale de France \u00e0 F\u00e8s, le vendredi 22 octobre 2021 au si\u00e8ge du Conseil, avec la \u00a0pr\u00e9sence du Directeur G\u00e9n\u00e9ral des Services et le Chef du service des Relations G\u00e9n\u00e9rales et de la Coop\u00e9ration Internationale.<\/p>\n","protected":false},"excerpt":{"rendered":"<p>Dans le cadre de la coop\u00e9ration internationale, Monsieur Abdelouahed El Ansari, le Pr\u00e9sident du Conseil de la r\u00e9gion F\u00e8s-Mekn\u00e8s, a re\u00e7u Madame V\u00e9ronique DAN, la Consule G\u00e9n\u00e9rale de France \u00e0 &#8230;<\/p>\n","protected":false},"author":76,"featured_media":18996,"comment_status":"open","ping_status":"closed","sticky":false,"template":"","format":"standard","meta":{"_bbp_topic_count":0,"_bbp_reply_count":0,"_bbp_total_topic_count":0,"_bbp_total_reply_count":0,"_bbp_voice_count":0,"_bbp_anonymous_reply_count":0,"_bbp_topic_count_hidden":0,"_bbp_reply_count_hidden":0,"_bbp_forum_subforum_count":0},"categories":[18],"tags":[],"acf":[],"yoast_head":"<!-- This site is optimized with the Yoast SEO plugin v19.5.1 - https:\/\/yoast.com\/wordpress\/plugins\/seo\/ -->\n<title>Coop\u00e9ration Internationale: Le Pr\u00e9sident du Conseil de la r\u00e9gion F\u00e8s-Mekn\u00e8s re\u00e7oit la Consule G\u00e9n\u00e9rale de France \u00e0 F\u00e8s - R\u00e9gion F\u00e8s Mekn\u00e8s<\/title>\n<meta name=\"robots\" content=\"index, follow, max-snippet:-1, max-image-preview:large, max-video-preview:-1\" \/>\n<link rel=\"canonical\" href=\"https:\/\/www.region-fes-meknes.ma\/fr\/actualites\/cooperation-internationale-le-president-du-conseil-de-la-region-fes-meknes-recoit-la-consule-generale-de-france-a-fes\/\" \/>\n<meta property=\"og:locale\" content=\"fr_FR\" \/>\n<meta property=\"og:type\" content=\"article\" \/>\n<meta property=\"og:title\" content=\"Coop\u00e9ration Internationale: Le Pr\u00e9sident du Conseil de la r\u00e9gion F\u00e8s-Mekn\u00e8s re\u00e7oit la Consule G\u00e9n\u00e9rale de France \u00e0 F\u00e8s - R\u00e9gion F\u00e8s Mekn\u00e8s\" \/>\n<meta property=\"og:description\" content=\"Dans le cadre de la coop\u00e9ration internationale, Monsieur Abdelouahed El Ansari, le Pr\u00e9sident du Conseil de la r\u00e9gion F\u00e8s-Mekn\u00e8s, a re\u00e7u Madame V\u00e9ronique DAN, la Consule G\u00e9n\u00e9rale de France \u00e0 ...\" \/>\n<meta property=\"og:url\" content=\"https:\/\/www.region-fes-meknes.ma\/fr\/actualites\/cooperation-internationale-le-president-du-conseil-de-la-region-fes-meknes-recoit-la-consule-generale-de-france-a-fes\/\" \/>\n<meta property=\"og:site_name\" content=\"R\u00e9gion F\u00e8s Mekn\u00e8s\" \/>\n<meta property=\"article:publisher\" content=\"https:\/\/www.facebook.com\/R%c3%a9gion-F%c3%a8s-Mekn%c3%a8s-1130195096990872\" \/>\n<meta property=\"article:published_time\" content=\"2021-10-22T11:10:56+00:00\" \/>\n<meta property=\"article:modified_time\" content=\"2021-10-22T13:48:05+00:00\" \/>\n<meta property=\"og:image\" content=\"https:\/\/www.region-fes-meknes.ma\/wp-content\/uploads\/2021\/10\/DSC_5229.jpg\" \/>\n\t<meta property=\"og:image:width\" content=\"1090\" \/>\n\t<meta property=\"og:image:height\" content=\"722\" \/>\n\t<meta property=\"og:image:type\" content=\"image\/jpeg\" \/>\n<meta name=\"author\" content=\"Zaynab Dhimene\" \/>\n<meta name=\"twitter:card\" content=\"summary_large_image\" \/>\n<meta name=\"twitter:label1\" content=\"\u00c9crit par\" \/>\n\t<meta name=\"twitter:data1\" content=\"Zaynab Dhimene\" \/>\n<script type=\"application\/ld+json\" class=\"yoast-schema-graph\">{\"@context\":\"https:\/\/schema.org\",\"@graph\":[{\"@type\":\"Article\",\"@id\":\"https:\/\/www.region-fes-meknes.ma\/fr\/actualites\/cooperation-internationale-le-president-du-conseil-de-la-region-fes-meknes-recoit-la-consule-generale-de-france-a-fes\/#article\",\"isPartOf\":{\"@id\":\"https:\/\/www.region-fes-meknes.ma\/fr\/actualites\/cooperation-internationale-le-president-du-conseil-de-la-region-fes-meknes-recoit-la-consule-generale-de-france-a-fes\/\"},\"author\":{\"name\":\"Zaynab Dhimene\",\"@id\":\"https:\/\/www.region-fes-meknes.ma\/#\/schema\/person\/0f39741727e5e507b0f585d8ea23e359\"},\"headline\":\"Coop\u00e9ration Internationale: Le Pr\u00e9sident du Conseil de la r\u00e9gion F\u00e8s-Mekn\u00e8s re\u00e7oit la Consule G\u00e9n\u00e9rale de France \u00e0 F\u00e8s\",\"datePublished\":\"2021-10-22T11:10:56+00:00\",\"dateModified\":\"2021-10-22T13:48:05+00:00\",\"mainEntityOfPage\":{\"@id\":\"https:\/\/www.region-fes-meknes.ma\/fr\/actualites\/cooperation-internationale-le-president-du-conseil-de-la-region-fes-meknes-recoit-la-consule-generale-de-france-a-fes\/\"},\"wordCount\":101,\"commentCount\":0,\"publisher\":{\"@id\":\"https:\/\/www.region-fes-meknes.ma\/#organization\"},\"articleSection\":[\"Actualit\u00e9s\"],\"inLanguage\":\"fr-FR\",\"potentialAction\":[{\"@type\":\"CommentAction\",\"name\":\"Comment\",\"target\":[\"https:\/\/www.region-fes-meknes.ma\/fr\/actualites\/cooperation-internationale-le-president-du-conseil-de-la-region-fes-meknes-recoit-la-consule-generale-de-france-a-fes\/#respond\"]}]},{\"@type\":\"WebPage\",\"@id\":\"https:\/\/www.region-fes-meknes.ma\/fr\/actualites\/cooperation-internationale-le-president-du-conseil-de-la-region-fes-meknes-recoit-la-consule-generale-de-france-a-fes\/\",\"url\":\"https:\/\/www.region-fes-meknes.ma\/fr\/actualites\/cooperation-internationale-le-president-du-conseil-de-la-region-fes-meknes-recoit-la-consule-generale-de-france-a-fes\/\",\"name\":\"Coop\u00e9ration Internationale: Le Pr\u00e9sident du Conseil de la r\u00e9gion F\u00e8s-Mekn\u00e8s re\u00e7oit la Consule G\u00e9n\u00e9rale de France \u00e0 F\u00e8s - R\u00e9gion F\u00e8s Mekn\u00e8s\",\"isPartOf\":{\"@id\":\"https:\/\/www.region-fes-meknes.ma\/#website\"},\"datePublished\":\"2021-10-22T11:10:56+00:00\",\"dateModified\":\"2021-10-22T13:48:05+00:00\",\"breadcrumb\":{\"@id\":\"https:\/\/www.region-fes-meknes.ma\/fr\/actualites\/cooperation-internationale-le-president-du-conseil-de-la-region-fes-meknes-recoit-la-consule-generale-de-france-a-fes\/#breadcrumb\"},\"inLanguage\":\"fr-FR\",\"potentialAction\":[{\"@type\":\"ReadAction\",\"target\":[\"https:\/\/www.region-fes-meknes.ma\/fr\/actualites\/cooperation-internationale-le-president-du-conseil-de-la-region-fes-meknes-recoit-la-consule-generale-de-france-a-fes\/\"]}]},{\"@type\":\"BreadcrumbList\",\"@id\":\"https:\/\/www.region-fes-meknes.ma\/fr\/actualites\/cooperation-internationale-le-president-du-conseil-de-la-region-fes-meknes-recoit-la-consule-generale-de-france-a-fes\/#breadcrumb\",\"itemListElement\":[{\"@type\":\"ListItem\",\"position\":1,\"name\":\"Accueil\",\"item\":\"https:\/\/www.region-fes-meknes.ma\/fr\/\"},{\"@type\":\"ListItem\",\"position\":2,\"name\":\"Coop\u00e9ration Internationale: Le Pr\u00e9sident du Conseil de la r\u00e9gion F\u00e8s-Mekn\u00e8s re\u00e7oit la Consule G\u00e9n\u00e9rale de France \u00e0 F\u00e8s\"}]},{\"@type\":\"WebSite\",\"@id\":\"https:\/\/www.region-fes-meknes.ma\/#website\",\"url\":\"https:\/\/www.region-fes-meknes.ma\/\",\"name\":\"Portail de la R\u00e9gion F\u00e8s-Mekn\u00e8s\",\"description\":\"Site officiel de la r\u00e9gion F\u00e8s-Mekn\u00e8s.\",\"publisher\":{\"@id\":\"https:\/\/www.region-fes-meknes.ma\/#organization\"},\"potentialAction\":[{\"@type\":\"SearchAction\",\"target\":{\"@type\":\"EntryPoint\",\"urlTemplate\":\"https:\/\/www.region-fes-meknes.ma\/?s={search_term_string}\"},\"query-input\":\"required name=search_term_string\"}],\"inLanguage\":\"fr-FR\"},{\"@type\":\"Organization\",\"@id\":\"https:\/\/www.region-fes-meknes.ma\/#organization\",\"name\":\"R\u00e9gion F\u00e8s M\u00e8kn\u00e8s\",\"url\":\"https:\/\/www.region-fes-meknes.ma\/\",\"sameAs\":[\"https:\/\/www.facebook.com\/R\u00e9gion-F\u00e8s-Mekn\u00e8s-1130195096990872\"],\"logo\":{\"@type\":\"ImageObject\",\"inLanguage\":\"fr-FR\",\"@id\":\"https:\/\/www.region-fes-meknes.ma\/#\/schema\/logo\/image\/\",\"url\":\"http:\/\/www.region-fes-meknes.ma\/wp-content\/uploads\/2017\/10\/logo-rfm4.png\",\"contentUrl\":\"http:\/\/www.region-fes-meknes.ma\/wp-content\/uploads\/2017\/10\/logo-rfm4.png\",\"width\":304,\"height\":291,\"caption\":\"R\u00e9gion F\u00e8s M\u00e8kn\u00e8s\"},\"image\":{\"@id\":\"https:\/\/www.region-fes-meknes.ma\/#\/schema\/logo\/image\/\"}},{\"@type\":\"Person\",\"@id\":\"https:\/\/www.region-fes-meknes.ma\/#\/schema\/person\/0f39741727e5e507b0f585d8ea23e359\",\"name\":\"Zaynab Dhimene\",\"image\":{\"@type\":\"ImageObject\",\"inLanguage\":\"fr-FR\",\"@id\":\"https:\/\/www.region-fes-meknes.ma\/#\/schema\/person\/image\/\",\"url\":\"https:\/\/secure.gravatar.com\/avatar\/c668cebb47e2644c6dfb9d8f5a83fb03?s=96&d=mm&r=g\",\"contentUrl\":\"https:\/\/secure.gravatar.com\/avatar\/c668cebb47e2644c6dfb9d8f5a83fb03?s=96&d=mm&r=g\",\"caption\":\"Zaynab Dhimene\"}}]}<\/script>\n<!-- \/ Yoast SEO plugin. -->","yoast_head_json":{"title":"Coop\u00e9ration Internationale: Le Pr\u00e9sident du Conseil de la r\u00e9gion F\u00e8s-Mekn\u00e8s re\u00e7oit la Consule G\u00e9n\u00e9rale de France \u00e0 F\u00e8s - R\u00e9gion F\u00e8s Mekn\u00e8s","robots":{"index":"index","follow":"follow","max-snippet":"max-snippet:-1","max-image-preview":"max-image-preview:large","max-video-preview":"max-video-preview:-1"},"canonical":"https:\/\/www.region-fes-meknes.ma\/fr\/actualites\/cooperation-internationale-le-president-du-conseil-de-la-region-fes-meknes-recoit-la-consule-generale-de-france-a-fes\/","og_locale":"fr_FR","og_type":"article","og_title":"Coop\u00e9ration Internationale: Le Pr\u00e9sident du Conseil de la r\u00e9gion F\u00e8s-Mekn\u00e8s re\u00e7oit la Consule G\u00e9n\u00e9rale de France \u00e0 F\u00e8s - R\u00e9gion F\u00e8s Mekn\u00e8s","og_description":"Dans le cadre de la coop\u00e9ration internationale, Monsieur Abdelouahed El Ansari, le Pr\u00e9sident du Conseil de la r\u00e9gion F\u00e8s-Mekn\u00e8s, a re\u00e7u Madame V\u00e9ronique DAN, la Consule G\u00e9n\u00e9rale de France \u00e0 ...","og_url":"https:\/\/www.region-fes-meknes.ma\/fr\/actualites\/cooperation-internationale-le-president-du-conseil-de-la-region-fes-meknes-recoit-la-consule-generale-de-france-a-fes\/","og_site_name":"R\u00e9gion F\u00e8s Mekn\u00e8s","article_publisher":"https:\/\/www.facebook.com\/R%c3%a9gion-F%c3%a8s-Mekn%c3%a8s-1130195096990872","article_published_time":"2021-10-22T11:10:56+00:00","article_modified_time":"2021-10-22T13:48:05+00:00","og_image":[{"width":1090,"height":722,"url":"https:\/\/www.region-fes-meknes.ma\/wp-content\/uploads\/2021\/10\/DSC_5229.jpg","type":"image\/jpeg"}],"author":"Zaynab Dhimene","twitter_card":"summary_large_image","twitter_misc":{"\u00c9crit par":"Zaynab Dhimene"},"schema":{"@context":"https:\/\/schema.org","@graph":[{"@type":"Article","@id":"https:\/\/www.region-fes-meknes.ma\/fr\/actualites\/cooperation-internationale-le-president-du-conseil-de-la-region-fes-meknes-recoit-la-consule-generale-de-france-a-fes\/#article","isPartOf":{"@id":"https:\/\/www.region-fes-meknes.ma\/fr\/actualites\/cooperation-internationale-le-president-du-conseil-de-la-region-fes-meknes-recoit-la-consule-generale-de-france-a-fes\/"},"author":{"name":"Zaynab Dhimene","@id":"https:\/\/www.region-fes-meknes.ma\/#\/schema\/person\/0f39741727e5e507b0f585d8ea23e359"},"headline":"Coop\u00e9ration Internationale: Le Pr\u00e9sident du Conseil de la r\u00e9gion F\u00e8s-Mekn\u00e8s re\u00e7oit la Consule G\u00e9n\u00e9rale de France \u00e0 F\u00e8s","datePublished":"2021-10-22T11:10:56+00:00","dateModified":"2021-10-22T13:48:05+00:00","mainEntityOfPage":{"@id":"https:\/\/www.region-fes-meknes.ma\/fr\/actualites\/cooperation-internationale-le-president-du-conseil-de-la-region-fes-meknes-recoit-la-consule-generale-de-france-a-fes\/"},"wordCount":101,"commentCount":0,"publisher":{"@id":"https:\/\/www.region-fes-meknes.ma\/#organization"},"articleSection":["Actualit\u00e9s"],"inLanguage":"fr-FR","potentialAction":[{"@type":"CommentAction","name":"Comment","target":["https:\/\/www.region-fes-meknes.ma\/fr\/actualites\/cooperation-internationale-le-president-du-conseil-de-la-region-fes-meknes-recoit-la-consule-generale-de-france-a-fes\/#respond"]}]},{"@type":"WebPage","@id":"https:\/\/www.region-fes-meknes.ma\/fr\/actualites\/cooperation-internationale-le-president-du-conseil-de-la-region-fes-meknes-recoit-la-consule-generale-de-france-a-fes\/","url":"https:\/\/www.region-fes-meknes.ma\/fr\/actualites\/cooperation-internationale-le-president-du-conseil-de-la-region-fes-meknes-recoit-la-consule-generale-de-france-a-fes\/","name":"Coop\u00e9ration Internationale: Le Pr\u00e9sident du Conseil de la r\u00e9gion F\u00e8s-Mekn\u00e8s re\u00e7oit la Consule G\u00e9n\u00e9rale de France \u00e0 F\u00e8s - R\u00e9gion F\u00e8s Mekn\u00e8s","isPartOf":{"@id":"https:\/\/www.region-fes-meknes.ma\/#website"},"datePublished":"2021-10-22T11:10:56+00:00","dateModified":"2021-10-22T13:48:05+00:00","breadcrumb":{"@id":"https:\/\/www.region-fes-meknes.ma\/fr\/actualites\/cooperation-internationale-le-president-du-conseil-de-la-region-fes-meknes-recoit-la-consule-generale-de-france-a-fes\/#breadcrumb"},"inLanguage":"fr-FR","potentialAction":[{"@type":"ReadAction","target":["https:\/\/www.region-fes-meknes.ma\/fr\/actualites\/cooperation-internationale-le-president-du-conseil-de-la-region-fes-meknes-recoit-la-consule-generale-de-france-a-fes\/"]}]},{"@type":"BreadcrumbList","@id":"https:\/\/www.region-fes-meknes.ma\/fr\/actualites\/cooperation-internationale-le-president-du-conseil-de-la-region-fes-meknes-recoit-la-consule-generale-de-france-a-fes\/#breadcrumb","itemListElement":[{"@type":"ListItem","position":1,"name":"Accueil","item":"https:\/\/www.region-fes-meknes.ma\/fr\/"},{"@type":"ListItem","position":2,"name":"Coop\u00e9ration Internationale: Le Pr\u00e9sident du Conseil de la r\u00e9gion F\u00e8s-Mekn\u00e8s re\u00e7oit la Consule G\u00e9n\u00e9rale de France \u00e0 F\u00e8s"}]},{"@type":"WebSite","@id":"https:\/\/www.region-fes-meknes.ma\/#website","url":"https:\/\/www.region-fes-meknes.ma\/","name":"Portail de la R\u00e9gion F\u00e8s-Mekn\u00e8s","description":"Site officiel de la r\u00e9gion F\u00e8s-Mekn\u00e8s.","publisher":{"@id":"https:\/\/www.region-fes-meknes.ma\/#organization"},"potentialAction":[{"@type":"SearchAction","target":{"@type":"EntryPoint","urlTemplate":"https:\/\/www.region-fes-meknes.ma\/?s={search_term_string}"},"query-input":"required name=search_term_string"}],"inLanguage":"fr-FR"},{"@type":"Organization","@id":"https:\/\/www.region-fes-meknes.ma\/#organization","name":"R\u00e9gion F\u00e8s M\u00e8kn\u00e8s","url":"https:\/\/www.region-fes-meknes.ma\/","sameAs":["https:\/\/www.facebook.com\/R\u00e9gion-F\u00e8s-Mekn\u00e8s-1130195096990872"],"logo":{"@type":"ImageObject","inLanguage":"fr-FR","@id":"https:\/\/www.region-fes-meknes.ma\/#\/schema\/logo\/image\/","url":"http:\/\/www.region-fes-meknes.ma\/wp-content\/uploads\/2017\/10\/logo-rfm4.png","contentUrl":"http:\/\/www.region-fes-meknes.ma\/wp-content\/uploads\/2017\/10\/logo-rfm4.png","width":304,"height":291,"caption":"R\u00e9gion F\u00e8s M\u00e8kn\u00e8s"},"image":{"@id":"https:\/\/www.region-fes-meknes.ma\/#\/schema\/logo\/image\/"}},{"@type":"Person","@id":"https:\/\/www.region-fes-meknes.ma\/#\/schema\/person\/0f39741727e5e507b0f585d8ea23e359","name":"Zaynab Dhimene","image":{"@type":"ImageObject","inLanguage":"fr-FR","@id":"https:\/\/www.region-fes-meknes.ma\/#\/schema\/person\/image\/","url":"https:\/\/secure.gravatar.com\/avatar\/c668cebb47e2644c6dfb9d8f5a83fb03?s=96&d=mm&r=g","contentUrl":"https:\/\/secure.gravatar.com\/avatar\/c668cebb47e2644c6dfb9d8f5a83fb03?s=96&d=mm&r=g","caption":"Zaynab Dhimene"}}]}},"_links":{"self":[{"href":"https:\/\/www.region-fes-meknes.ma\/fr\/wp-json\/wp\/v2\/posts\/19006"}],"collection":[{"href":"https:\/\/www.region-fes-meknes.ma\/fr\/wp-json\/wp\/v2\/posts"}],"about":[{"href":"https:\/\/www.region-fes-meknes.ma\/fr\/wp-json\/wp\/v2\/types\/post"}],"author":[{"embeddable":true,"href":"https:\/\/www.region-fes-meknes.ma\/fr\/wp-json\/wp\/v2\/users\/76"}],"replies":[{"embeddable":true,"href":"https:\/\/www.region-fes-meknes.ma\/fr\/wp-json\/wp\/v2\/comments?post=19006"}],"version-history":[{"count":2,"href":"https:\/\/www.region-fes-meknes.ma\/fr\/wp-json\/wp\/v2\/posts\/19006\/revisions"}],"predecessor-version":[{"id":19022,"href":"https:\/\/www.region-fes-meknes.ma\/fr\/wp-json\/wp\/v2\/posts\/19006\/revisions\/19022"}],"wp:featuredmedia":[{"embeddable":true,"href":"https:\/\/www.region-fes-meknes.ma\/fr\/wp-json\/wp\/v2\/media\/18996"}],"wp:attachment":[{"href":"https:\/\/www.region-fes-meknes.ma\/fr\/wp-json\/wp\/v2\/media?parent=19006"}],"wp:term":[{"taxonomy":"category","embeddable":true,"href":"https:\/\/www.region-fes-meknes.ma\/fr\/wp-json\/wp\/v2\/categories?post=19006"},{"taxonomy":"post_tag","embeddable":true,"href":"https:\/\/www.region-fes-meknes.ma\/fr\/wp-json\/wp\/v2\/tags?post=19006"}],"curies":[{"name":"wp","href":"https:\/\/api.w.org\/{rel}","templated":true}]}}