{"id":19737,"date":"2021-12-07T13:14:56","date_gmt":"2021-12-07T12:14:56","guid":{"rendered":"http:\/\/www.region-fes-meknes.ma\/?p=19737"},"modified":"2021-12-07T13:18:44","modified_gmt":"2021-12-07T12:18:44","slug":"mise-en-circulation-de-la-route-non-classee-reliant-douar-tajine-au-centre-de-skoura-a-la-province-de-boulemane","status":"publish","type":"post","link":"https:\/\/www.region-fes-meknes.ma\/fr\/actualites\/mise-en-circulation-de-la-route-non-classee-reliant-douar-tajine-au-centre-de-skoura-a-la-province-de-boulemane\/","title":{"rendered":"Mise en circulation de la route non class\u00e9e reliant Douar Tajine au centre de Skoura \u00e0 la Province de Boulemane"},"content":{"rendered":"<p>Afin d\u2019am\u00e9liorer la mobilit\u00e9 des habitants de douar Tajine, la piste reliant ledit douar au centre de Skoura a \u00e9t\u00e9 construite sur une distance de 3,6 km.<\/p>\n<p>Ledit projet a \u00e9t\u00e9 r\u00e9alis\u00e9 pour la somme de 6,71 MDH financ\u00e9 par le conseil de la r\u00e9gion F\u00e8s Mekn\u00e8s, et ce pour le but de faciliter l\u2019accessibilit\u00e9 aux riverains dudit douar qui compte environ 800 habitants, aux services sociaux de base, et de rapprocher davantage les habitants des centres administratifs et \u00e9conomiques.<\/p>\n<p>La supervision des travaux a \u00e9t\u00e9 assur\u00e9e par les services de l\u2019AREP-FM.<\/p>\n","protected":false},"excerpt":{"rendered":"<p>Afin d\u2019am\u00e9liorer la mobilit\u00e9 des habitants de douar Tajine, la piste reliant ledit douar au centre de Skoura a \u00e9t\u00e9 construite sur une distance de 3,6 km. Ledit projet a &#8230;<\/p>\n","protected":false},"author":76,"featured_media":19733,"comment_status":"open","ping_status":"closed","sticky":false,"template":"","format":"standard","meta":{"_bbp_topic_count":0,"_bbp_reply_count":0,"_bbp_total_topic_count":0,"_bbp_total_reply_count":0,"_bbp_voice_count":0,"_bbp_anonymous_reply_count":0,"_bbp_topic_count_hidden":0,"_bbp_reply_count_hidden":0,"_bbp_forum_subforum_count":0},"categories":[18],"tags":[],"acf":[],"yoast_head":"<!-- This site is optimized with the Yoast SEO plugin v19.5.1 - https:\/\/yoast.com\/wordpress\/plugins\/seo\/ -->\n<title>Mise en circulation de la route non class\u00e9e reliant Douar Tajine au centre de Skoura \u00e0 la Province de Boulemane - R\u00e9gion F\u00e8s Mekn\u00e8s<\/title>\n<meta name=\"robots\" content=\"index, follow, max-snippet:-1, max-image-preview:large, max-video-preview:-1\" \/>\n<link rel=\"canonical\" href=\"https:\/\/www.region-fes-meknes.ma\/fr\/actualites\/mise-en-circulation-de-la-route-non-classee-reliant-douar-tajine-au-centre-de-skoura-a-la-province-de-boulemane\/\" \/>\n<meta property=\"og:locale\" content=\"fr_FR\" \/>\n<meta property=\"og:type\" content=\"article\" \/>\n<meta property=\"og:title\" content=\"Mise en circulation de la route non class\u00e9e reliant Douar Tajine au centre de Skoura \u00e0 la Province de Boulemane - R\u00e9gion F\u00e8s Mekn\u00e8s\" \/>\n<meta property=\"og:description\" content=\"Afin d\u2019am\u00e9liorer la mobilit\u00e9 des habitants de douar Tajine, la piste reliant ledit douar au centre de Skoura a \u00e9t\u00e9 construite sur une distance de 3,6 km. Ledit projet a ...\" \/>\n<meta property=\"og:url\" content=\"https:\/\/www.region-fes-meknes.ma\/fr\/actualites\/mise-en-circulation-de-la-route-non-classee-reliant-douar-tajine-au-centre-de-skoura-a-la-province-de-boulemane\/\" \/>\n<meta property=\"og:site_name\" content=\"R\u00e9gion F\u00e8s Mekn\u00e8s\" \/>\n<meta property=\"article:publisher\" content=\"https:\/\/www.facebook.com\/R%c3%a9gion-F%c3%a8s-Mekn%c3%a8s-1130195096990872\" \/>\n<meta property=\"article:published_time\" content=\"2021-12-07T12:14:56+00:00\" \/>\n<meta property=\"article:modified_time\" content=\"2021-12-07T12:18:44+00:00\" \/>\n<meta property=\"og:image\" content=\"https:\/\/www.region-fes-meknes.ma\/wp-content\/uploads\/2021\/12\/EC1.jpeg\" \/>\n\t<meta property=\"og:image:width\" content=\"960\" \/>\n\t<meta property=\"og:image:height\" content=\"1280\" \/>\n\t<meta property=\"og:image:type\" content=\"image\/jpeg\" \/>\n<meta name=\"author\" content=\"Zaynab Dhimene\" \/>\n<meta name=\"twitter:card\" content=\"summary_large_image\" \/>\n<meta name=\"twitter:label1\" content=\"\u00c9crit par\" \/>\n\t<meta name=\"twitter:data1\" content=\"Zaynab Dhimene\" \/>\n<script type=\"application\/ld+json\" class=\"yoast-schema-graph\">{\"@context\":\"https:\/\/schema.org\",\"@graph\":[{\"@type\":\"Article\",\"@id\":\"https:\/\/www.region-fes-meknes.ma\/fr\/actualites\/mise-en-circulation-de-la-route-non-classee-reliant-douar-tajine-au-centre-de-skoura-a-la-province-de-boulemane\/#article\",\"isPartOf\":{\"@id\":\"https:\/\/www.region-fes-meknes.ma\/fr\/actualites\/mise-en-circulation-de-la-route-non-classee-reliant-douar-tajine-au-centre-de-skoura-a-la-province-de-boulemane\/\"},\"author\":{\"name\":\"Zaynab Dhimene\",\"@id\":\"https:\/\/www.region-fes-meknes.ma\/#\/schema\/person\/0f39741727e5e507b0f585d8ea23e359\"},\"headline\":\"Mise en circulation de la route non class\u00e9e reliant Douar Tajine au centre de Skoura \u00e0 la Province de Boulemane\",\"datePublished\":\"2021-12-07T12:14:56+00:00\",\"dateModified\":\"2021-12-07T12:18:44+00:00\",\"mainEntityOfPage\":{\"@id\":\"https:\/\/www.region-fes-meknes.ma\/fr\/actualites\/mise-en-circulation-de-la-route-non-classee-reliant-douar-tajine-au-centre-de-skoura-a-la-province-de-boulemane\/\"},\"wordCount\":118,\"commentCount\":0,\"publisher\":{\"@id\":\"https:\/\/www.region-fes-meknes.ma\/#organization\"},\"articleSection\":[\"Actualit\u00e9s\"],\"inLanguage\":\"fr-FR\",\"potentialAction\":[{\"@type\":\"CommentAction\",\"name\":\"Comment\",\"target\":[\"https:\/\/www.region-fes-meknes.ma\/fr\/actualites\/mise-en-circulation-de-la-route-non-classee-reliant-douar-tajine-au-centre-de-skoura-a-la-province-de-boulemane\/#respond\"]}]},{\"@type\":\"WebPage\",\"@id\":\"https:\/\/www.region-fes-meknes.ma\/fr\/actualites\/mise-en-circulation-de-la-route-non-classee-reliant-douar-tajine-au-centre-de-skoura-a-la-province-de-boulemane\/\",\"url\":\"https:\/\/www.region-fes-meknes.ma\/fr\/actualites\/mise-en-circulation-de-la-route-non-classee-reliant-douar-tajine-au-centre-de-skoura-a-la-province-de-boulemane\/\",\"name\":\"Mise en circulation de la route non class\u00e9e reliant Douar Tajine au centre de Skoura \u00e0 la Province de Boulemane - R\u00e9gion F\u00e8s Mekn\u00e8s\",\"isPartOf\":{\"@id\":\"https:\/\/www.region-fes-meknes.ma\/#website\"},\"datePublished\":\"2021-12-07T12:14:56+00:00\",\"dateModified\":\"2021-12-07T12:18:44+00:00\",\"breadcrumb\":{\"@id\":\"https:\/\/www.region-fes-meknes.ma\/fr\/actualites\/mise-en-circulation-de-la-route-non-classee-reliant-douar-tajine-au-centre-de-skoura-a-la-province-de-boulemane\/#breadcrumb\"},\"inLanguage\":\"fr-FR\",\"potentialAction\":[{\"@type\":\"ReadAction\",\"target\":[\"https:\/\/www.region-fes-meknes.ma\/fr\/actualites\/mise-en-circulation-de-la-route-non-classee-reliant-douar-tajine-au-centre-de-skoura-a-la-province-de-boulemane\/\"]}]},{\"@type\":\"BreadcrumbList\",\"@id\":\"https:\/\/www.region-fes-meknes.ma\/fr\/actualites\/mise-en-circulation-de-la-route-non-classee-reliant-douar-tajine-au-centre-de-skoura-a-la-province-de-boulemane\/#breadcrumb\",\"itemListElement\":[{\"@type\":\"ListItem\",\"position\":1,\"name\":\"Accueil\",\"item\":\"https:\/\/www.region-fes-meknes.ma\/fr\/\"},{\"@type\":\"ListItem\",\"position\":2,\"name\":\"Mise en circulation de la route non class\u00e9e reliant Douar Tajine au centre de Skoura \u00e0 la Province de Boulemane\"}]},{\"@type\":\"WebSite\",\"@id\":\"https:\/\/www.region-fes-meknes.ma\/#website\",\"url\":\"https:\/\/www.region-fes-meknes.ma\/\",\"name\":\"Portail de la R\u00e9gion F\u00e8s-Mekn\u00e8s\",\"description\":\"Site officiel de la r\u00e9gion F\u00e8s-Mekn\u00e8s.\",\"publisher\":{\"@id\":\"https:\/\/www.region-fes-meknes.ma\/#organization\"},\"potentialAction\":[{\"@type\":\"SearchAction\",\"target\":{\"@type\":\"EntryPoint\",\"urlTemplate\":\"https:\/\/www.region-fes-meknes.ma\/?s={search_term_string}\"},\"query-input\":\"required name=search_term_string\"}],\"inLanguage\":\"fr-FR\"},{\"@type\":\"Organization\",\"@id\":\"https:\/\/www.region-fes-meknes.ma\/#organization\",\"name\":\"R\u00e9gion F\u00e8s M\u00e8kn\u00e8s\",\"url\":\"https:\/\/www.region-fes-meknes.ma\/\",\"sameAs\":[\"https:\/\/www.facebook.com\/R\u00e9gion-F\u00e8s-Mekn\u00e8s-1130195096990872\"],\"logo\":{\"@type\":\"ImageObject\",\"inLanguage\":\"fr-FR\",\"@id\":\"https:\/\/www.region-fes-meknes.ma\/#\/schema\/logo\/image\/\",\"url\":\"http:\/\/www.region-fes-meknes.ma\/wp-content\/uploads\/2017\/10\/logo-rfm4.png\",\"contentUrl\":\"http:\/\/www.region-fes-meknes.ma\/wp-content\/uploads\/2017\/10\/logo-rfm4.png\",\"width\":304,\"height\":291,\"caption\":\"R\u00e9gion F\u00e8s M\u00e8kn\u00e8s\"},\"image\":{\"@id\":\"https:\/\/www.region-fes-meknes.ma\/#\/schema\/logo\/image\/\"}},{\"@type\":\"Person\",\"@id\":\"https:\/\/www.region-fes-meknes.ma\/#\/schema\/person\/0f39741727e5e507b0f585d8ea23e359\",\"name\":\"Zaynab Dhimene\",\"image\":{\"@type\":\"ImageObject\",\"inLanguage\":\"fr-FR\",\"@id\":\"https:\/\/www.region-fes-meknes.ma\/#\/schema\/person\/image\/\",\"url\":\"https:\/\/secure.gravatar.com\/avatar\/c668cebb47e2644c6dfb9d8f5a83fb03?s=96&d=mm&r=g\",\"contentUrl\":\"https:\/\/secure.gravatar.com\/avatar\/c668cebb47e2644c6dfb9d8f5a83fb03?s=96&d=mm&r=g\",\"caption\":\"Zaynab Dhimene\"}}]}<\/script>\n<!-- \/ Yoast SEO plugin. -->","yoast_head_json":{"title":"Mise en circulation de la route non class\u00e9e reliant Douar Tajine au centre de Skoura \u00e0 la Province de Boulemane - R\u00e9gion F\u00e8s Mekn\u00e8s","robots":{"index":"index","follow":"follow","max-snippet":"max-snippet:-1","max-image-preview":"max-image-preview:large","max-video-preview":"max-video-preview:-1"},"canonical":"https:\/\/www.region-fes-meknes.ma\/fr\/actualites\/mise-en-circulation-de-la-route-non-classee-reliant-douar-tajine-au-centre-de-skoura-a-la-province-de-boulemane\/","og_locale":"fr_FR","og_type":"article","og_title":"Mise en circulation de la route non class\u00e9e reliant Douar Tajine au centre de Skoura \u00e0 la Province de Boulemane - R\u00e9gion F\u00e8s Mekn\u00e8s","og_description":"Afin d\u2019am\u00e9liorer la mobilit\u00e9 des habitants de douar Tajine, la piste reliant ledit douar au centre de Skoura a \u00e9t\u00e9 construite sur une distance de 3,6 km. Ledit projet a ...","og_url":"https:\/\/www.region-fes-meknes.ma\/fr\/actualites\/mise-en-circulation-de-la-route-non-classee-reliant-douar-tajine-au-centre-de-skoura-a-la-province-de-boulemane\/","og_site_name":"R\u00e9gion F\u00e8s Mekn\u00e8s","article_publisher":"https:\/\/www.facebook.com\/R%c3%a9gion-F%c3%a8s-Mekn%c3%a8s-1130195096990872","article_published_time":"2021-12-07T12:14:56+00:00","article_modified_time":"2021-12-07T12:18:44+00:00","og_image":[{"width":960,"height":1280,"url":"https:\/\/www.region-fes-meknes.ma\/wp-content\/uploads\/2021\/12\/EC1.jpeg","type":"image\/jpeg"}],"author":"Zaynab Dhimene","twitter_card":"summary_large_image","twitter_misc":{"\u00c9crit par":"Zaynab Dhimene"},"schema":{"@context":"https:\/\/schema.org","@graph":[{"@type":"Article","@id":"https:\/\/www.region-fes-meknes.ma\/fr\/actualites\/mise-en-circulation-de-la-route-non-classee-reliant-douar-tajine-au-centre-de-skoura-a-la-province-de-boulemane\/#article","isPartOf":{"@id":"https:\/\/www.region-fes-meknes.ma\/fr\/actualites\/mise-en-circulation-de-la-route-non-classee-reliant-douar-tajine-au-centre-de-skoura-a-la-province-de-boulemane\/"},"author":{"name":"Zaynab Dhimene","@id":"https:\/\/www.region-fes-meknes.ma\/#\/schema\/person\/0f39741727e5e507b0f585d8ea23e359"},"headline":"Mise en circulation de la route non class\u00e9e reliant Douar Tajine au centre de Skoura \u00e0 la Province de Boulemane","datePublished":"2021-12-07T12:14:56+00:00","dateModified":"2021-12-07T12:18:44+00:00","mainEntityOfPage":{"@id":"https:\/\/www.region-fes-meknes.ma\/fr\/actualites\/mise-en-circulation-de-la-route-non-classee-reliant-douar-tajine-au-centre-de-skoura-a-la-province-de-boulemane\/"},"wordCount":118,"commentCount":0,"publisher":{"@id":"https:\/\/www.region-fes-meknes.ma\/#organization"},"articleSection":["Actualit\u00e9s"],"inLanguage":"fr-FR","potentialAction":[{"@type":"CommentAction","name":"Comment","target":["https:\/\/www.region-fes-meknes.ma\/fr\/actualites\/mise-en-circulation-de-la-route-non-classee-reliant-douar-tajine-au-centre-de-skoura-a-la-province-de-boulemane\/#respond"]}]},{"@type":"WebPage","@id":"https:\/\/www.region-fes-meknes.ma\/fr\/actualites\/mise-en-circulation-de-la-route-non-classee-reliant-douar-tajine-au-centre-de-skoura-a-la-province-de-boulemane\/","url":"https:\/\/www.region-fes-meknes.ma\/fr\/actualites\/mise-en-circulation-de-la-route-non-classee-reliant-douar-tajine-au-centre-de-skoura-a-la-province-de-boulemane\/","name":"Mise en circulation de la route non class\u00e9e reliant Douar Tajine au centre de Skoura \u00e0 la Province de Boulemane - R\u00e9gion F\u00e8s Mekn\u00e8s","isPartOf":{"@id":"https:\/\/www.region-fes-meknes.ma\/#website"},"datePublished":"2021-12-07T12:14:56+00:00","dateModified":"2021-12-07T12:18:44+00:00","breadcrumb":{"@id":"https:\/\/www.region-fes-meknes.ma\/fr\/actualites\/mise-en-circulation-de-la-route-non-classee-reliant-douar-tajine-au-centre-de-skoura-a-la-province-de-boulemane\/#breadcrumb"},"inLanguage":"fr-FR","potentialAction":[{"@type":"ReadAction","target":["https:\/\/www.region-fes-meknes.ma\/fr\/actualites\/mise-en-circulation-de-la-route-non-classee-reliant-douar-tajine-au-centre-de-skoura-a-la-province-de-boulemane\/"]}]},{"@type":"BreadcrumbList","@id":"https:\/\/www.region-fes-meknes.ma\/fr\/actualites\/mise-en-circulation-de-la-route-non-classee-reliant-douar-tajine-au-centre-de-skoura-a-la-province-de-boulemane\/#breadcrumb","itemListElement":[{"@type":"ListItem","position":1,"name":"Accueil","item":"https:\/\/www.region-fes-meknes.ma\/fr\/"},{"@type":"ListItem","position":2,"name":"Mise en circulation de la route non class\u00e9e reliant Douar Tajine au centre de Skoura \u00e0 la Province de Boulemane"}]},{"@type":"WebSite","@id":"https:\/\/www.region-fes-meknes.ma\/#website","url":"https:\/\/www.region-fes-meknes.ma\/","name":"Portail de la R\u00e9gion F\u00e8s-Mekn\u00e8s","description":"Site officiel de la r\u00e9gion F\u00e8s-Mekn\u00e8s.","publisher":{"@id":"https:\/\/www.region-fes-meknes.ma\/#organization"},"potentialAction":[{"@type":"SearchAction","target":{"@type":"EntryPoint","urlTemplate":"https:\/\/www.region-fes-meknes.ma\/?s={search_term_string}"},"query-input":"required name=search_term_string"}],"inLanguage":"fr-FR"},{"@type":"Organization","@id":"https:\/\/www.region-fes-meknes.ma\/#organization","name":"R\u00e9gion F\u00e8s M\u00e8kn\u00e8s","url":"https:\/\/www.region-fes-meknes.ma\/","sameAs":["https:\/\/www.facebook.com\/R\u00e9gion-F\u00e8s-Mekn\u00e8s-1130195096990872"],"logo":{"@type":"ImageObject","inLanguage":"fr-FR","@id":"https:\/\/www.region-fes-meknes.ma\/#\/schema\/logo\/image\/","url":"http:\/\/www.region-fes-meknes.ma\/wp-content\/uploads\/2017\/10\/logo-rfm4.png","contentUrl":"http:\/\/www.region-fes-meknes.ma\/wp-content\/uploads\/2017\/10\/logo-rfm4.png","width":304,"height":291,"caption":"R\u00e9gion F\u00e8s M\u00e8kn\u00e8s"},"image":{"@id":"https:\/\/www.region-fes-meknes.ma\/#\/schema\/logo\/image\/"}},{"@type":"Person","@id":"https:\/\/www.region-fes-meknes.ma\/#\/schema\/person\/0f39741727e5e507b0f585d8ea23e359","name":"Zaynab Dhimene","image":{"@type":"ImageObject","inLanguage":"fr-FR","@id":"https:\/\/www.region-fes-meknes.ma\/#\/schema\/person\/image\/","url":"https:\/\/secure.gravatar.com\/avatar\/c668cebb47e2644c6dfb9d8f5a83fb03?s=96&d=mm&r=g","contentUrl":"https:\/\/secure.gravatar.com\/avatar\/c668cebb47e2644c6dfb9d8f5a83fb03?s=96&d=mm&r=g","caption":"Zaynab Dhimene"}}]}},"_links":{"self":[{"href":"https:\/\/www.region-fes-meknes.ma\/fr\/wp-json\/wp\/v2\/posts\/19737"}],"collection":[{"href":"https:\/\/www.region-fes-meknes.ma\/fr\/wp-json\/wp\/v2\/posts"}],"about":[{"href":"https:\/\/www.region-fes-meknes.ma\/fr\/wp-json\/wp\/v2\/types\/post"}],"author":[{"embeddable":true,"href":"https:\/\/www.region-fes-meknes.ma\/fr\/wp-json\/wp\/v2\/users\/76"}],"replies":[{"embeddable":true,"href":"https:\/\/www.region-fes-meknes.ma\/fr\/wp-json\/wp\/v2\/comments?post=19737"}],"version-history":[{"count":1,"href":"https:\/\/www.region-fes-meknes.ma\/fr\/wp-json\/wp\/v2\/posts\/19737\/revisions"}],"predecessor-version":[{"id":19738,"href":"https:\/\/www.region-fes-meknes.ma\/fr\/wp-json\/wp\/v2\/posts\/19737\/revisions\/19738"}],"wp:featuredmedia":[{"embeddable":true,"href":"https:\/\/www.region-fes-meknes.ma\/fr\/wp-json\/wp\/v2\/media\/19733"}],"wp:attachment":[{"href":"https:\/\/www.region-fes-meknes.ma\/fr\/wp-json\/wp\/v2\/media?parent=19737"}],"wp:term":[{"taxonomy":"category","embeddable":true,"href":"https:\/\/www.region-fes-meknes.ma\/fr\/wp-json\/wp\/v2\/categories?post=19737"},{"taxonomy":"post_tag","embeddable":true,"href":"https:\/\/www.region-fes-meknes.ma\/fr\/wp-json\/wp\/v2\/tags?post=19737"}],"curies":[{"name":"wp","href":"https:\/\/api.w.org\/{rel}","templated":true}]}}