{"id":19831,"date":"2021-12-16T16:25:16","date_gmt":"2021-12-16T15:25:16","guid":{"rendered":"http:\/\/www.region-fes-meknes.ma\/?p=19831"},"modified":"2021-12-16T16:27:40","modified_gmt":"2021-12-16T15:27:40","slug":"communique-de-presse-relatif-a-la-session-extraordinaire-du-conseil-de-la-region-fes-meknes","status":"publish","type":"post","link":"https:\/\/www.region-fes-meknes.ma\/fr\/actualites\/communique-de-presse-relatif-a-la-session-extraordinaire-du-conseil-de-la-region-fes-meknes\/","title":{"rendered":"Communiqu\u00e9 de Presse relatif \u00e0 La Session extraordinaire du Conseil de la R\u00e9gion F\u00e8s-Mekn\u00e8s"},"content":{"rendered":"<p>Le Conseil de la R\u00e9gion de F\u00e8s-Mekn\u00e8s s&rsquo;est r\u00e9uni en session extraordinaire le jeudi 16 d\u00e9cembre 2021 \u00e0 15h au si\u00e8ge du<br \/>\nConseil de la r\u00e9gion. Cette r\u00e9union a \u00e9t\u00e9\u00a0 pr\u00e9sid\u00e9e par le pr\u00e9sident du Conseil monsieur Abdelouahed El Ansari,\u00a0 en pr\u00e9sence du monsieur le Secr\u00e9taire G\u00e9n\u00e9ral des Affaires R\u00e9gionales, et mesdames et messieurs les membres du Conseil.<\/p>\n<p>Lors de cette session, le Conseil a approuv\u00e9 une s\u00e9rie de conventions de partenariat, faisant partie du Contrat-Programme-Etat-R\u00e9gion CPER, relatifs \u00e0 la mise en \u0153uvre des programmes du d\u00e9senclavement du monde rural au niveau de la r\u00e9gion, en partenariat avec le Minist\u00e8re de l\u2019Equipement et de l\u2019Eau.<\/p>\n<p>Ces conventions ont pour objectif l\u2019am\u00e9lioration de l&rsquo;attractivit\u00e9 territoriale et \u00e9conomique au niveau de la r\u00e9gion, en plus de l&rsquo;am\u00e9lioration et la r\u00e9habilitation axes routiers.<\/p>\n","protected":false},"excerpt":{"rendered":"<p>Le Conseil de la R\u00e9gion de F\u00e8s-Mekn\u00e8s s&rsquo;est r\u00e9uni en session extraordinaire le jeudi 16 d\u00e9cembre 2021 \u00e0 15h au si\u00e8ge du Conseil de la r\u00e9gion. Cette r\u00e9union a \u00e9t\u00e9\u00a0 &#8230;<\/p>\n","protected":false},"author":76,"featured_media":19813,"comment_status":"open","ping_status":"closed","sticky":false,"template":"","format":"standard","meta":{"_bbp_topic_count":0,"_bbp_reply_count":0,"_bbp_total_topic_count":0,"_bbp_total_reply_count":0,"_bbp_voice_count":0,"_bbp_anonymous_reply_count":0,"_bbp_topic_count_hidden":0,"_bbp_reply_count_hidden":0,"_bbp_forum_subforum_count":0},"categories":[18],"tags":[],"acf":[],"yoast_head":"<!-- This site is optimized with the Yoast SEO plugin v19.5.1 - https:\/\/yoast.com\/wordpress\/plugins\/seo\/ -->\n<title>Communiqu\u00e9 de Presse relatif \u00e0 La Session extraordinaire du Conseil de la R\u00e9gion F\u00e8s-Mekn\u00e8s - R\u00e9gion F\u00e8s Mekn\u00e8s<\/title>\n<meta name=\"robots\" content=\"index, follow, max-snippet:-1, max-image-preview:large, max-video-preview:-1\" \/>\n<link rel=\"canonical\" href=\"https:\/\/www.region-fes-meknes.ma\/fr\/actualites\/communique-de-presse-relatif-a-la-session-extraordinaire-du-conseil-de-la-region-fes-meknes\/\" \/>\n<meta property=\"og:locale\" content=\"fr_FR\" \/>\n<meta property=\"og:type\" content=\"article\" \/>\n<meta property=\"og:title\" content=\"Communiqu\u00e9 de Presse relatif \u00e0 La Session extraordinaire du Conseil de la R\u00e9gion F\u00e8s-Mekn\u00e8s - R\u00e9gion F\u00e8s Mekn\u00e8s\" \/>\n<meta property=\"og:description\" content=\"Le Conseil de la R\u00e9gion de F\u00e8s-Mekn\u00e8s s&rsquo;est r\u00e9uni en session extraordinaire le jeudi 16 d\u00e9cembre 2021 \u00e0 15h au si\u00e8ge du Conseil de la r\u00e9gion. Cette r\u00e9union a \u00e9t\u00e9\u00a0 ...\" \/>\n<meta property=\"og:url\" content=\"https:\/\/www.region-fes-meknes.ma\/fr\/actualites\/communique-de-presse-relatif-a-la-session-extraordinaire-du-conseil-de-la-region-fes-meknes\/\" \/>\n<meta property=\"og:site_name\" content=\"R\u00e9gion F\u00e8s Mekn\u00e8s\" \/>\n<meta property=\"article:publisher\" content=\"https:\/\/www.facebook.com\/R%c3%a9gion-F%c3%a8s-Mekn%c3%a8s-1130195096990872\" \/>\n<meta property=\"article:published_time\" content=\"2021-12-16T15:25:16+00:00\" \/>\n<meta property=\"article:modified_time\" content=\"2021-12-16T15:27:40+00:00\" \/>\n<meta property=\"og:image\" content=\"https:\/\/www.region-fes-meknes.ma\/wp-content\/uploads\/2021\/12\/DSC_6374.jpg\" \/>\n\t<meta property=\"og:image:width\" content=\"1090\" \/>\n\t<meta property=\"og:image:height\" content=\"722\" \/>\n\t<meta property=\"og:image:type\" content=\"image\/jpeg\" \/>\n<meta name=\"author\" content=\"Zaynab Dhimene\" \/>\n<meta name=\"twitter:card\" content=\"summary_large_image\" \/>\n<meta name=\"twitter:label1\" content=\"\u00c9crit par\" \/>\n\t<meta name=\"twitter:data1\" content=\"Zaynab Dhimene\" \/>\n\t<meta name=\"twitter:label2\" content=\"Dur\u00e9e de lecture estim\u00e9e\" \/>\n\t<meta name=\"twitter:data2\" content=\"1 minute\" \/>\n<script type=\"application\/ld+json\" class=\"yoast-schema-graph\">{\"@context\":\"https:\/\/schema.org\",\"@graph\":[{\"@type\":\"Article\",\"@id\":\"https:\/\/www.region-fes-meknes.ma\/fr\/actualites\/communique-de-presse-relatif-a-la-session-extraordinaire-du-conseil-de-la-region-fes-meknes\/#article\",\"isPartOf\":{\"@id\":\"https:\/\/www.region-fes-meknes.ma\/fr\/actualites\/communique-de-presse-relatif-a-la-session-extraordinaire-du-conseil-de-la-region-fes-meknes\/\"},\"author\":{\"name\":\"Zaynab Dhimene\",\"@id\":\"https:\/\/www.region-fes-meknes.ma\/#\/schema\/person\/0f39741727e5e507b0f585d8ea23e359\"},\"headline\":\"Communiqu\u00e9 de Presse relatif \u00e0 La Session extraordinaire du Conseil de la R\u00e9gion F\u00e8s-Mekn\u00e8s\",\"datePublished\":\"2021-12-16T15:25:16+00:00\",\"dateModified\":\"2021-12-16T15:27:40+00:00\",\"mainEntityOfPage\":{\"@id\":\"https:\/\/www.region-fes-meknes.ma\/fr\/actualites\/communique-de-presse-relatif-a-la-session-extraordinaire-du-conseil-de-la-region-fes-meknes\/\"},\"wordCount\":170,\"commentCount\":0,\"publisher\":{\"@id\":\"https:\/\/www.region-fes-meknes.ma\/#organization\"},\"articleSection\":[\"Actualit\u00e9s\"],\"inLanguage\":\"fr-FR\",\"potentialAction\":[{\"@type\":\"CommentAction\",\"name\":\"Comment\",\"target\":[\"https:\/\/www.region-fes-meknes.ma\/fr\/actualites\/communique-de-presse-relatif-a-la-session-extraordinaire-du-conseil-de-la-region-fes-meknes\/#respond\"]}]},{\"@type\":\"WebPage\",\"@id\":\"https:\/\/www.region-fes-meknes.ma\/fr\/actualites\/communique-de-presse-relatif-a-la-session-extraordinaire-du-conseil-de-la-region-fes-meknes\/\",\"url\":\"https:\/\/www.region-fes-meknes.ma\/fr\/actualites\/communique-de-presse-relatif-a-la-session-extraordinaire-du-conseil-de-la-region-fes-meknes\/\",\"name\":\"Communiqu\u00e9 de Presse relatif \u00e0 La Session extraordinaire du Conseil de la R\u00e9gion F\u00e8s-Mekn\u00e8s - R\u00e9gion F\u00e8s Mekn\u00e8s\",\"isPartOf\":{\"@id\":\"https:\/\/www.region-fes-meknes.ma\/#website\"},\"datePublished\":\"2021-12-16T15:25:16+00:00\",\"dateModified\":\"2021-12-16T15:27:40+00:00\",\"breadcrumb\":{\"@id\":\"https:\/\/www.region-fes-meknes.ma\/fr\/actualites\/communique-de-presse-relatif-a-la-session-extraordinaire-du-conseil-de-la-region-fes-meknes\/#breadcrumb\"},\"inLanguage\":\"fr-FR\",\"potentialAction\":[{\"@type\":\"ReadAction\",\"target\":[\"https:\/\/www.region-fes-meknes.ma\/fr\/actualites\/communique-de-presse-relatif-a-la-session-extraordinaire-du-conseil-de-la-region-fes-meknes\/\"]}]},{\"@type\":\"BreadcrumbList\",\"@id\":\"https:\/\/www.region-fes-meknes.ma\/fr\/actualites\/communique-de-presse-relatif-a-la-session-extraordinaire-du-conseil-de-la-region-fes-meknes\/#breadcrumb\",\"itemListElement\":[{\"@type\":\"ListItem\",\"position\":1,\"name\":\"Accueil\",\"item\":\"https:\/\/www.region-fes-meknes.ma\/fr\/\"},{\"@type\":\"ListItem\",\"position\":2,\"name\":\"Communiqu\u00e9 de Presse relatif \u00e0 La Session extraordinaire du Conseil de la R\u00e9gion F\u00e8s-Mekn\u00e8s\"}]},{\"@type\":\"WebSite\",\"@id\":\"https:\/\/www.region-fes-meknes.ma\/#website\",\"url\":\"https:\/\/www.region-fes-meknes.ma\/\",\"name\":\"Portail de la R\u00e9gion F\u00e8s-Mekn\u00e8s\",\"description\":\"Site officiel de la r\u00e9gion F\u00e8s-Mekn\u00e8s.\",\"publisher\":{\"@id\":\"https:\/\/www.region-fes-meknes.ma\/#organization\"},\"potentialAction\":[{\"@type\":\"SearchAction\",\"target\":{\"@type\":\"EntryPoint\",\"urlTemplate\":\"https:\/\/www.region-fes-meknes.ma\/?s={search_term_string}\"},\"query-input\":\"required name=search_term_string\"}],\"inLanguage\":\"fr-FR\"},{\"@type\":\"Organization\",\"@id\":\"https:\/\/www.region-fes-meknes.ma\/#organization\",\"name\":\"R\u00e9gion F\u00e8s M\u00e8kn\u00e8s\",\"url\":\"https:\/\/www.region-fes-meknes.ma\/\",\"sameAs\":[\"https:\/\/www.facebook.com\/R\u00e9gion-F\u00e8s-Mekn\u00e8s-1130195096990872\"],\"logo\":{\"@type\":\"ImageObject\",\"inLanguage\":\"fr-FR\",\"@id\":\"https:\/\/www.region-fes-meknes.ma\/#\/schema\/logo\/image\/\",\"url\":\"http:\/\/www.region-fes-meknes.ma\/wp-content\/uploads\/2017\/10\/logo-rfm4.png\",\"contentUrl\":\"http:\/\/www.region-fes-meknes.ma\/wp-content\/uploads\/2017\/10\/logo-rfm4.png\",\"width\":304,\"height\":291,\"caption\":\"R\u00e9gion F\u00e8s M\u00e8kn\u00e8s\"},\"image\":{\"@id\":\"https:\/\/www.region-fes-meknes.ma\/#\/schema\/logo\/image\/\"}},{\"@type\":\"Person\",\"@id\":\"https:\/\/www.region-fes-meknes.ma\/#\/schema\/person\/0f39741727e5e507b0f585d8ea23e359\",\"name\":\"Zaynab Dhimene\",\"image\":{\"@type\":\"ImageObject\",\"inLanguage\":\"fr-FR\",\"@id\":\"https:\/\/www.region-fes-meknes.ma\/#\/schema\/person\/image\/\",\"url\":\"https:\/\/secure.gravatar.com\/avatar\/c668cebb47e2644c6dfb9d8f5a83fb03?s=96&d=mm&r=g\",\"contentUrl\":\"https:\/\/secure.gravatar.com\/avatar\/c668cebb47e2644c6dfb9d8f5a83fb03?s=96&d=mm&r=g\",\"caption\":\"Zaynab Dhimene\"}}]}<\/script>\n<!-- \/ Yoast SEO plugin. -->","yoast_head_json":{"title":"Communiqu\u00e9 de Presse relatif \u00e0 La Session extraordinaire du Conseil de la R\u00e9gion F\u00e8s-Mekn\u00e8s - R\u00e9gion F\u00e8s Mekn\u00e8s","robots":{"index":"index","follow":"follow","max-snippet":"max-snippet:-1","max-image-preview":"max-image-preview:large","max-video-preview":"max-video-preview:-1"},"canonical":"https:\/\/www.region-fes-meknes.ma\/fr\/actualites\/communique-de-presse-relatif-a-la-session-extraordinaire-du-conseil-de-la-region-fes-meknes\/","og_locale":"fr_FR","og_type":"article","og_title":"Communiqu\u00e9 de Presse relatif \u00e0 La Session extraordinaire du Conseil de la R\u00e9gion F\u00e8s-Mekn\u00e8s - R\u00e9gion F\u00e8s Mekn\u00e8s","og_description":"Le Conseil de la R\u00e9gion de F\u00e8s-Mekn\u00e8s s&rsquo;est r\u00e9uni en session extraordinaire le jeudi 16 d\u00e9cembre 2021 \u00e0 15h au si\u00e8ge du Conseil de la r\u00e9gion. Cette r\u00e9union a \u00e9t\u00e9\u00a0 ...","og_url":"https:\/\/www.region-fes-meknes.ma\/fr\/actualites\/communique-de-presse-relatif-a-la-session-extraordinaire-du-conseil-de-la-region-fes-meknes\/","og_site_name":"R\u00e9gion F\u00e8s Mekn\u00e8s","article_publisher":"https:\/\/www.facebook.com\/R%c3%a9gion-F%c3%a8s-Mekn%c3%a8s-1130195096990872","article_published_time":"2021-12-16T15:25:16+00:00","article_modified_time":"2021-12-16T15:27:40+00:00","og_image":[{"width":1090,"height":722,"url":"https:\/\/www.region-fes-meknes.ma\/wp-content\/uploads\/2021\/12\/DSC_6374.jpg","type":"image\/jpeg"}],"author":"Zaynab Dhimene","twitter_card":"summary_large_image","twitter_misc":{"\u00c9crit par":"Zaynab Dhimene","Dur\u00e9e de lecture estim\u00e9e":"1 minute"},"schema":{"@context":"https:\/\/schema.org","@graph":[{"@type":"Article","@id":"https:\/\/www.region-fes-meknes.ma\/fr\/actualites\/communique-de-presse-relatif-a-la-session-extraordinaire-du-conseil-de-la-region-fes-meknes\/#article","isPartOf":{"@id":"https:\/\/www.region-fes-meknes.ma\/fr\/actualites\/communique-de-presse-relatif-a-la-session-extraordinaire-du-conseil-de-la-region-fes-meknes\/"},"author":{"name":"Zaynab Dhimene","@id":"https:\/\/www.region-fes-meknes.ma\/#\/schema\/person\/0f39741727e5e507b0f585d8ea23e359"},"headline":"Communiqu\u00e9 de Presse relatif \u00e0 La Session extraordinaire du Conseil de la R\u00e9gion F\u00e8s-Mekn\u00e8s","datePublished":"2021-12-16T15:25:16+00:00","dateModified":"2021-12-16T15:27:40+00:00","mainEntityOfPage":{"@id":"https:\/\/www.region-fes-meknes.ma\/fr\/actualites\/communique-de-presse-relatif-a-la-session-extraordinaire-du-conseil-de-la-region-fes-meknes\/"},"wordCount":170,"commentCount":0,"publisher":{"@id":"https:\/\/www.region-fes-meknes.ma\/#organization"},"articleSection":["Actualit\u00e9s"],"inLanguage":"fr-FR","potentialAction":[{"@type":"CommentAction","name":"Comment","target":["https:\/\/www.region-fes-meknes.ma\/fr\/actualites\/communique-de-presse-relatif-a-la-session-extraordinaire-du-conseil-de-la-region-fes-meknes\/#respond"]}]},{"@type":"WebPage","@id":"https:\/\/www.region-fes-meknes.ma\/fr\/actualites\/communique-de-presse-relatif-a-la-session-extraordinaire-du-conseil-de-la-region-fes-meknes\/","url":"https:\/\/www.region-fes-meknes.ma\/fr\/actualites\/communique-de-presse-relatif-a-la-session-extraordinaire-du-conseil-de-la-region-fes-meknes\/","name":"Communiqu\u00e9 de Presse relatif \u00e0 La Session extraordinaire du Conseil de la R\u00e9gion F\u00e8s-Mekn\u00e8s - R\u00e9gion F\u00e8s Mekn\u00e8s","isPartOf":{"@id":"https:\/\/www.region-fes-meknes.ma\/#website"},"datePublished":"2021-12-16T15:25:16+00:00","dateModified":"2021-12-16T15:27:40+00:00","breadcrumb":{"@id":"https:\/\/www.region-fes-meknes.ma\/fr\/actualites\/communique-de-presse-relatif-a-la-session-extraordinaire-du-conseil-de-la-region-fes-meknes\/#breadcrumb"},"inLanguage":"fr-FR","potentialAction":[{"@type":"ReadAction","target":["https:\/\/www.region-fes-meknes.ma\/fr\/actualites\/communique-de-presse-relatif-a-la-session-extraordinaire-du-conseil-de-la-region-fes-meknes\/"]}]},{"@type":"BreadcrumbList","@id":"https:\/\/www.region-fes-meknes.ma\/fr\/actualites\/communique-de-presse-relatif-a-la-session-extraordinaire-du-conseil-de-la-region-fes-meknes\/#breadcrumb","itemListElement":[{"@type":"ListItem","position":1,"name":"Accueil","item":"https:\/\/www.region-fes-meknes.ma\/fr\/"},{"@type":"ListItem","position":2,"name":"Communiqu\u00e9 de Presse relatif \u00e0 La Session extraordinaire du Conseil de la R\u00e9gion F\u00e8s-Mekn\u00e8s"}]},{"@type":"WebSite","@id":"https:\/\/www.region-fes-meknes.ma\/#website","url":"https:\/\/www.region-fes-meknes.ma\/","name":"Portail de la R\u00e9gion F\u00e8s-Mekn\u00e8s","description":"Site officiel de la r\u00e9gion F\u00e8s-Mekn\u00e8s.","publisher":{"@id":"https:\/\/www.region-fes-meknes.ma\/#organization"},"potentialAction":[{"@type":"SearchAction","target":{"@type":"EntryPoint","urlTemplate":"https:\/\/www.region-fes-meknes.ma\/?s={search_term_string}"},"query-input":"required name=search_term_string"}],"inLanguage":"fr-FR"},{"@type":"Organization","@id":"https:\/\/www.region-fes-meknes.ma\/#organization","name":"R\u00e9gion F\u00e8s M\u00e8kn\u00e8s","url":"https:\/\/www.region-fes-meknes.ma\/","sameAs":["https:\/\/www.facebook.com\/R\u00e9gion-F\u00e8s-Mekn\u00e8s-1130195096990872"],"logo":{"@type":"ImageObject","inLanguage":"fr-FR","@id":"https:\/\/www.region-fes-meknes.ma\/#\/schema\/logo\/image\/","url":"http:\/\/www.region-fes-meknes.ma\/wp-content\/uploads\/2017\/10\/logo-rfm4.png","contentUrl":"http:\/\/www.region-fes-meknes.ma\/wp-content\/uploads\/2017\/10\/logo-rfm4.png","width":304,"height":291,"caption":"R\u00e9gion F\u00e8s M\u00e8kn\u00e8s"},"image":{"@id":"https:\/\/www.region-fes-meknes.ma\/#\/schema\/logo\/image\/"}},{"@type":"Person","@id":"https:\/\/www.region-fes-meknes.ma\/#\/schema\/person\/0f39741727e5e507b0f585d8ea23e359","name":"Zaynab Dhimene","image":{"@type":"ImageObject","inLanguage":"fr-FR","@id":"https:\/\/www.region-fes-meknes.ma\/#\/schema\/person\/image\/","url":"https:\/\/secure.gravatar.com\/avatar\/c668cebb47e2644c6dfb9d8f5a83fb03?s=96&d=mm&r=g","contentUrl":"https:\/\/secure.gravatar.com\/avatar\/c668cebb47e2644c6dfb9d8f5a83fb03?s=96&d=mm&r=g","caption":"Zaynab Dhimene"}}]}},"_links":{"self":[{"href":"https:\/\/www.region-fes-meknes.ma\/fr\/wp-json\/wp\/v2\/posts\/19831"}],"collection":[{"href":"https:\/\/www.region-fes-meknes.ma\/fr\/wp-json\/wp\/v2\/posts"}],"about":[{"href":"https:\/\/www.region-fes-meknes.ma\/fr\/wp-json\/wp\/v2\/types\/post"}],"author":[{"embeddable":true,"href":"https:\/\/www.region-fes-meknes.ma\/fr\/wp-json\/wp\/v2\/users\/76"}],"replies":[{"embeddable":true,"href":"https:\/\/www.region-fes-meknes.ma\/fr\/wp-json\/wp\/v2\/comments?post=19831"}],"version-history":[{"count":1,"href":"https:\/\/www.region-fes-meknes.ma\/fr\/wp-json\/wp\/v2\/posts\/19831\/revisions"}],"predecessor-version":[{"id":19832,"href":"https:\/\/www.region-fes-meknes.ma\/fr\/wp-json\/wp\/v2\/posts\/19831\/revisions\/19832"}],"wp:featuredmedia":[{"embeddable":true,"href":"https:\/\/www.region-fes-meknes.ma\/fr\/wp-json\/wp\/v2\/media\/19813"}],"wp:attachment":[{"href":"https:\/\/www.region-fes-meknes.ma\/fr\/wp-json\/wp\/v2\/media?parent=19831"}],"wp:term":[{"taxonomy":"category","embeddable":true,"href":"https:\/\/www.region-fes-meknes.ma\/fr\/wp-json\/wp\/v2\/categories?post=19831"},{"taxonomy":"post_tag","embeddable":true,"href":"https:\/\/www.region-fes-meknes.ma\/fr\/wp-json\/wp\/v2\/tags?post=19831"}],"curies":[{"name":"wp","href":"https:\/\/api.w.org\/{rel}","templated":true}]}}