{"id":20077,"date":"2022-01-27T14:05:16","date_gmt":"2022-01-27T13:05:16","guid":{"rendered":"http:\/\/www.region-fes-meknes.ma\/?p=20077"},"modified":"2022-01-27T14:07:10","modified_gmt":"2022-01-27T13:07:10","slug":"fin-des-travaux-de-construction-de-la-piste-reliant-ecole-achkir-a-la-rp-7032-et-la-piste-reliant-lecole-hajja-a-la-rp-7032-a-la-commune-dain-orma-a-la-prefecture-de-meknes","status":"publish","type":"post","link":"https:\/\/www.region-fes-meknes.ma\/fr\/actualites\/fin-des-travaux-de-construction-de-la-piste-reliant-ecole-achkir-a-la-rp-7032-et-la-piste-reliant-lecole-hajja-a-la-rp-7032-a-la-commune-dain-orma-a-la-prefecture-de-meknes\/","title":{"rendered":"Fin des travaux de construction de la piste reliant \u00e9cole Achkir \u00e0 la RP 7032 et la piste reliant l\u2019\u00e9cole Hajja \u00e0 la RP 7032 \u00e0 la commune d\u2019Ain Orma \u00e0 la Pr\u00e9fecture de Mekn\u00e8s"},"content":{"rendered":"<p>Ach\u00e8vement des travaux de construction de deux pistes \u00e0 la commune d\u2019Ain Orma, la premi\u00e8re relie l\u2019\u00e9cole d\u2019Achkir \u00e0 la route provinciale n\u00b07032 sur une distance de 2.40 Km, et la deuxi\u00e8me relie l\u2019\u00e9cole Hajja \u00e0 la route provinciale n\u00b07032 sur une distance de 2.5 Km.<\/p>\n<p>Lesdits travaux ont \u00e9t\u00e9 financ\u00e9 par le conseil de la r\u00e9gion F\u00e8s-Mekn\u00e8s pour la somme de 4.84 Mdh, un investissement qui a permis aux transports scolaires de desservir ces deux \u00e9coles, et donc, offrir de bonnes conditions de circulation aux habitants des douars et des \u00e9l\u00e8ves.<\/p>\n<p>L\u2019AREP-FM a supervis\u00e9e la r\u00e9alisation des travaux.<\/p>\n","protected":false},"excerpt":{"rendered":"<p>Ach\u00e8vement des travaux de construction de deux pistes \u00e0 la commune d\u2019Ain Orma, la premi\u00e8re relie l\u2019\u00e9cole d\u2019Achkir \u00e0 la route provinciale n\u00b07032 sur une distance de 2.40 Km, et &#8230;<\/p>\n","protected":false},"author":76,"featured_media":20067,"comment_status":"open","ping_status":"closed","sticky":false,"template":"","format":"standard","meta":{"_bbp_topic_count":0,"_bbp_reply_count":0,"_bbp_total_topic_count":0,"_bbp_total_reply_count":0,"_bbp_voice_count":0,"_bbp_anonymous_reply_count":0,"_bbp_topic_count_hidden":0,"_bbp_reply_count_hidden":0,"_bbp_forum_subforum_count":0},"categories":[18],"tags":[],"acf":[],"yoast_head":"<!-- This site is optimized with the Yoast SEO plugin v19.5.1 - https:\/\/yoast.com\/wordpress\/plugins\/seo\/ -->\n<title>Fin des travaux de construction de la piste reliant \u00e9cole Achkir \u00e0 la RP 7032 et la piste reliant l\u2019\u00e9cole Hajja \u00e0 la RP 7032 \u00e0 la commune d\u2019Ain Orma \u00e0 la Pr\u00e9fecture de Mekn\u00e8s - R\u00e9gion F\u00e8s Mekn\u00e8s<\/title>\n<meta name=\"robots\" content=\"index, follow, max-snippet:-1, max-image-preview:large, max-video-preview:-1\" \/>\n<link rel=\"canonical\" href=\"https:\/\/www.region-fes-meknes.ma\/fr\/actualites\/fin-des-travaux-de-construction-de-la-piste-reliant-ecole-achkir-a-la-rp-7032-et-la-piste-reliant-lecole-hajja-a-la-rp-7032-a-la-commune-dain-orma-a-la-prefecture-de-meknes\/\" \/>\n<meta property=\"og:locale\" content=\"fr_FR\" \/>\n<meta property=\"og:type\" content=\"article\" \/>\n<meta property=\"og:title\" content=\"Fin des travaux de construction de la piste reliant \u00e9cole Achkir \u00e0 la RP 7032 et la piste reliant l\u2019\u00e9cole Hajja \u00e0 la RP 7032 \u00e0 la commune d\u2019Ain Orma \u00e0 la Pr\u00e9fecture de Mekn\u00e8s - R\u00e9gion F\u00e8s Mekn\u00e8s\" \/>\n<meta property=\"og:description\" content=\"Ach\u00e8vement des travaux de construction de deux pistes \u00e0 la commune d\u2019Ain Orma, la premi\u00e8re relie l\u2019\u00e9cole d\u2019Achkir \u00e0 la route provinciale n\u00b07032 sur une distance de 2.40 Km, et ...\" \/>\n<meta property=\"og:url\" content=\"https:\/\/www.region-fes-meknes.ma\/fr\/actualites\/fin-des-travaux-de-construction-de-la-piste-reliant-ecole-achkir-a-la-rp-7032-et-la-piste-reliant-lecole-hajja-a-la-rp-7032-a-la-commune-dain-orma-a-la-prefecture-de-meknes\/\" \/>\n<meta property=\"og:site_name\" content=\"R\u00e9gion F\u00e8s Mekn\u00e8s\" \/>\n<meta property=\"article:publisher\" content=\"https:\/\/www.facebook.com\/R%c3%a9gion-F%c3%a8s-Mekn%c3%a8s-1130195096990872\" \/>\n<meta property=\"article:published_time\" content=\"2022-01-27T13:05:16+00:00\" \/>\n<meta property=\"article:modified_time\" content=\"2022-01-27T13:07:10+00:00\" \/>\n<meta property=\"og:image\" content=\"https:\/\/www.region-fes-meknes.ma\/wp-content\/uploads\/2022\/01\/IMG_E2754-1024x768.jpg\" \/>\n\t<meta property=\"og:image:width\" content=\"1024\" \/>\n\t<meta property=\"og:image:height\" content=\"768\" \/>\n\t<meta property=\"og:image:type\" content=\"image\/jpeg\" \/>\n<meta name=\"author\" content=\"Zaynab Dhimene\" \/>\n<meta name=\"twitter:card\" content=\"summary_large_image\" \/>\n<meta name=\"twitter:label1\" content=\"\u00c9crit par\" \/>\n\t<meta name=\"twitter:data1\" content=\"Zaynab Dhimene\" \/>\n\t<meta name=\"twitter:label2\" content=\"Dur\u00e9e de lecture estim\u00e9e\" \/>\n\t<meta name=\"twitter:data2\" content=\"1 minute\" \/>\n<script type=\"application\/ld+json\" class=\"yoast-schema-graph\">{\"@context\":\"https:\/\/schema.org\",\"@graph\":[{\"@type\":\"Article\",\"@id\":\"https:\/\/www.region-fes-meknes.ma\/fr\/actualites\/fin-des-travaux-de-construction-de-la-piste-reliant-ecole-achkir-a-la-rp-7032-et-la-piste-reliant-lecole-hajja-a-la-rp-7032-a-la-commune-dain-orma-a-la-prefecture-de-meknes\/#article\",\"isPartOf\":{\"@id\":\"https:\/\/www.region-fes-meknes.ma\/fr\/actualites\/fin-des-travaux-de-construction-de-la-piste-reliant-ecole-achkir-a-la-rp-7032-et-la-piste-reliant-lecole-hajja-a-la-rp-7032-a-la-commune-dain-orma-a-la-prefecture-de-meknes\/\"},\"author\":{\"name\":\"Zaynab Dhimene\",\"@id\":\"https:\/\/www.region-fes-meknes.ma\/#\/schema\/person\/0f39741727e5e507b0f585d8ea23e359\"},\"headline\":\"Fin des travaux de construction de la piste reliant \u00e9cole Achkir \u00e0 la RP 7032 et la piste reliant l\u2019\u00e9cole Hajja \u00e0 la RP 7032 \u00e0 la commune d\u2019Ain Orma \u00e0 la Pr\u00e9fecture de Mekn\u00e8s\",\"datePublished\":\"2022-01-27T13:05:16+00:00\",\"dateModified\":\"2022-01-27T13:07:10+00:00\",\"mainEntityOfPage\":{\"@id\":\"https:\/\/www.region-fes-meknes.ma\/fr\/actualites\/fin-des-travaux-de-construction-de-la-piste-reliant-ecole-achkir-a-la-rp-7032-et-la-piste-reliant-lecole-hajja-a-la-rp-7032-a-la-commune-dain-orma-a-la-prefecture-de-meknes\/\"},\"wordCount\":140,\"commentCount\":0,\"publisher\":{\"@id\":\"https:\/\/www.region-fes-meknes.ma\/#organization\"},\"articleSection\":[\"Actualit\u00e9s\"],\"inLanguage\":\"fr-FR\",\"potentialAction\":[{\"@type\":\"CommentAction\",\"name\":\"Comment\",\"target\":[\"https:\/\/www.region-fes-meknes.ma\/fr\/actualites\/fin-des-travaux-de-construction-de-la-piste-reliant-ecole-achkir-a-la-rp-7032-et-la-piste-reliant-lecole-hajja-a-la-rp-7032-a-la-commune-dain-orma-a-la-prefecture-de-meknes\/#respond\"]}]},{\"@type\":\"WebPage\",\"@id\":\"https:\/\/www.region-fes-meknes.ma\/fr\/actualites\/fin-des-travaux-de-construction-de-la-piste-reliant-ecole-achkir-a-la-rp-7032-et-la-piste-reliant-lecole-hajja-a-la-rp-7032-a-la-commune-dain-orma-a-la-prefecture-de-meknes\/\",\"url\":\"https:\/\/www.region-fes-meknes.ma\/fr\/actualites\/fin-des-travaux-de-construction-de-la-piste-reliant-ecole-achkir-a-la-rp-7032-et-la-piste-reliant-lecole-hajja-a-la-rp-7032-a-la-commune-dain-orma-a-la-prefecture-de-meknes\/\",\"name\":\"Fin des travaux de construction de la piste reliant \u00e9cole Achkir \u00e0 la RP 7032 et la piste reliant l\u2019\u00e9cole Hajja \u00e0 la RP 7032 \u00e0 la commune d\u2019Ain Orma \u00e0 la Pr\u00e9fecture de Mekn\u00e8s - R\u00e9gion F\u00e8s Mekn\u00e8s\",\"isPartOf\":{\"@id\":\"https:\/\/www.region-fes-meknes.ma\/#website\"},\"datePublished\":\"2022-01-27T13:05:16+00:00\",\"dateModified\":\"2022-01-27T13:07:10+00:00\",\"breadcrumb\":{\"@id\":\"https:\/\/www.region-fes-meknes.ma\/fr\/actualites\/fin-des-travaux-de-construction-de-la-piste-reliant-ecole-achkir-a-la-rp-7032-et-la-piste-reliant-lecole-hajja-a-la-rp-7032-a-la-commune-dain-orma-a-la-prefecture-de-meknes\/#breadcrumb\"},\"inLanguage\":\"fr-FR\",\"potentialAction\":[{\"@type\":\"ReadAction\",\"target\":[\"https:\/\/www.region-fes-meknes.ma\/fr\/actualites\/fin-des-travaux-de-construction-de-la-piste-reliant-ecole-achkir-a-la-rp-7032-et-la-piste-reliant-lecole-hajja-a-la-rp-7032-a-la-commune-dain-orma-a-la-prefecture-de-meknes\/\"]}]},{\"@type\":\"BreadcrumbList\",\"@id\":\"https:\/\/www.region-fes-meknes.ma\/fr\/actualites\/fin-des-travaux-de-construction-de-la-piste-reliant-ecole-achkir-a-la-rp-7032-et-la-piste-reliant-lecole-hajja-a-la-rp-7032-a-la-commune-dain-orma-a-la-prefecture-de-meknes\/#breadcrumb\",\"itemListElement\":[{\"@type\":\"ListItem\",\"position\":1,\"name\":\"Accueil\",\"item\":\"https:\/\/www.region-fes-meknes.ma\/fr\/\"},{\"@type\":\"ListItem\",\"position\":2,\"name\":\"Fin des travaux de construction de la piste reliant \u00e9cole Achkir \u00e0 la RP 7032 et la piste reliant l\u2019\u00e9cole Hajja \u00e0 la RP 7032 \u00e0 la commune d\u2019Ain Orma \u00e0 la Pr\u00e9fecture de Mekn\u00e8s\"}]},{\"@type\":\"WebSite\",\"@id\":\"https:\/\/www.region-fes-meknes.ma\/#website\",\"url\":\"https:\/\/www.region-fes-meknes.ma\/\",\"name\":\"Portail de la R\u00e9gion F\u00e8s-Mekn\u00e8s\",\"description\":\"Site officiel de la r\u00e9gion F\u00e8s-Mekn\u00e8s.\",\"publisher\":{\"@id\":\"https:\/\/www.region-fes-meknes.ma\/#organization\"},\"potentialAction\":[{\"@type\":\"SearchAction\",\"target\":{\"@type\":\"EntryPoint\",\"urlTemplate\":\"https:\/\/www.region-fes-meknes.ma\/?s={search_term_string}\"},\"query-input\":\"required name=search_term_string\"}],\"inLanguage\":\"fr-FR\"},{\"@type\":\"Organization\",\"@id\":\"https:\/\/www.region-fes-meknes.ma\/#organization\",\"name\":\"R\u00e9gion F\u00e8s M\u00e8kn\u00e8s\",\"url\":\"https:\/\/www.region-fes-meknes.ma\/\",\"sameAs\":[\"https:\/\/www.facebook.com\/R\u00e9gion-F\u00e8s-Mekn\u00e8s-1130195096990872\"],\"logo\":{\"@type\":\"ImageObject\",\"inLanguage\":\"fr-FR\",\"@id\":\"https:\/\/www.region-fes-meknes.ma\/#\/schema\/logo\/image\/\",\"url\":\"http:\/\/www.region-fes-meknes.ma\/wp-content\/uploads\/2017\/10\/logo-rfm4.png\",\"contentUrl\":\"http:\/\/www.region-fes-meknes.ma\/wp-content\/uploads\/2017\/10\/logo-rfm4.png\",\"width\":304,\"height\":291,\"caption\":\"R\u00e9gion F\u00e8s M\u00e8kn\u00e8s\"},\"image\":{\"@id\":\"https:\/\/www.region-fes-meknes.ma\/#\/schema\/logo\/image\/\"}},{\"@type\":\"Person\",\"@id\":\"https:\/\/www.region-fes-meknes.ma\/#\/schema\/person\/0f39741727e5e507b0f585d8ea23e359\",\"name\":\"Zaynab Dhimene\",\"image\":{\"@type\":\"ImageObject\",\"inLanguage\":\"fr-FR\",\"@id\":\"https:\/\/www.region-fes-meknes.ma\/#\/schema\/person\/image\/\",\"url\":\"https:\/\/secure.gravatar.com\/avatar\/c668cebb47e2644c6dfb9d8f5a83fb03?s=96&d=mm&r=g\",\"contentUrl\":\"https:\/\/secure.gravatar.com\/avatar\/c668cebb47e2644c6dfb9d8f5a83fb03?s=96&d=mm&r=g\",\"caption\":\"Zaynab Dhimene\"}}]}<\/script>\n<!-- \/ Yoast SEO plugin. -->","yoast_head_json":{"title":"Fin des travaux de construction de la piste reliant \u00e9cole Achkir \u00e0 la RP 7032 et la piste reliant l\u2019\u00e9cole Hajja \u00e0 la RP 7032 \u00e0 la commune d\u2019Ain Orma \u00e0 la Pr\u00e9fecture de Mekn\u00e8s - R\u00e9gion F\u00e8s Mekn\u00e8s","robots":{"index":"index","follow":"follow","max-snippet":"max-snippet:-1","max-image-preview":"max-image-preview:large","max-video-preview":"max-video-preview:-1"},"canonical":"https:\/\/www.region-fes-meknes.ma\/fr\/actualites\/fin-des-travaux-de-construction-de-la-piste-reliant-ecole-achkir-a-la-rp-7032-et-la-piste-reliant-lecole-hajja-a-la-rp-7032-a-la-commune-dain-orma-a-la-prefecture-de-meknes\/","og_locale":"fr_FR","og_type":"article","og_title":"Fin des travaux de construction de la piste reliant \u00e9cole Achkir \u00e0 la RP 7032 et la piste reliant l\u2019\u00e9cole Hajja \u00e0 la RP 7032 \u00e0 la commune d\u2019Ain Orma \u00e0 la Pr\u00e9fecture de Mekn\u00e8s - R\u00e9gion F\u00e8s Mekn\u00e8s","og_description":"Ach\u00e8vement des travaux de construction de deux pistes \u00e0 la commune d\u2019Ain Orma, la premi\u00e8re relie l\u2019\u00e9cole d\u2019Achkir \u00e0 la route provinciale n\u00b07032 sur une distance de 2.40 Km, et ...","og_url":"https:\/\/www.region-fes-meknes.ma\/fr\/actualites\/fin-des-travaux-de-construction-de-la-piste-reliant-ecole-achkir-a-la-rp-7032-et-la-piste-reliant-lecole-hajja-a-la-rp-7032-a-la-commune-dain-orma-a-la-prefecture-de-meknes\/","og_site_name":"R\u00e9gion F\u00e8s Mekn\u00e8s","article_publisher":"https:\/\/www.facebook.com\/R%c3%a9gion-F%c3%a8s-Mekn%c3%a8s-1130195096990872","article_published_time":"2022-01-27T13:05:16+00:00","article_modified_time":"2022-01-27T13:07:10+00:00","og_image":[{"width":1024,"height":768,"url":"https:\/\/www.region-fes-meknes.ma\/wp-content\/uploads\/2022\/01\/IMG_E2754-1024x768.jpg","type":"image\/jpeg"}],"author":"Zaynab Dhimene","twitter_card":"summary_large_image","twitter_misc":{"\u00c9crit par":"Zaynab Dhimene","Dur\u00e9e de lecture estim\u00e9e":"1 minute"},"schema":{"@context":"https:\/\/schema.org","@graph":[{"@type":"Article","@id":"https:\/\/www.region-fes-meknes.ma\/fr\/actualites\/fin-des-travaux-de-construction-de-la-piste-reliant-ecole-achkir-a-la-rp-7032-et-la-piste-reliant-lecole-hajja-a-la-rp-7032-a-la-commune-dain-orma-a-la-prefecture-de-meknes\/#article","isPartOf":{"@id":"https:\/\/www.region-fes-meknes.ma\/fr\/actualites\/fin-des-travaux-de-construction-de-la-piste-reliant-ecole-achkir-a-la-rp-7032-et-la-piste-reliant-lecole-hajja-a-la-rp-7032-a-la-commune-dain-orma-a-la-prefecture-de-meknes\/"},"author":{"name":"Zaynab Dhimene","@id":"https:\/\/www.region-fes-meknes.ma\/#\/schema\/person\/0f39741727e5e507b0f585d8ea23e359"},"headline":"Fin des travaux de construction de la piste reliant \u00e9cole Achkir \u00e0 la RP 7032 et la piste reliant l\u2019\u00e9cole Hajja \u00e0 la RP 7032 \u00e0 la commune d\u2019Ain Orma \u00e0 la Pr\u00e9fecture de Mekn\u00e8s","datePublished":"2022-01-27T13:05:16+00:00","dateModified":"2022-01-27T13:07:10+00:00","mainEntityOfPage":{"@id":"https:\/\/www.region-fes-meknes.ma\/fr\/actualites\/fin-des-travaux-de-construction-de-la-piste-reliant-ecole-achkir-a-la-rp-7032-et-la-piste-reliant-lecole-hajja-a-la-rp-7032-a-la-commune-dain-orma-a-la-prefecture-de-meknes\/"},"wordCount":140,"commentCount":0,"publisher":{"@id":"https:\/\/www.region-fes-meknes.ma\/#organization"},"articleSection":["Actualit\u00e9s"],"inLanguage":"fr-FR","potentialAction":[{"@type":"CommentAction","name":"Comment","target":["https:\/\/www.region-fes-meknes.ma\/fr\/actualites\/fin-des-travaux-de-construction-de-la-piste-reliant-ecole-achkir-a-la-rp-7032-et-la-piste-reliant-lecole-hajja-a-la-rp-7032-a-la-commune-dain-orma-a-la-prefecture-de-meknes\/#respond"]}]},{"@type":"WebPage","@id":"https:\/\/www.region-fes-meknes.ma\/fr\/actualites\/fin-des-travaux-de-construction-de-la-piste-reliant-ecole-achkir-a-la-rp-7032-et-la-piste-reliant-lecole-hajja-a-la-rp-7032-a-la-commune-dain-orma-a-la-prefecture-de-meknes\/","url":"https:\/\/www.region-fes-meknes.ma\/fr\/actualites\/fin-des-travaux-de-construction-de-la-piste-reliant-ecole-achkir-a-la-rp-7032-et-la-piste-reliant-lecole-hajja-a-la-rp-7032-a-la-commune-dain-orma-a-la-prefecture-de-meknes\/","name":"Fin des travaux de construction de la piste reliant \u00e9cole Achkir \u00e0 la RP 7032 et la piste reliant l\u2019\u00e9cole Hajja \u00e0 la RP 7032 \u00e0 la commune d\u2019Ain Orma \u00e0 la Pr\u00e9fecture de Mekn\u00e8s - R\u00e9gion F\u00e8s Mekn\u00e8s","isPartOf":{"@id":"https:\/\/www.region-fes-meknes.ma\/#website"},"datePublished":"2022-01-27T13:05:16+00:00","dateModified":"2022-01-27T13:07:10+00:00","breadcrumb":{"@id":"https:\/\/www.region-fes-meknes.ma\/fr\/actualites\/fin-des-travaux-de-construction-de-la-piste-reliant-ecole-achkir-a-la-rp-7032-et-la-piste-reliant-lecole-hajja-a-la-rp-7032-a-la-commune-dain-orma-a-la-prefecture-de-meknes\/#breadcrumb"},"inLanguage":"fr-FR","potentialAction":[{"@type":"ReadAction","target":["https:\/\/www.region-fes-meknes.ma\/fr\/actualites\/fin-des-travaux-de-construction-de-la-piste-reliant-ecole-achkir-a-la-rp-7032-et-la-piste-reliant-lecole-hajja-a-la-rp-7032-a-la-commune-dain-orma-a-la-prefecture-de-meknes\/"]}]},{"@type":"BreadcrumbList","@id":"https:\/\/www.region-fes-meknes.ma\/fr\/actualites\/fin-des-travaux-de-construction-de-la-piste-reliant-ecole-achkir-a-la-rp-7032-et-la-piste-reliant-lecole-hajja-a-la-rp-7032-a-la-commune-dain-orma-a-la-prefecture-de-meknes\/#breadcrumb","itemListElement":[{"@type":"ListItem","position":1,"name":"Accueil","item":"https:\/\/www.region-fes-meknes.ma\/fr\/"},{"@type":"ListItem","position":2,"name":"Fin des travaux de construction de la piste reliant \u00e9cole Achkir \u00e0 la RP 7032 et la piste reliant l\u2019\u00e9cole Hajja \u00e0 la RP 7032 \u00e0 la commune d\u2019Ain Orma \u00e0 la Pr\u00e9fecture de Mekn\u00e8s"}]},{"@type":"WebSite","@id":"https:\/\/www.region-fes-meknes.ma\/#website","url":"https:\/\/www.region-fes-meknes.ma\/","name":"Portail de la R\u00e9gion F\u00e8s-Mekn\u00e8s","description":"Site officiel de la r\u00e9gion F\u00e8s-Mekn\u00e8s.","publisher":{"@id":"https:\/\/www.region-fes-meknes.ma\/#organization"},"potentialAction":[{"@type":"SearchAction","target":{"@type":"EntryPoint","urlTemplate":"https:\/\/www.region-fes-meknes.ma\/?s={search_term_string}"},"query-input":"required name=search_term_string"}],"inLanguage":"fr-FR"},{"@type":"Organization","@id":"https:\/\/www.region-fes-meknes.ma\/#organization","name":"R\u00e9gion F\u00e8s M\u00e8kn\u00e8s","url":"https:\/\/www.region-fes-meknes.ma\/","sameAs":["https:\/\/www.facebook.com\/R\u00e9gion-F\u00e8s-Mekn\u00e8s-1130195096990872"],"logo":{"@type":"ImageObject","inLanguage":"fr-FR","@id":"https:\/\/www.region-fes-meknes.ma\/#\/schema\/logo\/image\/","url":"http:\/\/www.region-fes-meknes.ma\/wp-content\/uploads\/2017\/10\/logo-rfm4.png","contentUrl":"http:\/\/www.region-fes-meknes.ma\/wp-content\/uploads\/2017\/10\/logo-rfm4.png","width":304,"height":291,"caption":"R\u00e9gion F\u00e8s M\u00e8kn\u00e8s"},"image":{"@id":"https:\/\/www.region-fes-meknes.ma\/#\/schema\/logo\/image\/"}},{"@type":"Person","@id":"https:\/\/www.region-fes-meknes.ma\/#\/schema\/person\/0f39741727e5e507b0f585d8ea23e359","name":"Zaynab Dhimene","image":{"@type":"ImageObject","inLanguage":"fr-FR","@id":"https:\/\/www.region-fes-meknes.ma\/#\/schema\/person\/image\/","url":"https:\/\/secure.gravatar.com\/avatar\/c668cebb47e2644c6dfb9d8f5a83fb03?s=96&d=mm&r=g","contentUrl":"https:\/\/secure.gravatar.com\/avatar\/c668cebb47e2644c6dfb9d8f5a83fb03?s=96&d=mm&r=g","caption":"Zaynab Dhimene"}}]}},"_links":{"self":[{"href":"https:\/\/www.region-fes-meknes.ma\/fr\/wp-json\/wp\/v2\/posts\/20077"}],"collection":[{"href":"https:\/\/www.region-fes-meknes.ma\/fr\/wp-json\/wp\/v2\/posts"}],"about":[{"href":"https:\/\/www.region-fes-meknes.ma\/fr\/wp-json\/wp\/v2\/types\/post"}],"author":[{"embeddable":true,"href":"https:\/\/www.region-fes-meknes.ma\/fr\/wp-json\/wp\/v2\/users\/76"}],"replies":[{"embeddable":true,"href":"https:\/\/www.region-fes-meknes.ma\/fr\/wp-json\/wp\/v2\/comments?post=20077"}],"version-history":[{"count":2,"href":"https:\/\/www.region-fes-meknes.ma\/fr\/wp-json\/wp\/v2\/posts\/20077\/revisions"}],"predecessor-version":[{"id":20097,"href":"https:\/\/www.region-fes-meknes.ma\/fr\/wp-json\/wp\/v2\/posts\/20077\/revisions\/20097"}],"wp:featuredmedia":[{"embeddable":true,"href":"https:\/\/www.region-fes-meknes.ma\/fr\/wp-json\/wp\/v2\/media\/20067"}],"wp:attachment":[{"href":"https:\/\/www.region-fes-meknes.ma\/fr\/wp-json\/wp\/v2\/media?parent=20077"}],"wp:term":[{"taxonomy":"category","embeddable":true,"href":"https:\/\/www.region-fes-meknes.ma\/fr\/wp-json\/wp\/v2\/categories?post=20077"},{"taxonomy":"post_tag","embeddable":true,"href":"https:\/\/www.region-fes-meknes.ma\/fr\/wp-json\/wp\/v2\/tags?post=20077"}],"curies":[{"name":"wp","href":"https:\/\/api.w.org\/{rel}","templated":true}]}}