{"id":21234,"date":"2022-03-21T16:16:58","date_gmt":"2022-03-21T15:16:58","guid":{"rendered":"http:\/\/www.region-fes-meknes.ma\/?p=21234"},"modified":"2022-03-23T09:23:25","modified_gmt":"2022-03-23T08:23:25","slug":"projet-tourisme-equestre-visite-dune-delegation-technique-de-la-region-centre-val-de-loire","status":"publish","type":"post","link":"https:\/\/www.region-fes-meknes.ma\/fr\/actualites\/projet-tourisme-equestre-visite-dune-delegation-technique-de-la-region-centre-val-de-loire\/","title":{"rendered":"Projet Tourisme Equestre : Visite d\u2019une d\u00e9l\u00e9gation technique de la R\u00e9gion Centre Val De Loire"},"content":{"rendered":"<p>Dans le cadre du projet tourisme \u00e9questre entre la r\u00e9gion F\u00e8s Mekn\u00e8s et la r\u00e9gion centre val de loire, la 1ere rencontre entre les partenaires du projet\u00a0 et la d\u00e9l\u00e9gation fran\u00e7aise\u00a0 a eu lieu le lundi 21 mars 2022 en province d\u2019ifrane en pr\u00e9sence de madame hakima Bel-kassaoui la vice pr\u00e9sidente du conseil R\u00e9gional F\u00e8s Mekn\u00e8s. Madame zinnia guittin, charg\u00e9e de mission tourisme \u00e9questre au comit\u00e9 r\u00e9gional d\u2019equitation centre-Val de Loire ; et madame Laura Suau, charg\u00e9e de mission relations internationales \u00e0 la F\u00e9d\u00e9ration Fran\u00e7aise d\u2019Equitation. Ainsi .que les partenaires du projet<\/p>\n<p dir=\"ltr\" style=\"text-align: center;\">Ce d\u00e9placement pr\u00e9vu de 20 au 23 mars \u00e0 la province d\u2019ifrane \u00a0a pour objectif g\u00e9n\u00e9ral de faire conna\u00eetre davantage le terrain aux partenaires fran\u00e7ais, pour adapter les futurs \u00e9changes et formations pr\u00e9vus dans le cadre du projet, aux besoins des partenaires marocains et \u00e0 la r\u00e9alit\u00e9 du terrain<\/p>\n","protected":false},"excerpt":{"rendered":"<p>Dans le cadre du projet tourisme \u00e9questre entre la r\u00e9gion F\u00e8s Mekn\u00e8s et la r\u00e9gion centre val de loire, la 1ere rencontre entre les partenaires du projet\u00a0 et la d\u00e9l\u00e9gation &#8230;<\/p>\n","protected":false},"author":75,"featured_media":21237,"comment_status":"open","ping_status":"closed","sticky":false,"template":"","format":"standard","meta":{"_bbp_topic_count":0,"_bbp_reply_count":0,"_bbp_total_topic_count":0,"_bbp_total_reply_count":0,"_bbp_voice_count":0,"_bbp_anonymous_reply_count":0,"_bbp_topic_count_hidden":0,"_bbp_reply_count_hidden":0,"_bbp_forum_subforum_count":0},"categories":[18],"tags":[],"acf":[],"yoast_head":"<!-- This site is optimized with the Yoast SEO plugin v19.5.1 - https:\/\/yoast.com\/wordpress\/plugins\/seo\/ -->\n<title>Projet Tourisme Equestre : Visite d\u2019une d\u00e9l\u00e9gation technique de la R\u00e9gion Centre Val De Loire - R\u00e9gion F\u00e8s Mekn\u00e8s<\/title>\n<meta name=\"robots\" content=\"index, follow, max-snippet:-1, max-image-preview:large, max-video-preview:-1\" \/>\n<link rel=\"canonical\" href=\"https:\/\/www.region-fes-meknes.ma\/fr\/actualites\/projet-tourisme-equestre-visite-dune-delegation-technique-de-la-region-centre-val-de-loire\/\" \/>\n<meta property=\"og:locale\" content=\"fr_FR\" \/>\n<meta property=\"og:type\" content=\"article\" \/>\n<meta property=\"og:title\" content=\"Projet Tourisme Equestre : Visite d\u2019une d\u00e9l\u00e9gation technique de la R\u00e9gion Centre Val De Loire - R\u00e9gion F\u00e8s Mekn\u00e8s\" \/>\n<meta property=\"og:description\" content=\"Dans le cadre du projet tourisme \u00e9questre entre la r\u00e9gion F\u00e8s Mekn\u00e8s et la r\u00e9gion centre val de loire, la 1ere rencontre entre les partenaires du projet\u00a0 et la d\u00e9l\u00e9gation ...\" \/>\n<meta property=\"og:url\" content=\"https:\/\/www.region-fes-meknes.ma\/fr\/actualites\/projet-tourisme-equestre-visite-dune-delegation-technique-de-la-region-centre-val-de-loire\/\" \/>\n<meta property=\"og:site_name\" content=\"R\u00e9gion F\u00e8s Mekn\u00e8s\" \/>\n<meta property=\"article:publisher\" content=\"https:\/\/www.facebook.com\/R%c3%a9gion-F%c3%a8s-Mekn%c3%a8s-1130195096990872\" \/>\n<meta property=\"article:published_time\" content=\"2022-03-21T15:16:58+00:00\" \/>\n<meta property=\"article:modified_time\" content=\"2022-03-23T08:23:25+00:00\" \/>\n<meta property=\"og:image\" content=\"https:\/\/www.region-fes-meknes.ma\/wp-content\/uploads\/2022\/03\/a2d3cf4f-34c0-4ecc-a6d7-add1fe4d9624.jpg\" \/>\n\t<meta property=\"og:image:width\" content=\"1600\" \/>\n\t<meta property=\"og:image:height\" content=\"1200\" \/>\n\t<meta property=\"og:image:type\" content=\"image\/jpeg\" \/>\n<meta name=\"author\" content=\"Hanane Taibi\" \/>\n<meta name=\"twitter:card\" content=\"summary_large_image\" \/>\n<meta name=\"twitter:label1\" content=\"\u00c9crit par\" \/>\n\t<meta name=\"twitter:data1\" content=\"Hanane Taibi\" \/>\n\t<meta name=\"twitter:label2\" content=\"Dur\u00e9e de lecture estim\u00e9e\" \/>\n\t<meta name=\"twitter:data2\" content=\"1 minute\" \/>\n<script type=\"application\/ld+json\" class=\"yoast-schema-graph\">{\"@context\":\"https:\/\/schema.org\",\"@graph\":[{\"@type\":\"Article\",\"@id\":\"https:\/\/www.region-fes-meknes.ma\/fr\/actualites\/projet-tourisme-equestre-visite-dune-delegation-technique-de-la-region-centre-val-de-loire\/#article\",\"isPartOf\":{\"@id\":\"https:\/\/www.region-fes-meknes.ma\/fr\/actualites\/projet-tourisme-equestre-visite-dune-delegation-technique-de-la-region-centre-val-de-loire\/\"},\"author\":{\"name\":\"Hanane Taibi\",\"@id\":\"https:\/\/www.region-fes-meknes.ma\/#\/schema\/person\/33105c16edc047c6dcefb301421af76b\"},\"headline\":\"Projet Tourisme Equestre : Visite d\u2019une d\u00e9l\u00e9gation technique de la R\u00e9gion Centre Val De Loire\",\"datePublished\":\"2022-03-21T15:16:58+00:00\",\"dateModified\":\"2022-03-23T08:23:25+00:00\",\"mainEntityOfPage\":{\"@id\":\"https:\/\/www.region-fes-meknes.ma\/fr\/actualites\/projet-tourisme-equestre-visite-dune-delegation-technique-de-la-region-centre-val-de-loire\/\"},\"wordCount\":181,\"commentCount\":0,\"publisher\":{\"@id\":\"https:\/\/www.region-fes-meknes.ma\/#organization\"},\"articleSection\":[\"Actualit\u00e9s\"],\"inLanguage\":\"fr-FR\",\"potentialAction\":[{\"@type\":\"CommentAction\",\"name\":\"Comment\",\"target\":[\"https:\/\/www.region-fes-meknes.ma\/fr\/actualites\/projet-tourisme-equestre-visite-dune-delegation-technique-de-la-region-centre-val-de-loire\/#respond\"]}]},{\"@type\":\"WebPage\",\"@id\":\"https:\/\/www.region-fes-meknes.ma\/fr\/actualites\/projet-tourisme-equestre-visite-dune-delegation-technique-de-la-region-centre-val-de-loire\/\",\"url\":\"https:\/\/www.region-fes-meknes.ma\/fr\/actualites\/projet-tourisme-equestre-visite-dune-delegation-technique-de-la-region-centre-val-de-loire\/\",\"name\":\"Projet Tourisme Equestre : Visite d\u2019une d\u00e9l\u00e9gation technique de la R\u00e9gion Centre Val De Loire - R\u00e9gion F\u00e8s Mekn\u00e8s\",\"isPartOf\":{\"@id\":\"https:\/\/www.region-fes-meknes.ma\/#website\"},\"datePublished\":\"2022-03-21T15:16:58+00:00\",\"dateModified\":\"2022-03-23T08:23:25+00:00\",\"breadcrumb\":{\"@id\":\"https:\/\/www.region-fes-meknes.ma\/fr\/actualites\/projet-tourisme-equestre-visite-dune-delegation-technique-de-la-region-centre-val-de-loire\/#breadcrumb\"},\"inLanguage\":\"fr-FR\",\"potentialAction\":[{\"@type\":\"ReadAction\",\"target\":[\"https:\/\/www.region-fes-meknes.ma\/fr\/actualites\/projet-tourisme-equestre-visite-dune-delegation-technique-de-la-region-centre-val-de-loire\/\"]}]},{\"@type\":\"BreadcrumbList\",\"@id\":\"https:\/\/www.region-fes-meknes.ma\/fr\/actualites\/projet-tourisme-equestre-visite-dune-delegation-technique-de-la-region-centre-val-de-loire\/#breadcrumb\",\"itemListElement\":[{\"@type\":\"ListItem\",\"position\":1,\"name\":\"Accueil\",\"item\":\"https:\/\/www.region-fes-meknes.ma\/fr\/\"},{\"@type\":\"ListItem\",\"position\":2,\"name\":\"Projet Tourisme Equestre : Visite d\u2019une d\u00e9l\u00e9gation technique de la R\u00e9gion Centre Val De Loire\"}]},{\"@type\":\"WebSite\",\"@id\":\"https:\/\/www.region-fes-meknes.ma\/#website\",\"url\":\"https:\/\/www.region-fes-meknes.ma\/\",\"name\":\"Portail de la R\u00e9gion F\u00e8s-Mekn\u00e8s\",\"description\":\"Site officiel de la r\u00e9gion F\u00e8s-Mekn\u00e8s.\",\"publisher\":{\"@id\":\"https:\/\/www.region-fes-meknes.ma\/#organization\"},\"potentialAction\":[{\"@type\":\"SearchAction\",\"target\":{\"@type\":\"EntryPoint\",\"urlTemplate\":\"https:\/\/www.region-fes-meknes.ma\/?s={search_term_string}\"},\"query-input\":\"required name=search_term_string\"}],\"inLanguage\":\"fr-FR\"},{\"@type\":\"Organization\",\"@id\":\"https:\/\/www.region-fes-meknes.ma\/#organization\",\"name\":\"R\u00e9gion F\u00e8s M\u00e8kn\u00e8s\",\"url\":\"https:\/\/www.region-fes-meknes.ma\/\",\"sameAs\":[\"https:\/\/www.facebook.com\/R\u00e9gion-F\u00e8s-Mekn\u00e8s-1130195096990872\"],\"logo\":{\"@type\":\"ImageObject\",\"inLanguage\":\"fr-FR\",\"@id\":\"https:\/\/www.region-fes-meknes.ma\/#\/schema\/logo\/image\/\",\"url\":\"http:\/\/www.region-fes-meknes.ma\/wp-content\/uploads\/2017\/10\/logo-rfm4.png\",\"contentUrl\":\"http:\/\/www.region-fes-meknes.ma\/wp-content\/uploads\/2017\/10\/logo-rfm4.png\",\"width\":304,\"height\":291,\"caption\":\"R\u00e9gion F\u00e8s M\u00e8kn\u00e8s\"},\"image\":{\"@id\":\"https:\/\/www.region-fes-meknes.ma\/#\/schema\/logo\/image\/\"}},{\"@type\":\"Person\",\"@id\":\"https:\/\/www.region-fes-meknes.ma\/#\/schema\/person\/33105c16edc047c6dcefb301421af76b\",\"name\":\"Hanane Taibi\",\"image\":{\"@type\":\"ImageObject\",\"inLanguage\":\"fr-FR\",\"@id\":\"https:\/\/www.region-fes-meknes.ma\/#\/schema\/person\/image\/\",\"url\":\"https:\/\/secure.gravatar.com\/avatar\/c2f0afc69e4a1a1edc8ae692c477bdcb?s=96&d=mm&r=g\",\"contentUrl\":\"https:\/\/secure.gravatar.com\/avatar\/c2f0afc69e4a1a1edc8ae692c477bdcb?s=96&d=mm&r=g\",\"caption\":\"Hanane Taibi\"}}]}<\/script>\n<!-- \/ Yoast SEO plugin. -->","yoast_head_json":{"title":"Projet Tourisme Equestre : Visite d\u2019une d\u00e9l\u00e9gation technique de la R\u00e9gion Centre Val De Loire - R\u00e9gion F\u00e8s Mekn\u00e8s","robots":{"index":"index","follow":"follow","max-snippet":"max-snippet:-1","max-image-preview":"max-image-preview:large","max-video-preview":"max-video-preview:-1"},"canonical":"https:\/\/www.region-fes-meknes.ma\/fr\/actualites\/projet-tourisme-equestre-visite-dune-delegation-technique-de-la-region-centre-val-de-loire\/","og_locale":"fr_FR","og_type":"article","og_title":"Projet Tourisme Equestre : Visite d\u2019une d\u00e9l\u00e9gation technique de la R\u00e9gion Centre Val De Loire - R\u00e9gion F\u00e8s Mekn\u00e8s","og_description":"Dans le cadre du projet tourisme \u00e9questre entre la r\u00e9gion F\u00e8s Mekn\u00e8s et la r\u00e9gion centre val de loire, la 1ere rencontre entre les partenaires du projet\u00a0 et la d\u00e9l\u00e9gation ...","og_url":"https:\/\/www.region-fes-meknes.ma\/fr\/actualites\/projet-tourisme-equestre-visite-dune-delegation-technique-de-la-region-centre-val-de-loire\/","og_site_name":"R\u00e9gion F\u00e8s Mekn\u00e8s","article_publisher":"https:\/\/www.facebook.com\/R%c3%a9gion-F%c3%a8s-Mekn%c3%a8s-1130195096990872","article_published_time":"2022-03-21T15:16:58+00:00","article_modified_time":"2022-03-23T08:23:25+00:00","og_image":[{"width":1600,"height":1200,"url":"https:\/\/www.region-fes-meknes.ma\/wp-content\/uploads\/2022\/03\/a2d3cf4f-34c0-4ecc-a6d7-add1fe4d9624.jpg","type":"image\/jpeg"}],"author":"Hanane Taibi","twitter_card":"summary_large_image","twitter_misc":{"\u00c9crit par":"Hanane Taibi","Dur\u00e9e de lecture estim\u00e9e":"1 minute"},"schema":{"@context":"https:\/\/schema.org","@graph":[{"@type":"Article","@id":"https:\/\/www.region-fes-meknes.ma\/fr\/actualites\/projet-tourisme-equestre-visite-dune-delegation-technique-de-la-region-centre-val-de-loire\/#article","isPartOf":{"@id":"https:\/\/www.region-fes-meknes.ma\/fr\/actualites\/projet-tourisme-equestre-visite-dune-delegation-technique-de-la-region-centre-val-de-loire\/"},"author":{"name":"Hanane Taibi","@id":"https:\/\/www.region-fes-meknes.ma\/#\/schema\/person\/33105c16edc047c6dcefb301421af76b"},"headline":"Projet Tourisme Equestre : Visite d\u2019une d\u00e9l\u00e9gation technique de la R\u00e9gion Centre Val De Loire","datePublished":"2022-03-21T15:16:58+00:00","dateModified":"2022-03-23T08:23:25+00:00","mainEntityOfPage":{"@id":"https:\/\/www.region-fes-meknes.ma\/fr\/actualites\/projet-tourisme-equestre-visite-dune-delegation-technique-de-la-region-centre-val-de-loire\/"},"wordCount":181,"commentCount":0,"publisher":{"@id":"https:\/\/www.region-fes-meknes.ma\/#organization"},"articleSection":["Actualit\u00e9s"],"inLanguage":"fr-FR","potentialAction":[{"@type":"CommentAction","name":"Comment","target":["https:\/\/www.region-fes-meknes.ma\/fr\/actualites\/projet-tourisme-equestre-visite-dune-delegation-technique-de-la-region-centre-val-de-loire\/#respond"]}]},{"@type":"WebPage","@id":"https:\/\/www.region-fes-meknes.ma\/fr\/actualites\/projet-tourisme-equestre-visite-dune-delegation-technique-de-la-region-centre-val-de-loire\/","url":"https:\/\/www.region-fes-meknes.ma\/fr\/actualites\/projet-tourisme-equestre-visite-dune-delegation-technique-de-la-region-centre-val-de-loire\/","name":"Projet Tourisme Equestre : Visite d\u2019une d\u00e9l\u00e9gation technique de la R\u00e9gion Centre Val De Loire - R\u00e9gion F\u00e8s Mekn\u00e8s","isPartOf":{"@id":"https:\/\/www.region-fes-meknes.ma\/#website"},"datePublished":"2022-03-21T15:16:58+00:00","dateModified":"2022-03-23T08:23:25+00:00","breadcrumb":{"@id":"https:\/\/www.region-fes-meknes.ma\/fr\/actualites\/projet-tourisme-equestre-visite-dune-delegation-technique-de-la-region-centre-val-de-loire\/#breadcrumb"},"inLanguage":"fr-FR","potentialAction":[{"@type":"ReadAction","target":["https:\/\/www.region-fes-meknes.ma\/fr\/actualites\/projet-tourisme-equestre-visite-dune-delegation-technique-de-la-region-centre-val-de-loire\/"]}]},{"@type":"BreadcrumbList","@id":"https:\/\/www.region-fes-meknes.ma\/fr\/actualites\/projet-tourisme-equestre-visite-dune-delegation-technique-de-la-region-centre-val-de-loire\/#breadcrumb","itemListElement":[{"@type":"ListItem","position":1,"name":"Accueil","item":"https:\/\/www.region-fes-meknes.ma\/fr\/"},{"@type":"ListItem","position":2,"name":"Projet Tourisme Equestre : Visite d\u2019une d\u00e9l\u00e9gation technique de la R\u00e9gion Centre Val De Loire"}]},{"@type":"WebSite","@id":"https:\/\/www.region-fes-meknes.ma\/#website","url":"https:\/\/www.region-fes-meknes.ma\/","name":"Portail de la R\u00e9gion F\u00e8s-Mekn\u00e8s","description":"Site officiel de la r\u00e9gion F\u00e8s-Mekn\u00e8s.","publisher":{"@id":"https:\/\/www.region-fes-meknes.ma\/#organization"},"potentialAction":[{"@type":"SearchAction","target":{"@type":"EntryPoint","urlTemplate":"https:\/\/www.region-fes-meknes.ma\/?s={search_term_string}"},"query-input":"required name=search_term_string"}],"inLanguage":"fr-FR"},{"@type":"Organization","@id":"https:\/\/www.region-fes-meknes.ma\/#organization","name":"R\u00e9gion F\u00e8s M\u00e8kn\u00e8s","url":"https:\/\/www.region-fes-meknes.ma\/","sameAs":["https:\/\/www.facebook.com\/R\u00e9gion-F\u00e8s-Mekn\u00e8s-1130195096990872"],"logo":{"@type":"ImageObject","inLanguage":"fr-FR","@id":"https:\/\/www.region-fes-meknes.ma\/#\/schema\/logo\/image\/","url":"http:\/\/www.region-fes-meknes.ma\/wp-content\/uploads\/2017\/10\/logo-rfm4.png","contentUrl":"http:\/\/www.region-fes-meknes.ma\/wp-content\/uploads\/2017\/10\/logo-rfm4.png","width":304,"height":291,"caption":"R\u00e9gion F\u00e8s M\u00e8kn\u00e8s"},"image":{"@id":"https:\/\/www.region-fes-meknes.ma\/#\/schema\/logo\/image\/"}},{"@type":"Person","@id":"https:\/\/www.region-fes-meknes.ma\/#\/schema\/person\/33105c16edc047c6dcefb301421af76b","name":"Hanane Taibi","image":{"@type":"ImageObject","inLanguage":"fr-FR","@id":"https:\/\/www.region-fes-meknes.ma\/#\/schema\/person\/image\/","url":"https:\/\/secure.gravatar.com\/avatar\/c2f0afc69e4a1a1edc8ae692c477bdcb?s=96&d=mm&r=g","contentUrl":"https:\/\/secure.gravatar.com\/avatar\/c2f0afc69e4a1a1edc8ae692c477bdcb?s=96&d=mm&r=g","caption":"Hanane Taibi"}}]}},"_links":{"self":[{"href":"https:\/\/www.region-fes-meknes.ma\/fr\/wp-json\/wp\/v2\/posts\/21234"}],"collection":[{"href":"https:\/\/www.region-fes-meknes.ma\/fr\/wp-json\/wp\/v2\/posts"}],"about":[{"href":"https:\/\/www.region-fes-meknes.ma\/fr\/wp-json\/wp\/v2\/types\/post"}],"author":[{"embeddable":true,"href":"https:\/\/www.region-fes-meknes.ma\/fr\/wp-json\/wp\/v2\/users\/75"}],"replies":[{"embeddable":true,"href":"https:\/\/www.region-fes-meknes.ma\/fr\/wp-json\/wp\/v2\/comments?post=21234"}],"version-history":[{"count":3,"href":"https:\/\/www.region-fes-meknes.ma\/fr\/wp-json\/wp\/v2\/posts\/21234\/revisions"}],"predecessor-version":[{"id":21245,"href":"https:\/\/www.region-fes-meknes.ma\/fr\/wp-json\/wp\/v2\/posts\/21234\/revisions\/21245"}],"wp:featuredmedia":[{"embeddable":true,"href":"https:\/\/www.region-fes-meknes.ma\/fr\/wp-json\/wp\/v2\/media\/21237"}],"wp:attachment":[{"href":"https:\/\/www.region-fes-meknes.ma\/fr\/wp-json\/wp\/v2\/media?parent=21234"}],"wp:term":[{"taxonomy":"category","embeddable":true,"href":"https:\/\/www.region-fes-meknes.ma\/fr\/wp-json\/wp\/v2\/categories?post=21234"},{"taxonomy":"post_tag","embeddable":true,"href":"https:\/\/www.region-fes-meknes.ma\/fr\/wp-json\/wp\/v2\/tags?post=21234"}],"curies":[{"name":"wp","href":"https:\/\/api.w.org\/{rel}","templated":true}]}}