{"id":21442,"date":"2022-04-06T11:57:29","date_gmt":"2022-04-06T11:57:29","guid":{"rendered":"http:\/\/www.region-fes-meknes.ma\/?p=21442"},"modified":"2022-04-06T14:51:14","modified_gmt":"2022-04-06T14:51:14","slug":"la-participation-de-m-abdelouahed-el-ansari-president-du-conseil-de-la-region-fes-meknes-dans-la-table-ronde-organisee-par-horizon-press-group","status":"publish","type":"post","link":"https:\/\/www.region-fes-meknes.ma\/fr\/actualites\/la-participation-de-m-abdelouahed-el-ansari-president-du-conseil-de-la-region-fes-meknes-dans-la-table-ronde-organisee-par-horizon-press-group\/","title":{"rendered":"La participation de M. Abdelouahed El Ansari, Pr\u00e9sident du Conseil de la R\u00e9gion F\u00e8s Mekn\u00e8s dans la table ronde organis\u00e9e sous le th\u00e8me \u00ab challenges de F\u00e8s-Mekn\u00e8s : r\u00e9gionalisation avanc\u00e9e et Nouveau Mod\u00e8le de D\u00e9veloppement (NMD) \u00bb"},"content":{"rendered":"<p>M.Abdelouahed El-Ansari, pr\u00e9sident du conseil de la r\u00e9gion F\u00e8s-Mekn\u00e8s, a particip\u00e9, le mardi 5 avril 2022, \u00e0 une table ronde organis\u00e9e par le Groupe Horizon Press, sous le th\u00e8me \u00ab <strong>challenges de F\u00e8s-Mekn\u00e8s : r\u00e9gionalisation avanc\u00e9e et Nouveau Mod\u00e8le de D\u00e9veloppement (NMD)<\/strong> \u00bb \u00e0 F\u00e8s, et ce afin d&rsquo;\u00e9changer et de d\u00e9battre par rapport aux grands projets de d\u00e9veloppement de la r\u00e9gion.<\/p>\n<p>La r\u00e9union a connu la participation de M. Redouane Amrabet, pr\u00e9sident de l&rsquo;Universit\u00e9 Sidi Mohamed Ben Abdellah de F\u00e8s et de M. Mohamed Ben Moussa, membre du comit\u00e9 charg\u00e9 de la pr\u00e9paration du nouveau mod\u00e8le de d\u00e9veloppement<\/p>\n<p>Cette rencontre a \u00e9t\u00e9 ainsi l&rsquo;occasion de mettre en avant les points essentiels \u00e0 la r\u00e9ussite des ateliers de r\u00e9gionalisation avanc\u00e9e sur le plan r\u00e9gional, \u00e0 savoir :<br \/>\n&#8211; la d\u00e9finition des priorit\u00e9s de d\u00e9veloppement en coh\u00e9rence avec le Sch\u00e9ma R\u00e9gional d&rsquo;Am\u00e9nagement du Territoire et le nouveau mod\u00e8le de d\u00e9veloppement du Royaume ;<br \/>\n&#8211; la d\u00e9l\u00e9gation d&rsquo;une partie des pouvoirs des administrations centrales aux administrations des administrations d\u00e9centralis\u00e9es dans le cadre de la d\u00e9centralisation administrative ;<br \/>\n&#8211; la r\u00e9vision du syst\u00e8me de la fonction publique territoriale ;<br \/>\n&#8211; l&rsquo;croissement de l&rsquo;attractivit\u00e9 de la r\u00e9gion vis-\u00e0-vis des comp\u00e9tences locales et \u00e9trang\u00e8res ainsi que des capitaux.<\/p>\n<p>Le Pr\u00e9sident de la R\u00e9gion a soulign\u00e9 que la r\u00e9gionalisation avanc\u00e9e est devenue actuellement une r\u00e9alit\u00e9 consacr\u00e9e par la nouvelle constitution de 2011, en mettant l\u2019accent sur l\u2019importance du <strong>Nouveau mod\u00e8le de d\u00e9veloppement<\/strong> qui constitue une v\u00e9ritable feuille de route au service des institutions pour renforcer le d\u00e9veloppement global du Maroc. Ajoutant \u00e0 cela la grande port\u00e9e du <strong>Programme de D\u00e9veloppement R\u00e9gional (PDR)<\/strong> ayant permis l&rsquo;identification de 97 projets d\u2019un investissement global d\u00e9passant 11 milliards de DH.<\/p>\n<p>M. Abdelouahed El Ansari a cl\u00f4tur\u00e9 son intervention par inviter tous les acteurs et investisseurs, notamment ceux appartenant \u00e0 la r\u00e9gion, \u00e0 investir au niveau du territoire de la\u00a0 r\u00e9gion F\u00e8s-Mekn\u00e8s afin de contribuer \u00e0 la construction d&rsquo;un mod\u00e8le de d\u00e9veloppement propre \u00e0 la r\u00e9gion.<\/p>\n","protected":false},"excerpt":{"rendered":"<p>M.Abdelouahed El-Ansari, pr\u00e9sident du conseil de la r\u00e9gion F\u00e8s-Mekn\u00e8s, a particip\u00e9, le mardi 5 avril 2022, \u00e0 une table ronde organis\u00e9e par le Groupe Horizon Press, sous le th\u00e8me \u00ab &#8230;<\/p>\n","protected":false},"author":76,"featured_media":21432,"comment_status":"open","ping_status":"closed","sticky":false,"template":"","format":"standard","meta":{"_bbp_topic_count":0,"_bbp_reply_count":0,"_bbp_total_topic_count":0,"_bbp_total_reply_count":0,"_bbp_voice_count":0,"_bbp_anonymous_reply_count":0,"_bbp_topic_count_hidden":0,"_bbp_reply_count_hidden":0,"_bbp_forum_subforum_count":0},"categories":[18],"tags":[],"acf":[],"yoast_head":"<!-- This site is optimized with the Yoast SEO plugin v19.5.1 - https:\/\/yoast.com\/wordpress\/plugins\/seo\/ -->\n<title>La participation de M. Abdelouahed El Ansari, Pr\u00e9sident du Conseil de la R\u00e9gion F\u00e8s Mekn\u00e8s dans la table ronde organis\u00e9e sous le th\u00e8me \u00ab challenges de F\u00e8s-Mekn\u00e8s : r\u00e9gionalisation avanc\u00e9e et Nouveau Mod\u00e8le de D\u00e9veloppement (NMD) \u00bb - R\u00e9gion F\u00e8s Mekn\u00e8s<\/title>\n<meta name=\"robots\" content=\"index, follow, max-snippet:-1, max-image-preview:large, max-video-preview:-1\" \/>\n<link rel=\"canonical\" href=\"https:\/\/www.region-fes-meknes.ma\/fr\/actualites\/la-participation-de-m-abdelouahed-el-ansari-president-du-conseil-de-la-region-fes-meknes-dans-la-table-ronde-organisee-par-horizon-press-group\/\" \/>\n<meta property=\"og:locale\" content=\"fr_FR\" \/>\n<meta property=\"og:type\" content=\"article\" \/>\n<meta property=\"og:title\" content=\"La participation de M. Abdelouahed El Ansari, Pr\u00e9sident du Conseil de la R\u00e9gion F\u00e8s Mekn\u00e8s dans la table ronde organis\u00e9e sous le th\u00e8me \u00ab challenges de F\u00e8s-Mekn\u00e8s : r\u00e9gionalisation avanc\u00e9e et Nouveau Mod\u00e8le de D\u00e9veloppement (NMD) \u00bb - R\u00e9gion F\u00e8s Mekn\u00e8s\" \/>\n<meta property=\"og:description\" content=\"M.Abdelouahed El-Ansari, pr\u00e9sident du conseil de la r\u00e9gion F\u00e8s-Mekn\u00e8s, a particip\u00e9, le mardi 5 avril 2022, \u00e0 une table ronde organis\u00e9e par le Groupe Horizon Press, sous le th\u00e8me \u00ab ...\" \/>\n<meta property=\"og:url\" content=\"https:\/\/www.region-fes-meknes.ma\/fr\/actualites\/la-participation-de-m-abdelouahed-el-ansari-president-du-conseil-de-la-region-fes-meknes-dans-la-table-ronde-organisee-par-horizon-press-group\/\" \/>\n<meta property=\"og:site_name\" content=\"R\u00e9gion F\u00e8s Mekn\u00e8s\" \/>\n<meta property=\"article:publisher\" content=\"https:\/\/www.facebook.com\/R%c3%a9gion-F%c3%a8s-Mekn%c3%a8s-1130195096990872\" \/>\n<meta property=\"article:published_time\" content=\"2022-04-06T11:57:29+00:00\" \/>\n<meta property=\"article:modified_time\" content=\"2022-04-06T14:51:14+00:00\" \/>\n<meta property=\"og:image\" content=\"https:\/\/www.region-fes-meknes.ma\/wp-content\/uploads\/2022\/04\/WhatsApp-Image-2022-04-06-at-13.06.34-1.jpeg\" \/>\n\t<meta property=\"og:image:width\" content=\"1600\" \/>\n\t<meta property=\"og:image:height\" content=\"1333\" \/>\n\t<meta property=\"og:image:type\" content=\"image\/jpeg\" \/>\n<meta name=\"author\" content=\"Zaynab Dhimene\" \/>\n<meta name=\"twitter:card\" content=\"summary_large_image\" \/>\n<meta name=\"twitter:label1\" content=\"\u00c9crit par\" \/>\n\t<meta name=\"twitter:data1\" content=\"Zaynab Dhimene\" \/>\n\t<meta name=\"twitter:label2\" content=\"Dur\u00e9e de lecture estim\u00e9e\" \/>\n\t<meta name=\"twitter:data2\" content=\"2 minutes\" \/>\n<script type=\"application\/ld+json\" class=\"yoast-schema-graph\">{\"@context\":\"https:\/\/schema.org\",\"@graph\":[{\"@type\":\"Article\",\"@id\":\"https:\/\/www.region-fes-meknes.ma\/fr\/actualites\/la-participation-de-m-abdelouahed-el-ansari-president-du-conseil-de-la-region-fes-meknes-dans-la-table-ronde-organisee-par-horizon-press-group\/#article\",\"isPartOf\":{\"@id\":\"https:\/\/www.region-fes-meknes.ma\/fr\/actualites\/la-participation-de-m-abdelouahed-el-ansari-president-du-conseil-de-la-region-fes-meknes-dans-la-table-ronde-organisee-par-horizon-press-group\/\"},\"author\":{\"name\":\"Zaynab Dhimene\",\"@id\":\"https:\/\/www.region-fes-meknes.ma\/#\/schema\/person\/0f39741727e5e507b0f585d8ea23e359\"},\"headline\":\"La participation de M. Abdelouahed El Ansari, Pr\u00e9sident du Conseil de la R\u00e9gion F\u00e8s Mekn\u00e8s dans la table ronde organis\u00e9e sous le th\u00e8me \u00ab challenges de F\u00e8s-Mekn\u00e8s : r\u00e9gionalisation avanc\u00e9e et Nouveau Mod\u00e8le de D\u00e9veloppement (NMD) \u00bb\",\"datePublished\":\"2022-04-06T11:57:29+00:00\",\"dateModified\":\"2022-04-06T14:51:14+00:00\",\"mainEntityOfPage\":{\"@id\":\"https:\/\/www.region-fes-meknes.ma\/fr\/actualites\/la-participation-de-m-abdelouahed-el-ansari-president-du-conseil-de-la-region-fes-meknes-dans-la-table-ronde-organisee-par-horizon-press-group\/\"},\"wordCount\":423,\"commentCount\":0,\"publisher\":{\"@id\":\"https:\/\/www.region-fes-meknes.ma\/#organization\"},\"articleSection\":[\"Actualit\u00e9s\"],\"inLanguage\":\"fr-FR\",\"potentialAction\":[{\"@type\":\"CommentAction\",\"name\":\"Comment\",\"target\":[\"https:\/\/www.region-fes-meknes.ma\/fr\/actualites\/la-participation-de-m-abdelouahed-el-ansari-president-du-conseil-de-la-region-fes-meknes-dans-la-table-ronde-organisee-par-horizon-press-group\/#respond\"]}]},{\"@type\":\"WebPage\",\"@id\":\"https:\/\/www.region-fes-meknes.ma\/fr\/actualites\/la-participation-de-m-abdelouahed-el-ansari-president-du-conseil-de-la-region-fes-meknes-dans-la-table-ronde-organisee-par-horizon-press-group\/\",\"url\":\"https:\/\/www.region-fes-meknes.ma\/fr\/actualites\/la-participation-de-m-abdelouahed-el-ansari-president-du-conseil-de-la-region-fes-meknes-dans-la-table-ronde-organisee-par-horizon-press-group\/\",\"name\":\"La participation de M. Abdelouahed El Ansari, Pr\u00e9sident du Conseil de la R\u00e9gion F\u00e8s Mekn\u00e8s dans la table ronde organis\u00e9e sous le th\u00e8me \u00ab challenges de F\u00e8s-Mekn\u00e8s : r\u00e9gionalisation avanc\u00e9e et Nouveau Mod\u00e8le de D\u00e9veloppement (NMD) \u00bb - R\u00e9gion F\u00e8s Mekn\u00e8s\",\"isPartOf\":{\"@id\":\"https:\/\/www.region-fes-meknes.ma\/#website\"},\"datePublished\":\"2022-04-06T11:57:29+00:00\",\"dateModified\":\"2022-04-06T14:51:14+00:00\",\"breadcrumb\":{\"@id\":\"https:\/\/www.region-fes-meknes.ma\/fr\/actualites\/la-participation-de-m-abdelouahed-el-ansari-president-du-conseil-de-la-region-fes-meknes-dans-la-table-ronde-organisee-par-horizon-press-group\/#breadcrumb\"},\"inLanguage\":\"fr-FR\",\"potentialAction\":[{\"@type\":\"ReadAction\",\"target\":[\"https:\/\/www.region-fes-meknes.ma\/fr\/actualites\/la-participation-de-m-abdelouahed-el-ansari-president-du-conseil-de-la-region-fes-meknes-dans-la-table-ronde-organisee-par-horizon-press-group\/\"]}]},{\"@type\":\"BreadcrumbList\",\"@id\":\"https:\/\/www.region-fes-meknes.ma\/fr\/actualites\/la-participation-de-m-abdelouahed-el-ansari-president-du-conseil-de-la-region-fes-meknes-dans-la-table-ronde-organisee-par-horizon-press-group\/#breadcrumb\",\"itemListElement\":[{\"@type\":\"ListItem\",\"position\":1,\"name\":\"Accueil\",\"item\":\"https:\/\/www.region-fes-meknes.ma\/fr\/\"},{\"@type\":\"ListItem\",\"position\":2,\"name\":\"La participation de M. Abdelouahed El Ansari, Pr\u00e9sident du Conseil de la R\u00e9gion F\u00e8s Mekn\u00e8s dans la table ronde organis\u00e9e sous le th\u00e8me \u00ab challenges de F\u00e8s-Mekn\u00e8s : r\u00e9gionalisation avanc\u00e9e et Nouveau Mod\u00e8le de D\u00e9veloppement (NMD) \u00bb\"}]},{\"@type\":\"WebSite\",\"@id\":\"https:\/\/www.region-fes-meknes.ma\/#website\",\"url\":\"https:\/\/www.region-fes-meknes.ma\/\",\"name\":\"Portail de la R\u00e9gion F\u00e8s-Mekn\u00e8s\",\"description\":\"Site officiel de la r\u00e9gion F\u00e8s-Mekn\u00e8s.\",\"publisher\":{\"@id\":\"https:\/\/www.region-fes-meknes.ma\/#organization\"},\"potentialAction\":[{\"@type\":\"SearchAction\",\"target\":{\"@type\":\"EntryPoint\",\"urlTemplate\":\"https:\/\/www.region-fes-meknes.ma\/?s={search_term_string}\"},\"query-input\":\"required name=search_term_string\"}],\"inLanguage\":\"fr-FR\"},{\"@type\":\"Organization\",\"@id\":\"https:\/\/www.region-fes-meknes.ma\/#organization\",\"name\":\"R\u00e9gion F\u00e8s M\u00e8kn\u00e8s\",\"url\":\"https:\/\/www.region-fes-meknes.ma\/\",\"sameAs\":[\"https:\/\/www.facebook.com\/R\u00e9gion-F\u00e8s-Mekn\u00e8s-1130195096990872\"],\"logo\":{\"@type\":\"ImageObject\",\"inLanguage\":\"fr-FR\",\"@id\":\"https:\/\/www.region-fes-meknes.ma\/#\/schema\/logo\/image\/\",\"url\":\"http:\/\/www.region-fes-meknes.ma\/wp-content\/uploads\/2017\/10\/logo-rfm4.png\",\"contentUrl\":\"http:\/\/www.region-fes-meknes.ma\/wp-content\/uploads\/2017\/10\/logo-rfm4.png\",\"width\":304,\"height\":291,\"caption\":\"R\u00e9gion F\u00e8s M\u00e8kn\u00e8s\"},\"image\":{\"@id\":\"https:\/\/www.region-fes-meknes.ma\/#\/schema\/logo\/image\/\"}},{\"@type\":\"Person\",\"@id\":\"https:\/\/www.region-fes-meknes.ma\/#\/schema\/person\/0f39741727e5e507b0f585d8ea23e359\",\"name\":\"Zaynab Dhimene\",\"image\":{\"@type\":\"ImageObject\",\"inLanguage\":\"fr-FR\",\"@id\":\"https:\/\/www.region-fes-meknes.ma\/#\/schema\/person\/image\/\",\"url\":\"https:\/\/secure.gravatar.com\/avatar\/c668cebb47e2644c6dfb9d8f5a83fb03?s=96&d=mm&r=g\",\"contentUrl\":\"https:\/\/secure.gravatar.com\/avatar\/c668cebb47e2644c6dfb9d8f5a83fb03?s=96&d=mm&r=g\",\"caption\":\"Zaynab Dhimene\"}}]}<\/script>\n<!-- \/ Yoast SEO plugin. -->","yoast_head_json":{"title":"La participation de M. Abdelouahed El Ansari, Pr\u00e9sident du Conseil de la R\u00e9gion F\u00e8s Mekn\u00e8s dans la table ronde organis\u00e9e sous le th\u00e8me \u00ab challenges de F\u00e8s-Mekn\u00e8s : r\u00e9gionalisation avanc\u00e9e et Nouveau Mod\u00e8le de D\u00e9veloppement (NMD) \u00bb - R\u00e9gion F\u00e8s Mekn\u00e8s","robots":{"index":"index","follow":"follow","max-snippet":"max-snippet:-1","max-image-preview":"max-image-preview:large","max-video-preview":"max-video-preview:-1"},"canonical":"https:\/\/www.region-fes-meknes.ma\/fr\/actualites\/la-participation-de-m-abdelouahed-el-ansari-president-du-conseil-de-la-region-fes-meknes-dans-la-table-ronde-organisee-par-horizon-press-group\/","og_locale":"fr_FR","og_type":"article","og_title":"La participation de M. Abdelouahed El Ansari, Pr\u00e9sident du Conseil de la R\u00e9gion F\u00e8s Mekn\u00e8s dans la table ronde organis\u00e9e sous le th\u00e8me \u00ab challenges de F\u00e8s-Mekn\u00e8s : r\u00e9gionalisation avanc\u00e9e et Nouveau Mod\u00e8le de D\u00e9veloppement (NMD) \u00bb - R\u00e9gion F\u00e8s Mekn\u00e8s","og_description":"M.Abdelouahed El-Ansari, pr\u00e9sident du conseil de la r\u00e9gion F\u00e8s-Mekn\u00e8s, a particip\u00e9, le mardi 5 avril 2022, \u00e0 une table ronde organis\u00e9e par le Groupe Horizon Press, sous le th\u00e8me \u00ab ...","og_url":"https:\/\/www.region-fes-meknes.ma\/fr\/actualites\/la-participation-de-m-abdelouahed-el-ansari-president-du-conseil-de-la-region-fes-meknes-dans-la-table-ronde-organisee-par-horizon-press-group\/","og_site_name":"R\u00e9gion F\u00e8s Mekn\u00e8s","article_publisher":"https:\/\/www.facebook.com\/R%c3%a9gion-F%c3%a8s-Mekn%c3%a8s-1130195096990872","article_published_time":"2022-04-06T11:57:29+00:00","article_modified_time":"2022-04-06T14:51:14+00:00","og_image":[{"width":1600,"height":1333,"url":"https:\/\/www.region-fes-meknes.ma\/wp-content\/uploads\/2022\/04\/WhatsApp-Image-2022-04-06-at-13.06.34-1.jpeg","type":"image\/jpeg"}],"author":"Zaynab Dhimene","twitter_card":"summary_large_image","twitter_misc":{"\u00c9crit par":"Zaynab Dhimene","Dur\u00e9e de lecture estim\u00e9e":"2 minutes"},"schema":{"@context":"https:\/\/schema.org","@graph":[{"@type":"Article","@id":"https:\/\/www.region-fes-meknes.ma\/fr\/actualites\/la-participation-de-m-abdelouahed-el-ansari-president-du-conseil-de-la-region-fes-meknes-dans-la-table-ronde-organisee-par-horizon-press-group\/#article","isPartOf":{"@id":"https:\/\/www.region-fes-meknes.ma\/fr\/actualites\/la-participation-de-m-abdelouahed-el-ansari-president-du-conseil-de-la-region-fes-meknes-dans-la-table-ronde-organisee-par-horizon-press-group\/"},"author":{"name":"Zaynab Dhimene","@id":"https:\/\/www.region-fes-meknes.ma\/#\/schema\/person\/0f39741727e5e507b0f585d8ea23e359"},"headline":"La participation de M. Abdelouahed El Ansari, Pr\u00e9sident du Conseil de la R\u00e9gion F\u00e8s Mekn\u00e8s dans la table ronde organis\u00e9e sous le th\u00e8me \u00ab challenges de F\u00e8s-Mekn\u00e8s : r\u00e9gionalisation avanc\u00e9e et Nouveau Mod\u00e8le de D\u00e9veloppement (NMD) \u00bb","datePublished":"2022-04-06T11:57:29+00:00","dateModified":"2022-04-06T14:51:14+00:00","mainEntityOfPage":{"@id":"https:\/\/www.region-fes-meknes.ma\/fr\/actualites\/la-participation-de-m-abdelouahed-el-ansari-president-du-conseil-de-la-region-fes-meknes-dans-la-table-ronde-organisee-par-horizon-press-group\/"},"wordCount":423,"commentCount":0,"publisher":{"@id":"https:\/\/www.region-fes-meknes.ma\/#organization"},"articleSection":["Actualit\u00e9s"],"inLanguage":"fr-FR","potentialAction":[{"@type":"CommentAction","name":"Comment","target":["https:\/\/www.region-fes-meknes.ma\/fr\/actualites\/la-participation-de-m-abdelouahed-el-ansari-president-du-conseil-de-la-region-fes-meknes-dans-la-table-ronde-organisee-par-horizon-press-group\/#respond"]}]},{"@type":"WebPage","@id":"https:\/\/www.region-fes-meknes.ma\/fr\/actualites\/la-participation-de-m-abdelouahed-el-ansari-president-du-conseil-de-la-region-fes-meknes-dans-la-table-ronde-organisee-par-horizon-press-group\/","url":"https:\/\/www.region-fes-meknes.ma\/fr\/actualites\/la-participation-de-m-abdelouahed-el-ansari-president-du-conseil-de-la-region-fes-meknes-dans-la-table-ronde-organisee-par-horizon-press-group\/","name":"La participation de M. Abdelouahed El Ansari, Pr\u00e9sident du Conseil de la R\u00e9gion F\u00e8s Mekn\u00e8s dans la table ronde organis\u00e9e sous le th\u00e8me \u00ab challenges de F\u00e8s-Mekn\u00e8s : r\u00e9gionalisation avanc\u00e9e et Nouveau Mod\u00e8le de D\u00e9veloppement (NMD) \u00bb - R\u00e9gion F\u00e8s Mekn\u00e8s","isPartOf":{"@id":"https:\/\/www.region-fes-meknes.ma\/#website"},"datePublished":"2022-04-06T11:57:29+00:00","dateModified":"2022-04-06T14:51:14+00:00","breadcrumb":{"@id":"https:\/\/www.region-fes-meknes.ma\/fr\/actualites\/la-participation-de-m-abdelouahed-el-ansari-president-du-conseil-de-la-region-fes-meknes-dans-la-table-ronde-organisee-par-horizon-press-group\/#breadcrumb"},"inLanguage":"fr-FR","potentialAction":[{"@type":"ReadAction","target":["https:\/\/www.region-fes-meknes.ma\/fr\/actualites\/la-participation-de-m-abdelouahed-el-ansari-president-du-conseil-de-la-region-fes-meknes-dans-la-table-ronde-organisee-par-horizon-press-group\/"]}]},{"@type":"BreadcrumbList","@id":"https:\/\/www.region-fes-meknes.ma\/fr\/actualites\/la-participation-de-m-abdelouahed-el-ansari-president-du-conseil-de-la-region-fes-meknes-dans-la-table-ronde-organisee-par-horizon-press-group\/#breadcrumb","itemListElement":[{"@type":"ListItem","position":1,"name":"Accueil","item":"https:\/\/www.region-fes-meknes.ma\/fr\/"},{"@type":"ListItem","position":2,"name":"La participation de M. Abdelouahed El Ansari, Pr\u00e9sident du Conseil de la R\u00e9gion F\u00e8s Mekn\u00e8s dans la table ronde organis\u00e9e sous le th\u00e8me \u00ab challenges de F\u00e8s-Mekn\u00e8s : r\u00e9gionalisation avanc\u00e9e et Nouveau Mod\u00e8le de D\u00e9veloppement (NMD) \u00bb"}]},{"@type":"WebSite","@id":"https:\/\/www.region-fes-meknes.ma\/#website","url":"https:\/\/www.region-fes-meknes.ma\/","name":"Portail de la R\u00e9gion F\u00e8s-Mekn\u00e8s","description":"Site officiel de la r\u00e9gion F\u00e8s-Mekn\u00e8s.","publisher":{"@id":"https:\/\/www.region-fes-meknes.ma\/#organization"},"potentialAction":[{"@type":"SearchAction","target":{"@type":"EntryPoint","urlTemplate":"https:\/\/www.region-fes-meknes.ma\/?s={search_term_string}"},"query-input":"required name=search_term_string"}],"inLanguage":"fr-FR"},{"@type":"Organization","@id":"https:\/\/www.region-fes-meknes.ma\/#organization","name":"R\u00e9gion F\u00e8s M\u00e8kn\u00e8s","url":"https:\/\/www.region-fes-meknes.ma\/","sameAs":["https:\/\/www.facebook.com\/R\u00e9gion-F\u00e8s-Mekn\u00e8s-1130195096990872"],"logo":{"@type":"ImageObject","inLanguage":"fr-FR","@id":"https:\/\/www.region-fes-meknes.ma\/#\/schema\/logo\/image\/","url":"http:\/\/www.region-fes-meknes.ma\/wp-content\/uploads\/2017\/10\/logo-rfm4.png","contentUrl":"http:\/\/www.region-fes-meknes.ma\/wp-content\/uploads\/2017\/10\/logo-rfm4.png","width":304,"height":291,"caption":"R\u00e9gion F\u00e8s M\u00e8kn\u00e8s"},"image":{"@id":"https:\/\/www.region-fes-meknes.ma\/#\/schema\/logo\/image\/"}},{"@type":"Person","@id":"https:\/\/www.region-fes-meknes.ma\/#\/schema\/person\/0f39741727e5e507b0f585d8ea23e359","name":"Zaynab Dhimene","image":{"@type":"ImageObject","inLanguage":"fr-FR","@id":"https:\/\/www.region-fes-meknes.ma\/#\/schema\/person\/image\/","url":"https:\/\/secure.gravatar.com\/avatar\/c668cebb47e2644c6dfb9d8f5a83fb03?s=96&d=mm&r=g","contentUrl":"https:\/\/secure.gravatar.com\/avatar\/c668cebb47e2644c6dfb9d8f5a83fb03?s=96&d=mm&r=g","caption":"Zaynab Dhimene"}}]}},"_links":{"self":[{"href":"https:\/\/www.region-fes-meknes.ma\/fr\/wp-json\/wp\/v2\/posts\/21442"}],"collection":[{"href":"https:\/\/www.region-fes-meknes.ma\/fr\/wp-json\/wp\/v2\/posts"}],"about":[{"href":"https:\/\/www.region-fes-meknes.ma\/fr\/wp-json\/wp\/v2\/types\/post"}],"author":[{"embeddable":true,"href":"https:\/\/www.region-fes-meknes.ma\/fr\/wp-json\/wp\/v2\/users\/76"}],"replies":[{"embeddable":true,"href":"https:\/\/www.region-fes-meknes.ma\/fr\/wp-json\/wp\/v2\/comments?post=21442"}],"version-history":[{"count":3,"href":"https:\/\/www.region-fes-meknes.ma\/fr\/wp-json\/wp\/v2\/posts\/21442\/revisions"}],"predecessor-version":[{"id":21449,"href":"https:\/\/www.region-fes-meknes.ma\/fr\/wp-json\/wp\/v2\/posts\/21442\/revisions\/21449"}],"wp:featuredmedia":[{"embeddable":true,"href":"https:\/\/www.region-fes-meknes.ma\/fr\/wp-json\/wp\/v2\/media\/21432"}],"wp:attachment":[{"href":"https:\/\/www.region-fes-meknes.ma\/fr\/wp-json\/wp\/v2\/media?parent=21442"}],"wp:term":[{"taxonomy":"category","embeddable":true,"href":"https:\/\/www.region-fes-meknes.ma\/fr\/wp-json\/wp\/v2\/categories?post=21442"},{"taxonomy":"post_tag","embeddable":true,"href":"https:\/\/www.region-fes-meknes.ma\/fr\/wp-json\/wp\/v2\/tags?post=21442"}],"curies":[{"name":"wp","href":"https:\/\/api.w.org\/{rel}","templated":true}]}}