{"id":24666,"date":"2022-08-05T10:41:38","date_gmt":"2022-08-05T09:41:38","guid":{"rendered":"http:\/\/www.region-fes-meknes.ma\/?p=24666"},"modified":"2022-08-05T10:46:36","modified_gmt":"2022-08-05T09:46:36","slug":"appel-a-manifestation-dinteret-relatif-a-lexploitation-et-la-gestion-de-lunite-de-valorisation-des-grignons-dolives-de-taounate","status":"publish","type":"post","link":"https:\/\/www.region-fes-meknes.ma\/fr\/actualites\/appel-a-manifestation-dinteret-relatif-a-lexploitation-et-la-gestion-de-lunite-de-valorisation-des-grignons-dolives-de-taounate\/","title":{"rendered":"Appel \u00e0 Manifestation d\u2019Int\u00e9r\u00eat relatif \u00e0 :  L\u2019exploitation et la gestion de l\u2019unit\u00e9 de valorisation des grignons d\u2019olives de Taounate"},"content":{"rendered":"<p><strong>Dans le cadre de l\u2019op\u00e9rationnalisation de l\u2019unit\u00e9 de valorisation des grignons d\u2019olives pr\u00e9vue \u00e0 Taounate et financ\u00e9e par le Conseil de la R\u00e9gion F\u00e8s-Mekn\u00e8s dans le cadre du Contrat Programme Etat R\u00e9gion 2020-2022, l\u2019Interprofession Marocaine de\u00a0 l\u2019Olive (INTERPROLIVE), en tant que porteur dudit projet,\u00a0 lance un Appel \u00e0 Manifestation d\u2019Int\u00e9r\u00eat (AMI) ouvert pour s\u00e9lectionner les concurrents ayant les capacit\u00e9s financi\u00e8res, humaines et techniques pour l\u2019exploitation et la gestion de ladite unit\u00e9.<\/strong><\/p>\n<p><strong>Les dossiers de candidature doivent \u00eatre d\u00e9pos\u00e9s au si\u00e8ge de l\u2019Interprofession Marocaine de l\u2019Olive (INTERPROLIVE)\u00a0ou \u00e0 la Direction R\u00e9gionale de l\u2019Agriculture F\u00e8s- Mekn\u00e8s, au plus tard le 04 septembre 2022 \u00e0 10 H.<\/strong><\/p>\n<p>L<strong>es composantes des dossiers de candidature et les conditions d\u2019\u00e9ligibilit\u00e9 sont pr\u00e9sent\u00e9es ci-dessous (voir termes de r\u00e9f\u00e9rence)<\/strong><\/p>\n","protected":false},"excerpt":{"rendered":"<p>Dans le cadre de l\u2019op\u00e9rationnalisation de l\u2019unit\u00e9 de valorisation des grignons d\u2019olives pr\u00e9vue \u00e0 Taounate et financ\u00e9e par le Conseil de la R\u00e9gion F\u00e8s-Mekn\u00e8s dans le cadre du Contrat Programme &#8230;<\/p>\n","protected":false},"author":75,"featured_media":0,"comment_status":"open","ping_status":"closed","sticky":false,"template":"","format":"standard","meta":{"_bbp_topic_count":0,"_bbp_reply_count":0,"_bbp_total_topic_count":0,"_bbp_total_reply_count":0,"_bbp_voice_count":0,"_bbp_anonymous_reply_count":0,"_bbp_topic_count_hidden":0,"_bbp_reply_count_hidden":0,"_bbp_forum_subforum_count":0},"categories":[18],"tags":[],"acf":[],"yoast_head":"<!-- This site is optimized with the Yoast SEO plugin v19.5.1 - https:\/\/yoast.com\/wordpress\/plugins\/seo\/ -->\n<title>Appel \u00e0 Manifestation d\u2019Int\u00e9r\u00eat relatif \u00e0 : L\u2019exploitation et la gestion de l\u2019unit\u00e9 de valorisation des grignons d\u2019olives de Taounate - R\u00e9gion F\u00e8s Mekn\u00e8s<\/title>\n<meta name=\"robots\" content=\"index, follow, max-snippet:-1, max-image-preview:large, max-video-preview:-1\" \/>\n<link rel=\"canonical\" href=\"https:\/\/www.region-fes-meknes.ma\/fr\/actualites\/appel-a-manifestation-dinteret-relatif-a-lexploitation-et-la-gestion-de-lunite-de-valorisation-des-grignons-dolives-de-taounate\/\" \/>\n<meta property=\"og:locale\" content=\"fr_FR\" \/>\n<meta property=\"og:type\" content=\"article\" \/>\n<meta property=\"og:title\" content=\"Appel \u00e0 Manifestation d\u2019Int\u00e9r\u00eat relatif \u00e0 : L\u2019exploitation et la gestion de l\u2019unit\u00e9 de valorisation des grignons d\u2019olives de Taounate - R\u00e9gion F\u00e8s Mekn\u00e8s\" \/>\n<meta property=\"og:description\" content=\"Dans le cadre de l\u2019op\u00e9rationnalisation de l\u2019unit\u00e9 de valorisation des grignons d\u2019olives pr\u00e9vue \u00e0 Taounate et financ\u00e9e par le Conseil de la R\u00e9gion F\u00e8s-Mekn\u00e8s dans le cadre du Contrat Programme ...\" \/>\n<meta property=\"og:url\" content=\"https:\/\/www.region-fes-meknes.ma\/fr\/actualites\/appel-a-manifestation-dinteret-relatif-a-lexploitation-et-la-gestion-de-lunite-de-valorisation-des-grignons-dolives-de-taounate\/\" \/>\n<meta property=\"og:site_name\" content=\"R\u00e9gion F\u00e8s Mekn\u00e8s\" \/>\n<meta property=\"article:publisher\" content=\"https:\/\/www.facebook.com\/R%c3%a9gion-F%c3%a8s-Mekn%c3%a8s-1130195096990872\" \/>\n<meta property=\"article:published_time\" content=\"2022-08-05T09:41:38+00:00\" \/>\n<meta property=\"article:modified_time\" content=\"2022-08-05T09:46:36+00:00\" \/>\n<meta name=\"author\" content=\"Hanane Taibi\" \/>\n<meta name=\"twitter:card\" content=\"summary_large_image\" \/>\n<meta name=\"twitter:label1\" content=\"\u00c9crit par\" \/>\n\t<meta name=\"twitter:data1\" content=\"Hanane Taibi\" \/>\n\t<meta name=\"twitter:label2\" content=\"Dur\u00e9e de lecture estim\u00e9e\" \/>\n\t<meta name=\"twitter:data2\" content=\"1 minute\" \/>\n<script type=\"application\/ld+json\" class=\"yoast-schema-graph\">{\"@context\":\"https:\/\/schema.org\",\"@graph\":[{\"@type\":\"Article\",\"@id\":\"https:\/\/www.region-fes-meknes.ma\/fr\/actualites\/appel-a-manifestation-dinteret-relatif-a-lexploitation-et-la-gestion-de-lunite-de-valorisation-des-grignons-dolives-de-taounate\/#article\",\"isPartOf\":{\"@id\":\"https:\/\/www.region-fes-meknes.ma\/fr\/actualites\/appel-a-manifestation-dinteret-relatif-a-lexploitation-et-la-gestion-de-lunite-de-valorisation-des-grignons-dolives-de-taounate\/\"},\"author\":{\"name\":\"Hanane Taibi\",\"@id\":\"https:\/\/www.region-fes-meknes.ma\/#\/schema\/person\/33105c16edc047c6dcefb301421af76b\"},\"headline\":\"Appel \u00e0 Manifestation d\u2019Int\u00e9r\u00eat relatif \u00e0 : L\u2019exploitation et la gestion de l\u2019unit\u00e9 de valorisation des grignons d\u2019olives de Taounate\",\"datePublished\":\"2022-08-05T09:41:38+00:00\",\"dateModified\":\"2022-08-05T09:46:36+00:00\",\"mainEntityOfPage\":{\"@id\":\"https:\/\/www.region-fes-meknes.ma\/fr\/actualites\/appel-a-manifestation-dinteret-relatif-a-lexploitation-et-la-gestion-de-lunite-de-valorisation-des-grignons-dolives-de-taounate\/\"},\"wordCount\":171,\"commentCount\":0,\"publisher\":{\"@id\":\"https:\/\/www.region-fes-meknes.ma\/#organization\"},\"articleSection\":[\"Actualit\u00e9s\"],\"inLanguage\":\"fr-FR\",\"potentialAction\":[{\"@type\":\"CommentAction\",\"name\":\"Comment\",\"target\":[\"https:\/\/www.region-fes-meknes.ma\/fr\/actualites\/appel-a-manifestation-dinteret-relatif-a-lexploitation-et-la-gestion-de-lunite-de-valorisation-des-grignons-dolives-de-taounate\/#respond\"]}]},{\"@type\":\"WebPage\",\"@id\":\"https:\/\/www.region-fes-meknes.ma\/fr\/actualites\/appel-a-manifestation-dinteret-relatif-a-lexploitation-et-la-gestion-de-lunite-de-valorisation-des-grignons-dolives-de-taounate\/\",\"url\":\"https:\/\/www.region-fes-meknes.ma\/fr\/actualites\/appel-a-manifestation-dinteret-relatif-a-lexploitation-et-la-gestion-de-lunite-de-valorisation-des-grignons-dolives-de-taounate\/\",\"name\":\"Appel \u00e0 Manifestation d\u2019Int\u00e9r\u00eat relatif \u00e0 : L\u2019exploitation et la gestion de l\u2019unit\u00e9 de valorisation des grignons d\u2019olives de Taounate - R\u00e9gion F\u00e8s Mekn\u00e8s\",\"isPartOf\":{\"@id\":\"https:\/\/www.region-fes-meknes.ma\/#website\"},\"datePublished\":\"2022-08-05T09:41:38+00:00\",\"dateModified\":\"2022-08-05T09:46:36+00:00\",\"breadcrumb\":{\"@id\":\"https:\/\/www.region-fes-meknes.ma\/fr\/actualites\/appel-a-manifestation-dinteret-relatif-a-lexploitation-et-la-gestion-de-lunite-de-valorisation-des-grignons-dolives-de-taounate\/#breadcrumb\"},\"inLanguage\":\"fr-FR\",\"potentialAction\":[{\"@type\":\"ReadAction\",\"target\":[\"https:\/\/www.region-fes-meknes.ma\/fr\/actualites\/appel-a-manifestation-dinteret-relatif-a-lexploitation-et-la-gestion-de-lunite-de-valorisation-des-grignons-dolives-de-taounate\/\"]}]},{\"@type\":\"BreadcrumbList\",\"@id\":\"https:\/\/www.region-fes-meknes.ma\/fr\/actualites\/appel-a-manifestation-dinteret-relatif-a-lexploitation-et-la-gestion-de-lunite-de-valorisation-des-grignons-dolives-de-taounate\/#breadcrumb\",\"itemListElement\":[{\"@type\":\"ListItem\",\"position\":1,\"name\":\"Accueil\",\"item\":\"https:\/\/www.region-fes-meknes.ma\/fr\/\"},{\"@type\":\"ListItem\",\"position\":2,\"name\":\"Appel \u00e0 Manifestation d\u2019Int\u00e9r\u00eat relatif \u00e0 : L\u2019exploitation et la gestion de l\u2019unit\u00e9 de valorisation des grignons d\u2019olives de Taounate\"}]},{\"@type\":\"WebSite\",\"@id\":\"https:\/\/www.region-fes-meknes.ma\/#website\",\"url\":\"https:\/\/www.region-fes-meknes.ma\/\",\"name\":\"Portail de la R\u00e9gion F\u00e8s-Mekn\u00e8s\",\"description\":\"Site officiel de la r\u00e9gion F\u00e8s-Mekn\u00e8s.\",\"publisher\":{\"@id\":\"https:\/\/www.region-fes-meknes.ma\/#organization\"},\"potentialAction\":[{\"@type\":\"SearchAction\",\"target\":{\"@type\":\"EntryPoint\",\"urlTemplate\":\"https:\/\/www.region-fes-meknes.ma\/?s={search_term_string}\"},\"query-input\":\"required name=search_term_string\"}],\"inLanguage\":\"fr-FR\"},{\"@type\":\"Organization\",\"@id\":\"https:\/\/www.region-fes-meknes.ma\/#organization\",\"name\":\"R\u00e9gion F\u00e8s M\u00e8kn\u00e8s\",\"url\":\"https:\/\/www.region-fes-meknes.ma\/\",\"sameAs\":[\"https:\/\/www.facebook.com\/R\u00e9gion-F\u00e8s-Mekn\u00e8s-1130195096990872\"],\"logo\":{\"@type\":\"ImageObject\",\"inLanguage\":\"fr-FR\",\"@id\":\"https:\/\/www.region-fes-meknes.ma\/#\/schema\/logo\/image\/\",\"url\":\"http:\/\/www.region-fes-meknes.ma\/wp-content\/uploads\/2017\/10\/logo-rfm4.png\",\"contentUrl\":\"http:\/\/www.region-fes-meknes.ma\/wp-content\/uploads\/2017\/10\/logo-rfm4.png\",\"width\":304,\"height\":291,\"caption\":\"R\u00e9gion F\u00e8s M\u00e8kn\u00e8s\"},\"image\":{\"@id\":\"https:\/\/www.region-fes-meknes.ma\/#\/schema\/logo\/image\/\"}},{\"@type\":\"Person\",\"@id\":\"https:\/\/www.region-fes-meknes.ma\/#\/schema\/person\/33105c16edc047c6dcefb301421af76b\",\"name\":\"Hanane Taibi\",\"image\":{\"@type\":\"ImageObject\",\"inLanguage\":\"fr-FR\",\"@id\":\"https:\/\/www.region-fes-meknes.ma\/#\/schema\/person\/image\/\",\"url\":\"https:\/\/secure.gravatar.com\/avatar\/c2f0afc69e4a1a1edc8ae692c477bdcb?s=96&d=mm&r=g\",\"contentUrl\":\"https:\/\/secure.gravatar.com\/avatar\/c2f0afc69e4a1a1edc8ae692c477bdcb?s=96&d=mm&r=g\",\"caption\":\"Hanane Taibi\"}}]}<\/script>\n<!-- \/ Yoast SEO plugin. -->","yoast_head_json":{"title":"Appel \u00e0 Manifestation d\u2019Int\u00e9r\u00eat relatif \u00e0 : L\u2019exploitation et la gestion de l\u2019unit\u00e9 de valorisation des grignons d\u2019olives de Taounate - R\u00e9gion F\u00e8s Mekn\u00e8s","robots":{"index":"index","follow":"follow","max-snippet":"max-snippet:-1","max-image-preview":"max-image-preview:large","max-video-preview":"max-video-preview:-1"},"canonical":"https:\/\/www.region-fes-meknes.ma\/fr\/actualites\/appel-a-manifestation-dinteret-relatif-a-lexploitation-et-la-gestion-de-lunite-de-valorisation-des-grignons-dolives-de-taounate\/","og_locale":"fr_FR","og_type":"article","og_title":"Appel \u00e0 Manifestation d\u2019Int\u00e9r\u00eat relatif \u00e0 : L\u2019exploitation et la gestion de l\u2019unit\u00e9 de valorisation des grignons d\u2019olives de Taounate - R\u00e9gion F\u00e8s Mekn\u00e8s","og_description":"Dans le cadre de l\u2019op\u00e9rationnalisation de l\u2019unit\u00e9 de valorisation des grignons d\u2019olives pr\u00e9vue \u00e0 Taounate et financ\u00e9e par le Conseil de la R\u00e9gion F\u00e8s-Mekn\u00e8s dans le cadre du Contrat Programme ...","og_url":"https:\/\/www.region-fes-meknes.ma\/fr\/actualites\/appel-a-manifestation-dinteret-relatif-a-lexploitation-et-la-gestion-de-lunite-de-valorisation-des-grignons-dolives-de-taounate\/","og_site_name":"R\u00e9gion F\u00e8s Mekn\u00e8s","article_publisher":"https:\/\/www.facebook.com\/R%c3%a9gion-F%c3%a8s-Mekn%c3%a8s-1130195096990872","article_published_time":"2022-08-05T09:41:38+00:00","article_modified_time":"2022-08-05T09:46:36+00:00","author":"Hanane Taibi","twitter_card":"summary_large_image","twitter_misc":{"\u00c9crit par":"Hanane Taibi","Dur\u00e9e de lecture estim\u00e9e":"1 minute"},"schema":{"@context":"https:\/\/schema.org","@graph":[{"@type":"Article","@id":"https:\/\/www.region-fes-meknes.ma\/fr\/actualites\/appel-a-manifestation-dinteret-relatif-a-lexploitation-et-la-gestion-de-lunite-de-valorisation-des-grignons-dolives-de-taounate\/#article","isPartOf":{"@id":"https:\/\/www.region-fes-meknes.ma\/fr\/actualites\/appel-a-manifestation-dinteret-relatif-a-lexploitation-et-la-gestion-de-lunite-de-valorisation-des-grignons-dolives-de-taounate\/"},"author":{"name":"Hanane Taibi","@id":"https:\/\/www.region-fes-meknes.ma\/#\/schema\/person\/33105c16edc047c6dcefb301421af76b"},"headline":"Appel \u00e0 Manifestation d\u2019Int\u00e9r\u00eat relatif \u00e0 : L\u2019exploitation et la gestion de l\u2019unit\u00e9 de valorisation des grignons d\u2019olives de Taounate","datePublished":"2022-08-05T09:41:38+00:00","dateModified":"2022-08-05T09:46:36+00:00","mainEntityOfPage":{"@id":"https:\/\/www.region-fes-meknes.ma\/fr\/actualites\/appel-a-manifestation-dinteret-relatif-a-lexploitation-et-la-gestion-de-lunite-de-valorisation-des-grignons-dolives-de-taounate\/"},"wordCount":171,"commentCount":0,"publisher":{"@id":"https:\/\/www.region-fes-meknes.ma\/#organization"},"articleSection":["Actualit\u00e9s"],"inLanguage":"fr-FR","potentialAction":[{"@type":"CommentAction","name":"Comment","target":["https:\/\/www.region-fes-meknes.ma\/fr\/actualites\/appel-a-manifestation-dinteret-relatif-a-lexploitation-et-la-gestion-de-lunite-de-valorisation-des-grignons-dolives-de-taounate\/#respond"]}]},{"@type":"WebPage","@id":"https:\/\/www.region-fes-meknes.ma\/fr\/actualites\/appel-a-manifestation-dinteret-relatif-a-lexploitation-et-la-gestion-de-lunite-de-valorisation-des-grignons-dolives-de-taounate\/","url":"https:\/\/www.region-fes-meknes.ma\/fr\/actualites\/appel-a-manifestation-dinteret-relatif-a-lexploitation-et-la-gestion-de-lunite-de-valorisation-des-grignons-dolives-de-taounate\/","name":"Appel \u00e0 Manifestation d\u2019Int\u00e9r\u00eat relatif \u00e0 : L\u2019exploitation et la gestion de l\u2019unit\u00e9 de valorisation des grignons d\u2019olives de Taounate - R\u00e9gion F\u00e8s Mekn\u00e8s","isPartOf":{"@id":"https:\/\/www.region-fes-meknes.ma\/#website"},"datePublished":"2022-08-05T09:41:38+00:00","dateModified":"2022-08-05T09:46:36+00:00","breadcrumb":{"@id":"https:\/\/www.region-fes-meknes.ma\/fr\/actualites\/appel-a-manifestation-dinteret-relatif-a-lexploitation-et-la-gestion-de-lunite-de-valorisation-des-grignons-dolives-de-taounate\/#breadcrumb"},"inLanguage":"fr-FR","potentialAction":[{"@type":"ReadAction","target":["https:\/\/www.region-fes-meknes.ma\/fr\/actualites\/appel-a-manifestation-dinteret-relatif-a-lexploitation-et-la-gestion-de-lunite-de-valorisation-des-grignons-dolives-de-taounate\/"]}]},{"@type":"BreadcrumbList","@id":"https:\/\/www.region-fes-meknes.ma\/fr\/actualites\/appel-a-manifestation-dinteret-relatif-a-lexploitation-et-la-gestion-de-lunite-de-valorisation-des-grignons-dolives-de-taounate\/#breadcrumb","itemListElement":[{"@type":"ListItem","position":1,"name":"Accueil","item":"https:\/\/www.region-fes-meknes.ma\/fr\/"},{"@type":"ListItem","position":2,"name":"Appel \u00e0 Manifestation d\u2019Int\u00e9r\u00eat relatif \u00e0 : L\u2019exploitation et la gestion de l\u2019unit\u00e9 de valorisation des grignons d\u2019olives de Taounate"}]},{"@type":"WebSite","@id":"https:\/\/www.region-fes-meknes.ma\/#website","url":"https:\/\/www.region-fes-meknes.ma\/","name":"Portail de la R\u00e9gion F\u00e8s-Mekn\u00e8s","description":"Site officiel de la r\u00e9gion F\u00e8s-Mekn\u00e8s.","publisher":{"@id":"https:\/\/www.region-fes-meknes.ma\/#organization"},"potentialAction":[{"@type":"SearchAction","target":{"@type":"EntryPoint","urlTemplate":"https:\/\/www.region-fes-meknes.ma\/?s={search_term_string}"},"query-input":"required name=search_term_string"}],"inLanguage":"fr-FR"},{"@type":"Organization","@id":"https:\/\/www.region-fes-meknes.ma\/#organization","name":"R\u00e9gion F\u00e8s M\u00e8kn\u00e8s","url":"https:\/\/www.region-fes-meknes.ma\/","sameAs":["https:\/\/www.facebook.com\/R\u00e9gion-F\u00e8s-Mekn\u00e8s-1130195096990872"],"logo":{"@type":"ImageObject","inLanguage":"fr-FR","@id":"https:\/\/www.region-fes-meknes.ma\/#\/schema\/logo\/image\/","url":"http:\/\/www.region-fes-meknes.ma\/wp-content\/uploads\/2017\/10\/logo-rfm4.png","contentUrl":"http:\/\/www.region-fes-meknes.ma\/wp-content\/uploads\/2017\/10\/logo-rfm4.png","width":304,"height":291,"caption":"R\u00e9gion F\u00e8s M\u00e8kn\u00e8s"},"image":{"@id":"https:\/\/www.region-fes-meknes.ma\/#\/schema\/logo\/image\/"}},{"@type":"Person","@id":"https:\/\/www.region-fes-meknes.ma\/#\/schema\/person\/33105c16edc047c6dcefb301421af76b","name":"Hanane Taibi","image":{"@type":"ImageObject","inLanguage":"fr-FR","@id":"https:\/\/www.region-fes-meknes.ma\/#\/schema\/person\/image\/","url":"https:\/\/secure.gravatar.com\/avatar\/c2f0afc69e4a1a1edc8ae692c477bdcb?s=96&d=mm&r=g","contentUrl":"https:\/\/secure.gravatar.com\/avatar\/c2f0afc69e4a1a1edc8ae692c477bdcb?s=96&d=mm&r=g","caption":"Hanane Taibi"}}]}},"_links":{"self":[{"href":"https:\/\/www.region-fes-meknes.ma\/fr\/wp-json\/wp\/v2\/posts\/24666"}],"collection":[{"href":"https:\/\/www.region-fes-meknes.ma\/fr\/wp-json\/wp\/v2\/posts"}],"about":[{"href":"https:\/\/www.region-fes-meknes.ma\/fr\/wp-json\/wp\/v2\/types\/post"}],"author":[{"embeddable":true,"href":"https:\/\/www.region-fes-meknes.ma\/fr\/wp-json\/wp\/v2\/users\/75"}],"replies":[{"embeddable":true,"href":"https:\/\/www.region-fes-meknes.ma\/fr\/wp-json\/wp\/v2\/comments?post=24666"}],"version-history":[{"count":3,"href":"https:\/\/www.region-fes-meknes.ma\/fr\/wp-json\/wp\/v2\/posts\/24666\/revisions"}],"predecessor-version":[{"id":24679,"href":"https:\/\/www.region-fes-meknes.ma\/fr\/wp-json\/wp\/v2\/posts\/24666\/revisions\/24679"}],"wp:attachment":[{"href":"https:\/\/www.region-fes-meknes.ma\/fr\/wp-json\/wp\/v2\/media?parent=24666"}],"wp:term":[{"taxonomy":"category","embeddable":true,"href":"https:\/\/www.region-fes-meknes.ma\/fr\/wp-json\/wp\/v2\/categories?post=24666"},{"taxonomy":"post_tag","embeddable":true,"href":"https:\/\/www.region-fes-meknes.ma\/fr\/wp-json\/wp\/v2\/tags?post=24666"}],"curies":[{"name":"wp","href":"https:\/\/api.w.org\/{rel}","templated":true}]}}