{"id":24706,"date":"2022-08-30T11:56:08","date_gmt":"2022-08-30T10:56:08","guid":{"rendered":"http:\/\/www.region-fes-meknes.ma\/?p=24706"},"modified":"2022-08-30T12:02:20","modified_gmt":"2022-08-30T11:02:20","slug":"avis-rectificatif-concernant-lappel-a-manifestation-dinteret-relatif-a-lexploitation-et-la-gestion-de-lunite-de-valorisation-des-grignons-dolives-de-taou","status":"publish","type":"post","link":"https:\/\/www.region-fes-meknes.ma\/fr\/actualites\/avis-rectificatif-concernant-lappel-a-manifestation-dinteret-relatif-a-lexploitation-et-la-gestion-de-lunite-de-valorisation-des-grignons-dolives-de-taou\/","title":{"rendered":"Avis Rectificatif concernant l\u2019Appel \u00e0 Manifestation d\u2019Int\u00e9r\u00eat relatif \u00e0 : L\u2019exploitation et la gestion de l\u2019unit\u00e9 de valorisation des grignons d\u2019olives de Taounate"},"content":{"rendered":"<p>Il est port\u00e9 \u00e0 la connaissance du grand public que des modifications ont \u00e9t\u00e9 port\u00e9es au niveau de <a href=\"https:\/\/www.region-fes-meknes.ma\/fr\/actualites\/appel-a-manifestation-dinteret-relatif-a-lexploitation-et-la-gestion-de-lunite-de-valorisation-des-grignons-dolives-de-taounate\/\" target=\"_blank\" rel=\"noopener\">l\u2019appel \u00e0<\/a><br \/>\nmanifestation relatif \u00e0 : L\u2019exploitation et la gestion de l\u2019unit\u00e9 de valorisation des grignons d\u2019olives de<br \/>\nTaounate, publi\u00e9 le 5 AO\u00dbT 2022 sur le site web officiel de la R\u00e9gion F\u00e8s &#8211; Mekn\u00e8s.<\/p>\n<p>Ledit AMI a \u00e9t\u00e9 rectifi\u00e9 comme suit :<br \/>\n&#8211; Report du dernier d\u00e9lai de d\u00e9p\u00f4t ou d\u2019envoi des dossiers de Manifestation d\u2019int\u00e9r\u00eat du 04 sept 2022<br \/>\nau 05 Octobre 2022 \u00e0 10h.<br \/>\n&#8211; Dossier de l\u2019appel d\u2019offre a \u00e9t\u00e9 amend\u00e9, notamment les articles 14 et 15 du chapitre 3 du cahier des<br \/>\nprescriptions sp\u00e9ciales (CPS).<br \/>\n&#8211; Les autres clauses de l\u2019AMI n\u2019ont subi aucun changement.<br \/>\nLes composantes des dossiers de candidature et les conditions d\u2019\u00e9ligibilit\u00e9 sont pr\u00e9sent\u00e9es ci-dessous (voir<br \/>\nterme de r\u00e9f\u00e9rence).<br \/>\nAvis rectificatifs :<br \/>\n&#8211; Avis rectificatif AR<br \/>\n&#8211; Avis rectificatif FR<br \/>\nTermes de r\u00e9f\u00e9rence :<br \/>\n&#8211; CPS de l\u2019AMI<br \/>\n&#8211; RC de l\u2019AMI<\/p>\n","protected":false},"excerpt":{"rendered":"<p>Il est port\u00e9 \u00e0 la connaissance du grand public que des modifications ont \u00e9t\u00e9 port\u00e9es au niveau de l\u2019appel \u00e0 manifestation relatif \u00e0 : L\u2019exploitation et la gestion de l\u2019unit\u00e9 &#8230;<\/p>\n","protected":false},"author":76,"featured_media":0,"comment_status":"open","ping_status":"closed","sticky":false,"template":"","format":"standard","meta":{"_bbp_topic_count":0,"_bbp_reply_count":0,"_bbp_total_topic_count":0,"_bbp_total_reply_count":0,"_bbp_voice_count":0,"_bbp_anonymous_reply_count":0,"_bbp_topic_count_hidden":0,"_bbp_reply_count_hidden":0,"_bbp_forum_subforum_count":0},"categories":[18],"tags":[],"acf":[],"yoast_head":"<!-- This site is optimized with the Yoast SEO plugin v19.5.1 - https:\/\/yoast.com\/wordpress\/plugins\/seo\/ -->\n<title>Avis Rectificatif concernant l\u2019Appel \u00e0 Manifestation d\u2019Int\u00e9r\u00eat relatif \u00e0 : L\u2019exploitation et la gestion de l\u2019unit\u00e9 de valorisation des grignons d\u2019olives de Taounate - R\u00e9gion F\u00e8s Mekn\u00e8s<\/title>\n<meta name=\"robots\" content=\"index, follow, max-snippet:-1, max-image-preview:large, max-video-preview:-1\" \/>\n<link rel=\"canonical\" href=\"https:\/\/www.region-fes-meknes.ma\/fr\/actualites\/avis-rectificatif-concernant-lappel-a-manifestation-dinteret-relatif-a-lexploitation-et-la-gestion-de-lunite-de-valorisation-des-grignons-dolives-de-taou\/\" \/>\n<meta property=\"og:locale\" content=\"fr_FR\" \/>\n<meta property=\"og:type\" content=\"article\" \/>\n<meta property=\"og:title\" content=\"Avis Rectificatif concernant l\u2019Appel \u00e0 Manifestation d\u2019Int\u00e9r\u00eat relatif \u00e0 : L\u2019exploitation et la gestion de l\u2019unit\u00e9 de valorisation des grignons d\u2019olives de Taounate - R\u00e9gion F\u00e8s Mekn\u00e8s\" \/>\n<meta property=\"og:description\" content=\"Il est port\u00e9 \u00e0 la connaissance du grand public que des modifications ont \u00e9t\u00e9 port\u00e9es au niveau de l\u2019appel \u00e0 manifestation relatif \u00e0 : L\u2019exploitation et la gestion de l\u2019unit\u00e9 ...\" \/>\n<meta property=\"og:url\" content=\"https:\/\/www.region-fes-meknes.ma\/fr\/actualites\/avis-rectificatif-concernant-lappel-a-manifestation-dinteret-relatif-a-lexploitation-et-la-gestion-de-lunite-de-valorisation-des-grignons-dolives-de-taou\/\" \/>\n<meta property=\"og:site_name\" content=\"R\u00e9gion F\u00e8s Mekn\u00e8s\" \/>\n<meta property=\"article:publisher\" content=\"https:\/\/www.facebook.com\/R%c3%a9gion-F%c3%a8s-Mekn%c3%a8s-1130195096990872\" \/>\n<meta property=\"article:published_time\" content=\"2022-08-30T10:56:08+00:00\" \/>\n<meta property=\"article:modified_time\" content=\"2022-08-30T11:02:20+00:00\" \/>\n<meta name=\"author\" content=\"Zaynab Dhimene\" \/>\n<meta name=\"twitter:card\" content=\"summary_large_image\" \/>\n<meta name=\"twitter:label1\" content=\"\u00c9crit par\" \/>\n\t<meta name=\"twitter:data1\" content=\"Zaynab Dhimene\" \/>\n\t<meta name=\"twitter:label2\" content=\"Dur\u00e9e de lecture estim\u00e9e\" \/>\n\t<meta name=\"twitter:data2\" content=\"2 minutes\" \/>\n<script type=\"application\/ld+json\" class=\"yoast-schema-graph\">{\"@context\":\"https:\/\/schema.org\",\"@graph\":[{\"@type\":\"Article\",\"@id\":\"https:\/\/www.region-fes-meknes.ma\/fr\/actualites\/avis-rectificatif-concernant-lappel-a-manifestation-dinteret-relatif-a-lexploitation-et-la-gestion-de-lunite-de-valorisation-des-grignons-dolives-de-taou\/#article\",\"isPartOf\":{\"@id\":\"https:\/\/www.region-fes-meknes.ma\/fr\/actualites\/avis-rectificatif-concernant-lappel-a-manifestation-dinteret-relatif-a-lexploitation-et-la-gestion-de-lunite-de-valorisation-des-grignons-dolives-de-taou\/\"},\"author\":{\"name\":\"Zaynab Dhimene\",\"@id\":\"https:\/\/www.region-fes-meknes.ma\/#\/schema\/person\/0f39741727e5e507b0f585d8ea23e359\"},\"headline\":\"Avis Rectificatif concernant l\u2019Appel \u00e0 Manifestation d\u2019Int\u00e9r\u00eat relatif \u00e0 : L\u2019exploitation et la gestion de l\u2019unit\u00e9 de valorisation des grignons d\u2019olives de Taounate\",\"datePublished\":\"2022-08-30T10:56:08+00:00\",\"dateModified\":\"2022-08-30T11:02:20+00:00\",\"mainEntityOfPage\":{\"@id\":\"https:\/\/www.region-fes-meknes.ma\/fr\/actualites\/avis-rectificatif-concernant-lappel-a-manifestation-dinteret-relatif-a-lexploitation-et-la-gestion-de-lunite-de-valorisation-des-grignons-dolives-de-taou\/\"},\"wordCount\":198,\"commentCount\":0,\"publisher\":{\"@id\":\"https:\/\/www.region-fes-meknes.ma\/#organization\"},\"articleSection\":[\"Actualit\u00e9s\"],\"inLanguage\":\"fr-FR\",\"potentialAction\":[{\"@type\":\"CommentAction\",\"name\":\"Comment\",\"target\":[\"https:\/\/www.region-fes-meknes.ma\/fr\/actualites\/avis-rectificatif-concernant-lappel-a-manifestation-dinteret-relatif-a-lexploitation-et-la-gestion-de-lunite-de-valorisation-des-grignons-dolives-de-taou\/#respond\"]}]},{\"@type\":\"WebPage\",\"@id\":\"https:\/\/www.region-fes-meknes.ma\/fr\/actualites\/avis-rectificatif-concernant-lappel-a-manifestation-dinteret-relatif-a-lexploitation-et-la-gestion-de-lunite-de-valorisation-des-grignons-dolives-de-taou\/\",\"url\":\"https:\/\/www.region-fes-meknes.ma\/fr\/actualites\/avis-rectificatif-concernant-lappel-a-manifestation-dinteret-relatif-a-lexploitation-et-la-gestion-de-lunite-de-valorisation-des-grignons-dolives-de-taou\/\",\"name\":\"Avis Rectificatif concernant l\u2019Appel \u00e0 Manifestation d\u2019Int\u00e9r\u00eat relatif \u00e0 : L\u2019exploitation et la gestion de l\u2019unit\u00e9 de valorisation des grignons d\u2019olives de Taounate - R\u00e9gion F\u00e8s Mekn\u00e8s\",\"isPartOf\":{\"@id\":\"https:\/\/www.region-fes-meknes.ma\/#website\"},\"datePublished\":\"2022-08-30T10:56:08+00:00\",\"dateModified\":\"2022-08-30T11:02:20+00:00\",\"breadcrumb\":{\"@id\":\"https:\/\/www.region-fes-meknes.ma\/fr\/actualites\/avis-rectificatif-concernant-lappel-a-manifestation-dinteret-relatif-a-lexploitation-et-la-gestion-de-lunite-de-valorisation-des-grignons-dolives-de-taou\/#breadcrumb\"},\"inLanguage\":\"fr-FR\",\"potentialAction\":[{\"@type\":\"ReadAction\",\"target\":[\"https:\/\/www.region-fes-meknes.ma\/fr\/actualites\/avis-rectificatif-concernant-lappel-a-manifestation-dinteret-relatif-a-lexploitation-et-la-gestion-de-lunite-de-valorisation-des-grignons-dolives-de-taou\/\"]}]},{\"@type\":\"BreadcrumbList\",\"@id\":\"https:\/\/www.region-fes-meknes.ma\/fr\/actualites\/avis-rectificatif-concernant-lappel-a-manifestation-dinteret-relatif-a-lexploitation-et-la-gestion-de-lunite-de-valorisation-des-grignons-dolives-de-taou\/#breadcrumb\",\"itemListElement\":[{\"@type\":\"ListItem\",\"position\":1,\"name\":\"Accueil\",\"item\":\"https:\/\/www.region-fes-meknes.ma\/fr\/\"},{\"@type\":\"ListItem\",\"position\":2,\"name\":\"Avis Rectificatif concernant l\u2019Appel \u00e0 Manifestation d\u2019Int\u00e9r\u00eat relatif \u00e0 : L\u2019exploitation et la gestion de l\u2019unit\u00e9 de valorisation des grignons d\u2019olives de Taounate\"}]},{\"@type\":\"WebSite\",\"@id\":\"https:\/\/www.region-fes-meknes.ma\/#website\",\"url\":\"https:\/\/www.region-fes-meknes.ma\/\",\"name\":\"Portail de la R\u00e9gion F\u00e8s-Mekn\u00e8s\",\"description\":\"Site officiel de la r\u00e9gion F\u00e8s-Mekn\u00e8s.\",\"publisher\":{\"@id\":\"https:\/\/www.region-fes-meknes.ma\/#organization\"},\"potentialAction\":[{\"@type\":\"SearchAction\",\"target\":{\"@type\":\"EntryPoint\",\"urlTemplate\":\"https:\/\/www.region-fes-meknes.ma\/?s={search_term_string}\"},\"query-input\":\"required name=search_term_string\"}],\"inLanguage\":\"fr-FR\"},{\"@type\":\"Organization\",\"@id\":\"https:\/\/www.region-fes-meknes.ma\/#organization\",\"name\":\"R\u00e9gion F\u00e8s M\u00e8kn\u00e8s\",\"url\":\"https:\/\/www.region-fes-meknes.ma\/\",\"sameAs\":[\"https:\/\/www.facebook.com\/R\u00e9gion-F\u00e8s-Mekn\u00e8s-1130195096990872\"],\"logo\":{\"@type\":\"ImageObject\",\"inLanguage\":\"fr-FR\",\"@id\":\"https:\/\/www.region-fes-meknes.ma\/#\/schema\/logo\/image\/\",\"url\":\"http:\/\/www.region-fes-meknes.ma\/wp-content\/uploads\/2017\/10\/logo-rfm4.png\",\"contentUrl\":\"http:\/\/www.region-fes-meknes.ma\/wp-content\/uploads\/2017\/10\/logo-rfm4.png\",\"width\":304,\"height\":291,\"caption\":\"R\u00e9gion F\u00e8s M\u00e8kn\u00e8s\"},\"image\":{\"@id\":\"https:\/\/www.region-fes-meknes.ma\/#\/schema\/logo\/image\/\"}},{\"@type\":\"Person\",\"@id\":\"https:\/\/www.region-fes-meknes.ma\/#\/schema\/person\/0f39741727e5e507b0f585d8ea23e359\",\"name\":\"Zaynab Dhimene\",\"image\":{\"@type\":\"ImageObject\",\"inLanguage\":\"fr-FR\",\"@id\":\"https:\/\/www.region-fes-meknes.ma\/#\/schema\/person\/image\/\",\"url\":\"https:\/\/secure.gravatar.com\/avatar\/c668cebb47e2644c6dfb9d8f5a83fb03?s=96&d=mm&r=g\",\"contentUrl\":\"https:\/\/secure.gravatar.com\/avatar\/c668cebb47e2644c6dfb9d8f5a83fb03?s=96&d=mm&r=g\",\"caption\":\"Zaynab Dhimene\"}}]}<\/script>\n<!-- \/ Yoast SEO plugin. -->","yoast_head_json":{"title":"Avis Rectificatif concernant l\u2019Appel \u00e0 Manifestation d\u2019Int\u00e9r\u00eat relatif \u00e0 : L\u2019exploitation et la gestion de l\u2019unit\u00e9 de valorisation des grignons d\u2019olives de Taounate - R\u00e9gion F\u00e8s Mekn\u00e8s","robots":{"index":"index","follow":"follow","max-snippet":"max-snippet:-1","max-image-preview":"max-image-preview:large","max-video-preview":"max-video-preview:-1"},"canonical":"https:\/\/www.region-fes-meknes.ma\/fr\/actualites\/avis-rectificatif-concernant-lappel-a-manifestation-dinteret-relatif-a-lexploitation-et-la-gestion-de-lunite-de-valorisation-des-grignons-dolives-de-taou\/","og_locale":"fr_FR","og_type":"article","og_title":"Avis Rectificatif concernant l\u2019Appel \u00e0 Manifestation d\u2019Int\u00e9r\u00eat relatif \u00e0 : L\u2019exploitation et la gestion de l\u2019unit\u00e9 de valorisation des grignons d\u2019olives de Taounate - R\u00e9gion F\u00e8s Mekn\u00e8s","og_description":"Il est port\u00e9 \u00e0 la connaissance du grand public que des modifications ont \u00e9t\u00e9 port\u00e9es au niveau de l\u2019appel \u00e0 manifestation relatif \u00e0 : L\u2019exploitation et la gestion de l\u2019unit\u00e9 ...","og_url":"https:\/\/www.region-fes-meknes.ma\/fr\/actualites\/avis-rectificatif-concernant-lappel-a-manifestation-dinteret-relatif-a-lexploitation-et-la-gestion-de-lunite-de-valorisation-des-grignons-dolives-de-taou\/","og_site_name":"R\u00e9gion F\u00e8s Mekn\u00e8s","article_publisher":"https:\/\/www.facebook.com\/R%c3%a9gion-F%c3%a8s-Mekn%c3%a8s-1130195096990872","article_published_time":"2022-08-30T10:56:08+00:00","article_modified_time":"2022-08-30T11:02:20+00:00","author":"Zaynab Dhimene","twitter_card":"summary_large_image","twitter_misc":{"\u00c9crit par":"Zaynab Dhimene","Dur\u00e9e de lecture estim\u00e9e":"2 minutes"},"schema":{"@context":"https:\/\/schema.org","@graph":[{"@type":"Article","@id":"https:\/\/www.region-fes-meknes.ma\/fr\/actualites\/avis-rectificatif-concernant-lappel-a-manifestation-dinteret-relatif-a-lexploitation-et-la-gestion-de-lunite-de-valorisation-des-grignons-dolives-de-taou\/#article","isPartOf":{"@id":"https:\/\/www.region-fes-meknes.ma\/fr\/actualites\/avis-rectificatif-concernant-lappel-a-manifestation-dinteret-relatif-a-lexploitation-et-la-gestion-de-lunite-de-valorisation-des-grignons-dolives-de-taou\/"},"author":{"name":"Zaynab Dhimene","@id":"https:\/\/www.region-fes-meknes.ma\/#\/schema\/person\/0f39741727e5e507b0f585d8ea23e359"},"headline":"Avis Rectificatif concernant l\u2019Appel \u00e0 Manifestation d\u2019Int\u00e9r\u00eat relatif \u00e0 : L\u2019exploitation et la gestion de l\u2019unit\u00e9 de valorisation des grignons d\u2019olives de Taounate","datePublished":"2022-08-30T10:56:08+00:00","dateModified":"2022-08-30T11:02:20+00:00","mainEntityOfPage":{"@id":"https:\/\/www.region-fes-meknes.ma\/fr\/actualites\/avis-rectificatif-concernant-lappel-a-manifestation-dinteret-relatif-a-lexploitation-et-la-gestion-de-lunite-de-valorisation-des-grignons-dolives-de-taou\/"},"wordCount":198,"commentCount":0,"publisher":{"@id":"https:\/\/www.region-fes-meknes.ma\/#organization"},"articleSection":["Actualit\u00e9s"],"inLanguage":"fr-FR","potentialAction":[{"@type":"CommentAction","name":"Comment","target":["https:\/\/www.region-fes-meknes.ma\/fr\/actualites\/avis-rectificatif-concernant-lappel-a-manifestation-dinteret-relatif-a-lexploitation-et-la-gestion-de-lunite-de-valorisation-des-grignons-dolives-de-taou\/#respond"]}]},{"@type":"WebPage","@id":"https:\/\/www.region-fes-meknes.ma\/fr\/actualites\/avis-rectificatif-concernant-lappel-a-manifestation-dinteret-relatif-a-lexploitation-et-la-gestion-de-lunite-de-valorisation-des-grignons-dolives-de-taou\/","url":"https:\/\/www.region-fes-meknes.ma\/fr\/actualites\/avis-rectificatif-concernant-lappel-a-manifestation-dinteret-relatif-a-lexploitation-et-la-gestion-de-lunite-de-valorisation-des-grignons-dolives-de-taou\/","name":"Avis Rectificatif concernant l\u2019Appel \u00e0 Manifestation d\u2019Int\u00e9r\u00eat relatif \u00e0 : L\u2019exploitation et la gestion de l\u2019unit\u00e9 de valorisation des grignons d\u2019olives de Taounate - R\u00e9gion F\u00e8s Mekn\u00e8s","isPartOf":{"@id":"https:\/\/www.region-fes-meknes.ma\/#website"},"datePublished":"2022-08-30T10:56:08+00:00","dateModified":"2022-08-30T11:02:20+00:00","breadcrumb":{"@id":"https:\/\/www.region-fes-meknes.ma\/fr\/actualites\/avis-rectificatif-concernant-lappel-a-manifestation-dinteret-relatif-a-lexploitation-et-la-gestion-de-lunite-de-valorisation-des-grignons-dolives-de-taou\/#breadcrumb"},"inLanguage":"fr-FR","potentialAction":[{"@type":"ReadAction","target":["https:\/\/www.region-fes-meknes.ma\/fr\/actualites\/avis-rectificatif-concernant-lappel-a-manifestation-dinteret-relatif-a-lexploitation-et-la-gestion-de-lunite-de-valorisation-des-grignons-dolives-de-taou\/"]}]},{"@type":"BreadcrumbList","@id":"https:\/\/www.region-fes-meknes.ma\/fr\/actualites\/avis-rectificatif-concernant-lappel-a-manifestation-dinteret-relatif-a-lexploitation-et-la-gestion-de-lunite-de-valorisation-des-grignons-dolives-de-taou\/#breadcrumb","itemListElement":[{"@type":"ListItem","position":1,"name":"Accueil","item":"https:\/\/www.region-fes-meknes.ma\/fr\/"},{"@type":"ListItem","position":2,"name":"Avis Rectificatif concernant l\u2019Appel \u00e0 Manifestation d\u2019Int\u00e9r\u00eat relatif \u00e0 : L\u2019exploitation et la gestion de l\u2019unit\u00e9 de valorisation des grignons d\u2019olives de Taounate"}]},{"@type":"WebSite","@id":"https:\/\/www.region-fes-meknes.ma\/#website","url":"https:\/\/www.region-fes-meknes.ma\/","name":"Portail de la R\u00e9gion F\u00e8s-Mekn\u00e8s","description":"Site officiel de la r\u00e9gion F\u00e8s-Mekn\u00e8s.","publisher":{"@id":"https:\/\/www.region-fes-meknes.ma\/#organization"},"potentialAction":[{"@type":"SearchAction","target":{"@type":"EntryPoint","urlTemplate":"https:\/\/www.region-fes-meknes.ma\/?s={search_term_string}"},"query-input":"required name=search_term_string"}],"inLanguage":"fr-FR"},{"@type":"Organization","@id":"https:\/\/www.region-fes-meknes.ma\/#organization","name":"R\u00e9gion F\u00e8s M\u00e8kn\u00e8s","url":"https:\/\/www.region-fes-meknes.ma\/","sameAs":["https:\/\/www.facebook.com\/R\u00e9gion-F\u00e8s-Mekn\u00e8s-1130195096990872"],"logo":{"@type":"ImageObject","inLanguage":"fr-FR","@id":"https:\/\/www.region-fes-meknes.ma\/#\/schema\/logo\/image\/","url":"http:\/\/www.region-fes-meknes.ma\/wp-content\/uploads\/2017\/10\/logo-rfm4.png","contentUrl":"http:\/\/www.region-fes-meknes.ma\/wp-content\/uploads\/2017\/10\/logo-rfm4.png","width":304,"height":291,"caption":"R\u00e9gion F\u00e8s M\u00e8kn\u00e8s"},"image":{"@id":"https:\/\/www.region-fes-meknes.ma\/#\/schema\/logo\/image\/"}},{"@type":"Person","@id":"https:\/\/www.region-fes-meknes.ma\/#\/schema\/person\/0f39741727e5e507b0f585d8ea23e359","name":"Zaynab Dhimene","image":{"@type":"ImageObject","inLanguage":"fr-FR","@id":"https:\/\/www.region-fes-meknes.ma\/#\/schema\/person\/image\/","url":"https:\/\/secure.gravatar.com\/avatar\/c668cebb47e2644c6dfb9d8f5a83fb03?s=96&d=mm&r=g","contentUrl":"https:\/\/secure.gravatar.com\/avatar\/c668cebb47e2644c6dfb9d8f5a83fb03?s=96&d=mm&r=g","caption":"Zaynab Dhimene"}}]}},"_links":{"self":[{"href":"https:\/\/www.region-fes-meknes.ma\/fr\/wp-json\/wp\/v2\/posts\/24706"}],"collection":[{"href":"https:\/\/www.region-fes-meknes.ma\/fr\/wp-json\/wp\/v2\/posts"}],"about":[{"href":"https:\/\/www.region-fes-meknes.ma\/fr\/wp-json\/wp\/v2\/types\/post"}],"author":[{"embeddable":true,"href":"https:\/\/www.region-fes-meknes.ma\/fr\/wp-json\/wp\/v2\/users\/76"}],"replies":[{"embeddable":true,"href":"https:\/\/www.region-fes-meknes.ma\/fr\/wp-json\/wp\/v2\/comments?post=24706"}],"version-history":[{"count":3,"href":"https:\/\/www.region-fes-meknes.ma\/fr\/wp-json\/wp\/v2\/posts\/24706\/revisions"}],"predecessor-version":[{"id":24717,"href":"https:\/\/www.region-fes-meknes.ma\/fr\/wp-json\/wp\/v2\/posts\/24706\/revisions\/24717"}],"wp:attachment":[{"href":"https:\/\/www.region-fes-meknes.ma\/fr\/wp-json\/wp\/v2\/media?parent=24706"}],"wp:term":[{"taxonomy":"category","embeddable":true,"href":"https:\/\/www.region-fes-meknes.ma\/fr\/wp-json\/wp\/v2\/categories?post=24706"},{"taxonomy":"post_tag","embeddable":true,"href":"https:\/\/www.region-fes-meknes.ma\/fr\/wp-json\/wp\/v2\/tags?post=24706"}],"curies":[{"name":"wp","href":"https:\/\/api.w.org\/{rel}","templated":true}]}}