{"id":24897,"date":"2022-09-07T16:20:17","date_gmt":"2022-09-07T15:20:17","guid":{"rendered":"http:\/\/www.region-fes-meknes.ma\/?p=24897"},"modified":"2022-09-09T14:54:06","modified_gmt":"2022-09-09T13:54:06","slug":"cooperation-internationale-la-region-fes-meknes-souvre-a-de-nouvelles-opportunites-avec-la-region-francaise-corse","status":"publish","type":"post","link":"https:\/\/www.region-fes-meknes.ma\/fr\/actualites\/cooperation-internationale-la-region-fes-meknes-souvre-a-de-nouvelles-opportunites-avec-la-region-francaise-corse\/","title":{"rendered":"\u00a0Coop\u00e9ration internationale: La R\u00e9gion F\u00e8s Mekn\u00e8s s&rsquo;ouvre \u00e0 de nouvelles opportunit\u00e9s avec la R\u00e9gion fran\u00e7aise Corse"},"content":{"rendered":"","protected":false},"excerpt":{"rendered":"","protected":false},"author":76,"featured_media":24871,"comment_status":"open","ping_status":"closed","sticky":false,"template":"","format":"standard","meta":{"_bbp_topic_count":0,"_bbp_reply_count":0,"_bbp_total_topic_count":0,"_bbp_total_reply_count":0,"_bbp_voice_count":0,"_bbp_anonymous_reply_count":0,"_bbp_topic_count_hidden":0,"_bbp_reply_count_hidden":0,"_bbp_forum_subforum_count":0},"categories":[18],"tags":[],"acf":[],"yoast_head":"<!-- This site is optimized with the Yoast SEO plugin v19.5.1 - https:\/\/yoast.com\/wordpress\/plugins\/seo\/ -->\n<title>\u00a0Coop\u00e9ration internationale: La R\u00e9gion F\u00e8s Mekn\u00e8s s&#039;ouvre \u00e0 de nouvelles opportunit\u00e9s avec la R\u00e9gion fran\u00e7aise Corse - R\u00e9gion F\u00e8s Mekn\u00e8s<\/title>\n<meta name=\"robots\" content=\"index, follow, max-snippet:-1, max-image-preview:large, max-video-preview:-1\" \/>\n<link rel=\"canonical\" href=\"https:\/\/www.region-fes-meknes.ma\/fr\/actualites\/cooperation-internationale-la-region-fes-meknes-souvre-a-de-nouvelles-opportunites-avec-la-region-francaise-corse\/\" \/>\n<meta property=\"og:locale\" content=\"fr_FR\" \/>\n<meta property=\"og:type\" content=\"article\" \/>\n<meta property=\"og:title\" content=\"\u00a0Coop\u00e9ration internationale: La R\u00e9gion F\u00e8s Mekn\u00e8s s&#039;ouvre \u00e0 de nouvelles opportunit\u00e9s avec la R\u00e9gion fran\u00e7aise Corse - R\u00e9gion F\u00e8s Mekn\u00e8s\" \/>\n<meta property=\"og:url\" content=\"https:\/\/www.region-fes-meknes.ma\/fr\/actualites\/cooperation-internationale-la-region-fes-meknes-souvre-a-de-nouvelles-opportunites-avec-la-region-francaise-corse\/\" \/>\n<meta property=\"og:site_name\" content=\"R\u00e9gion F\u00e8s Mekn\u00e8s\" \/>\n<meta property=\"article:publisher\" content=\"https:\/\/www.facebook.com\/R%c3%a9gion-F%c3%a8s-Mekn%c3%a8s-1130195096990872\" \/>\n<meta property=\"article:published_time\" content=\"2022-09-07T15:20:17+00:00\" \/>\n<meta property=\"article:modified_time\" content=\"2022-09-09T13:54:06+00:00\" \/>\n<meta property=\"og:image\" content=\"https:\/\/www.region-fes-meknes.ma\/wp-content\/uploads\/2022\/09\/WhatsApp-Image-2022-09-07-at-15.53.18.jpeg\" \/>\n\t<meta property=\"og:image:width\" content=\"1600\" \/>\n\t<meta property=\"og:image:height\" content=\"900\" \/>\n\t<meta property=\"og:image:type\" content=\"image\/jpeg\" \/>\n<meta name=\"author\" content=\"Zaynab Dhimene\" \/>\n<meta name=\"twitter:card\" content=\"summary_large_image\" \/>\n<meta name=\"twitter:label1\" content=\"\u00c9crit par\" \/>\n\t<meta name=\"twitter:data1\" content=\"Zaynab Dhimene\" \/>\n<script type=\"application\/ld+json\" class=\"yoast-schema-graph\">{\"@context\":\"https:\/\/schema.org\",\"@graph\":[{\"@type\":\"Article\",\"@id\":\"https:\/\/www.region-fes-meknes.ma\/fr\/actualites\/cooperation-internationale-la-region-fes-meknes-souvre-a-de-nouvelles-opportunites-avec-la-region-francaise-corse\/#article\",\"isPartOf\":{\"@id\":\"https:\/\/www.region-fes-meknes.ma\/fr\/actualites\/cooperation-internationale-la-region-fes-meknes-souvre-a-de-nouvelles-opportunites-avec-la-region-francaise-corse\/\"},\"author\":{\"name\":\"Zaynab Dhimene\",\"@id\":\"https:\/\/www.region-fes-meknes.ma\/#\/schema\/person\/0f39741727e5e507b0f585d8ea23e359\"},\"headline\":\"\u00a0Coop\u00e9ration internationale: La R\u00e9gion F\u00e8s Mekn\u00e8s s&rsquo;ouvre \u00e0 de nouvelles opportunit\u00e9s avec la R\u00e9gion fran\u00e7aise Corse\",\"datePublished\":\"2022-09-07T15:20:17+00:00\",\"dateModified\":\"2022-09-09T13:54:06+00:00\",\"mainEntityOfPage\":{\"@id\":\"https:\/\/www.region-fes-meknes.ma\/fr\/actualites\/cooperation-internationale-la-region-fes-meknes-souvre-a-de-nouvelles-opportunites-avec-la-region-francaise-corse\/\"},\"wordCount\":22,\"commentCount\":0,\"publisher\":{\"@id\":\"https:\/\/www.region-fes-meknes.ma\/#organization\"},\"articleSection\":[\"Actualit\u00e9s\"],\"inLanguage\":\"fr-FR\",\"potentialAction\":[{\"@type\":\"CommentAction\",\"name\":\"Comment\",\"target\":[\"https:\/\/www.region-fes-meknes.ma\/fr\/actualites\/cooperation-internationale-la-region-fes-meknes-souvre-a-de-nouvelles-opportunites-avec-la-region-francaise-corse\/#respond\"]}]},{\"@type\":\"WebPage\",\"@id\":\"https:\/\/www.region-fes-meknes.ma\/fr\/actualites\/cooperation-internationale-la-region-fes-meknes-souvre-a-de-nouvelles-opportunites-avec-la-region-francaise-corse\/\",\"url\":\"https:\/\/www.region-fes-meknes.ma\/fr\/actualites\/cooperation-internationale-la-region-fes-meknes-souvre-a-de-nouvelles-opportunites-avec-la-region-francaise-corse\/\",\"name\":\"\u00a0Coop\u00e9ration internationale: La R\u00e9gion F\u00e8s Mekn\u00e8s s'ouvre \u00e0 de nouvelles opportunit\u00e9s avec la R\u00e9gion fran\u00e7aise Corse - R\u00e9gion F\u00e8s Mekn\u00e8s\",\"isPartOf\":{\"@id\":\"https:\/\/www.region-fes-meknes.ma\/#website\"},\"datePublished\":\"2022-09-07T15:20:17+00:00\",\"dateModified\":\"2022-09-09T13:54:06+00:00\",\"breadcrumb\":{\"@id\":\"https:\/\/www.region-fes-meknes.ma\/fr\/actualites\/cooperation-internationale-la-region-fes-meknes-souvre-a-de-nouvelles-opportunites-avec-la-region-francaise-corse\/#breadcrumb\"},\"inLanguage\":\"fr-FR\",\"potentialAction\":[{\"@type\":\"ReadAction\",\"target\":[\"https:\/\/www.region-fes-meknes.ma\/fr\/actualites\/cooperation-internationale-la-region-fes-meknes-souvre-a-de-nouvelles-opportunites-avec-la-region-francaise-corse\/\"]}]},{\"@type\":\"BreadcrumbList\",\"@id\":\"https:\/\/www.region-fes-meknes.ma\/fr\/actualites\/cooperation-internationale-la-region-fes-meknes-souvre-a-de-nouvelles-opportunites-avec-la-region-francaise-corse\/#breadcrumb\",\"itemListElement\":[{\"@type\":\"ListItem\",\"position\":1,\"name\":\"Accueil\",\"item\":\"https:\/\/www.region-fes-meknes.ma\/fr\/\"},{\"@type\":\"ListItem\",\"position\":2,\"name\":\"\u00a0Coop\u00e9ration internationale: La R\u00e9gion F\u00e8s Mekn\u00e8s s&rsquo;ouvre \u00e0 de nouvelles opportunit\u00e9s avec la R\u00e9gion fran\u00e7aise Corse\"}]},{\"@type\":\"WebSite\",\"@id\":\"https:\/\/www.region-fes-meknes.ma\/#website\",\"url\":\"https:\/\/www.region-fes-meknes.ma\/\",\"name\":\"Portail de la R\u00e9gion F\u00e8s-Mekn\u00e8s\",\"description\":\"Site officiel de la r\u00e9gion F\u00e8s-Mekn\u00e8s.\",\"publisher\":{\"@id\":\"https:\/\/www.region-fes-meknes.ma\/#organization\"},\"potentialAction\":[{\"@type\":\"SearchAction\",\"target\":{\"@type\":\"EntryPoint\",\"urlTemplate\":\"https:\/\/www.region-fes-meknes.ma\/?s={search_term_string}\"},\"query-input\":\"required name=search_term_string\"}],\"inLanguage\":\"fr-FR\"},{\"@type\":\"Organization\",\"@id\":\"https:\/\/www.region-fes-meknes.ma\/#organization\",\"name\":\"R\u00e9gion F\u00e8s M\u00e8kn\u00e8s\",\"url\":\"https:\/\/www.region-fes-meknes.ma\/\",\"sameAs\":[\"https:\/\/www.facebook.com\/R\u00e9gion-F\u00e8s-Mekn\u00e8s-1130195096990872\"],\"logo\":{\"@type\":\"ImageObject\",\"inLanguage\":\"fr-FR\",\"@id\":\"https:\/\/www.region-fes-meknes.ma\/#\/schema\/logo\/image\/\",\"url\":\"http:\/\/www.region-fes-meknes.ma\/wp-content\/uploads\/2017\/10\/logo-rfm4.png\",\"contentUrl\":\"http:\/\/www.region-fes-meknes.ma\/wp-content\/uploads\/2017\/10\/logo-rfm4.png\",\"width\":304,\"height\":291,\"caption\":\"R\u00e9gion F\u00e8s M\u00e8kn\u00e8s\"},\"image\":{\"@id\":\"https:\/\/www.region-fes-meknes.ma\/#\/schema\/logo\/image\/\"}},{\"@type\":\"Person\",\"@id\":\"https:\/\/www.region-fes-meknes.ma\/#\/schema\/person\/0f39741727e5e507b0f585d8ea23e359\",\"name\":\"Zaynab Dhimene\",\"image\":{\"@type\":\"ImageObject\",\"inLanguage\":\"fr-FR\",\"@id\":\"https:\/\/www.region-fes-meknes.ma\/#\/schema\/person\/image\/\",\"url\":\"https:\/\/secure.gravatar.com\/avatar\/c668cebb47e2644c6dfb9d8f5a83fb03?s=96&d=mm&r=g\",\"contentUrl\":\"https:\/\/secure.gravatar.com\/avatar\/c668cebb47e2644c6dfb9d8f5a83fb03?s=96&d=mm&r=g\",\"caption\":\"Zaynab Dhimene\"}}]}<\/script>\n<!-- \/ Yoast SEO plugin. -->","yoast_head_json":{"title":"\u00a0Coop\u00e9ration internationale: La R\u00e9gion F\u00e8s Mekn\u00e8s s'ouvre \u00e0 de nouvelles opportunit\u00e9s avec la R\u00e9gion fran\u00e7aise Corse - R\u00e9gion F\u00e8s Mekn\u00e8s","robots":{"index":"index","follow":"follow","max-snippet":"max-snippet:-1","max-image-preview":"max-image-preview:large","max-video-preview":"max-video-preview:-1"},"canonical":"https:\/\/www.region-fes-meknes.ma\/fr\/actualites\/cooperation-internationale-la-region-fes-meknes-souvre-a-de-nouvelles-opportunites-avec-la-region-francaise-corse\/","og_locale":"fr_FR","og_type":"article","og_title":"\u00a0Coop\u00e9ration internationale: La R\u00e9gion F\u00e8s Mekn\u00e8s s'ouvre \u00e0 de nouvelles opportunit\u00e9s avec la R\u00e9gion fran\u00e7aise Corse - R\u00e9gion F\u00e8s Mekn\u00e8s","og_url":"https:\/\/www.region-fes-meknes.ma\/fr\/actualites\/cooperation-internationale-la-region-fes-meknes-souvre-a-de-nouvelles-opportunites-avec-la-region-francaise-corse\/","og_site_name":"R\u00e9gion F\u00e8s Mekn\u00e8s","article_publisher":"https:\/\/www.facebook.com\/R%c3%a9gion-F%c3%a8s-Mekn%c3%a8s-1130195096990872","article_published_time":"2022-09-07T15:20:17+00:00","article_modified_time":"2022-09-09T13:54:06+00:00","og_image":[{"width":1600,"height":900,"url":"https:\/\/www.region-fes-meknes.ma\/wp-content\/uploads\/2022\/09\/WhatsApp-Image-2022-09-07-at-15.53.18.jpeg","type":"image\/jpeg"}],"author":"Zaynab Dhimene","twitter_card":"summary_large_image","twitter_misc":{"\u00c9crit par":"Zaynab Dhimene"},"schema":{"@context":"https:\/\/schema.org","@graph":[{"@type":"Article","@id":"https:\/\/www.region-fes-meknes.ma\/fr\/actualites\/cooperation-internationale-la-region-fes-meknes-souvre-a-de-nouvelles-opportunites-avec-la-region-francaise-corse\/#article","isPartOf":{"@id":"https:\/\/www.region-fes-meknes.ma\/fr\/actualites\/cooperation-internationale-la-region-fes-meknes-souvre-a-de-nouvelles-opportunites-avec-la-region-francaise-corse\/"},"author":{"name":"Zaynab Dhimene","@id":"https:\/\/www.region-fes-meknes.ma\/#\/schema\/person\/0f39741727e5e507b0f585d8ea23e359"},"headline":"\u00a0Coop\u00e9ration internationale: La R\u00e9gion F\u00e8s Mekn\u00e8s s&rsquo;ouvre \u00e0 de nouvelles opportunit\u00e9s avec la R\u00e9gion fran\u00e7aise Corse","datePublished":"2022-09-07T15:20:17+00:00","dateModified":"2022-09-09T13:54:06+00:00","mainEntityOfPage":{"@id":"https:\/\/www.region-fes-meknes.ma\/fr\/actualites\/cooperation-internationale-la-region-fes-meknes-souvre-a-de-nouvelles-opportunites-avec-la-region-francaise-corse\/"},"wordCount":22,"commentCount":0,"publisher":{"@id":"https:\/\/www.region-fes-meknes.ma\/#organization"},"articleSection":["Actualit\u00e9s"],"inLanguage":"fr-FR","potentialAction":[{"@type":"CommentAction","name":"Comment","target":["https:\/\/www.region-fes-meknes.ma\/fr\/actualites\/cooperation-internationale-la-region-fes-meknes-souvre-a-de-nouvelles-opportunites-avec-la-region-francaise-corse\/#respond"]}]},{"@type":"WebPage","@id":"https:\/\/www.region-fes-meknes.ma\/fr\/actualites\/cooperation-internationale-la-region-fes-meknes-souvre-a-de-nouvelles-opportunites-avec-la-region-francaise-corse\/","url":"https:\/\/www.region-fes-meknes.ma\/fr\/actualites\/cooperation-internationale-la-region-fes-meknes-souvre-a-de-nouvelles-opportunites-avec-la-region-francaise-corse\/","name":"\u00a0Coop\u00e9ration internationale: La R\u00e9gion F\u00e8s Mekn\u00e8s s'ouvre \u00e0 de nouvelles opportunit\u00e9s avec la R\u00e9gion fran\u00e7aise Corse - R\u00e9gion F\u00e8s Mekn\u00e8s","isPartOf":{"@id":"https:\/\/www.region-fes-meknes.ma\/#website"},"datePublished":"2022-09-07T15:20:17+00:00","dateModified":"2022-09-09T13:54:06+00:00","breadcrumb":{"@id":"https:\/\/www.region-fes-meknes.ma\/fr\/actualites\/cooperation-internationale-la-region-fes-meknes-souvre-a-de-nouvelles-opportunites-avec-la-region-francaise-corse\/#breadcrumb"},"inLanguage":"fr-FR","potentialAction":[{"@type":"ReadAction","target":["https:\/\/www.region-fes-meknes.ma\/fr\/actualites\/cooperation-internationale-la-region-fes-meknes-souvre-a-de-nouvelles-opportunites-avec-la-region-francaise-corse\/"]}]},{"@type":"BreadcrumbList","@id":"https:\/\/www.region-fes-meknes.ma\/fr\/actualites\/cooperation-internationale-la-region-fes-meknes-souvre-a-de-nouvelles-opportunites-avec-la-region-francaise-corse\/#breadcrumb","itemListElement":[{"@type":"ListItem","position":1,"name":"Accueil","item":"https:\/\/www.region-fes-meknes.ma\/fr\/"},{"@type":"ListItem","position":2,"name":"\u00a0Coop\u00e9ration internationale: La R\u00e9gion F\u00e8s Mekn\u00e8s s&rsquo;ouvre \u00e0 de nouvelles opportunit\u00e9s avec la R\u00e9gion fran\u00e7aise Corse"}]},{"@type":"WebSite","@id":"https:\/\/www.region-fes-meknes.ma\/#website","url":"https:\/\/www.region-fes-meknes.ma\/","name":"Portail de la R\u00e9gion F\u00e8s-Mekn\u00e8s","description":"Site officiel de la r\u00e9gion F\u00e8s-Mekn\u00e8s.","publisher":{"@id":"https:\/\/www.region-fes-meknes.ma\/#organization"},"potentialAction":[{"@type":"SearchAction","target":{"@type":"EntryPoint","urlTemplate":"https:\/\/www.region-fes-meknes.ma\/?s={search_term_string}"},"query-input":"required name=search_term_string"}],"inLanguage":"fr-FR"},{"@type":"Organization","@id":"https:\/\/www.region-fes-meknes.ma\/#organization","name":"R\u00e9gion F\u00e8s M\u00e8kn\u00e8s","url":"https:\/\/www.region-fes-meknes.ma\/","sameAs":["https:\/\/www.facebook.com\/R\u00e9gion-F\u00e8s-Mekn\u00e8s-1130195096990872"],"logo":{"@type":"ImageObject","inLanguage":"fr-FR","@id":"https:\/\/www.region-fes-meknes.ma\/#\/schema\/logo\/image\/","url":"http:\/\/www.region-fes-meknes.ma\/wp-content\/uploads\/2017\/10\/logo-rfm4.png","contentUrl":"http:\/\/www.region-fes-meknes.ma\/wp-content\/uploads\/2017\/10\/logo-rfm4.png","width":304,"height":291,"caption":"R\u00e9gion F\u00e8s M\u00e8kn\u00e8s"},"image":{"@id":"https:\/\/www.region-fes-meknes.ma\/#\/schema\/logo\/image\/"}},{"@type":"Person","@id":"https:\/\/www.region-fes-meknes.ma\/#\/schema\/person\/0f39741727e5e507b0f585d8ea23e359","name":"Zaynab Dhimene","image":{"@type":"ImageObject","inLanguage":"fr-FR","@id":"https:\/\/www.region-fes-meknes.ma\/#\/schema\/person\/image\/","url":"https:\/\/secure.gravatar.com\/avatar\/c668cebb47e2644c6dfb9d8f5a83fb03?s=96&d=mm&r=g","contentUrl":"https:\/\/secure.gravatar.com\/avatar\/c668cebb47e2644c6dfb9d8f5a83fb03?s=96&d=mm&r=g","caption":"Zaynab Dhimene"}}]}},"_links":{"self":[{"href":"https:\/\/www.region-fes-meknes.ma\/fr\/wp-json\/wp\/v2\/posts\/24897"}],"collection":[{"href":"https:\/\/www.region-fes-meknes.ma\/fr\/wp-json\/wp\/v2\/posts"}],"about":[{"href":"https:\/\/www.region-fes-meknes.ma\/fr\/wp-json\/wp\/v2\/types\/post"}],"author":[{"embeddable":true,"href":"https:\/\/www.region-fes-meknes.ma\/fr\/wp-json\/wp\/v2\/users\/76"}],"replies":[{"embeddable":true,"href":"https:\/\/www.region-fes-meknes.ma\/fr\/wp-json\/wp\/v2\/comments?post=24897"}],"version-history":[{"count":1,"href":"https:\/\/www.region-fes-meknes.ma\/fr\/wp-json\/wp\/v2\/posts\/24897\/revisions"}],"predecessor-version":[{"id":24898,"href":"https:\/\/www.region-fes-meknes.ma\/fr\/wp-json\/wp\/v2\/posts\/24897\/revisions\/24898"}],"wp:featuredmedia":[{"embeddable":true,"href":"https:\/\/www.region-fes-meknes.ma\/fr\/wp-json\/wp\/v2\/media\/24871"}],"wp:attachment":[{"href":"https:\/\/www.region-fes-meknes.ma\/fr\/wp-json\/wp\/v2\/media?parent=24897"}],"wp:term":[{"taxonomy":"category","embeddable":true,"href":"https:\/\/www.region-fes-meknes.ma\/fr\/wp-json\/wp\/v2\/categories?post=24897"},{"taxonomy":"post_tag","embeddable":true,"href":"https:\/\/www.region-fes-meknes.ma\/fr\/wp-json\/wp\/v2\/tags?post=24897"}],"curies":[{"name":"wp","href":"https:\/\/api.w.org\/{rel}","templated":true}]}}