{"id":33274,"date":"2023-11-01T10:07:26","date_gmt":"2023-11-01T09:07:26","guid":{"rendered":"https:\/\/www.region-fes-meknes.ma\/?p=33274"},"modified":"2023-12-08T10:36:08","modified_gmt":"2023-12-08T09:36:08","slug":"province-de-taounate-une-session-de-formation-au-profit-des-membres-des-conseils-des-collectivites-territoriales-de-la-region-de-fes-meknes","status":"publish","type":"post","link":"https:\/\/www.region-fes-meknes.ma\/fr\/actualites\/province-de-taounate-une-session-de-formation-au-profit-des-membres-des-conseils-des-collectivites-territoriales-de-la-region-de-fes-meknes\/","title":{"rendered":"Province de taounate: Une session de formation au profit des membres des conseils des collectivit\u00e9s territoriales de la r\u00e9gion de F\u00e8s-Mekn\u00e8s"},"content":{"rendered":"<p>Dans le cadre de la mise en \u0153uvre du Programme annuel de formation des membres des conseils des collectivit\u00e9s territoriales pour l&rsquo;ann\u00e9e 2023, d\u00e9coulant du <strong>sch\u00e9ma directeur r\u00e9gional de la formation continue au profit des membres des conseils des collectivit\u00e9s territoriales pour la p\u00e9riode 2023-2026<\/strong>, le Conseil de la R\u00e9gion F\u00e8s Mekn\u00e8s a organis\u00e9 en collaboration avec l&rsquo;Universit\u00e9 Euromed et la pr\u00e9fecture de la province de Taounate une formation sur le th\u00e8me de la \u00ab\u00a0Gestion des conflits\u00a0\u00bb les 24 et 25 octobre 2023. Cette session a \u00e9t\u00e9 encadr\u00e9e par Messieurs Sa\u00efd Essassi et Hakim El Khoudri du R\u00e9seau des Formateurs du Minist\u00e8re de l&rsquo;Int\u00e9rieur, et s&rsquo;est d\u00e9roul\u00e9e \u00e0 l&rsquo;Acad\u00e9mie R\u00e9gionale de l&rsquo;\u00c9ducation et de la Formation \u00e0 Taounate.<\/p>\n<p>Les ateliers de cette formation ont connu des \u00e9changes fructueux concernant les probl\u00e9matiques\u00a0li\u00e9es \u00e0 la gestion des dossiers <span class=\"Y2IQFc\" lang=\"fr\">conflictuels<\/span>.<\/p>\n","protected":false},"excerpt":{"rendered":"<p>Dans le cadre de la mise en \u0153uvre du Programme annuel de formation des membres des conseils des collectivit\u00e9s territoriales pour l&rsquo;ann\u00e9e 2023, d\u00e9coulant du sch\u00e9ma directeur r\u00e9gional de la &#8230;<\/p>\n","protected":false},"author":76,"featured_media":32988,"comment_status":"open","ping_status":"closed","sticky":false,"template":"","format":"standard","meta":{"_bbp_topic_count":0,"_bbp_reply_count":0,"_bbp_total_topic_count":0,"_bbp_total_reply_count":0,"_bbp_voice_count":0,"_bbp_anonymous_reply_count":0,"_bbp_topic_count_hidden":0,"_bbp_reply_count_hidden":0,"_bbp_forum_subforum_count":0},"categories":[18],"tags":[],"acf":[],"yoast_head":"<!-- This site is optimized with the Yoast SEO plugin v19.5.1 - https:\/\/yoast.com\/wordpress\/plugins\/seo\/ -->\n<title>Province de taounate: Une session de formation au profit des membres des conseils des collectivit\u00e9s territoriales de la r\u00e9gion de F\u00e8s-Mekn\u00e8s - R\u00e9gion F\u00e8s Mekn\u00e8s<\/title>\n<meta name=\"robots\" content=\"index, follow, max-snippet:-1, max-image-preview:large, max-video-preview:-1\" \/>\n<link rel=\"canonical\" href=\"https:\/\/www.region-fes-meknes.ma\/fr\/actualites\/province-de-taounate-une-session-de-formation-au-profit-des-membres-des-conseils-des-collectivites-territoriales-de-la-region-de-fes-meknes\/\" \/>\n<meta property=\"og:locale\" content=\"fr_FR\" \/>\n<meta property=\"og:type\" content=\"article\" \/>\n<meta property=\"og:title\" content=\"Province de taounate: Une session de formation au profit des membres des conseils des collectivit\u00e9s territoriales de la r\u00e9gion de F\u00e8s-Mekn\u00e8s - R\u00e9gion F\u00e8s Mekn\u00e8s\" \/>\n<meta property=\"og:description\" content=\"Dans le cadre de la mise en \u0153uvre du Programme annuel de formation des membres des conseils des collectivit\u00e9s territoriales pour l&rsquo;ann\u00e9e 2023, d\u00e9coulant du sch\u00e9ma directeur r\u00e9gional de la ...\" \/>\n<meta property=\"og:url\" content=\"https:\/\/www.region-fes-meknes.ma\/fr\/actualites\/province-de-taounate-une-session-de-formation-au-profit-des-membres-des-conseils-des-collectivites-territoriales-de-la-region-de-fes-meknes\/\" \/>\n<meta property=\"og:site_name\" content=\"R\u00e9gion F\u00e8s Mekn\u00e8s\" \/>\n<meta property=\"article:publisher\" content=\"https:\/\/www.facebook.com\/R%c3%a9gion-F%c3%a8s-Mekn%c3%a8s-1130195096990872\" \/>\n<meta property=\"article:published_time\" content=\"2023-11-01T09:07:26+00:00\" \/>\n<meta property=\"article:modified_time\" content=\"2023-12-08T09:36:08+00:00\" \/>\n<meta property=\"og:image\" content=\"https:\/\/www.region-fes-meknes.ma\/wp-content\/uploads\/2023\/11\/WhatsApp-Image-2023-10-26-at-2.59.50-PM.jpeg\" \/>\n\t<meta property=\"og:image:width\" content=\"1600\" \/>\n\t<meta property=\"og:image:height\" content=\"1200\" \/>\n\t<meta property=\"og:image:type\" content=\"image\/jpeg\" \/>\n<meta name=\"author\" content=\"Zaynab Dhimene\" \/>\n<meta name=\"twitter:card\" content=\"summary_large_image\" \/>\n<meta name=\"twitter:label1\" content=\"\u00c9crit par\" \/>\n\t<meta name=\"twitter:data1\" content=\"Zaynab Dhimene\" \/>\n\t<meta name=\"twitter:label2\" content=\"Dur\u00e9e de lecture estim\u00e9e\" \/>\n\t<meta name=\"twitter:data2\" content=\"1 minute\" \/>\n<script type=\"application\/ld+json\" class=\"yoast-schema-graph\">{\"@context\":\"https:\/\/schema.org\",\"@graph\":[{\"@type\":\"Article\",\"@id\":\"https:\/\/www.region-fes-meknes.ma\/fr\/actualites\/province-de-taounate-une-session-de-formation-au-profit-des-membres-des-conseils-des-collectivites-territoriales-de-la-region-de-fes-meknes\/#article\",\"isPartOf\":{\"@id\":\"https:\/\/www.region-fes-meknes.ma\/fr\/actualites\/province-de-taounate-une-session-de-formation-au-profit-des-membres-des-conseils-des-collectivites-territoriales-de-la-region-de-fes-meknes\/\"},\"author\":{\"name\":\"Zaynab Dhimene\",\"@id\":\"https:\/\/www.region-fes-meknes.ma\/#\/schema\/person\/0f39741727e5e507b0f585d8ea23e359\"},\"headline\":\"Province de taounate: Une session de formation au profit des membres des conseils des collectivit\u00e9s territoriales de la r\u00e9gion de F\u00e8s-Mekn\u00e8s\",\"datePublished\":\"2023-11-01T09:07:26+00:00\",\"dateModified\":\"2023-12-08T09:36:08+00:00\",\"mainEntityOfPage\":{\"@id\":\"https:\/\/www.region-fes-meknes.ma\/fr\/actualites\/province-de-taounate-une-session-de-formation-au-profit-des-membres-des-conseils-des-collectivites-territoriales-de-la-region-de-fes-meknes\/\"},\"wordCount\":180,\"commentCount\":0,\"publisher\":{\"@id\":\"https:\/\/www.region-fes-meknes.ma\/#organization\"},\"articleSection\":[\"Actualit\u00e9s\"],\"inLanguage\":\"fr-FR\",\"potentialAction\":[{\"@type\":\"CommentAction\",\"name\":\"Comment\",\"target\":[\"https:\/\/www.region-fes-meknes.ma\/fr\/actualites\/province-de-taounate-une-session-de-formation-au-profit-des-membres-des-conseils-des-collectivites-territoriales-de-la-region-de-fes-meknes\/#respond\"]}]},{\"@type\":\"WebPage\",\"@id\":\"https:\/\/www.region-fes-meknes.ma\/fr\/actualites\/province-de-taounate-une-session-de-formation-au-profit-des-membres-des-conseils-des-collectivites-territoriales-de-la-region-de-fes-meknes\/\",\"url\":\"https:\/\/www.region-fes-meknes.ma\/fr\/actualites\/province-de-taounate-une-session-de-formation-au-profit-des-membres-des-conseils-des-collectivites-territoriales-de-la-region-de-fes-meknes\/\",\"name\":\"Province de taounate: Une session de formation au profit des membres des conseils des collectivit\u00e9s territoriales de la r\u00e9gion de F\u00e8s-Mekn\u00e8s - R\u00e9gion F\u00e8s Mekn\u00e8s\",\"isPartOf\":{\"@id\":\"https:\/\/www.region-fes-meknes.ma\/#website\"},\"datePublished\":\"2023-11-01T09:07:26+00:00\",\"dateModified\":\"2023-12-08T09:36:08+00:00\",\"breadcrumb\":{\"@id\":\"https:\/\/www.region-fes-meknes.ma\/fr\/actualites\/province-de-taounate-une-session-de-formation-au-profit-des-membres-des-conseils-des-collectivites-territoriales-de-la-region-de-fes-meknes\/#breadcrumb\"},\"inLanguage\":\"fr-FR\",\"potentialAction\":[{\"@type\":\"ReadAction\",\"target\":[\"https:\/\/www.region-fes-meknes.ma\/fr\/actualites\/province-de-taounate-une-session-de-formation-au-profit-des-membres-des-conseils-des-collectivites-territoriales-de-la-region-de-fes-meknes\/\"]}]},{\"@type\":\"BreadcrumbList\",\"@id\":\"https:\/\/www.region-fes-meknes.ma\/fr\/actualites\/province-de-taounate-une-session-de-formation-au-profit-des-membres-des-conseils-des-collectivites-territoriales-de-la-region-de-fes-meknes\/#breadcrumb\",\"itemListElement\":[{\"@type\":\"ListItem\",\"position\":1,\"name\":\"Accueil\",\"item\":\"https:\/\/www.region-fes-meknes.ma\/fr\/\"},{\"@type\":\"ListItem\",\"position\":2,\"name\":\"Province de taounate: Une session de formation au profit des membres des conseils des collectivit\u00e9s territoriales de la r\u00e9gion de F\u00e8s-Mekn\u00e8s\"}]},{\"@type\":\"WebSite\",\"@id\":\"https:\/\/www.region-fes-meknes.ma\/#website\",\"url\":\"https:\/\/www.region-fes-meknes.ma\/\",\"name\":\"Portail de la R\u00e9gion F\u00e8s-Mekn\u00e8s\",\"description\":\"Site officiel de la r\u00e9gion F\u00e8s-Mekn\u00e8s.\",\"publisher\":{\"@id\":\"https:\/\/www.region-fes-meknes.ma\/#organization\"},\"potentialAction\":[{\"@type\":\"SearchAction\",\"target\":{\"@type\":\"EntryPoint\",\"urlTemplate\":\"https:\/\/www.region-fes-meknes.ma\/?s={search_term_string}\"},\"query-input\":\"required name=search_term_string\"}],\"inLanguage\":\"fr-FR\"},{\"@type\":\"Organization\",\"@id\":\"https:\/\/www.region-fes-meknes.ma\/#organization\",\"name\":\"R\u00e9gion F\u00e8s M\u00e8kn\u00e8s\",\"url\":\"https:\/\/www.region-fes-meknes.ma\/\",\"sameAs\":[\"https:\/\/www.facebook.com\/R\u00e9gion-F\u00e8s-Mekn\u00e8s-1130195096990872\"],\"logo\":{\"@type\":\"ImageObject\",\"inLanguage\":\"fr-FR\",\"@id\":\"https:\/\/www.region-fes-meknes.ma\/#\/schema\/logo\/image\/\",\"url\":\"http:\/\/www.region-fes-meknes.ma\/wp-content\/uploads\/2017\/10\/logo-rfm4.png\",\"contentUrl\":\"http:\/\/www.region-fes-meknes.ma\/wp-content\/uploads\/2017\/10\/logo-rfm4.png\",\"width\":304,\"height\":291,\"caption\":\"R\u00e9gion F\u00e8s M\u00e8kn\u00e8s\"},\"image\":{\"@id\":\"https:\/\/www.region-fes-meknes.ma\/#\/schema\/logo\/image\/\"}},{\"@type\":\"Person\",\"@id\":\"https:\/\/www.region-fes-meknes.ma\/#\/schema\/person\/0f39741727e5e507b0f585d8ea23e359\",\"name\":\"Zaynab Dhimene\",\"image\":{\"@type\":\"ImageObject\",\"inLanguage\":\"fr-FR\",\"@id\":\"https:\/\/www.region-fes-meknes.ma\/#\/schema\/person\/image\/\",\"url\":\"https:\/\/secure.gravatar.com\/avatar\/c668cebb47e2644c6dfb9d8f5a83fb03?s=96&d=mm&r=g\",\"contentUrl\":\"https:\/\/secure.gravatar.com\/avatar\/c668cebb47e2644c6dfb9d8f5a83fb03?s=96&d=mm&r=g\",\"caption\":\"Zaynab Dhimene\"}}]}<\/script>\n<!-- \/ Yoast SEO plugin. -->","yoast_head_json":{"title":"Province de taounate: Une session de formation au profit des membres des conseils des collectivit\u00e9s territoriales de la r\u00e9gion de F\u00e8s-Mekn\u00e8s - R\u00e9gion F\u00e8s Mekn\u00e8s","robots":{"index":"index","follow":"follow","max-snippet":"max-snippet:-1","max-image-preview":"max-image-preview:large","max-video-preview":"max-video-preview:-1"},"canonical":"https:\/\/www.region-fes-meknes.ma\/fr\/actualites\/province-de-taounate-une-session-de-formation-au-profit-des-membres-des-conseils-des-collectivites-territoriales-de-la-region-de-fes-meknes\/","og_locale":"fr_FR","og_type":"article","og_title":"Province de taounate: Une session de formation au profit des membres des conseils des collectivit\u00e9s territoriales de la r\u00e9gion de F\u00e8s-Mekn\u00e8s - R\u00e9gion F\u00e8s Mekn\u00e8s","og_description":"Dans le cadre de la mise en \u0153uvre du Programme annuel de formation des membres des conseils des collectivit\u00e9s territoriales pour l&rsquo;ann\u00e9e 2023, d\u00e9coulant du sch\u00e9ma directeur r\u00e9gional de la ...","og_url":"https:\/\/www.region-fes-meknes.ma\/fr\/actualites\/province-de-taounate-une-session-de-formation-au-profit-des-membres-des-conseils-des-collectivites-territoriales-de-la-region-de-fes-meknes\/","og_site_name":"R\u00e9gion F\u00e8s Mekn\u00e8s","article_publisher":"https:\/\/www.facebook.com\/R%c3%a9gion-F%c3%a8s-Mekn%c3%a8s-1130195096990872","article_published_time":"2023-11-01T09:07:26+00:00","article_modified_time":"2023-12-08T09:36:08+00:00","og_image":[{"width":1600,"height":1200,"url":"https:\/\/www.region-fes-meknes.ma\/wp-content\/uploads\/2023\/11\/WhatsApp-Image-2023-10-26-at-2.59.50-PM.jpeg","type":"image\/jpeg"}],"author":"Zaynab Dhimene","twitter_card":"summary_large_image","twitter_misc":{"\u00c9crit par":"Zaynab Dhimene","Dur\u00e9e de lecture estim\u00e9e":"1 minute"},"schema":{"@context":"https:\/\/schema.org","@graph":[{"@type":"Article","@id":"https:\/\/www.region-fes-meknes.ma\/fr\/actualites\/province-de-taounate-une-session-de-formation-au-profit-des-membres-des-conseils-des-collectivites-territoriales-de-la-region-de-fes-meknes\/#article","isPartOf":{"@id":"https:\/\/www.region-fes-meknes.ma\/fr\/actualites\/province-de-taounate-une-session-de-formation-au-profit-des-membres-des-conseils-des-collectivites-territoriales-de-la-region-de-fes-meknes\/"},"author":{"name":"Zaynab Dhimene","@id":"https:\/\/www.region-fes-meknes.ma\/#\/schema\/person\/0f39741727e5e507b0f585d8ea23e359"},"headline":"Province de taounate: Une session de formation au profit des membres des conseils des collectivit\u00e9s territoriales de la r\u00e9gion de F\u00e8s-Mekn\u00e8s","datePublished":"2023-11-01T09:07:26+00:00","dateModified":"2023-12-08T09:36:08+00:00","mainEntityOfPage":{"@id":"https:\/\/www.region-fes-meknes.ma\/fr\/actualites\/province-de-taounate-une-session-de-formation-au-profit-des-membres-des-conseils-des-collectivites-territoriales-de-la-region-de-fes-meknes\/"},"wordCount":180,"commentCount":0,"publisher":{"@id":"https:\/\/www.region-fes-meknes.ma\/#organization"},"articleSection":["Actualit\u00e9s"],"inLanguage":"fr-FR","potentialAction":[{"@type":"CommentAction","name":"Comment","target":["https:\/\/www.region-fes-meknes.ma\/fr\/actualites\/province-de-taounate-une-session-de-formation-au-profit-des-membres-des-conseils-des-collectivites-territoriales-de-la-region-de-fes-meknes\/#respond"]}]},{"@type":"WebPage","@id":"https:\/\/www.region-fes-meknes.ma\/fr\/actualites\/province-de-taounate-une-session-de-formation-au-profit-des-membres-des-conseils-des-collectivites-territoriales-de-la-region-de-fes-meknes\/","url":"https:\/\/www.region-fes-meknes.ma\/fr\/actualites\/province-de-taounate-une-session-de-formation-au-profit-des-membres-des-conseils-des-collectivites-territoriales-de-la-region-de-fes-meknes\/","name":"Province de taounate: Une session de formation au profit des membres des conseils des collectivit\u00e9s territoriales de la r\u00e9gion de F\u00e8s-Mekn\u00e8s - R\u00e9gion F\u00e8s Mekn\u00e8s","isPartOf":{"@id":"https:\/\/www.region-fes-meknes.ma\/#website"},"datePublished":"2023-11-01T09:07:26+00:00","dateModified":"2023-12-08T09:36:08+00:00","breadcrumb":{"@id":"https:\/\/www.region-fes-meknes.ma\/fr\/actualites\/province-de-taounate-une-session-de-formation-au-profit-des-membres-des-conseils-des-collectivites-territoriales-de-la-region-de-fes-meknes\/#breadcrumb"},"inLanguage":"fr-FR","potentialAction":[{"@type":"ReadAction","target":["https:\/\/www.region-fes-meknes.ma\/fr\/actualites\/province-de-taounate-une-session-de-formation-au-profit-des-membres-des-conseils-des-collectivites-territoriales-de-la-region-de-fes-meknes\/"]}]},{"@type":"BreadcrumbList","@id":"https:\/\/www.region-fes-meknes.ma\/fr\/actualites\/province-de-taounate-une-session-de-formation-au-profit-des-membres-des-conseils-des-collectivites-territoriales-de-la-region-de-fes-meknes\/#breadcrumb","itemListElement":[{"@type":"ListItem","position":1,"name":"Accueil","item":"https:\/\/www.region-fes-meknes.ma\/fr\/"},{"@type":"ListItem","position":2,"name":"Province de taounate: Une session de formation au profit des membres des conseils des collectivit\u00e9s territoriales de la r\u00e9gion de F\u00e8s-Mekn\u00e8s"}]},{"@type":"WebSite","@id":"https:\/\/www.region-fes-meknes.ma\/#website","url":"https:\/\/www.region-fes-meknes.ma\/","name":"Portail de la R\u00e9gion F\u00e8s-Mekn\u00e8s","description":"Site officiel de la r\u00e9gion F\u00e8s-Mekn\u00e8s.","publisher":{"@id":"https:\/\/www.region-fes-meknes.ma\/#organization"},"potentialAction":[{"@type":"SearchAction","target":{"@type":"EntryPoint","urlTemplate":"https:\/\/www.region-fes-meknes.ma\/?s={search_term_string}"},"query-input":"required name=search_term_string"}],"inLanguage":"fr-FR"},{"@type":"Organization","@id":"https:\/\/www.region-fes-meknes.ma\/#organization","name":"R\u00e9gion F\u00e8s M\u00e8kn\u00e8s","url":"https:\/\/www.region-fes-meknes.ma\/","sameAs":["https:\/\/www.facebook.com\/R\u00e9gion-F\u00e8s-Mekn\u00e8s-1130195096990872"],"logo":{"@type":"ImageObject","inLanguage":"fr-FR","@id":"https:\/\/www.region-fes-meknes.ma\/#\/schema\/logo\/image\/","url":"http:\/\/www.region-fes-meknes.ma\/wp-content\/uploads\/2017\/10\/logo-rfm4.png","contentUrl":"http:\/\/www.region-fes-meknes.ma\/wp-content\/uploads\/2017\/10\/logo-rfm4.png","width":304,"height":291,"caption":"R\u00e9gion F\u00e8s M\u00e8kn\u00e8s"},"image":{"@id":"https:\/\/www.region-fes-meknes.ma\/#\/schema\/logo\/image\/"}},{"@type":"Person","@id":"https:\/\/www.region-fes-meknes.ma\/#\/schema\/person\/0f39741727e5e507b0f585d8ea23e359","name":"Zaynab Dhimene","image":{"@type":"ImageObject","inLanguage":"fr-FR","@id":"https:\/\/www.region-fes-meknes.ma\/#\/schema\/person\/image\/","url":"https:\/\/secure.gravatar.com\/avatar\/c668cebb47e2644c6dfb9d8f5a83fb03?s=96&d=mm&r=g","contentUrl":"https:\/\/secure.gravatar.com\/avatar\/c668cebb47e2644c6dfb9d8f5a83fb03?s=96&d=mm&r=g","caption":"Zaynab Dhimene"}}]}},"_links":{"self":[{"href":"https:\/\/www.region-fes-meknes.ma\/fr\/wp-json\/wp\/v2\/posts\/33274"}],"collection":[{"href":"https:\/\/www.region-fes-meknes.ma\/fr\/wp-json\/wp\/v2\/posts"}],"about":[{"href":"https:\/\/www.region-fes-meknes.ma\/fr\/wp-json\/wp\/v2\/types\/post"}],"author":[{"embeddable":true,"href":"https:\/\/www.region-fes-meknes.ma\/fr\/wp-json\/wp\/v2\/users\/76"}],"replies":[{"embeddable":true,"href":"https:\/\/www.region-fes-meknes.ma\/fr\/wp-json\/wp\/v2\/comments?post=33274"}],"version-history":[{"count":1,"href":"https:\/\/www.region-fes-meknes.ma\/fr\/wp-json\/wp\/v2\/posts\/33274\/revisions"}],"predecessor-version":[{"id":33275,"href":"https:\/\/www.region-fes-meknes.ma\/fr\/wp-json\/wp\/v2\/posts\/33274\/revisions\/33275"}],"wp:featuredmedia":[{"embeddable":true,"href":"https:\/\/www.region-fes-meknes.ma\/fr\/wp-json\/wp\/v2\/media\/32988"}],"wp:attachment":[{"href":"https:\/\/www.region-fes-meknes.ma\/fr\/wp-json\/wp\/v2\/media?parent=33274"}],"wp:term":[{"taxonomy":"category","embeddable":true,"href":"https:\/\/www.region-fes-meknes.ma\/fr\/wp-json\/wp\/v2\/categories?post=33274"},{"taxonomy":"post_tag","embeddable":true,"href":"https:\/\/www.region-fes-meknes.ma\/fr\/wp-json\/wp\/v2\/tags?post=33274"}],"curies":[{"name":"wp","href":"https:\/\/api.w.org\/{rel}","templated":true}]}}