{"id":34552,"date":"2023-01-02T10:00:49","date_gmt":"2023-01-02T09:00:49","guid":{"rendered":"https:\/\/www.region-fes-meknes.ma\/?p=34552"},"modified":"2024-03-27T12:53:20","modified_gmt":"2024-03-27T12:53:20","slug":"reunion-de-linstance-regionale-de-la-jeunesse","status":"publish","type":"post","link":"https:\/\/www.region-fes-meknes.ma\/fr\/actualites\/reunion-de-linstance-regionale-de-la-jeunesse\/","title":{"rendered":"R\u00e9union de l\u2019Instance R\u00e9gionale de la jeunesse"},"content":{"rendered":"<p>Dans le cadre de l&rsquo;activation des m\u00e9canismes participatifs de dialogue et de concertation, le vendredi 30 d\u00e9cembre 2022, \u00e0 neuf heures trente du matin, une r\u00e9union de l&rsquo;Instance R\u00e9gionale de la Jeunesse s&rsquo;est tenue au si\u00e8ge de la r\u00e9gion. Les travaux de cette r\u00e9union ont \u00e9t\u00e9 pr\u00e9sid\u00e9e par Mme Fatima Zahraa Slassi, huiti\u00e8me vice-pr\u00e9sidente de la r\u00e9gion, en pr\u00e9sence des cadres de la r\u00e9gion, o\u00f9 la s\u00e9ance s&rsquo;est ouverte par un discours de bienvenue et s&rsquo;est poursuivie.<\/p>\n<p>Conform\u00e9ment aux exigences de l&rsquo;article 116 de la loi organique n\u00b0 111.14 relative aux r\u00e9gions, et dans le cadre de la pr\u00e9paration du programme de d\u00e9veloppement r\u00e9gional 2022-2027, le Bureau des Etudes charg\u00e9 de l&rsquo;\u00e9laborer a fait une pr\u00e9sentation d\u00e9taill\u00e9e du diagnostic territorial. phase, apr\u00e8s quoi la discussion a \u00e9t\u00e9 ouverte devant les membres de l\u2019Instance consultative, qui a abouti \u00e0 un groupe d&rsquo;observations, de suggestions et de recommandations qui permettraient d&rsquo;accro\u00eetre le d\u00e9veloppement dans les domaines d&rsquo;int\u00e9r\u00eat pour les jeunes, qui seront pris en compte dans le programme de d\u00e9veloppement r\u00e9gional.<\/p>\n<p>Imm\u00e9diatement apr\u00e8s, le projet de r\u00e8glement int\u00e9rieur de l\u2019Instance a \u00e9t\u00e9 \u00e9tudi\u00e9 et deux points ont \u00e9t\u00e9 propos\u00e9s \u00e0 l\u2019unanimit\u00e9 pour y \u00eatre ajout\u00e9s :<\/p>\n<p>* Ajout d&rsquo;un troisi\u00e8me vice-pr\u00e9sident ;<\/p>\n<p>* Ajout d&rsquo;un groupe de travail sous le nom : Le groupe de travail en charge des questions de culture, de communication et de sport.<\/p>\n<p>Ainsi, le r\u00e8glement int\u00e9rieur de l\u2019Instance a \u00e9t\u00e9 approuv\u00e9.<\/p>\n","protected":false},"excerpt":{"rendered":"<p>Dans le cadre de l&rsquo;activation des m\u00e9canismes participatifs de dialogue et de concertation, le vendredi 30 d\u00e9cembre 2022, \u00e0 neuf heures trente du matin, une r\u00e9union de l&rsquo;Instance R\u00e9gionale de &#8230;<\/p>\n","protected":false},"author":76,"featured_media":28092,"comment_status":"open","ping_status":"closed","sticky":false,"template":"","format":"standard","meta":{"_bbp_topic_count":0,"_bbp_reply_count":0,"_bbp_total_topic_count":0,"_bbp_total_reply_count":0,"_bbp_voice_count":0,"_bbp_anonymous_reply_count":0,"_bbp_topic_count_hidden":0,"_bbp_reply_count_hidden":0,"_bbp_forum_subforum_count":0},"categories":[18],"tags":[],"acf":[],"yoast_head":"<!-- This site is optimized with the Yoast SEO plugin v19.5.1 - https:\/\/yoast.com\/wordpress\/plugins\/seo\/ -->\n<title>R\u00e9union de l\u2019Instance R\u00e9gionale de la jeunesse - R\u00e9gion F\u00e8s Mekn\u00e8s<\/title>\n<meta name=\"robots\" content=\"index, follow, max-snippet:-1, max-image-preview:large, max-video-preview:-1\" \/>\n<link rel=\"canonical\" href=\"https:\/\/www.region-fes-meknes.ma\/fr\/actualites\/reunion-de-linstance-regionale-de-la-jeunesse\/\" \/>\n<meta property=\"og:locale\" content=\"fr_FR\" \/>\n<meta property=\"og:type\" content=\"article\" \/>\n<meta property=\"og:title\" content=\"R\u00e9union de l\u2019Instance R\u00e9gionale de la jeunesse - R\u00e9gion F\u00e8s Mekn\u00e8s\" \/>\n<meta property=\"og:description\" content=\"Dans le cadre de l&rsquo;activation des m\u00e9canismes participatifs de dialogue et de concertation, le vendredi 30 d\u00e9cembre 2022, \u00e0 neuf heures trente du matin, une r\u00e9union de l&rsquo;Instance R\u00e9gionale de ...\" \/>\n<meta property=\"og:url\" content=\"https:\/\/www.region-fes-meknes.ma\/fr\/actualites\/reunion-de-linstance-regionale-de-la-jeunesse\/\" \/>\n<meta property=\"og:site_name\" content=\"R\u00e9gion F\u00e8s Mekn\u00e8s\" \/>\n<meta property=\"article:publisher\" content=\"https:\/\/www.facebook.com\/R%c3%a9gion-F%c3%a8s-Mekn%c3%a8s-1130195096990872\" \/>\n<meta property=\"article:published_time\" content=\"2023-01-02T09:00:49+00:00\" \/>\n<meta property=\"article:modified_time\" content=\"2024-03-27T12:53:20+00:00\" \/>\n<meta property=\"og:image\" content=\"https:\/\/www.region-fes-meknes.ma\/wp-content\/uploads\/2023\/01\/WhatsApp-Image-2022-12-31-at-13.31.20.jpeg\" \/>\n\t<meta property=\"og:image:width\" content=\"1280\" \/>\n\t<meta property=\"og:image:height\" content=\"854\" \/>\n\t<meta property=\"og:image:type\" content=\"image\/jpeg\" \/>\n<meta name=\"author\" content=\"Zaynab Dhimene\" \/>\n<meta name=\"twitter:card\" content=\"summary_large_image\" \/>\n<meta name=\"twitter:label1\" content=\"\u00c9crit par\" \/>\n\t<meta name=\"twitter:data1\" content=\"Zaynab Dhimene\" \/>\n\t<meta name=\"twitter:label2\" content=\"Dur\u00e9e de lecture estim\u00e9e\" \/>\n\t<meta name=\"twitter:data2\" content=\"2 minutes\" \/>\n<script type=\"application\/ld+json\" class=\"yoast-schema-graph\">{\"@context\":\"https:\/\/schema.org\",\"@graph\":[{\"@type\":\"Article\",\"@id\":\"https:\/\/www.region-fes-meknes.ma\/fr\/actualites\/reunion-de-linstance-regionale-de-la-jeunesse\/#article\",\"isPartOf\":{\"@id\":\"https:\/\/www.region-fes-meknes.ma\/fr\/actualites\/reunion-de-linstance-regionale-de-la-jeunesse\/\"},\"author\":{\"name\":\"Zaynab Dhimene\",\"@id\":\"https:\/\/www.region-fes-meknes.ma\/#\/schema\/person\/0f39741727e5e507b0f585d8ea23e359\"},\"headline\":\"R\u00e9union de l\u2019Instance R\u00e9gionale de la jeunesse\",\"datePublished\":\"2023-01-02T09:00:49+00:00\",\"dateModified\":\"2024-03-27T12:53:20+00:00\",\"mainEntityOfPage\":{\"@id\":\"https:\/\/www.region-fes-meknes.ma\/fr\/actualites\/reunion-de-linstance-regionale-de-la-jeunesse\/\"},\"wordCount\":277,\"commentCount\":0,\"publisher\":{\"@id\":\"https:\/\/www.region-fes-meknes.ma\/#organization\"},\"articleSection\":[\"Actualit\u00e9s\"],\"inLanguage\":\"fr-FR\",\"potentialAction\":[{\"@type\":\"CommentAction\",\"name\":\"Comment\",\"target\":[\"https:\/\/www.region-fes-meknes.ma\/fr\/actualites\/reunion-de-linstance-regionale-de-la-jeunesse\/#respond\"]}]},{\"@type\":\"WebPage\",\"@id\":\"https:\/\/www.region-fes-meknes.ma\/fr\/actualites\/reunion-de-linstance-regionale-de-la-jeunesse\/\",\"url\":\"https:\/\/www.region-fes-meknes.ma\/fr\/actualites\/reunion-de-linstance-regionale-de-la-jeunesse\/\",\"name\":\"R\u00e9union de l\u2019Instance R\u00e9gionale de la jeunesse - R\u00e9gion F\u00e8s Mekn\u00e8s\",\"isPartOf\":{\"@id\":\"https:\/\/www.region-fes-meknes.ma\/#website\"},\"datePublished\":\"2023-01-02T09:00:49+00:00\",\"dateModified\":\"2024-03-27T12:53:20+00:00\",\"breadcrumb\":{\"@id\":\"https:\/\/www.region-fes-meknes.ma\/fr\/actualites\/reunion-de-linstance-regionale-de-la-jeunesse\/#breadcrumb\"},\"inLanguage\":\"fr-FR\",\"potentialAction\":[{\"@type\":\"ReadAction\",\"target\":[\"https:\/\/www.region-fes-meknes.ma\/fr\/actualites\/reunion-de-linstance-regionale-de-la-jeunesse\/\"]}]},{\"@type\":\"BreadcrumbList\",\"@id\":\"https:\/\/www.region-fes-meknes.ma\/fr\/actualites\/reunion-de-linstance-regionale-de-la-jeunesse\/#breadcrumb\",\"itemListElement\":[{\"@type\":\"ListItem\",\"position\":1,\"name\":\"Accueil\",\"item\":\"https:\/\/www.region-fes-meknes.ma\/fr\/\"},{\"@type\":\"ListItem\",\"position\":2,\"name\":\"R\u00e9union de l\u2019Instance R\u00e9gionale de la jeunesse\"}]},{\"@type\":\"WebSite\",\"@id\":\"https:\/\/www.region-fes-meknes.ma\/#website\",\"url\":\"https:\/\/www.region-fes-meknes.ma\/\",\"name\":\"Portail de la R\u00e9gion F\u00e8s-Mekn\u00e8s\",\"description\":\"Site officiel de la r\u00e9gion F\u00e8s-Mekn\u00e8s.\",\"publisher\":{\"@id\":\"https:\/\/www.region-fes-meknes.ma\/#organization\"},\"potentialAction\":[{\"@type\":\"SearchAction\",\"target\":{\"@type\":\"EntryPoint\",\"urlTemplate\":\"https:\/\/www.region-fes-meknes.ma\/?s={search_term_string}\"},\"query-input\":\"required name=search_term_string\"}],\"inLanguage\":\"fr-FR\"},{\"@type\":\"Organization\",\"@id\":\"https:\/\/www.region-fes-meknes.ma\/#organization\",\"name\":\"R\u00e9gion F\u00e8s M\u00e8kn\u00e8s\",\"url\":\"https:\/\/www.region-fes-meknes.ma\/\",\"sameAs\":[\"https:\/\/www.facebook.com\/R\u00e9gion-F\u00e8s-Mekn\u00e8s-1130195096990872\"],\"logo\":{\"@type\":\"ImageObject\",\"inLanguage\":\"fr-FR\",\"@id\":\"https:\/\/www.region-fes-meknes.ma\/#\/schema\/logo\/image\/\",\"url\":\"http:\/\/www.region-fes-meknes.ma\/wp-content\/uploads\/2017\/10\/logo-rfm4.png\",\"contentUrl\":\"http:\/\/www.region-fes-meknes.ma\/wp-content\/uploads\/2017\/10\/logo-rfm4.png\",\"width\":304,\"height\":291,\"caption\":\"R\u00e9gion F\u00e8s M\u00e8kn\u00e8s\"},\"image\":{\"@id\":\"https:\/\/www.region-fes-meknes.ma\/#\/schema\/logo\/image\/\"}},{\"@type\":\"Person\",\"@id\":\"https:\/\/www.region-fes-meknes.ma\/#\/schema\/person\/0f39741727e5e507b0f585d8ea23e359\",\"name\":\"Zaynab Dhimene\",\"image\":{\"@type\":\"ImageObject\",\"inLanguage\":\"fr-FR\",\"@id\":\"https:\/\/www.region-fes-meknes.ma\/#\/schema\/person\/image\/\",\"url\":\"https:\/\/secure.gravatar.com\/avatar\/c668cebb47e2644c6dfb9d8f5a83fb03?s=96&d=mm&r=g\",\"contentUrl\":\"https:\/\/secure.gravatar.com\/avatar\/c668cebb47e2644c6dfb9d8f5a83fb03?s=96&d=mm&r=g\",\"caption\":\"Zaynab Dhimene\"}}]}<\/script>\n<!-- \/ Yoast SEO plugin. -->","yoast_head_json":{"title":"R\u00e9union de l\u2019Instance R\u00e9gionale de la jeunesse - R\u00e9gion F\u00e8s Mekn\u00e8s","robots":{"index":"index","follow":"follow","max-snippet":"max-snippet:-1","max-image-preview":"max-image-preview:large","max-video-preview":"max-video-preview:-1"},"canonical":"https:\/\/www.region-fes-meknes.ma\/fr\/actualites\/reunion-de-linstance-regionale-de-la-jeunesse\/","og_locale":"fr_FR","og_type":"article","og_title":"R\u00e9union de l\u2019Instance R\u00e9gionale de la jeunesse - R\u00e9gion F\u00e8s Mekn\u00e8s","og_description":"Dans le cadre de l&rsquo;activation des m\u00e9canismes participatifs de dialogue et de concertation, le vendredi 30 d\u00e9cembre 2022, \u00e0 neuf heures trente du matin, une r\u00e9union de l&rsquo;Instance R\u00e9gionale de ...","og_url":"https:\/\/www.region-fes-meknes.ma\/fr\/actualites\/reunion-de-linstance-regionale-de-la-jeunesse\/","og_site_name":"R\u00e9gion F\u00e8s Mekn\u00e8s","article_publisher":"https:\/\/www.facebook.com\/R%c3%a9gion-F%c3%a8s-Mekn%c3%a8s-1130195096990872","article_published_time":"2023-01-02T09:00:49+00:00","article_modified_time":"2024-03-27T12:53:20+00:00","og_image":[{"width":1280,"height":854,"url":"https:\/\/www.region-fes-meknes.ma\/wp-content\/uploads\/2023\/01\/WhatsApp-Image-2022-12-31-at-13.31.20.jpeg","type":"image\/jpeg"}],"author":"Zaynab Dhimene","twitter_card":"summary_large_image","twitter_misc":{"\u00c9crit par":"Zaynab Dhimene","Dur\u00e9e de lecture estim\u00e9e":"2 minutes"},"schema":{"@context":"https:\/\/schema.org","@graph":[{"@type":"Article","@id":"https:\/\/www.region-fes-meknes.ma\/fr\/actualites\/reunion-de-linstance-regionale-de-la-jeunesse\/#article","isPartOf":{"@id":"https:\/\/www.region-fes-meknes.ma\/fr\/actualites\/reunion-de-linstance-regionale-de-la-jeunesse\/"},"author":{"name":"Zaynab Dhimene","@id":"https:\/\/www.region-fes-meknes.ma\/#\/schema\/person\/0f39741727e5e507b0f585d8ea23e359"},"headline":"R\u00e9union de l\u2019Instance R\u00e9gionale de la jeunesse","datePublished":"2023-01-02T09:00:49+00:00","dateModified":"2024-03-27T12:53:20+00:00","mainEntityOfPage":{"@id":"https:\/\/www.region-fes-meknes.ma\/fr\/actualites\/reunion-de-linstance-regionale-de-la-jeunesse\/"},"wordCount":277,"commentCount":0,"publisher":{"@id":"https:\/\/www.region-fes-meknes.ma\/#organization"},"articleSection":["Actualit\u00e9s"],"inLanguage":"fr-FR","potentialAction":[{"@type":"CommentAction","name":"Comment","target":["https:\/\/www.region-fes-meknes.ma\/fr\/actualites\/reunion-de-linstance-regionale-de-la-jeunesse\/#respond"]}]},{"@type":"WebPage","@id":"https:\/\/www.region-fes-meknes.ma\/fr\/actualites\/reunion-de-linstance-regionale-de-la-jeunesse\/","url":"https:\/\/www.region-fes-meknes.ma\/fr\/actualites\/reunion-de-linstance-regionale-de-la-jeunesse\/","name":"R\u00e9union de l\u2019Instance R\u00e9gionale de la jeunesse - R\u00e9gion F\u00e8s Mekn\u00e8s","isPartOf":{"@id":"https:\/\/www.region-fes-meknes.ma\/#website"},"datePublished":"2023-01-02T09:00:49+00:00","dateModified":"2024-03-27T12:53:20+00:00","breadcrumb":{"@id":"https:\/\/www.region-fes-meknes.ma\/fr\/actualites\/reunion-de-linstance-regionale-de-la-jeunesse\/#breadcrumb"},"inLanguage":"fr-FR","potentialAction":[{"@type":"ReadAction","target":["https:\/\/www.region-fes-meknes.ma\/fr\/actualites\/reunion-de-linstance-regionale-de-la-jeunesse\/"]}]},{"@type":"BreadcrumbList","@id":"https:\/\/www.region-fes-meknes.ma\/fr\/actualites\/reunion-de-linstance-regionale-de-la-jeunesse\/#breadcrumb","itemListElement":[{"@type":"ListItem","position":1,"name":"Accueil","item":"https:\/\/www.region-fes-meknes.ma\/fr\/"},{"@type":"ListItem","position":2,"name":"R\u00e9union de l\u2019Instance R\u00e9gionale de la jeunesse"}]},{"@type":"WebSite","@id":"https:\/\/www.region-fes-meknes.ma\/#website","url":"https:\/\/www.region-fes-meknes.ma\/","name":"Portail de la R\u00e9gion F\u00e8s-Mekn\u00e8s","description":"Site officiel de la r\u00e9gion F\u00e8s-Mekn\u00e8s.","publisher":{"@id":"https:\/\/www.region-fes-meknes.ma\/#organization"},"potentialAction":[{"@type":"SearchAction","target":{"@type":"EntryPoint","urlTemplate":"https:\/\/www.region-fes-meknes.ma\/?s={search_term_string}"},"query-input":"required name=search_term_string"}],"inLanguage":"fr-FR"},{"@type":"Organization","@id":"https:\/\/www.region-fes-meknes.ma\/#organization","name":"R\u00e9gion F\u00e8s M\u00e8kn\u00e8s","url":"https:\/\/www.region-fes-meknes.ma\/","sameAs":["https:\/\/www.facebook.com\/R\u00e9gion-F\u00e8s-Mekn\u00e8s-1130195096990872"],"logo":{"@type":"ImageObject","inLanguage":"fr-FR","@id":"https:\/\/www.region-fes-meknes.ma\/#\/schema\/logo\/image\/","url":"http:\/\/www.region-fes-meknes.ma\/wp-content\/uploads\/2017\/10\/logo-rfm4.png","contentUrl":"http:\/\/www.region-fes-meknes.ma\/wp-content\/uploads\/2017\/10\/logo-rfm4.png","width":304,"height":291,"caption":"R\u00e9gion F\u00e8s M\u00e8kn\u00e8s"},"image":{"@id":"https:\/\/www.region-fes-meknes.ma\/#\/schema\/logo\/image\/"}},{"@type":"Person","@id":"https:\/\/www.region-fes-meknes.ma\/#\/schema\/person\/0f39741727e5e507b0f585d8ea23e359","name":"Zaynab Dhimene","image":{"@type":"ImageObject","inLanguage":"fr-FR","@id":"https:\/\/www.region-fes-meknes.ma\/#\/schema\/person\/image\/","url":"https:\/\/secure.gravatar.com\/avatar\/c668cebb47e2644c6dfb9d8f5a83fb03?s=96&d=mm&r=g","contentUrl":"https:\/\/secure.gravatar.com\/avatar\/c668cebb47e2644c6dfb9d8f5a83fb03?s=96&d=mm&r=g","caption":"Zaynab Dhimene"}}]}},"_links":{"self":[{"href":"https:\/\/www.region-fes-meknes.ma\/fr\/wp-json\/wp\/v2\/posts\/34552"}],"collection":[{"href":"https:\/\/www.region-fes-meknes.ma\/fr\/wp-json\/wp\/v2\/posts"}],"about":[{"href":"https:\/\/www.region-fes-meknes.ma\/fr\/wp-json\/wp\/v2\/types\/post"}],"author":[{"embeddable":true,"href":"https:\/\/www.region-fes-meknes.ma\/fr\/wp-json\/wp\/v2\/users\/76"}],"replies":[{"embeddable":true,"href":"https:\/\/www.region-fes-meknes.ma\/fr\/wp-json\/wp\/v2\/comments?post=34552"}],"version-history":[{"count":1,"href":"https:\/\/www.region-fes-meknes.ma\/fr\/wp-json\/wp\/v2\/posts\/34552\/revisions"}],"predecessor-version":[{"id":34553,"href":"https:\/\/www.region-fes-meknes.ma\/fr\/wp-json\/wp\/v2\/posts\/34552\/revisions\/34553"}],"wp:featuredmedia":[{"embeddable":true,"href":"https:\/\/www.region-fes-meknes.ma\/fr\/wp-json\/wp\/v2\/media\/28092"}],"wp:attachment":[{"href":"https:\/\/www.region-fes-meknes.ma\/fr\/wp-json\/wp\/v2\/media?parent=34552"}],"wp:term":[{"taxonomy":"category","embeddable":true,"href":"https:\/\/www.region-fes-meknes.ma\/fr\/wp-json\/wp\/v2\/categories?post=34552"},{"taxonomy":"post_tag","embeddable":true,"href":"https:\/\/www.region-fes-meknes.ma\/fr\/wp-json\/wp\/v2\/tags?post=34552"}],"curies":[{"name":"wp","href":"https:\/\/api.w.org\/{rel}","templated":true}]}}