{"id":34558,"date":"2023-01-11T10:50:53","date_gmt":"2023-01-11T09:50:53","guid":{"rendered":"https:\/\/www.region-fes-meknes.ma\/?p=34558"},"modified":"2024-03-27T14:25:31","modified_gmt":"2024-03-27T14:25:31","slug":"reunion-du-bureau-du-conseil-de-la-region","status":"publish","type":"post","link":"https:\/\/www.region-fes-meknes.ma\/fr\/actualites\/reunion-du-bureau-du-conseil-de-la-region\/","title":{"rendered":"R\u00e9union du Bureau du Conseil de la R\u00e9gion"},"content":{"rendered":"<p>Le Bureau du Conseil R\u00e9gional de F\u00e8s-Mekn\u00e8s a tenu, mardi 10 janvier 2023, \u00e0 14h30, une r\u00e9union au si\u00e8ge de la r\u00e9gion, pr\u00e9sid\u00e9e par Monsieur Abdelouahed El-Ansari, Pr\u00e9sident du Conseil R\u00e9gional, et en pr\u00e9sence de mesdames et messieurs, les membres du bureau, du secr\u00e9taire du Conseil et de son adjoint.<\/p>\n<p>Cette r\u00e9union a \u00e9t\u00e9 consacr\u00e9e \u00e0 l&rsquo;\u00e9tude d&rsquo;un groupe de points de son ordre du jour, principalement li\u00e9s \u00e0 l&rsquo;examen du niveau d&rsquo;avancement de la pr\u00e9paration du Programme de D\u00e9veloppement R\u00e9gional 2022\/2027, o\u00f9 le bureau d&rsquo;\u00e9tudes a pr\u00e9sent\u00e9 le rapport de la premi\u00e8re phase relative au diagnostic territorial, qui a \u00e9t\u00e9 pr\u00e9par\u00e9 selon \u00e0 une approche participative et consultative, qui comprenait la participation de divers acteurs territoriaux, en plus des contributions de toutes les composantes du Conseil et des trois instances consultatives de la r\u00e9gion.<\/p>\n<p>Les membres du bureau ont \u00e9galement \u00e9t\u00e9 inform\u00e9s d&rsquo;un ensemble de propositions et de demandes, principalement li\u00e9es \u00e0 l&rsquo;implication de la r\u00e9gion dans le programme local du Partenariat pour l&rsquo;Initiative pour un Gouvernement Ouvert, puis d&rsquo;une proposition de lancement d&rsquo;une initiative pour aider les r\u00e9sidents touch\u00e9s par le froid et la neige, outre la demande de l&rsquo;Agence Marocaine pour le D\u00e9veloppement des Investissements et des Exportations concernant la participation du conseil r\u00e9gional \u00e0 la premi\u00e8re \u00e9dition de la rencontre marocaine sur l&rsquo;investissement et l&rsquo;entrepreneuriat \u00e0 Paris.<\/p>\n<p>Concernant la coop\u00e9ration internationale, les membres du bureau ont discut\u00e9 de projets d&rsquo;accords visant \u00e0 renforcer la coop\u00e9ration internationale d\u00e9centralis\u00e9e entre la r\u00e9gion et chacune des r\u00e9gions du Hodh El Charqui en R\u00e9publique Islamique de Mauritanie, de Kaolack au S\u00e9n\u00e9gal et de Corse en France.<\/p>\n<p>De plus, les membres du bureau ont \u00e9t\u00e9 inform\u00e9s des nouveaut\u00e9s li\u00e9s aux instances consultatives, au programme d\u2019urgence de formation des \u00e9lus et du Sch\u00e9ma Directeur\u00a0 r\u00e9gionale de formation continue.<\/p>\n<p>Cette r\u00e9union s\u2019est \u00e9galement d\u00e9roul\u00e9e en pr\u00e9sence du Directeur G\u00e9n\u00e9ral des Services et du Chef de service des Organes du Conseil.<\/p>\n","protected":false},"excerpt":{"rendered":"<p>Le Bureau du Conseil R\u00e9gional de F\u00e8s-Mekn\u00e8s a tenu, mardi 10 janvier 2023, \u00e0 14h30, une r\u00e9union au si\u00e8ge de la r\u00e9gion, pr\u00e9sid\u00e9e par Monsieur Abdelouahed El-Ansari, Pr\u00e9sident du Conseil &#8230;<\/p>\n","protected":false},"author":76,"featured_media":28164,"comment_status":"open","ping_status":"closed","sticky":false,"template":"","format":"standard","meta":{"_bbp_topic_count":0,"_bbp_reply_count":0,"_bbp_total_topic_count":0,"_bbp_total_reply_count":0,"_bbp_voice_count":0,"_bbp_anonymous_reply_count":0,"_bbp_topic_count_hidden":0,"_bbp_reply_count_hidden":0,"_bbp_forum_subforum_count":0},"categories":[18],"tags":[],"acf":[],"yoast_head":"<!-- This site is optimized with the Yoast SEO plugin v19.5.1 - https:\/\/yoast.com\/wordpress\/plugins\/seo\/ -->\n<title>R\u00e9union du Bureau du Conseil de la R\u00e9gion - R\u00e9gion F\u00e8s Mekn\u00e8s<\/title>\n<meta name=\"robots\" content=\"index, follow, max-snippet:-1, max-image-preview:large, max-video-preview:-1\" \/>\n<link rel=\"canonical\" href=\"https:\/\/www.region-fes-meknes.ma\/fr\/actualites\/reunion-du-bureau-du-conseil-de-la-region\/\" \/>\n<meta property=\"og:locale\" content=\"fr_FR\" \/>\n<meta property=\"og:type\" content=\"article\" \/>\n<meta property=\"og:title\" content=\"R\u00e9union du Bureau du Conseil de la R\u00e9gion - R\u00e9gion F\u00e8s Mekn\u00e8s\" \/>\n<meta property=\"og:description\" content=\"Le Bureau du Conseil R\u00e9gional de F\u00e8s-Mekn\u00e8s a tenu, mardi 10 janvier 2023, \u00e0 14h30, une r\u00e9union au si\u00e8ge de la r\u00e9gion, pr\u00e9sid\u00e9e par Monsieur Abdelouahed El-Ansari, Pr\u00e9sident du Conseil ...\" \/>\n<meta property=\"og:url\" content=\"https:\/\/www.region-fes-meknes.ma\/fr\/actualites\/reunion-du-bureau-du-conseil-de-la-region\/\" \/>\n<meta property=\"og:site_name\" content=\"R\u00e9gion F\u00e8s Mekn\u00e8s\" \/>\n<meta property=\"article:publisher\" content=\"https:\/\/www.facebook.com\/R%c3%a9gion-F%c3%a8s-Mekn%c3%a8s-1130195096990872\" \/>\n<meta property=\"article:published_time\" content=\"2023-01-11T09:50:53+00:00\" \/>\n<meta property=\"article:modified_time\" content=\"2024-03-27T14:25:31+00:00\" \/>\n<meta property=\"og:image\" content=\"https:\/\/www.region-fes-meknes.ma\/wp-content\/uploads\/2023\/01\/WhatsApp-Image-2023-01-10-at-23.59.49.jpeg\" \/>\n\t<meta property=\"og:image:width\" content=\"1280\" \/>\n\t<meta property=\"og:image:height\" content=\"790\" \/>\n\t<meta property=\"og:image:type\" content=\"image\/jpeg\" \/>\n<meta name=\"author\" content=\"Zaynab Dhimene\" \/>\n<meta name=\"twitter:card\" content=\"summary_large_image\" \/>\n<meta name=\"twitter:label1\" content=\"\u00c9crit par\" \/>\n\t<meta name=\"twitter:data1\" content=\"Zaynab Dhimene\" \/>\n\t<meta name=\"twitter:label2\" content=\"Dur\u00e9e de lecture estim\u00e9e\" \/>\n\t<meta name=\"twitter:data2\" content=\"3 minutes\" \/>\n<script type=\"application\/ld+json\" class=\"yoast-schema-graph\">{\"@context\":\"https:\/\/schema.org\",\"@graph\":[{\"@type\":\"Article\",\"@id\":\"https:\/\/www.region-fes-meknes.ma\/fr\/actualites\/reunion-du-bureau-du-conseil-de-la-region\/#article\",\"isPartOf\":{\"@id\":\"https:\/\/www.region-fes-meknes.ma\/fr\/actualites\/reunion-du-bureau-du-conseil-de-la-region\/\"},\"author\":{\"name\":\"Zaynab Dhimene\",\"@id\":\"https:\/\/www.region-fes-meknes.ma\/#\/schema\/person\/0f39741727e5e507b0f585d8ea23e359\"},\"headline\":\"R\u00e9union du Bureau du Conseil de la R\u00e9gion\",\"datePublished\":\"2023-01-11T09:50:53+00:00\",\"dateModified\":\"2024-03-27T14:25:31+00:00\",\"mainEntityOfPage\":{\"@id\":\"https:\/\/www.region-fes-meknes.ma\/fr\/actualites\/reunion-du-bureau-du-conseil-de-la-region\/\"},\"wordCount\":370,\"commentCount\":0,\"publisher\":{\"@id\":\"https:\/\/www.region-fes-meknes.ma\/#organization\"},\"articleSection\":[\"Actualit\u00e9s\"],\"inLanguage\":\"fr-FR\",\"potentialAction\":[{\"@type\":\"CommentAction\",\"name\":\"Comment\",\"target\":[\"https:\/\/www.region-fes-meknes.ma\/fr\/actualites\/reunion-du-bureau-du-conseil-de-la-region\/#respond\"]}]},{\"@type\":\"WebPage\",\"@id\":\"https:\/\/www.region-fes-meknes.ma\/fr\/actualites\/reunion-du-bureau-du-conseil-de-la-region\/\",\"url\":\"https:\/\/www.region-fes-meknes.ma\/fr\/actualites\/reunion-du-bureau-du-conseil-de-la-region\/\",\"name\":\"R\u00e9union du Bureau du Conseil de la R\u00e9gion - R\u00e9gion F\u00e8s Mekn\u00e8s\",\"isPartOf\":{\"@id\":\"https:\/\/www.region-fes-meknes.ma\/#website\"},\"datePublished\":\"2023-01-11T09:50:53+00:00\",\"dateModified\":\"2024-03-27T14:25:31+00:00\",\"breadcrumb\":{\"@id\":\"https:\/\/www.region-fes-meknes.ma\/fr\/actualites\/reunion-du-bureau-du-conseil-de-la-region\/#breadcrumb\"},\"inLanguage\":\"fr-FR\",\"potentialAction\":[{\"@type\":\"ReadAction\",\"target\":[\"https:\/\/www.region-fes-meknes.ma\/fr\/actualites\/reunion-du-bureau-du-conseil-de-la-region\/\"]}]},{\"@type\":\"BreadcrumbList\",\"@id\":\"https:\/\/www.region-fes-meknes.ma\/fr\/actualites\/reunion-du-bureau-du-conseil-de-la-region\/#breadcrumb\",\"itemListElement\":[{\"@type\":\"ListItem\",\"position\":1,\"name\":\"Accueil\",\"item\":\"https:\/\/www.region-fes-meknes.ma\/fr\/\"},{\"@type\":\"ListItem\",\"position\":2,\"name\":\"R\u00e9union du Bureau du Conseil de la R\u00e9gion\"}]},{\"@type\":\"WebSite\",\"@id\":\"https:\/\/www.region-fes-meknes.ma\/#website\",\"url\":\"https:\/\/www.region-fes-meknes.ma\/\",\"name\":\"Portail de la R\u00e9gion F\u00e8s-Mekn\u00e8s\",\"description\":\"Site officiel de la r\u00e9gion F\u00e8s-Mekn\u00e8s.\",\"publisher\":{\"@id\":\"https:\/\/www.region-fes-meknes.ma\/#organization\"},\"potentialAction\":[{\"@type\":\"SearchAction\",\"target\":{\"@type\":\"EntryPoint\",\"urlTemplate\":\"https:\/\/www.region-fes-meknes.ma\/?s={search_term_string}\"},\"query-input\":\"required name=search_term_string\"}],\"inLanguage\":\"fr-FR\"},{\"@type\":\"Organization\",\"@id\":\"https:\/\/www.region-fes-meknes.ma\/#organization\",\"name\":\"R\u00e9gion F\u00e8s M\u00e8kn\u00e8s\",\"url\":\"https:\/\/www.region-fes-meknes.ma\/\",\"sameAs\":[\"https:\/\/www.facebook.com\/R\u00e9gion-F\u00e8s-Mekn\u00e8s-1130195096990872\"],\"logo\":{\"@type\":\"ImageObject\",\"inLanguage\":\"fr-FR\",\"@id\":\"https:\/\/www.region-fes-meknes.ma\/#\/schema\/logo\/image\/\",\"url\":\"http:\/\/www.region-fes-meknes.ma\/wp-content\/uploads\/2017\/10\/logo-rfm4.png\",\"contentUrl\":\"http:\/\/www.region-fes-meknes.ma\/wp-content\/uploads\/2017\/10\/logo-rfm4.png\",\"width\":304,\"height\":291,\"caption\":\"R\u00e9gion F\u00e8s M\u00e8kn\u00e8s\"},\"image\":{\"@id\":\"https:\/\/www.region-fes-meknes.ma\/#\/schema\/logo\/image\/\"}},{\"@type\":\"Person\",\"@id\":\"https:\/\/www.region-fes-meknes.ma\/#\/schema\/person\/0f39741727e5e507b0f585d8ea23e359\",\"name\":\"Zaynab Dhimene\",\"image\":{\"@type\":\"ImageObject\",\"inLanguage\":\"fr-FR\",\"@id\":\"https:\/\/www.region-fes-meknes.ma\/#\/schema\/person\/image\/\",\"url\":\"https:\/\/secure.gravatar.com\/avatar\/c668cebb47e2644c6dfb9d8f5a83fb03?s=96&d=mm&r=g\",\"contentUrl\":\"https:\/\/secure.gravatar.com\/avatar\/c668cebb47e2644c6dfb9d8f5a83fb03?s=96&d=mm&r=g\",\"caption\":\"Zaynab Dhimene\"}}]}<\/script>\n<!-- \/ Yoast SEO plugin. -->","yoast_head_json":{"title":"R\u00e9union du Bureau du Conseil de la R\u00e9gion - R\u00e9gion F\u00e8s Mekn\u00e8s","robots":{"index":"index","follow":"follow","max-snippet":"max-snippet:-1","max-image-preview":"max-image-preview:large","max-video-preview":"max-video-preview:-1"},"canonical":"https:\/\/www.region-fes-meknes.ma\/fr\/actualites\/reunion-du-bureau-du-conseil-de-la-region\/","og_locale":"fr_FR","og_type":"article","og_title":"R\u00e9union du Bureau du Conseil de la R\u00e9gion - R\u00e9gion F\u00e8s Mekn\u00e8s","og_description":"Le Bureau du Conseil R\u00e9gional de F\u00e8s-Mekn\u00e8s a tenu, mardi 10 janvier 2023, \u00e0 14h30, une r\u00e9union au si\u00e8ge de la r\u00e9gion, pr\u00e9sid\u00e9e par Monsieur Abdelouahed El-Ansari, Pr\u00e9sident du Conseil ...","og_url":"https:\/\/www.region-fes-meknes.ma\/fr\/actualites\/reunion-du-bureau-du-conseil-de-la-region\/","og_site_name":"R\u00e9gion F\u00e8s Mekn\u00e8s","article_publisher":"https:\/\/www.facebook.com\/R%c3%a9gion-F%c3%a8s-Mekn%c3%a8s-1130195096990872","article_published_time":"2023-01-11T09:50:53+00:00","article_modified_time":"2024-03-27T14:25:31+00:00","og_image":[{"width":1280,"height":790,"url":"https:\/\/www.region-fes-meknes.ma\/wp-content\/uploads\/2023\/01\/WhatsApp-Image-2023-01-10-at-23.59.49.jpeg","type":"image\/jpeg"}],"author":"Zaynab Dhimene","twitter_card":"summary_large_image","twitter_misc":{"\u00c9crit par":"Zaynab Dhimene","Dur\u00e9e de lecture estim\u00e9e":"3 minutes"},"schema":{"@context":"https:\/\/schema.org","@graph":[{"@type":"Article","@id":"https:\/\/www.region-fes-meknes.ma\/fr\/actualites\/reunion-du-bureau-du-conseil-de-la-region\/#article","isPartOf":{"@id":"https:\/\/www.region-fes-meknes.ma\/fr\/actualites\/reunion-du-bureau-du-conseil-de-la-region\/"},"author":{"name":"Zaynab Dhimene","@id":"https:\/\/www.region-fes-meknes.ma\/#\/schema\/person\/0f39741727e5e507b0f585d8ea23e359"},"headline":"R\u00e9union du Bureau du Conseil de la R\u00e9gion","datePublished":"2023-01-11T09:50:53+00:00","dateModified":"2024-03-27T14:25:31+00:00","mainEntityOfPage":{"@id":"https:\/\/www.region-fes-meknes.ma\/fr\/actualites\/reunion-du-bureau-du-conseil-de-la-region\/"},"wordCount":370,"commentCount":0,"publisher":{"@id":"https:\/\/www.region-fes-meknes.ma\/#organization"},"articleSection":["Actualit\u00e9s"],"inLanguage":"fr-FR","potentialAction":[{"@type":"CommentAction","name":"Comment","target":["https:\/\/www.region-fes-meknes.ma\/fr\/actualites\/reunion-du-bureau-du-conseil-de-la-region\/#respond"]}]},{"@type":"WebPage","@id":"https:\/\/www.region-fes-meknes.ma\/fr\/actualites\/reunion-du-bureau-du-conseil-de-la-region\/","url":"https:\/\/www.region-fes-meknes.ma\/fr\/actualites\/reunion-du-bureau-du-conseil-de-la-region\/","name":"R\u00e9union du Bureau du Conseil de la R\u00e9gion - R\u00e9gion F\u00e8s Mekn\u00e8s","isPartOf":{"@id":"https:\/\/www.region-fes-meknes.ma\/#website"},"datePublished":"2023-01-11T09:50:53+00:00","dateModified":"2024-03-27T14:25:31+00:00","breadcrumb":{"@id":"https:\/\/www.region-fes-meknes.ma\/fr\/actualites\/reunion-du-bureau-du-conseil-de-la-region\/#breadcrumb"},"inLanguage":"fr-FR","potentialAction":[{"@type":"ReadAction","target":["https:\/\/www.region-fes-meknes.ma\/fr\/actualites\/reunion-du-bureau-du-conseil-de-la-region\/"]}]},{"@type":"BreadcrumbList","@id":"https:\/\/www.region-fes-meknes.ma\/fr\/actualites\/reunion-du-bureau-du-conseil-de-la-region\/#breadcrumb","itemListElement":[{"@type":"ListItem","position":1,"name":"Accueil","item":"https:\/\/www.region-fes-meknes.ma\/fr\/"},{"@type":"ListItem","position":2,"name":"R\u00e9union du Bureau du Conseil de la R\u00e9gion"}]},{"@type":"WebSite","@id":"https:\/\/www.region-fes-meknes.ma\/#website","url":"https:\/\/www.region-fes-meknes.ma\/","name":"Portail de la R\u00e9gion F\u00e8s-Mekn\u00e8s","description":"Site officiel de la r\u00e9gion F\u00e8s-Mekn\u00e8s.","publisher":{"@id":"https:\/\/www.region-fes-meknes.ma\/#organization"},"potentialAction":[{"@type":"SearchAction","target":{"@type":"EntryPoint","urlTemplate":"https:\/\/www.region-fes-meknes.ma\/?s={search_term_string}"},"query-input":"required name=search_term_string"}],"inLanguage":"fr-FR"},{"@type":"Organization","@id":"https:\/\/www.region-fes-meknes.ma\/#organization","name":"R\u00e9gion F\u00e8s M\u00e8kn\u00e8s","url":"https:\/\/www.region-fes-meknes.ma\/","sameAs":["https:\/\/www.facebook.com\/R\u00e9gion-F\u00e8s-Mekn\u00e8s-1130195096990872"],"logo":{"@type":"ImageObject","inLanguage":"fr-FR","@id":"https:\/\/www.region-fes-meknes.ma\/#\/schema\/logo\/image\/","url":"http:\/\/www.region-fes-meknes.ma\/wp-content\/uploads\/2017\/10\/logo-rfm4.png","contentUrl":"http:\/\/www.region-fes-meknes.ma\/wp-content\/uploads\/2017\/10\/logo-rfm4.png","width":304,"height":291,"caption":"R\u00e9gion F\u00e8s M\u00e8kn\u00e8s"},"image":{"@id":"https:\/\/www.region-fes-meknes.ma\/#\/schema\/logo\/image\/"}},{"@type":"Person","@id":"https:\/\/www.region-fes-meknes.ma\/#\/schema\/person\/0f39741727e5e507b0f585d8ea23e359","name":"Zaynab Dhimene","image":{"@type":"ImageObject","inLanguage":"fr-FR","@id":"https:\/\/www.region-fes-meknes.ma\/#\/schema\/person\/image\/","url":"https:\/\/secure.gravatar.com\/avatar\/c668cebb47e2644c6dfb9d8f5a83fb03?s=96&d=mm&r=g","contentUrl":"https:\/\/secure.gravatar.com\/avatar\/c668cebb47e2644c6dfb9d8f5a83fb03?s=96&d=mm&r=g","caption":"Zaynab Dhimene"}}]}},"_links":{"self":[{"href":"https:\/\/www.region-fes-meknes.ma\/fr\/wp-json\/wp\/v2\/posts\/34558"}],"collection":[{"href":"https:\/\/www.region-fes-meknes.ma\/fr\/wp-json\/wp\/v2\/posts"}],"about":[{"href":"https:\/\/www.region-fes-meknes.ma\/fr\/wp-json\/wp\/v2\/types\/post"}],"author":[{"embeddable":true,"href":"https:\/\/www.region-fes-meknes.ma\/fr\/wp-json\/wp\/v2\/users\/76"}],"replies":[{"embeddable":true,"href":"https:\/\/www.region-fes-meknes.ma\/fr\/wp-json\/wp\/v2\/comments?post=34558"}],"version-history":[{"count":1,"href":"https:\/\/www.region-fes-meknes.ma\/fr\/wp-json\/wp\/v2\/posts\/34558\/revisions"}],"predecessor-version":[{"id":34559,"href":"https:\/\/www.region-fes-meknes.ma\/fr\/wp-json\/wp\/v2\/posts\/34558\/revisions\/34559"}],"wp:featuredmedia":[{"embeddable":true,"href":"https:\/\/www.region-fes-meknes.ma\/fr\/wp-json\/wp\/v2\/media\/28164"}],"wp:attachment":[{"href":"https:\/\/www.region-fes-meknes.ma\/fr\/wp-json\/wp\/v2\/media?parent=34558"}],"wp:term":[{"taxonomy":"category","embeddable":true,"href":"https:\/\/www.region-fes-meknes.ma\/fr\/wp-json\/wp\/v2\/categories?post=34558"},{"taxonomy":"post_tag","embeddable":true,"href":"https:\/\/www.region-fes-meknes.ma\/fr\/wp-json\/wp\/v2\/tags?post=34558"}],"curies":[{"name":"wp","href":"https:\/\/api.w.org\/{rel}","templated":true}]}}