{"id":3533,"date":"2017-02-16T17:58:44","date_gmt":"2017-02-16T16:58:44","guid":{"rendered":"http:\/\/www.region-fes-meknes.ma\/?p=3533"},"modified":"2018-01-04T18:00:38","modified_gmt":"2018-01-04T17:00:38","slug":"le-president-de-la-region-fes-meknes-expose-a-orleans-les-opportunites-dinvestissement-quoffre-la-region","status":"publish","type":"post","link":"https:\/\/www.region-fes-meknes.ma\/fr\/actualites\/le-president-de-la-region-fes-meknes-expose-a-orleans-les-opportunites-dinvestissement-quoffre-la-region\/","title":{"rendered":"Le pr\u00e9sident de la r\u00e9gion F\u00e8s-Mekn\u00e8s expose \u00e0 Orl\u00e9ans les opportunit\u00e9s d\u2019investissement qu\u2019offre la r\u00e9gion"},"content":{"rendered":"<p>Le pr\u00e9sident de la r\u00e9gion <strong>F\u00e8s-Mekn\u00e8s<\/strong> Mohand Laenser a expos\u00e9, jeudi 16 f\u00e9vrier 2017 \u00e0 <strong>Orl\u00e9ans<\/strong> (centre de la <strong>France<\/strong>), les opportunit\u00e9s d\u2019investissement qu\u2019offre cette r\u00e9gion du Royaume.<\/p>\n<p>Laenser, qui a conduit une mission d\u2019\u00e9change \u00e0 cette ville dans le cadre de l\u2019accord sign\u00e9 avec la r\u00e9gion <strong>Centre-Val de Loire<\/strong>, a soulign\u00e9 l\u2019importance de mettre en contact les <strong>hommes d\u2019affaires<\/strong> des deux r\u00e9gions, insistant sur la n\u00e9cessit\u00e9 de montrer \u00e0 la partie fran\u00e7aise les atouts de la r\u00e9gion <strong>F\u00e8s-Mekn\u00e8s<\/strong> qui a un fort potentiel <strong>agricole<\/strong>.<\/p>\n<p>Le pr\u00e9sident de la<strong> r\u00e9gion F\u00e8s-Mekn\u00e8s<\/strong> a rencontr\u00e9 les repr\u00e9sentants des instances de cette r\u00e9gion fran\u00e7aise, ainsi que des universitaires et des chefs d\u2019<strong>entreprise<\/strong>. Il a indiqu\u00e9 que cette visite a \u00e9t\u00e9 l\u2019occasion de faire un bilan de ce qui a \u00e9t\u00e9 r\u00e9alis\u00e9 dans le cadre de l\u2019<strong>accord bilat\u00e9ral<\/strong> et d\u2019\u00e9voquer les perspectives d\u2019avenir, faisant observer que la coop\u00e9ration entre les r\u00e9gions ne doit pas \u00eatre limit\u00e9e \u00e0 l\u2019<strong>investissement<\/strong> mais doit \u00eatre \u00e9largie \u00e0 l\u2019\u00e9change d\u2019exp\u00e9riences et d\u2019expertises.<\/p>\n<p>Le responsable marocain, qui a visit\u00e9 un incubateur de jeunes <strong>entreprises<\/strong> innovantes dans le domaine du <strong>num\u00e9rique<\/strong>, une <strong>laiterie<\/strong> et le <strong>Fonds R\u00e9gional d\u2019Art Contemporain<\/strong>, a mis l\u2019accent sur l\u2019importance pour la r\u00e9gion <strong>F\u00e8s-Mekn\u00e8s<\/strong> de s\u2019inspirer de ces exp\u00e9riences r\u00e9ussies pour soutenir les porteurs de projets et contribuer ainsi \u00e0 la cr\u00e9ation d\u2019<strong>emplois<\/strong>.<\/p>\n<p>Il a par ailleurs pris part \u00e0 une rencontre consacr\u00e9e \u00e0 la pr\u00e9sentation des axes de coop\u00e9ration entre la r\u00e9gion de <strong>F\u00e8s-Mekn\u00e8s<\/strong> et la r\u00e9gion <strong>Centre-Val de Loire<\/strong> \u00e0 la communaut\u00e9 marocaine et aux partenaires (cercle Maghreb, Universitaires, P\u00f4les de Comp\u00e9titivit\u00e9).<\/p>\n<p>Laenser doit \u00e9galement se rendre \u00e0 <strong>Tours<\/strong> o\u00f9 il participera \u00e0 une rencontre sur le th\u00e8me \u00ab\u00a0Sant\u00e9-Plantes aromatiques et m\u00e9dicinales\u00a0\u00bb avec la participation Philippe Vendrix, pr\u00e9sident de l\u2019Universit\u00e9 de <strong>Tours<\/strong> et visitera des <strong>projets<\/strong> <strong>\u00e9conomiques<\/strong> et <strong>agricoles<\/strong> dans cette ville.<\/p>\n<p>Sign\u00e9 en avril 2016, l\u2019accord-cadre entre la r\u00e9gion <strong>F\u00e8s Mekn\u00e8s<\/strong> et la r\u00e9gion <strong>Centre-Val de Loire<\/strong> comporte plusieurs axes dont l\u2019\u00e9conomie sociale et solidaire et le d\u00e9veloppement durable inclusif, l\u2019am\u00e9nagement du territoire, la planification territoriale et la gouvernance locale, la formation, la recherche et le transfert de technologie, la jeunesse et le dialogue interculturel, outre la coop\u00e9ration dans les domaines \u00e9conomique, touristique et culturel.<\/p>\n<p>Au programme de cette mission d\u2019\u00e9change (15-18 f\u00e9vrier) figure aussi la validation du plan d\u2019action conjoint 2017-2021 comportant 12 actions dont la reconduction du programme sur les plantes aromatiques et m\u00e9dicinales, le renforcement des capacit\u00e9s institutionnelles r\u00e9gionales, l\u2019intensification des \u00e9changes \u00e9conomiques et le d\u00e9veloppement des partenariats dans les domaines de l\u2019enseignement sup\u00e9rieur et de la jeunesse.<\/p>\n","protected":false},"excerpt":{"rendered":"<p>Le pr\u00e9sident de la r\u00e9gion F\u00e8s-Mekn\u00e8s Mohand Laenser a expos\u00e9, jeudi 16 f\u00e9vrier 2017 \u00e0 Orl\u00e9ans (centre de la France), les opportunit\u00e9s d\u2019investissement qu\u2019offre cette r\u00e9gion du Royaume. Laenser, qui &#8230;<\/p>\n","protected":false},"author":1,"featured_media":3534,"comment_status":"open","ping_status":"open","sticky":false,"template":"","format":"standard","meta":{"_bbp_topic_count":0,"_bbp_reply_count":0,"_bbp_total_topic_count":0,"_bbp_total_reply_count":0,"_bbp_voice_count":0,"_bbp_anonymous_reply_count":0,"_bbp_topic_count_hidden":0,"_bbp_reply_count_hidden":0,"_bbp_forum_subforum_count":0},"categories":[18,90],"tags":[],"acf":[],"yoast_head":"<!-- This site is optimized with the Yoast SEO plugin v19.5.1 - https:\/\/yoast.com\/wordpress\/plugins\/seo\/ -->\n<title>Le pr\u00e9sident de la r\u00e9gion F\u00e8s-Mekn\u00e8s expose \u00e0 Orl\u00e9ans les opportunit\u00e9s d\u2019investissement qu\u2019offre la r\u00e9gion - R\u00e9gion F\u00e8s Mekn\u00e8s<\/title>\n<meta name=\"robots\" content=\"index, follow, max-snippet:-1, max-image-preview:large, max-video-preview:-1\" \/>\n<link rel=\"canonical\" href=\"https:\/\/www.region-fes-meknes.ma\/fr\/actualites\/le-president-de-la-region-fes-meknes-expose-a-orleans-les-opportunites-dinvestissement-quoffre-la-region\/\" \/>\n<meta property=\"og:locale\" content=\"fr_FR\" \/>\n<meta property=\"og:type\" content=\"article\" \/>\n<meta property=\"og:title\" content=\"Le pr\u00e9sident de la r\u00e9gion F\u00e8s-Mekn\u00e8s expose \u00e0 Orl\u00e9ans les opportunit\u00e9s d\u2019investissement qu\u2019offre la r\u00e9gion - R\u00e9gion F\u00e8s Mekn\u00e8s\" \/>\n<meta property=\"og:description\" content=\"Le pr\u00e9sident de la r\u00e9gion F\u00e8s-Mekn\u00e8s Mohand Laenser a expos\u00e9, jeudi 16 f\u00e9vrier 2017 \u00e0 Orl\u00e9ans (centre de la France), les opportunit\u00e9s d\u2019investissement qu\u2019offre cette r\u00e9gion du Royaume. Laenser, qui ...\" \/>\n<meta property=\"og:url\" content=\"https:\/\/www.region-fes-meknes.ma\/fr\/actualites\/le-president-de-la-region-fes-meknes-expose-a-orleans-les-opportunites-dinvestissement-quoffre-la-region\/\" \/>\n<meta property=\"og:site_name\" content=\"R\u00e9gion F\u00e8s Mekn\u00e8s\" \/>\n<meta property=\"article:publisher\" content=\"https:\/\/www.facebook.com\/R%c3%a9gion-F%c3%a8s-Mekn%c3%a8s-1130195096990872\" \/>\n<meta property=\"article:published_time\" content=\"2017-02-16T16:58:44+00:00\" \/>\n<meta property=\"article:modified_time\" content=\"2018-01-04T17:00:38+00:00\" \/>\n<meta property=\"og:image\" content=\"https:\/\/www.region-fes-meknes.ma\/wp-content\/uploads\/2018\/01\/president-cr-orleans-170216.jpg\" \/>\n\t<meta property=\"og:image:width\" content=\"508\" \/>\n\t<meta property=\"og:image:height\" content=\"300\" \/>\n\t<meta property=\"og:image:type\" content=\"image\/jpeg\" \/>\n<meta name=\"author\" content=\"Webmaster\" \/>\n<meta name=\"twitter:card\" content=\"summary_large_image\" \/>\n<meta name=\"twitter:label1\" content=\"\u00c9crit par\" \/>\n\t<meta name=\"twitter:data1\" content=\"Webmaster\" \/>\n\t<meta name=\"twitter:label2\" content=\"Dur\u00e9e de lecture estim\u00e9e\" \/>\n\t<meta name=\"twitter:data2\" content=\"2 minutes\" \/>\n<script type=\"application\/ld+json\" class=\"yoast-schema-graph\">{\"@context\":\"https:\/\/schema.org\",\"@graph\":[{\"@type\":\"Article\",\"@id\":\"https:\/\/www.region-fes-meknes.ma\/fr\/actualites\/le-president-de-la-region-fes-meknes-expose-a-orleans-les-opportunites-dinvestissement-quoffre-la-region\/#article\",\"isPartOf\":{\"@id\":\"https:\/\/www.region-fes-meknes.ma\/fr\/actualites\/le-president-de-la-region-fes-meknes-expose-a-orleans-les-opportunites-dinvestissement-quoffre-la-region\/\"},\"author\":{\"name\":\"Webmaster\",\"@id\":\"https:\/\/www.region-fes-meknes.ma\/#\/schema\/person\/a6f00c1887fecaef82369ec2bdb25456\"},\"headline\":\"Le pr\u00e9sident de la r\u00e9gion F\u00e8s-Mekn\u00e8s expose \u00e0 Orl\u00e9ans les opportunit\u00e9s d\u2019investissement qu\u2019offre la r\u00e9gion\",\"datePublished\":\"2017-02-16T16:58:44+00:00\",\"dateModified\":\"2018-01-04T17:00:38+00:00\",\"mainEntityOfPage\":{\"@id\":\"https:\/\/www.region-fes-meknes.ma\/fr\/actualites\/le-president-de-la-region-fes-meknes-expose-a-orleans-les-opportunites-dinvestissement-quoffre-la-region\/\"},\"wordCount\":515,\"commentCount\":0,\"publisher\":{\"@id\":\"https:\/\/www.region-fes-meknes.ma\/#organization\"},\"articleSection\":[\"Actualit\u00e9s\",\"Pr\u00e9sident CR\"],\"inLanguage\":\"fr-FR\",\"potentialAction\":[{\"@type\":\"CommentAction\",\"name\":\"Comment\",\"target\":[\"https:\/\/www.region-fes-meknes.ma\/fr\/actualites\/le-president-de-la-region-fes-meknes-expose-a-orleans-les-opportunites-dinvestissement-quoffre-la-region\/#respond\"]}]},{\"@type\":\"WebPage\",\"@id\":\"https:\/\/www.region-fes-meknes.ma\/fr\/actualites\/le-president-de-la-region-fes-meknes-expose-a-orleans-les-opportunites-dinvestissement-quoffre-la-region\/\",\"url\":\"https:\/\/www.region-fes-meknes.ma\/fr\/actualites\/le-president-de-la-region-fes-meknes-expose-a-orleans-les-opportunites-dinvestissement-quoffre-la-region\/\",\"name\":\"Le pr\u00e9sident de la r\u00e9gion F\u00e8s-Mekn\u00e8s expose \u00e0 Orl\u00e9ans les opportunit\u00e9s d\u2019investissement qu\u2019offre la r\u00e9gion - R\u00e9gion F\u00e8s Mekn\u00e8s\",\"isPartOf\":{\"@id\":\"https:\/\/www.region-fes-meknes.ma\/#website\"},\"datePublished\":\"2017-02-16T16:58:44+00:00\",\"dateModified\":\"2018-01-04T17:00:38+00:00\",\"breadcrumb\":{\"@id\":\"https:\/\/www.region-fes-meknes.ma\/fr\/actualites\/le-president-de-la-region-fes-meknes-expose-a-orleans-les-opportunites-dinvestissement-quoffre-la-region\/#breadcrumb\"},\"inLanguage\":\"fr-FR\",\"potentialAction\":[{\"@type\":\"ReadAction\",\"target\":[\"https:\/\/www.region-fes-meknes.ma\/fr\/actualites\/le-president-de-la-region-fes-meknes-expose-a-orleans-les-opportunites-dinvestissement-quoffre-la-region\/\"]}]},{\"@type\":\"BreadcrumbList\",\"@id\":\"https:\/\/www.region-fes-meknes.ma\/fr\/actualites\/le-president-de-la-region-fes-meknes-expose-a-orleans-les-opportunites-dinvestissement-quoffre-la-region\/#breadcrumb\",\"itemListElement\":[{\"@type\":\"ListItem\",\"position\":1,\"name\":\"Accueil\",\"item\":\"https:\/\/www.region-fes-meknes.ma\/fr\/\"},{\"@type\":\"ListItem\",\"position\":2,\"name\":\"Le pr\u00e9sident de la r\u00e9gion F\u00e8s-Mekn\u00e8s expose \u00e0 Orl\u00e9ans les opportunit\u00e9s d\u2019investissement qu\u2019offre la r\u00e9gion\"}]},{\"@type\":\"WebSite\",\"@id\":\"https:\/\/www.region-fes-meknes.ma\/#website\",\"url\":\"https:\/\/www.region-fes-meknes.ma\/\",\"name\":\"Portail de la R\u00e9gion F\u00e8s-Mekn\u00e8s\",\"description\":\"Site officiel de la r\u00e9gion F\u00e8s-Mekn\u00e8s.\",\"publisher\":{\"@id\":\"https:\/\/www.region-fes-meknes.ma\/#organization\"},\"potentialAction\":[{\"@type\":\"SearchAction\",\"target\":{\"@type\":\"EntryPoint\",\"urlTemplate\":\"https:\/\/www.region-fes-meknes.ma\/?s={search_term_string}\"},\"query-input\":\"required name=search_term_string\"}],\"inLanguage\":\"fr-FR\"},{\"@type\":\"Organization\",\"@id\":\"https:\/\/www.region-fes-meknes.ma\/#organization\",\"name\":\"R\u00e9gion F\u00e8s M\u00e8kn\u00e8s\",\"url\":\"https:\/\/www.region-fes-meknes.ma\/\",\"sameAs\":[\"https:\/\/www.facebook.com\/R\u00e9gion-F\u00e8s-Mekn\u00e8s-1130195096990872\"],\"logo\":{\"@type\":\"ImageObject\",\"inLanguage\":\"fr-FR\",\"@id\":\"https:\/\/www.region-fes-meknes.ma\/#\/schema\/logo\/image\/\",\"url\":\"http:\/\/www.region-fes-meknes.ma\/wp-content\/uploads\/2017\/10\/logo-rfm4.png\",\"contentUrl\":\"http:\/\/www.region-fes-meknes.ma\/wp-content\/uploads\/2017\/10\/logo-rfm4.png\",\"width\":304,\"height\":291,\"caption\":\"R\u00e9gion F\u00e8s M\u00e8kn\u00e8s\"},\"image\":{\"@id\":\"https:\/\/www.region-fes-meknes.ma\/#\/schema\/logo\/image\/\"}},{\"@type\":\"Person\",\"@id\":\"https:\/\/www.region-fes-meknes.ma\/#\/schema\/person\/a6f00c1887fecaef82369ec2bdb25456\",\"name\":\"Webmaster\",\"image\":{\"@type\":\"ImageObject\",\"inLanguage\":\"fr-FR\",\"@id\":\"https:\/\/www.region-fes-meknes.ma\/#\/schema\/person\/image\/\",\"url\":\"https:\/\/www.region-fes-meknes.ma\/wp-content\/uploads\/2017\/10\/logo-rfm4-150x150.png\",\"contentUrl\":\"https:\/\/www.region-fes-meknes.ma\/wp-content\/uploads\/2017\/10\/logo-rfm4-150x150.png\",\"caption\":\"Webmaster\"}}]}<\/script>\n<!-- \/ Yoast SEO plugin. -->","yoast_head_json":{"title":"Le pr\u00e9sident de la r\u00e9gion F\u00e8s-Mekn\u00e8s expose \u00e0 Orl\u00e9ans les opportunit\u00e9s d\u2019investissement qu\u2019offre la r\u00e9gion - R\u00e9gion F\u00e8s Mekn\u00e8s","robots":{"index":"index","follow":"follow","max-snippet":"max-snippet:-1","max-image-preview":"max-image-preview:large","max-video-preview":"max-video-preview:-1"},"canonical":"https:\/\/www.region-fes-meknes.ma\/fr\/actualites\/le-president-de-la-region-fes-meknes-expose-a-orleans-les-opportunites-dinvestissement-quoffre-la-region\/","og_locale":"fr_FR","og_type":"article","og_title":"Le pr\u00e9sident de la r\u00e9gion F\u00e8s-Mekn\u00e8s expose \u00e0 Orl\u00e9ans les opportunit\u00e9s d\u2019investissement qu\u2019offre la r\u00e9gion - R\u00e9gion F\u00e8s Mekn\u00e8s","og_description":"Le pr\u00e9sident de la r\u00e9gion F\u00e8s-Mekn\u00e8s Mohand Laenser a expos\u00e9, jeudi 16 f\u00e9vrier 2017 \u00e0 Orl\u00e9ans (centre de la France), les opportunit\u00e9s d\u2019investissement qu\u2019offre cette r\u00e9gion du Royaume. Laenser, qui ...","og_url":"https:\/\/www.region-fes-meknes.ma\/fr\/actualites\/le-president-de-la-region-fes-meknes-expose-a-orleans-les-opportunites-dinvestissement-quoffre-la-region\/","og_site_name":"R\u00e9gion F\u00e8s Mekn\u00e8s","article_publisher":"https:\/\/www.facebook.com\/R%c3%a9gion-F%c3%a8s-Mekn%c3%a8s-1130195096990872","article_published_time":"2017-02-16T16:58:44+00:00","article_modified_time":"2018-01-04T17:00:38+00:00","og_image":[{"width":508,"height":300,"url":"https:\/\/www.region-fes-meknes.ma\/wp-content\/uploads\/2018\/01\/president-cr-orleans-170216.jpg","type":"image\/jpeg"}],"author":"Webmaster","twitter_card":"summary_large_image","twitter_misc":{"\u00c9crit par":"Webmaster","Dur\u00e9e de lecture estim\u00e9e":"2 minutes"},"schema":{"@context":"https:\/\/schema.org","@graph":[{"@type":"Article","@id":"https:\/\/www.region-fes-meknes.ma\/fr\/actualites\/le-president-de-la-region-fes-meknes-expose-a-orleans-les-opportunites-dinvestissement-quoffre-la-region\/#article","isPartOf":{"@id":"https:\/\/www.region-fes-meknes.ma\/fr\/actualites\/le-president-de-la-region-fes-meknes-expose-a-orleans-les-opportunites-dinvestissement-quoffre-la-region\/"},"author":{"name":"Webmaster","@id":"https:\/\/www.region-fes-meknes.ma\/#\/schema\/person\/a6f00c1887fecaef82369ec2bdb25456"},"headline":"Le pr\u00e9sident de la r\u00e9gion F\u00e8s-Mekn\u00e8s expose \u00e0 Orl\u00e9ans les opportunit\u00e9s d\u2019investissement qu\u2019offre la r\u00e9gion","datePublished":"2017-02-16T16:58:44+00:00","dateModified":"2018-01-04T17:00:38+00:00","mainEntityOfPage":{"@id":"https:\/\/www.region-fes-meknes.ma\/fr\/actualites\/le-president-de-la-region-fes-meknes-expose-a-orleans-les-opportunites-dinvestissement-quoffre-la-region\/"},"wordCount":515,"commentCount":0,"publisher":{"@id":"https:\/\/www.region-fes-meknes.ma\/#organization"},"articleSection":["Actualit\u00e9s","Pr\u00e9sident CR"],"inLanguage":"fr-FR","potentialAction":[{"@type":"CommentAction","name":"Comment","target":["https:\/\/www.region-fes-meknes.ma\/fr\/actualites\/le-president-de-la-region-fes-meknes-expose-a-orleans-les-opportunites-dinvestissement-quoffre-la-region\/#respond"]}]},{"@type":"WebPage","@id":"https:\/\/www.region-fes-meknes.ma\/fr\/actualites\/le-president-de-la-region-fes-meknes-expose-a-orleans-les-opportunites-dinvestissement-quoffre-la-region\/","url":"https:\/\/www.region-fes-meknes.ma\/fr\/actualites\/le-president-de-la-region-fes-meknes-expose-a-orleans-les-opportunites-dinvestissement-quoffre-la-region\/","name":"Le pr\u00e9sident de la r\u00e9gion F\u00e8s-Mekn\u00e8s expose \u00e0 Orl\u00e9ans les opportunit\u00e9s d\u2019investissement qu\u2019offre la r\u00e9gion - R\u00e9gion F\u00e8s Mekn\u00e8s","isPartOf":{"@id":"https:\/\/www.region-fes-meknes.ma\/#website"},"datePublished":"2017-02-16T16:58:44+00:00","dateModified":"2018-01-04T17:00:38+00:00","breadcrumb":{"@id":"https:\/\/www.region-fes-meknes.ma\/fr\/actualites\/le-president-de-la-region-fes-meknes-expose-a-orleans-les-opportunites-dinvestissement-quoffre-la-region\/#breadcrumb"},"inLanguage":"fr-FR","potentialAction":[{"@type":"ReadAction","target":["https:\/\/www.region-fes-meknes.ma\/fr\/actualites\/le-president-de-la-region-fes-meknes-expose-a-orleans-les-opportunites-dinvestissement-quoffre-la-region\/"]}]},{"@type":"BreadcrumbList","@id":"https:\/\/www.region-fes-meknes.ma\/fr\/actualites\/le-president-de-la-region-fes-meknes-expose-a-orleans-les-opportunites-dinvestissement-quoffre-la-region\/#breadcrumb","itemListElement":[{"@type":"ListItem","position":1,"name":"Accueil","item":"https:\/\/www.region-fes-meknes.ma\/fr\/"},{"@type":"ListItem","position":2,"name":"Le pr\u00e9sident de la r\u00e9gion F\u00e8s-Mekn\u00e8s expose \u00e0 Orl\u00e9ans les opportunit\u00e9s d\u2019investissement qu\u2019offre la r\u00e9gion"}]},{"@type":"WebSite","@id":"https:\/\/www.region-fes-meknes.ma\/#website","url":"https:\/\/www.region-fes-meknes.ma\/","name":"Portail de la R\u00e9gion F\u00e8s-Mekn\u00e8s","description":"Site officiel de la r\u00e9gion F\u00e8s-Mekn\u00e8s.","publisher":{"@id":"https:\/\/www.region-fes-meknes.ma\/#organization"},"potentialAction":[{"@type":"SearchAction","target":{"@type":"EntryPoint","urlTemplate":"https:\/\/www.region-fes-meknes.ma\/?s={search_term_string}"},"query-input":"required name=search_term_string"}],"inLanguage":"fr-FR"},{"@type":"Organization","@id":"https:\/\/www.region-fes-meknes.ma\/#organization","name":"R\u00e9gion F\u00e8s M\u00e8kn\u00e8s","url":"https:\/\/www.region-fes-meknes.ma\/","sameAs":["https:\/\/www.facebook.com\/R\u00e9gion-F\u00e8s-Mekn\u00e8s-1130195096990872"],"logo":{"@type":"ImageObject","inLanguage":"fr-FR","@id":"https:\/\/www.region-fes-meknes.ma\/#\/schema\/logo\/image\/","url":"http:\/\/www.region-fes-meknes.ma\/wp-content\/uploads\/2017\/10\/logo-rfm4.png","contentUrl":"http:\/\/www.region-fes-meknes.ma\/wp-content\/uploads\/2017\/10\/logo-rfm4.png","width":304,"height":291,"caption":"R\u00e9gion F\u00e8s M\u00e8kn\u00e8s"},"image":{"@id":"https:\/\/www.region-fes-meknes.ma\/#\/schema\/logo\/image\/"}},{"@type":"Person","@id":"https:\/\/www.region-fes-meknes.ma\/#\/schema\/person\/a6f00c1887fecaef82369ec2bdb25456","name":"Webmaster","image":{"@type":"ImageObject","inLanguage":"fr-FR","@id":"https:\/\/www.region-fes-meknes.ma\/#\/schema\/person\/image\/","url":"https:\/\/www.region-fes-meknes.ma\/wp-content\/uploads\/2017\/10\/logo-rfm4-150x150.png","contentUrl":"https:\/\/www.region-fes-meknes.ma\/wp-content\/uploads\/2017\/10\/logo-rfm4-150x150.png","caption":"Webmaster"}}]}},"_links":{"self":[{"href":"https:\/\/www.region-fes-meknes.ma\/fr\/wp-json\/wp\/v2\/posts\/3533"}],"collection":[{"href":"https:\/\/www.region-fes-meknes.ma\/fr\/wp-json\/wp\/v2\/posts"}],"about":[{"href":"https:\/\/www.region-fes-meknes.ma\/fr\/wp-json\/wp\/v2\/types\/post"}],"author":[{"embeddable":true,"href":"https:\/\/www.region-fes-meknes.ma\/fr\/wp-json\/wp\/v2\/users\/1"}],"replies":[{"embeddable":true,"href":"https:\/\/www.region-fes-meknes.ma\/fr\/wp-json\/wp\/v2\/comments?post=3533"}],"version-history":[{"count":1,"href":"https:\/\/www.region-fes-meknes.ma\/fr\/wp-json\/wp\/v2\/posts\/3533\/revisions"}],"predecessor-version":[{"id":3535,"href":"https:\/\/www.region-fes-meknes.ma\/fr\/wp-json\/wp\/v2\/posts\/3533\/revisions\/3535"}],"wp:featuredmedia":[{"embeddable":true,"href":"https:\/\/www.region-fes-meknes.ma\/fr\/wp-json\/wp\/v2\/media\/3534"}],"wp:attachment":[{"href":"https:\/\/www.region-fes-meknes.ma\/fr\/wp-json\/wp\/v2\/media?parent=3533"}],"wp:term":[{"taxonomy":"category","embeddable":true,"href":"https:\/\/www.region-fes-meknes.ma\/fr\/wp-json\/wp\/v2\/categories?post=3533"},{"taxonomy":"post_tag","embeddable":true,"href":"https:\/\/www.region-fes-meknes.ma\/fr\/wp-json\/wp\/v2\/tags?post=3533"}],"curies":[{"name":"wp","href":"https:\/\/api.w.org\/{rel}","templated":true}]}}