{"id":37698,"date":"2025-04-30T12:39:51","date_gmt":"2025-04-30T11:39:51","guid":{"rendered":"https:\/\/www.region-fes-meknes.ma\/?p=37698"},"modified":"2025-05-29T12:45:44","modified_gmt":"2025-05-29T11:45:44","slug":"reunion-de-suivi-des-projets-du-secteur-sport-et-loisirs-dans-le-cadre-du-contrat-etat-region-2020-2022","status":"publish","type":"post","link":"https:\/\/www.region-fes-meknes.ma\/fr\/actualites\/reunion-de-suivi-des-projets-du-secteur-sport-et-loisirs-dans-le-cadre-du-contrat-etat-region-2020-2022\/","title":{"rendered":"R\u00e9union de suivi des projets du secteur sport et loisirs dans le cadre du contrat \u00c9tat- R\u00e9gion 2020-2022"},"content":{"rendered":"<p>Une r\u00e9union s\u2019est tenue le mercredi 30 avril 2025 au si\u00e8ge du Conseil de la r\u00e9gion F\u00e8s-<br \/>\nMekn\u00e8s consacr\u00e9e \u00e0 la pr\u00e9sentation et \u00e0 la discussion de l\u2019\u00e9tat d\u2019avancement des projets<\/p>\n<p>li\u00e9s \u00e0 la convention du secteur du sport et des loisirs, inscrite dans le cadre du contrat-<br \/>\nprogramme entre l\u2019\u00c9tat et la r\u00e9gion 2020-2022.<\/p>\n<p>Cette r\u00e9union a \u00e9t\u00e9 pr\u00e9sid\u00e9e par M. Jawad El KANOUI, vice-pr\u00e9sident du Conseil r\u00e9gional,<br \/>\nen pr\u00e9sence de Mme Nadia El BAHIHE, pr\u00e9sidente de la commission des sports et de la<br \/>\njeunesse, et de M. Idriss AMIMI, vice-pr\u00e9sident de ladite commission, ainsi que du<br \/>\ndirecteur g\u00e9n\u00e9ral des services de la r\u00e9gion, du directeur de l\u2019Acad\u00e9mie r\u00e9gionale<br \/>\nd\u2019\u00e9ducation et de formation, d\u2019un repr\u00e9sentant du secteur des sports au sein de<br \/>\nl\u2019acad\u00e9mie, d\u2019un repr\u00e9sentant du secteur de la jeunesse, d\u2019une repr\u00e9sentante de la wilaya<br \/>\nde la r\u00e9gion, en plus de repr\u00e9sentants de l\u2019Agence nationale des \u00e9quipements publics et<br \/>\nde l\u2019Agence r\u00e9gionale d\u2019ex\u00e9cution des projets, ainsi que de plusieurs cadres de<br \/>\nl\u2019administration r\u00e9gionale.<br \/>\nLa r\u00e9union a \u00e9t\u00e9 marqu\u00e9e par la pr\u00e9sentation de rapports d\u00e9taill\u00e9s par l\u2019Agence nationale<br \/>\ndes \u00e9quipements publics et l\u2019Agence r\u00e9gionale d\u2019ex\u00e9cution des projets sur l\u2019\u00e9tat<br \/>\nd\u2019avancement des travaux. Ces pr\u00e9sentations ont \u00e9t\u00e9 suivies d\u2019un d\u00e9bat approfondi sur<br \/>\nles contraintes rencontr\u00e9es, au cours duquel plusieurs solutions possibles ont \u00e9t\u00e9<br \/>\npropos\u00e9es pour y rem\u00e9dier.<\/p>\n","protected":false},"excerpt":{"rendered":"<p>Une r\u00e9union s\u2019est tenue le mercredi 30 avril 2025 au si\u00e8ge du Conseil de la r\u00e9gion F\u00e8s- Mekn\u00e8s consacr\u00e9e \u00e0 la pr\u00e9sentation et \u00e0 la discussion de l\u2019\u00e9tat d\u2019avancement des &#8230;<\/p>\n","protected":false},"author":76,"featured_media":37682,"comment_status":"open","ping_status":"closed","sticky":false,"template":"","format":"standard","meta":{"_bbp_topic_count":0,"_bbp_reply_count":0,"_bbp_total_topic_count":0,"_bbp_total_reply_count":0,"_bbp_voice_count":0,"_bbp_anonymous_reply_count":0,"_bbp_topic_count_hidden":0,"_bbp_reply_count_hidden":0,"_bbp_forum_subforum_count":0},"categories":[18],"tags":[],"acf":[],"yoast_head":"<!-- This site is optimized with the Yoast SEO plugin v19.5.1 - https:\/\/yoast.com\/wordpress\/plugins\/seo\/ -->\n<title>R\u00e9union de suivi des projets du secteur sport et loisirs dans le cadre du contrat \u00c9tat- R\u00e9gion 2020-2022 - R\u00e9gion F\u00e8s Mekn\u00e8s<\/title>\n<meta name=\"robots\" content=\"index, follow, max-snippet:-1, max-image-preview:large, max-video-preview:-1\" \/>\n<link rel=\"canonical\" href=\"https:\/\/www.region-fes-meknes.ma\/fr\/actualites\/reunion-de-suivi-des-projets-du-secteur-sport-et-loisirs-dans-le-cadre-du-contrat-etat-region-2020-2022\/\" \/>\n<meta property=\"og:locale\" content=\"fr_FR\" \/>\n<meta property=\"og:type\" content=\"article\" \/>\n<meta property=\"og:title\" content=\"R\u00e9union de suivi des projets du secteur sport et loisirs dans le cadre du contrat \u00c9tat- R\u00e9gion 2020-2022 - R\u00e9gion F\u00e8s Mekn\u00e8s\" \/>\n<meta property=\"og:description\" content=\"Une r\u00e9union s\u2019est tenue le mercredi 30 avril 2025 au si\u00e8ge du Conseil de la r\u00e9gion F\u00e8s- Mekn\u00e8s consacr\u00e9e \u00e0 la pr\u00e9sentation et \u00e0 la discussion de l\u2019\u00e9tat d\u2019avancement des ...\" \/>\n<meta property=\"og:url\" content=\"https:\/\/www.region-fes-meknes.ma\/fr\/actualites\/reunion-de-suivi-des-projets-du-secteur-sport-et-loisirs-dans-le-cadre-du-contrat-etat-region-2020-2022\/\" \/>\n<meta property=\"og:site_name\" content=\"R\u00e9gion F\u00e8s Mekn\u00e8s\" \/>\n<meta property=\"article:publisher\" content=\"https:\/\/www.facebook.com\/R%c3%a9gion-F%c3%a8s-Mekn%c3%a8s-1130195096990872\" \/>\n<meta property=\"article:published_time\" content=\"2025-04-30T11:39:51+00:00\" \/>\n<meta property=\"article:modified_time\" content=\"2025-05-29T11:45:44+00:00\" \/>\n<meta property=\"og:image\" content=\"https:\/\/www.region-fes-meknes.ma\/wp-content\/uploads\/2025\/05\/495266718_1085162093657684_7830432332064192309_n-3.jpg\" \/>\n\t<meta property=\"og:image:width\" content=\"1600\" \/>\n\t<meta property=\"og:image:height\" content=\"1059\" \/>\n\t<meta property=\"og:image:type\" content=\"image\/jpeg\" \/>\n<meta name=\"author\" content=\"Zaynab Dhimene\" \/>\n<meta name=\"twitter:card\" content=\"summary_large_image\" \/>\n<meta name=\"twitter:label1\" content=\"\u00c9crit par\" \/>\n\t<meta name=\"twitter:data1\" content=\"Zaynab Dhimene\" \/>\n\t<meta name=\"twitter:label2\" content=\"Dur\u00e9e de lecture estim\u00e9e\" \/>\n\t<meta name=\"twitter:data2\" content=\"2 minutes\" \/>\n<script type=\"application\/ld+json\" class=\"yoast-schema-graph\">{\"@context\":\"https:\/\/schema.org\",\"@graph\":[{\"@type\":\"Article\",\"@id\":\"https:\/\/www.region-fes-meknes.ma\/fr\/actualites\/reunion-de-suivi-des-projets-du-secteur-sport-et-loisirs-dans-le-cadre-du-contrat-etat-region-2020-2022\/#article\",\"isPartOf\":{\"@id\":\"https:\/\/www.region-fes-meknes.ma\/fr\/actualites\/reunion-de-suivi-des-projets-du-secteur-sport-et-loisirs-dans-le-cadre-du-contrat-etat-region-2020-2022\/\"},\"author\":{\"name\":\"Zaynab Dhimene\",\"@id\":\"https:\/\/www.region-fes-meknes.ma\/#\/schema\/person\/0f39741727e5e507b0f585d8ea23e359\"},\"headline\":\"R\u00e9union de suivi des projets du secteur sport et loisirs dans le cadre du contrat \u00c9tat- R\u00e9gion 2020-2022\",\"datePublished\":\"2025-04-30T11:39:51+00:00\",\"dateModified\":\"2025-05-29T11:45:44+00:00\",\"mainEntityOfPage\":{\"@id\":\"https:\/\/www.region-fes-meknes.ma\/fr\/actualites\/reunion-de-suivi-des-projets-du-secteur-sport-et-loisirs-dans-le-cadre-du-contrat-etat-region-2020-2022\/\"},\"wordCount\":294,\"commentCount\":0,\"publisher\":{\"@id\":\"https:\/\/www.region-fes-meknes.ma\/#organization\"},\"articleSection\":[\"Actualit\u00e9s\"],\"inLanguage\":\"fr-FR\",\"potentialAction\":[{\"@type\":\"CommentAction\",\"name\":\"Comment\",\"target\":[\"https:\/\/www.region-fes-meknes.ma\/fr\/actualites\/reunion-de-suivi-des-projets-du-secteur-sport-et-loisirs-dans-le-cadre-du-contrat-etat-region-2020-2022\/#respond\"]}]},{\"@type\":\"WebPage\",\"@id\":\"https:\/\/www.region-fes-meknes.ma\/fr\/actualites\/reunion-de-suivi-des-projets-du-secteur-sport-et-loisirs-dans-le-cadre-du-contrat-etat-region-2020-2022\/\",\"url\":\"https:\/\/www.region-fes-meknes.ma\/fr\/actualites\/reunion-de-suivi-des-projets-du-secteur-sport-et-loisirs-dans-le-cadre-du-contrat-etat-region-2020-2022\/\",\"name\":\"R\u00e9union de suivi des projets du secteur sport et loisirs dans le cadre du contrat \u00c9tat- R\u00e9gion 2020-2022 - R\u00e9gion F\u00e8s Mekn\u00e8s\",\"isPartOf\":{\"@id\":\"https:\/\/www.region-fes-meknes.ma\/#website\"},\"datePublished\":\"2025-04-30T11:39:51+00:00\",\"dateModified\":\"2025-05-29T11:45:44+00:00\",\"breadcrumb\":{\"@id\":\"https:\/\/www.region-fes-meknes.ma\/fr\/actualites\/reunion-de-suivi-des-projets-du-secteur-sport-et-loisirs-dans-le-cadre-du-contrat-etat-region-2020-2022\/#breadcrumb\"},\"inLanguage\":\"fr-FR\",\"potentialAction\":[{\"@type\":\"ReadAction\",\"target\":[\"https:\/\/www.region-fes-meknes.ma\/fr\/actualites\/reunion-de-suivi-des-projets-du-secteur-sport-et-loisirs-dans-le-cadre-du-contrat-etat-region-2020-2022\/\"]}]},{\"@type\":\"BreadcrumbList\",\"@id\":\"https:\/\/www.region-fes-meknes.ma\/fr\/actualites\/reunion-de-suivi-des-projets-du-secteur-sport-et-loisirs-dans-le-cadre-du-contrat-etat-region-2020-2022\/#breadcrumb\",\"itemListElement\":[{\"@type\":\"ListItem\",\"position\":1,\"name\":\"Accueil\",\"item\":\"https:\/\/www.region-fes-meknes.ma\/fr\/\"},{\"@type\":\"ListItem\",\"position\":2,\"name\":\"R\u00e9union de suivi des projets du secteur sport et loisirs dans le cadre du contrat \u00c9tat- R\u00e9gion 2020-2022\"}]},{\"@type\":\"WebSite\",\"@id\":\"https:\/\/www.region-fes-meknes.ma\/#website\",\"url\":\"https:\/\/www.region-fes-meknes.ma\/\",\"name\":\"Portail de la R\u00e9gion F\u00e8s-Mekn\u00e8s\",\"description\":\"Site officiel de la r\u00e9gion F\u00e8s-Mekn\u00e8s.\",\"publisher\":{\"@id\":\"https:\/\/www.region-fes-meknes.ma\/#organization\"},\"potentialAction\":[{\"@type\":\"SearchAction\",\"target\":{\"@type\":\"EntryPoint\",\"urlTemplate\":\"https:\/\/www.region-fes-meknes.ma\/?s={search_term_string}\"},\"query-input\":\"required name=search_term_string\"}],\"inLanguage\":\"fr-FR\"},{\"@type\":\"Organization\",\"@id\":\"https:\/\/www.region-fes-meknes.ma\/#organization\",\"name\":\"R\u00e9gion F\u00e8s M\u00e8kn\u00e8s\",\"url\":\"https:\/\/www.region-fes-meknes.ma\/\",\"sameAs\":[\"https:\/\/www.facebook.com\/R\u00e9gion-F\u00e8s-Mekn\u00e8s-1130195096990872\"],\"logo\":{\"@type\":\"ImageObject\",\"inLanguage\":\"fr-FR\",\"@id\":\"https:\/\/www.region-fes-meknes.ma\/#\/schema\/logo\/image\/\",\"url\":\"http:\/\/www.region-fes-meknes.ma\/wp-content\/uploads\/2017\/10\/logo-rfm4.png\",\"contentUrl\":\"http:\/\/www.region-fes-meknes.ma\/wp-content\/uploads\/2017\/10\/logo-rfm4.png\",\"width\":304,\"height\":291,\"caption\":\"R\u00e9gion F\u00e8s M\u00e8kn\u00e8s\"},\"image\":{\"@id\":\"https:\/\/www.region-fes-meknes.ma\/#\/schema\/logo\/image\/\"}},{\"@type\":\"Person\",\"@id\":\"https:\/\/www.region-fes-meknes.ma\/#\/schema\/person\/0f39741727e5e507b0f585d8ea23e359\",\"name\":\"Zaynab Dhimene\",\"image\":{\"@type\":\"ImageObject\",\"inLanguage\":\"fr-FR\",\"@id\":\"https:\/\/www.region-fes-meknes.ma\/#\/schema\/person\/image\/\",\"url\":\"https:\/\/secure.gravatar.com\/avatar\/c668cebb47e2644c6dfb9d8f5a83fb03?s=96&d=mm&r=g\",\"contentUrl\":\"https:\/\/secure.gravatar.com\/avatar\/c668cebb47e2644c6dfb9d8f5a83fb03?s=96&d=mm&r=g\",\"caption\":\"Zaynab Dhimene\"}}]}<\/script>\n<!-- \/ Yoast SEO plugin. -->","yoast_head_json":{"title":"R\u00e9union de suivi des projets du secteur sport et loisirs dans le cadre du contrat \u00c9tat- R\u00e9gion 2020-2022 - R\u00e9gion F\u00e8s Mekn\u00e8s","robots":{"index":"index","follow":"follow","max-snippet":"max-snippet:-1","max-image-preview":"max-image-preview:large","max-video-preview":"max-video-preview:-1"},"canonical":"https:\/\/www.region-fes-meknes.ma\/fr\/actualites\/reunion-de-suivi-des-projets-du-secteur-sport-et-loisirs-dans-le-cadre-du-contrat-etat-region-2020-2022\/","og_locale":"fr_FR","og_type":"article","og_title":"R\u00e9union de suivi des projets du secteur sport et loisirs dans le cadre du contrat \u00c9tat- R\u00e9gion 2020-2022 - R\u00e9gion F\u00e8s Mekn\u00e8s","og_description":"Une r\u00e9union s\u2019est tenue le mercredi 30 avril 2025 au si\u00e8ge du Conseil de la r\u00e9gion F\u00e8s- Mekn\u00e8s consacr\u00e9e \u00e0 la pr\u00e9sentation et \u00e0 la discussion de l\u2019\u00e9tat d\u2019avancement des ...","og_url":"https:\/\/www.region-fes-meknes.ma\/fr\/actualites\/reunion-de-suivi-des-projets-du-secteur-sport-et-loisirs-dans-le-cadre-du-contrat-etat-region-2020-2022\/","og_site_name":"R\u00e9gion F\u00e8s Mekn\u00e8s","article_publisher":"https:\/\/www.facebook.com\/R%c3%a9gion-F%c3%a8s-Mekn%c3%a8s-1130195096990872","article_published_time":"2025-04-30T11:39:51+00:00","article_modified_time":"2025-05-29T11:45:44+00:00","og_image":[{"width":1600,"height":1059,"url":"https:\/\/www.region-fes-meknes.ma\/wp-content\/uploads\/2025\/05\/495266718_1085162093657684_7830432332064192309_n-3.jpg","type":"image\/jpeg"}],"author":"Zaynab Dhimene","twitter_card":"summary_large_image","twitter_misc":{"\u00c9crit par":"Zaynab Dhimene","Dur\u00e9e de lecture estim\u00e9e":"2 minutes"},"schema":{"@context":"https:\/\/schema.org","@graph":[{"@type":"Article","@id":"https:\/\/www.region-fes-meknes.ma\/fr\/actualites\/reunion-de-suivi-des-projets-du-secteur-sport-et-loisirs-dans-le-cadre-du-contrat-etat-region-2020-2022\/#article","isPartOf":{"@id":"https:\/\/www.region-fes-meknes.ma\/fr\/actualites\/reunion-de-suivi-des-projets-du-secteur-sport-et-loisirs-dans-le-cadre-du-contrat-etat-region-2020-2022\/"},"author":{"name":"Zaynab Dhimene","@id":"https:\/\/www.region-fes-meknes.ma\/#\/schema\/person\/0f39741727e5e507b0f585d8ea23e359"},"headline":"R\u00e9union de suivi des projets du secteur sport et loisirs dans le cadre du contrat \u00c9tat- R\u00e9gion 2020-2022","datePublished":"2025-04-30T11:39:51+00:00","dateModified":"2025-05-29T11:45:44+00:00","mainEntityOfPage":{"@id":"https:\/\/www.region-fes-meknes.ma\/fr\/actualites\/reunion-de-suivi-des-projets-du-secteur-sport-et-loisirs-dans-le-cadre-du-contrat-etat-region-2020-2022\/"},"wordCount":294,"commentCount":0,"publisher":{"@id":"https:\/\/www.region-fes-meknes.ma\/#organization"},"articleSection":["Actualit\u00e9s"],"inLanguage":"fr-FR","potentialAction":[{"@type":"CommentAction","name":"Comment","target":["https:\/\/www.region-fes-meknes.ma\/fr\/actualites\/reunion-de-suivi-des-projets-du-secteur-sport-et-loisirs-dans-le-cadre-du-contrat-etat-region-2020-2022\/#respond"]}]},{"@type":"WebPage","@id":"https:\/\/www.region-fes-meknes.ma\/fr\/actualites\/reunion-de-suivi-des-projets-du-secteur-sport-et-loisirs-dans-le-cadre-du-contrat-etat-region-2020-2022\/","url":"https:\/\/www.region-fes-meknes.ma\/fr\/actualites\/reunion-de-suivi-des-projets-du-secteur-sport-et-loisirs-dans-le-cadre-du-contrat-etat-region-2020-2022\/","name":"R\u00e9union de suivi des projets du secteur sport et loisirs dans le cadre du contrat \u00c9tat- R\u00e9gion 2020-2022 - R\u00e9gion F\u00e8s Mekn\u00e8s","isPartOf":{"@id":"https:\/\/www.region-fes-meknes.ma\/#website"},"datePublished":"2025-04-30T11:39:51+00:00","dateModified":"2025-05-29T11:45:44+00:00","breadcrumb":{"@id":"https:\/\/www.region-fes-meknes.ma\/fr\/actualites\/reunion-de-suivi-des-projets-du-secteur-sport-et-loisirs-dans-le-cadre-du-contrat-etat-region-2020-2022\/#breadcrumb"},"inLanguage":"fr-FR","potentialAction":[{"@type":"ReadAction","target":["https:\/\/www.region-fes-meknes.ma\/fr\/actualites\/reunion-de-suivi-des-projets-du-secteur-sport-et-loisirs-dans-le-cadre-du-contrat-etat-region-2020-2022\/"]}]},{"@type":"BreadcrumbList","@id":"https:\/\/www.region-fes-meknes.ma\/fr\/actualites\/reunion-de-suivi-des-projets-du-secteur-sport-et-loisirs-dans-le-cadre-du-contrat-etat-region-2020-2022\/#breadcrumb","itemListElement":[{"@type":"ListItem","position":1,"name":"Accueil","item":"https:\/\/www.region-fes-meknes.ma\/fr\/"},{"@type":"ListItem","position":2,"name":"R\u00e9union de suivi des projets du secteur sport et loisirs dans le cadre du contrat \u00c9tat- R\u00e9gion 2020-2022"}]},{"@type":"WebSite","@id":"https:\/\/www.region-fes-meknes.ma\/#website","url":"https:\/\/www.region-fes-meknes.ma\/","name":"Portail de la R\u00e9gion F\u00e8s-Mekn\u00e8s","description":"Site officiel de la r\u00e9gion F\u00e8s-Mekn\u00e8s.","publisher":{"@id":"https:\/\/www.region-fes-meknes.ma\/#organization"},"potentialAction":[{"@type":"SearchAction","target":{"@type":"EntryPoint","urlTemplate":"https:\/\/www.region-fes-meknes.ma\/?s={search_term_string}"},"query-input":"required name=search_term_string"}],"inLanguage":"fr-FR"},{"@type":"Organization","@id":"https:\/\/www.region-fes-meknes.ma\/#organization","name":"R\u00e9gion F\u00e8s M\u00e8kn\u00e8s","url":"https:\/\/www.region-fes-meknes.ma\/","sameAs":["https:\/\/www.facebook.com\/R\u00e9gion-F\u00e8s-Mekn\u00e8s-1130195096990872"],"logo":{"@type":"ImageObject","inLanguage":"fr-FR","@id":"https:\/\/www.region-fes-meknes.ma\/#\/schema\/logo\/image\/","url":"http:\/\/www.region-fes-meknes.ma\/wp-content\/uploads\/2017\/10\/logo-rfm4.png","contentUrl":"http:\/\/www.region-fes-meknes.ma\/wp-content\/uploads\/2017\/10\/logo-rfm4.png","width":304,"height":291,"caption":"R\u00e9gion F\u00e8s M\u00e8kn\u00e8s"},"image":{"@id":"https:\/\/www.region-fes-meknes.ma\/#\/schema\/logo\/image\/"}},{"@type":"Person","@id":"https:\/\/www.region-fes-meknes.ma\/#\/schema\/person\/0f39741727e5e507b0f585d8ea23e359","name":"Zaynab Dhimene","image":{"@type":"ImageObject","inLanguage":"fr-FR","@id":"https:\/\/www.region-fes-meknes.ma\/#\/schema\/person\/image\/","url":"https:\/\/secure.gravatar.com\/avatar\/c668cebb47e2644c6dfb9d8f5a83fb03?s=96&d=mm&r=g","contentUrl":"https:\/\/secure.gravatar.com\/avatar\/c668cebb47e2644c6dfb9d8f5a83fb03?s=96&d=mm&r=g","caption":"Zaynab Dhimene"}}]}},"_links":{"self":[{"href":"https:\/\/www.region-fes-meknes.ma\/fr\/wp-json\/wp\/v2\/posts\/37698"}],"collection":[{"href":"https:\/\/www.region-fes-meknes.ma\/fr\/wp-json\/wp\/v2\/posts"}],"about":[{"href":"https:\/\/www.region-fes-meknes.ma\/fr\/wp-json\/wp\/v2\/types\/post"}],"author":[{"embeddable":true,"href":"https:\/\/www.region-fes-meknes.ma\/fr\/wp-json\/wp\/v2\/users\/76"}],"replies":[{"embeddable":true,"href":"https:\/\/www.region-fes-meknes.ma\/fr\/wp-json\/wp\/v2\/comments?post=37698"}],"version-history":[{"count":1,"href":"https:\/\/www.region-fes-meknes.ma\/fr\/wp-json\/wp\/v2\/posts\/37698\/revisions"}],"predecessor-version":[{"id":37699,"href":"https:\/\/www.region-fes-meknes.ma\/fr\/wp-json\/wp\/v2\/posts\/37698\/revisions\/37699"}],"wp:featuredmedia":[{"embeddable":true,"href":"https:\/\/www.region-fes-meknes.ma\/fr\/wp-json\/wp\/v2\/media\/37682"}],"wp:attachment":[{"href":"https:\/\/www.region-fes-meknes.ma\/fr\/wp-json\/wp\/v2\/media?parent=37698"}],"wp:term":[{"taxonomy":"category","embeddable":true,"href":"https:\/\/www.region-fes-meknes.ma\/fr\/wp-json\/wp\/v2\/categories?post=37698"},{"taxonomy":"post_tag","embeddable":true,"href":"https:\/\/www.region-fes-meknes.ma\/fr\/wp-json\/wp\/v2\/tags?post=37698"}],"curies":[{"name":"wp","href":"https:\/\/api.w.org\/{rel}","templated":true}]}}