{"id":38573,"date":"2025-08-07T11:45:47","date_gmt":"2025-08-07T10:45:47","guid":{"rendered":"https:\/\/www.region-fes-meknes.ma\/?p=38573"},"modified":"2025-09-10T13:49:02","modified_gmt":"2025-09-10T12:49:02","slug":"ifrane-linauguration-du-grand-marche-itinerant-pour-promouvoir-leconomie-sociale-et-solidaire-a-fes-meknes","status":"publish","type":"post","link":"https:\/\/www.region-fes-meknes.ma\/fr\/actualites\/ifrane-linauguration-du-grand-marche-itinerant-pour-promouvoir-leconomie-sociale-et-solidaire-a-fes-meknes\/","title":{"rendered":"Ifrane: L&rsquo;inauguration du Grand March\u00e9 Itin\u00e9rant pour promouvoir l\u2019\u00e9conomie sociale et solidaire \u00e0 F\u00e8s-Mekn\u00e8s"},"content":{"rendered":"<p>Le Grand March\u00e9 Itin\u00e9rant des Produits de l\u2019\u00c9conomie Sociale et Solidaire a \u00e9t\u00e9 inaugur\u00e9, mercredi 06 Ao\u00fbt \u00e0 Ifrane, sous le th\u00e8me \u00ab\u00a0Soutenons ensemble l\u2019\u00e9conomie sociale et solidaire et construisons ensemble une soci\u00e9t\u00e9 durable\u00a0\u00bb.<\/p>\n<p>Organis\u00e9 par le Conseil de la r\u00e9gion de F\u00e8s-Mekn\u00e8s, en partenariat avec le minist\u00e8re du Tourisme, de l\u2019Artisanat et de l\u2019Economie sociale et solidaire \u2013 Secr\u00e9tariat d\u2019Etat charg\u00e9 de l\u2019Artisanat et de l\u2019Economie sociale et solidaire \u2013, la Wilaya de la r\u00e9gion F\u00e8s-Mekn\u00e8s et la province d\u2019Ifrane, le Grand March\u00e9 Itin\u00e9rant s\u2019inscrit dans le cadre de la mise en \u0153uvre des comp\u00e9tences propres de la r\u00e9gion, telles qu\u2019elles sont d\u00e9finies dans le Programme de D\u00e9veloppement R\u00e9gional 2022-2027.<\/p>\n<p>Tenu \u00e0 l\u2019occasion de la c\u00e9l\u00e9bration de la F\u00eate du Tr\u00f4ne et en application des dispositions de la loi organique n\u00b0111.14 relative aux conseils r\u00e9gionaux, le Grand March\u00e9 Itin\u00e9rant se d\u00e9roule en trois phases successives, avec la participation de 70 coop\u00e9ratives et artisans par phase, soit un total de 210 coop\u00e9ratives et artisans.<\/p>\n<p>Afin de garantir la proximit\u00e9 et d\u2019accro\u00eetre le nombre de visiteurs, des pavillons et des p\u00f4les d\u00e9di\u00e9s \u00e0 l\u2019exposition, \u00e0 la vente et \u00e0 l\u2019animation ont \u00e9t\u00e9 mis en place.<\/p>\n<p>Il s\u2019agit du P\u00f4le des exposants, qui regroupe 70 stands accueillant 140 exposantes et exposants, repr\u00e9sentant les diff\u00e9rentes provinces de la r\u00e9gion, ainsi que d\u2019autres r\u00e9gions du Royaume, ainsi que du P\u00f4le institutionnel, qui pr\u00e9sente les programmes et projets des institutions partenaires dans le domaine de l\u2019\u00e9conomie sociale et solidaire, avec une cellule permanente d\u00e9di\u00e9e \u00e0 la communication et au partage d\u2019informations.<\/p>\n<p>Un P\u00f4le d\u2019animation pour enfants, a \u00e9galement \u00e9t\u00e9 mis en place et qui propose des activit\u00e9s visant \u00e0 d\u00e9velopper les talents des jeunes g\u00e9n\u00e9rations et les sensibiliser \u00e0 l\u2019importance de l\u2019\u00e9conomie sociale et solidaire, tout en s\u2019ouvrant sur les centres de vacances.<\/p>\n<p>Par ailleurs, des sessions de formation sont pr\u00e9vues pour les exposants, qui seront accompagn\u00e9s par des formateurs sp\u00e9cialis\u00e9s dans les domaines li\u00e9s \u00e0 l\u2019\u00e9conomie sociale et solidaire, un secteur fond\u00e9 sur les principes de coop\u00e9ration, de solidarit\u00e9 et de participation, tout en veillant \u00e0 la pr\u00e9servation des ressources naturelles.<\/p>\n","protected":false},"excerpt":{"rendered":"<p>Le Grand March\u00e9 Itin\u00e9rant des Produits de l\u2019\u00c9conomie Sociale et Solidaire a \u00e9t\u00e9 inaugur\u00e9, mercredi 06 Ao\u00fbt \u00e0 Ifrane, sous le th\u00e8me \u00ab\u00a0Soutenons ensemble l\u2019\u00e9conomie sociale et solidaire et construisons &#8230;<\/p>\n","protected":false},"author":76,"featured_media":38539,"comment_status":"open","ping_status":"closed","sticky":false,"template":"","format":"standard","meta":{"_bbp_topic_count":0,"_bbp_reply_count":0,"_bbp_total_topic_count":0,"_bbp_total_reply_count":0,"_bbp_voice_count":0,"_bbp_anonymous_reply_count":0,"_bbp_topic_count_hidden":0,"_bbp_reply_count_hidden":0,"_bbp_forum_subforum_count":0},"categories":[18],"tags":[],"acf":[],"yoast_head":"<!-- This site is optimized with the Yoast SEO plugin v19.5.1 - https:\/\/yoast.com\/wordpress\/plugins\/seo\/ -->\n<title>Ifrane: L&#039;inauguration du Grand March\u00e9 Itin\u00e9rant pour promouvoir l\u2019\u00e9conomie sociale et solidaire \u00e0 F\u00e8s-Mekn\u00e8s - R\u00e9gion F\u00e8s Mekn\u00e8s<\/title>\n<meta name=\"robots\" content=\"index, follow, max-snippet:-1, max-image-preview:large, max-video-preview:-1\" \/>\n<link rel=\"canonical\" href=\"https:\/\/www.region-fes-meknes.ma\/fr\/actualites\/ifrane-linauguration-du-grand-marche-itinerant-pour-promouvoir-leconomie-sociale-et-solidaire-a-fes-meknes\/\" \/>\n<meta property=\"og:locale\" content=\"fr_FR\" \/>\n<meta property=\"og:type\" content=\"article\" \/>\n<meta property=\"og:title\" content=\"Ifrane: L&#039;inauguration du Grand March\u00e9 Itin\u00e9rant pour promouvoir l\u2019\u00e9conomie sociale et solidaire \u00e0 F\u00e8s-Mekn\u00e8s - R\u00e9gion F\u00e8s Mekn\u00e8s\" \/>\n<meta property=\"og:description\" content=\"Le Grand March\u00e9 Itin\u00e9rant des Produits de l\u2019\u00c9conomie Sociale et Solidaire a \u00e9t\u00e9 inaugur\u00e9, mercredi 06 Ao\u00fbt \u00e0 Ifrane, sous le th\u00e8me \u00ab\u00a0Soutenons ensemble l\u2019\u00e9conomie sociale et solidaire et construisons ...\" \/>\n<meta property=\"og:url\" content=\"https:\/\/www.region-fes-meknes.ma\/fr\/actualites\/ifrane-linauguration-du-grand-marche-itinerant-pour-promouvoir-leconomie-sociale-et-solidaire-a-fes-meknes\/\" \/>\n<meta property=\"og:site_name\" content=\"R\u00e9gion F\u00e8s Mekn\u00e8s\" \/>\n<meta property=\"article:publisher\" content=\"https:\/\/www.facebook.com\/R%c3%a9gion-F%c3%a8s-Mekn%c3%a8s-1130195096990872\" \/>\n<meta property=\"article:published_time\" content=\"2025-08-07T10:45:47+00:00\" \/>\n<meta property=\"article:modified_time\" content=\"2025-09-10T12:49:02+00:00\" \/>\n<meta property=\"og:image\" content=\"https:\/\/www.region-fes-meknes.ma\/wp-content\/uploads\/2025\/09\/528741940_1160169032823656_4695451011099276384_n.jpg\" \/>\n\t<meta property=\"og:image:width\" content=\"1386\" \/>\n\t<meta property=\"og:image:height\" content=\"799\" \/>\n\t<meta property=\"og:image:type\" content=\"image\/jpeg\" \/>\n<meta name=\"author\" content=\"Zaynab Dhimene\" \/>\n<meta name=\"twitter:card\" content=\"summary_large_image\" \/>\n<meta name=\"twitter:label1\" content=\"\u00c9crit par\" \/>\n\t<meta name=\"twitter:data1\" content=\"Zaynab Dhimene\" \/>\n\t<meta name=\"twitter:label2\" content=\"Dur\u00e9e de lecture estim\u00e9e\" \/>\n\t<meta name=\"twitter:data2\" content=\"3 minutes\" \/>\n<script type=\"application\/ld+json\" class=\"yoast-schema-graph\">{\"@context\":\"https:\/\/schema.org\",\"@graph\":[{\"@type\":\"Article\",\"@id\":\"https:\/\/www.region-fes-meknes.ma\/fr\/actualites\/ifrane-linauguration-du-grand-marche-itinerant-pour-promouvoir-leconomie-sociale-et-solidaire-a-fes-meknes\/#article\",\"isPartOf\":{\"@id\":\"https:\/\/www.region-fes-meknes.ma\/fr\/actualites\/ifrane-linauguration-du-grand-marche-itinerant-pour-promouvoir-leconomie-sociale-et-solidaire-a-fes-meknes\/\"},\"author\":{\"name\":\"Zaynab Dhimene\",\"@id\":\"https:\/\/www.region-fes-meknes.ma\/#\/schema\/person\/0f39741727e5e507b0f585d8ea23e359\"},\"headline\":\"Ifrane: L&rsquo;inauguration du Grand March\u00e9 Itin\u00e9rant pour promouvoir l\u2019\u00e9conomie sociale et solidaire \u00e0 F\u00e8s-Mekn\u00e8s\",\"datePublished\":\"2025-08-07T10:45:47+00:00\",\"dateModified\":\"2025-09-10T12:49:02+00:00\",\"mainEntityOfPage\":{\"@id\":\"https:\/\/www.region-fes-meknes.ma\/fr\/actualites\/ifrane-linauguration-du-grand-marche-itinerant-pour-promouvoir-leconomie-sociale-et-solidaire-a-fes-meknes\/\"},\"wordCount\":422,\"commentCount\":0,\"publisher\":{\"@id\":\"https:\/\/www.region-fes-meknes.ma\/#organization\"},\"articleSection\":[\"Actualit\u00e9s\"],\"inLanguage\":\"fr-FR\",\"potentialAction\":[{\"@type\":\"CommentAction\",\"name\":\"Comment\",\"target\":[\"https:\/\/www.region-fes-meknes.ma\/fr\/actualites\/ifrane-linauguration-du-grand-marche-itinerant-pour-promouvoir-leconomie-sociale-et-solidaire-a-fes-meknes\/#respond\"]}]},{\"@type\":\"WebPage\",\"@id\":\"https:\/\/www.region-fes-meknes.ma\/fr\/actualites\/ifrane-linauguration-du-grand-marche-itinerant-pour-promouvoir-leconomie-sociale-et-solidaire-a-fes-meknes\/\",\"url\":\"https:\/\/www.region-fes-meknes.ma\/fr\/actualites\/ifrane-linauguration-du-grand-marche-itinerant-pour-promouvoir-leconomie-sociale-et-solidaire-a-fes-meknes\/\",\"name\":\"Ifrane: L'inauguration du Grand March\u00e9 Itin\u00e9rant pour promouvoir l\u2019\u00e9conomie sociale et solidaire \u00e0 F\u00e8s-Mekn\u00e8s - R\u00e9gion F\u00e8s Mekn\u00e8s\",\"isPartOf\":{\"@id\":\"https:\/\/www.region-fes-meknes.ma\/#website\"},\"datePublished\":\"2025-08-07T10:45:47+00:00\",\"dateModified\":\"2025-09-10T12:49:02+00:00\",\"breadcrumb\":{\"@id\":\"https:\/\/www.region-fes-meknes.ma\/fr\/actualites\/ifrane-linauguration-du-grand-marche-itinerant-pour-promouvoir-leconomie-sociale-et-solidaire-a-fes-meknes\/#breadcrumb\"},\"inLanguage\":\"fr-FR\",\"potentialAction\":[{\"@type\":\"ReadAction\",\"target\":[\"https:\/\/www.region-fes-meknes.ma\/fr\/actualites\/ifrane-linauguration-du-grand-marche-itinerant-pour-promouvoir-leconomie-sociale-et-solidaire-a-fes-meknes\/\"]}]},{\"@type\":\"BreadcrumbList\",\"@id\":\"https:\/\/www.region-fes-meknes.ma\/fr\/actualites\/ifrane-linauguration-du-grand-marche-itinerant-pour-promouvoir-leconomie-sociale-et-solidaire-a-fes-meknes\/#breadcrumb\",\"itemListElement\":[{\"@type\":\"ListItem\",\"position\":1,\"name\":\"Accueil\",\"item\":\"https:\/\/www.region-fes-meknes.ma\/fr\/\"},{\"@type\":\"ListItem\",\"position\":2,\"name\":\"Ifrane: L&#8217;inauguration du Grand March\u00e9 Itin\u00e9rant pour promouvoir l\u2019\u00e9conomie sociale et solidaire \u00e0 F\u00e8s-Mekn\u00e8s\"}]},{\"@type\":\"WebSite\",\"@id\":\"https:\/\/www.region-fes-meknes.ma\/#website\",\"url\":\"https:\/\/www.region-fes-meknes.ma\/\",\"name\":\"Portail de la R\u00e9gion F\u00e8s-Mekn\u00e8s\",\"description\":\"Site officiel de la r\u00e9gion F\u00e8s-Mekn\u00e8s.\",\"publisher\":{\"@id\":\"https:\/\/www.region-fes-meknes.ma\/#organization\"},\"potentialAction\":[{\"@type\":\"SearchAction\",\"target\":{\"@type\":\"EntryPoint\",\"urlTemplate\":\"https:\/\/www.region-fes-meknes.ma\/?s={search_term_string}\"},\"query-input\":\"required name=search_term_string\"}],\"inLanguage\":\"fr-FR\"},{\"@type\":\"Organization\",\"@id\":\"https:\/\/www.region-fes-meknes.ma\/#organization\",\"name\":\"R\u00e9gion F\u00e8s M\u00e8kn\u00e8s\",\"url\":\"https:\/\/www.region-fes-meknes.ma\/\",\"sameAs\":[\"https:\/\/www.facebook.com\/R\u00e9gion-F\u00e8s-Mekn\u00e8s-1130195096990872\"],\"logo\":{\"@type\":\"ImageObject\",\"inLanguage\":\"fr-FR\",\"@id\":\"https:\/\/www.region-fes-meknes.ma\/#\/schema\/logo\/image\/\",\"url\":\"http:\/\/www.region-fes-meknes.ma\/wp-content\/uploads\/2017\/10\/logo-rfm4.png\",\"contentUrl\":\"http:\/\/www.region-fes-meknes.ma\/wp-content\/uploads\/2017\/10\/logo-rfm4.png\",\"width\":304,\"height\":291,\"caption\":\"R\u00e9gion F\u00e8s M\u00e8kn\u00e8s\"},\"image\":{\"@id\":\"https:\/\/www.region-fes-meknes.ma\/#\/schema\/logo\/image\/\"}},{\"@type\":\"Person\",\"@id\":\"https:\/\/www.region-fes-meknes.ma\/#\/schema\/person\/0f39741727e5e507b0f585d8ea23e359\",\"name\":\"Zaynab Dhimene\",\"image\":{\"@type\":\"ImageObject\",\"inLanguage\":\"fr-FR\",\"@id\":\"https:\/\/www.region-fes-meknes.ma\/#\/schema\/person\/image\/\",\"url\":\"https:\/\/secure.gravatar.com\/avatar\/c668cebb47e2644c6dfb9d8f5a83fb03?s=96&d=mm&r=g\",\"contentUrl\":\"https:\/\/secure.gravatar.com\/avatar\/c668cebb47e2644c6dfb9d8f5a83fb03?s=96&d=mm&r=g\",\"caption\":\"Zaynab Dhimene\"}}]}<\/script>\n<!-- \/ Yoast SEO plugin. -->","yoast_head_json":{"title":"Ifrane: L'inauguration du Grand March\u00e9 Itin\u00e9rant pour promouvoir l\u2019\u00e9conomie sociale et solidaire \u00e0 F\u00e8s-Mekn\u00e8s - R\u00e9gion F\u00e8s Mekn\u00e8s","robots":{"index":"index","follow":"follow","max-snippet":"max-snippet:-1","max-image-preview":"max-image-preview:large","max-video-preview":"max-video-preview:-1"},"canonical":"https:\/\/www.region-fes-meknes.ma\/fr\/actualites\/ifrane-linauguration-du-grand-marche-itinerant-pour-promouvoir-leconomie-sociale-et-solidaire-a-fes-meknes\/","og_locale":"fr_FR","og_type":"article","og_title":"Ifrane: L'inauguration du Grand March\u00e9 Itin\u00e9rant pour promouvoir l\u2019\u00e9conomie sociale et solidaire \u00e0 F\u00e8s-Mekn\u00e8s - R\u00e9gion F\u00e8s Mekn\u00e8s","og_description":"Le Grand March\u00e9 Itin\u00e9rant des Produits de l\u2019\u00c9conomie Sociale et Solidaire a \u00e9t\u00e9 inaugur\u00e9, mercredi 06 Ao\u00fbt \u00e0 Ifrane, sous le th\u00e8me \u00ab\u00a0Soutenons ensemble l\u2019\u00e9conomie sociale et solidaire et construisons ...","og_url":"https:\/\/www.region-fes-meknes.ma\/fr\/actualites\/ifrane-linauguration-du-grand-marche-itinerant-pour-promouvoir-leconomie-sociale-et-solidaire-a-fes-meknes\/","og_site_name":"R\u00e9gion F\u00e8s Mekn\u00e8s","article_publisher":"https:\/\/www.facebook.com\/R%c3%a9gion-F%c3%a8s-Mekn%c3%a8s-1130195096990872","article_published_time":"2025-08-07T10:45:47+00:00","article_modified_time":"2025-09-10T12:49:02+00:00","og_image":[{"width":1386,"height":799,"url":"https:\/\/www.region-fes-meknes.ma\/wp-content\/uploads\/2025\/09\/528741940_1160169032823656_4695451011099276384_n.jpg","type":"image\/jpeg"}],"author":"Zaynab Dhimene","twitter_card":"summary_large_image","twitter_misc":{"\u00c9crit par":"Zaynab Dhimene","Dur\u00e9e de lecture estim\u00e9e":"3 minutes"},"schema":{"@context":"https:\/\/schema.org","@graph":[{"@type":"Article","@id":"https:\/\/www.region-fes-meknes.ma\/fr\/actualites\/ifrane-linauguration-du-grand-marche-itinerant-pour-promouvoir-leconomie-sociale-et-solidaire-a-fes-meknes\/#article","isPartOf":{"@id":"https:\/\/www.region-fes-meknes.ma\/fr\/actualites\/ifrane-linauguration-du-grand-marche-itinerant-pour-promouvoir-leconomie-sociale-et-solidaire-a-fes-meknes\/"},"author":{"name":"Zaynab Dhimene","@id":"https:\/\/www.region-fes-meknes.ma\/#\/schema\/person\/0f39741727e5e507b0f585d8ea23e359"},"headline":"Ifrane: L&rsquo;inauguration du Grand March\u00e9 Itin\u00e9rant pour promouvoir l\u2019\u00e9conomie sociale et solidaire \u00e0 F\u00e8s-Mekn\u00e8s","datePublished":"2025-08-07T10:45:47+00:00","dateModified":"2025-09-10T12:49:02+00:00","mainEntityOfPage":{"@id":"https:\/\/www.region-fes-meknes.ma\/fr\/actualites\/ifrane-linauguration-du-grand-marche-itinerant-pour-promouvoir-leconomie-sociale-et-solidaire-a-fes-meknes\/"},"wordCount":422,"commentCount":0,"publisher":{"@id":"https:\/\/www.region-fes-meknes.ma\/#organization"},"articleSection":["Actualit\u00e9s"],"inLanguage":"fr-FR","potentialAction":[{"@type":"CommentAction","name":"Comment","target":["https:\/\/www.region-fes-meknes.ma\/fr\/actualites\/ifrane-linauguration-du-grand-marche-itinerant-pour-promouvoir-leconomie-sociale-et-solidaire-a-fes-meknes\/#respond"]}]},{"@type":"WebPage","@id":"https:\/\/www.region-fes-meknes.ma\/fr\/actualites\/ifrane-linauguration-du-grand-marche-itinerant-pour-promouvoir-leconomie-sociale-et-solidaire-a-fes-meknes\/","url":"https:\/\/www.region-fes-meknes.ma\/fr\/actualites\/ifrane-linauguration-du-grand-marche-itinerant-pour-promouvoir-leconomie-sociale-et-solidaire-a-fes-meknes\/","name":"Ifrane: L'inauguration du Grand March\u00e9 Itin\u00e9rant pour promouvoir l\u2019\u00e9conomie sociale et solidaire \u00e0 F\u00e8s-Mekn\u00e8s - R\u00e9gion F\u00e8s Mekn\u00e8s","isPartOf":{"@id":"https:\/\/www.region-fes-meknes.ma\/#website"},"datePublished":"2025-08-07T10:45:47+00:00","dateModified":"2025-09-10T12:49:02+00:00","breadcrumb":{"@id":"https:\/\/www.region-fes-meknes.ma\/fr\/actualites\/ifrane-linauguration-du-grand-marche-itinerant-pour-promouvoir-leconomie-sociale-et-solidaire-a-fes-meknes\/#breadcrumb"},"inLanguage":"fr-FR","potentialAction":[{"@type":"ReadAction","target":["https:\/\/www.region-fes-meknes.ma\/fr\/actualites\/ifrane-linauguration-du-grand-marche-itinerant-pour-promouvoir-leconomie-sociale-et-solidaire-a-fes-meknes\/"]}]},{"@type":"BreadcrumbList","@id":"https:\/\/www.region-fes-meknes.ma\/fr\/actualites\/ifrane-linauguration-du-grand-marche-itinerant-pour-promouvoir-leconomie-sociale-et-solidaire-a-fes-meknes\/#breadcrumb","itemListElement":[{"@type":"ListItem","position":1,"name":"Accueil","item":"https:\/\/www.region-fes-meknes.ma\/fr\/"},{"@type":"ListItem","position":2,"name":"Ifrane: L&#8217;inauguration du Grand March\u00e9 Itin\u00e9rant pour promouvoir l\u2019\u00e9conomie sociale et solidaire \u00e0 F\u00e8s-Mekn\u00e8s"}]},{"@type":"WebSite","@id":"https:\/\/www.region-fes-meknes.ma\/#website","url":"https:\/\/www.region-fes-meknes.ma\/","name":"Portail de la R\u00e9gion F\u00e8s-Mekn\u00e8s","description":"Site officiel de la r\u00e9gion F\u00e8s-Mekn\u00e8s.","publisher":{"@id":"https:\/\/www.region-fes-meknes.ma\/#organization"},"potentialAction":[{"@type":"SearchAction","target":{"@type":"EntryPoint","urlTemplate":"https:\/\/www.region-fes-meknes.ma\/?s={search_term_string}"},"query-input":"required name=search_term_string"}],"inLanguage":"fr-FR"},{"@type":"Organization","@id":"https:\/\/www.region-fes-meknes.ma\/#organization","name":"R\u00e9gion F\u00e8s M\u00e8kn\u00e8s","url":"https:\/\/www.region-fes-meknes.ma\/","sameAs":["https:\/\/www.facebook.com\/R\u00e9gion-F\u00e8s-Mekn\u00e8s-1130195096990872"],"logo":{"@type":"ImageObject","inLanguage":"fr-FR","@id":"https:\/\/www.region-fes-meknes.ma\/#\/schema\/logo\/image\/","url":"http:\/\/www.region-fes-meknes.ma\/wp-content\/uploads\/2017\/10\/logo-rfm4.png","contentUrl":"http:\/\/www.region-fes-meknes.ma\/wp-content\/uploads\/2017\/10\/logo-rfm4.png","width":304,"height":291,"caption":"R\u00e9gion F\u00e8s M\u00e8kn\u00e8s"},"image":{"@id":"https:\/\/www.region-fes-meknes.ma\/#\/schema\/logo\/image\/"}},{"@type":"Person","@id":"https:\/\/www.region-fes-meknes.ma\/#\/schema\/person\/0f39741727e5e507b0f585d8ea23e359","name":"Zaynab Dhimene","image":{"@type":"ImageObject","inLanguage":"fr-FR","@id":"https:\/\/www.region-fes-meknes.ma\/#\/schema\/person\/image\/","url":"https:\/\/secure.gravatar.com\/avatar\/c668cebb47e2644c6dfb9d8f5a83fb03?s=96&d=mm&r=g","contentUrl":"https:\/\/secure.gravatar.com\/avatar\/c668cebb47e2644c6dfb9d8f5a83fb03?s=96&d=mm&r=g","caption":"Zaynab Dhimene"}}]}},"_links":{"self":[{"href":"https:\/\/www.region-fes-meknes.ma\/fr\/wp-json\/wp\/v2\/posts\/38573"}],"collection":[{"href":"https:\/\/www.region-fes-meknes.ma\/fr\/wp-json\/wp\/v2\/posts"}],"about":[{"href":"https:\/\/www.region-fes-meknes.ma\/fr\/wp-json\/wp\/v2\/types\/post"}],"author":[{"embeddable":true,"href":"https:\/\/www.region-fes-meknes.ma\/fr\/wp-json\/wp\/v2\/users\/76"}],"replies":[{"embeddable":true,"href":"https:\/\/www.region-fes-meknes.ma\/fr\/wp-json\/wp\/v2\/comments?post=38573"}],"version-history":[{"count":1,"href":"https:\/\/www.region-fes-meknes.ma\/fr\/wp-json\/wp\/v2\/posts\/38573\/revisions"}],"predecessor-version":[{"id":38576,"href":"https:\/\/www.region-fes-meknes.ma\/fr\/wp-json\/wp\/v2\/posts\/38573\/revisions\/38576"}],"wp:featuredmedia":[{"embeddable":true,"href":"https:\/\/www.region-fes-meknes.ma\/fr\/wp-json\/wp\/v2\/media\/38539"}],"wp:attachment":[{"href":"https:\/\/www.region-fes-meknes.ma\/fr\/wp-json\/wp\/v2\/media?parent=38573"}],"wp:term":[{"taxonomy":"category","embeddable":true,"href":"https:\/\/www.region-fes-meknes.ma\/fr\/wp-json\/wp\/v2\/categories?post=38573"},{"taxonomy":"post_tag","embeddable":true,"href":"https:\/\/www.region-fes-meknes.ma\/fr\/wp-json\/wp\/v2\/tags?post=38573"}],"curies":[{"name":"wp","href":"https:\/\/api.w.org\/{rel}","templated":true}]}}