{"id":38579,"date":"2025-07-26T10:51:28","date_gmt":"2025-07-26T09:51:28","guid":{"rendered":"https:\/\/www.region-fes-meknes.ma\/?p=38579"},"modified":"2025-09-10T14:50:49","modified_gmt":"2025-09-10T13:50:49","slug":"distribution-des-cles-de-130-bus-scolaires-a-des-collectivites-territoriales-de-la-region-fes-meknes","status":"publish","type":"post","link":"https:\/\/www.region-fes-meknes.ma\/fr\/actualites\/distribution-des-cles-de-130-bus-scolaires-a-des-collectivites-territoriales-de-la-region-fes-meknes\/","title":{"rendered":"Distribution des cl\u00e9s de 130 bus scolaires \u00e0 des collectivit\u00e9s territoriales de la R\u00e9gion F\u00e8s Mekn\u00e8s"},"content":{"rendered":"<p>Le Conseil de la r\u00e9gion F\u00e8s-Mekn\u00e8s a proc\u00e9d\u00e9 \u00e0 la remise de 130 bus de transport scolaire, destin\u00e9s \u00e0 118 communes de la r\u00e9gion. Cette op\u00e9ration a \u00e9t\u00e9\u00a0 pr\u00e9sid\u00e9e par M. Abdelghani Sabbar, Wali de la R\u00e9gion, et M. Abdelouahed El Ansari, pr\u00e9sident du Conseil de la R\u00e9gion. Ainsi, cet investissement vise \u00e0 am\u00e9liorer les conditions de d\u00e9placement des \u00e9l\u00e8ves, notamment en milieu rural. Cette initiative s\u2019inscrit dans le cadre du Programme de d\u00e9veloppement r\u00e9gional et r\u00e9pond \u00e0 des besoins exprim\u00e9s sur le terrain.<\/p>\n<p>L\u2019op\u00e9ration vise principalement \u00e0 lutter contre l\u2019abandon scolaire, favoriser la scolarisation et all\u00e9ger les contraintes financi\u00e8res des familles. La r\u00e9partition des v\u00e9hicules a \u00e9t\u00e9 \u00e9tablie selon des crit\u00e8res objectifs, prenant en compte la population scolaire et les sp\u00e9cificit\u00e9s g\u00e9ographiques de chaque commune.<\/p>\n<p>Cette dotation en moyens de transport d\u00e9coule d\u2019une approche globale de r\u00e9duction des in\u00e9galit\u00e9s d\u2019acc\u00e8s \u00e0 l\u2019\u00e9ducation. Elle vise particuli\u00e8rement \u00e0 faciliter la scolarisation des \u00e9l\u00e8ves des zones rurales et difficiles d\u2019acc\u00e8s, avec un accent sur la pers\u00e9v\u00e9rance scolaire des filles.<\/p>\n","protected":false},"excerpt":{"rendered":"<p>Le Conseil de la r\u00e9gion F\u00e8s-Mekn\u00e8s a proc\u00e9d\u00e9 \u00e0 la remise de 130 bus de transport scolaire, destin\u00e9s \u00e0 118 communes de la r\u00e9gion. Cette op\u00e9ration a \u00e9t\u00e9\u00a0 pr\u00e9sid\u00e9e par &#8230;<\/p>\n","protected":false},"author":76,"featured_media":38497,"comment_status":"open","ping_status":"closed","sticky":false,"template":"","format":"standard","meta":{"_bbp_topic_count":0,"_bbp_reply_count":0,"_bbp_total_topic_count":0,"_bbp_total_reply_count":0,"_bbp_voice_count":0,"_bbp_anonymous_reply_count":0,"_bbp_topic_count_hidden":0,"_bbp_reply_count_hidden":0,"_bbp_forum_subforum_count":0},"categories":[18],"tags":[],"acf":[],"yoast_head":"<!-- This site is optimized with the Yoast SEO plugin v19.5.1 - https:\/\/yoast.com\/wordpress\/plugins\/seo\/ -->\n<title>Distribution des cl\u00e9s de 130 bus scolaires \u00e0 des collectivit\u00e9s territoriales de la R\u00e9gion F\u00e8s Mekn\u00e8s - R\u00e9gion F\u00e8s Mekn\u00e8s<\/title>\n<meta name=\"robots\" content=\"index, follow, max-snippet:-1, max-image-preview:large, max-video-preview:-1\" \/>\n<link rel=\"canonical\" href=\"https:\/\/www.region-fes-meknes.ma\/fr\/actualites\/distribution-des-cles-de-130-bus-scolaires-a-des-collectivites-territoriales-de-la-region-fes-meknes\/\" \/>\n<meta property=\"og:locale\" content=\"fr_FR\" \/>\n<meta property=\"og:type\" content=\"article\" \/>\n<meta property=\"og:title\" content=\"Distribution des cl\u00e9s de 130 bus scolaires \u00e0 des collectivit\u00e9s territoriales de la R\u00e9gion F\u00e8s Mekn\u00e8s - R\u00e9gion F\u00e8s Mekn\u00e8s\" \/>\n<meta property=\"og:description\" content=\"Le Conseil de la r\u00e9gion F\u00e8s-Mekn\u00e8s a proc\u00e9d\u00e9 \u00e0 la remise de 130 bus de transport scolaire, destin\u00e9s \u00e0 118 communes de la r\u00e9gion. Cette op\u00e9ration a \u00e9t\u00e9\u00a0 pr\u00e9sid\u00e9e par ...\" \/>\n<meta property=\"og:url\" content=\"https:\/\/www.region-fes-meknes.ma\/fr\/actualites\/distribution-des-cles-de-130-bus-scolaires-a-des-collectivites-territoriales-de-la-region-fes-meknes\/\" \/>\n<meta property=\"og:site_name\" content=\"R\u00e9gion F\u00e8s Mekn\u00e8s\" \/>\n<meta property=\"article:publisher\" content=\"https:\/\/www.facebook.com\/R%c3%a9gion-F%c3%a8s-Mekn%c3%a8s-1130195096990872\" \/>\n<meta property=\"article:published_time\" content=\"2025-07-26T09:51:28+00:00\" \/>\n<meta property=\"article:modified_time\" content=\"2025-09-10T13:50:49+00:00\" \/>\n<meta property=\"og:image\" content=\"https:\/\/www.region-fes-meknes.ma\/wp-content\/uploads\/2025\/09\/523924209_1150067780500448_9031479718054613816_n.jpg\" \/>\n\t<meta property=\"og:image:width\" content=\"1600\" \/>\n\t<meta property=\"og:image:height\" content=\"1059\" \/>\n\t<meta property=\"og:image:type\" content=\"image\/jpeg\" \/>\n<meta name=\"author\" content=\"Zaynab Dhimene\" \/>\n<meta name=\"twitter:card\" content=\"summary_large_image\" \/>\n<meta name=\"twitter:label1\" content=\"\u00c9crit par\" \/>\n\t<meta name=\"twitter:data1\" content=\"Zaynab Dhimene\" \/>\n\t<meta name=\"twitter:label2\" content=\"Dur\u00e9e de lecture estim\u00e9e\" \/>\n\t<meta name=\"twitter:data2\" content=\"2 minutes\" \/>\n<script type=\"application\/ld+json\" class=\"yoast-schema-graph\">{\"@context\":\"https:\/\/schema.org\",\"@graph\":[{\"@type\":\"Article\",\"@id\":\"https:\/\/www.region-fes-meknes.ma\/fr\/actualites\/distribution-des-cles-de-130-bus-scolaires-a-des-collectivites-territoriales-de-la-region-fes-meknes\/#article\",\"isPartOf\":{\"@id\":\"https:\/\/www.region-fes-meknes.ma\/fr\/actualites\/distribution-des-cles-de-130-bus-scolaires-a-des-collectivites-territoriales-de-la-region-fes-meknes\/\"},\"author\":{\"name\":\"Zaynab Dhimene\",\"@id\":\"https:\/\/www.region-fes-meknes.ma\/#\/schema\/person\/0f39741727e5e507b0f585d8ea23e359\"},\"headline\":\"Distribution des cl\u00e9s de 130 bus scolaires \u00e0 des collectivit\u00e9s territoriales de la R\u00e9gion F\u00e8s Mekn\u00e8s\",\"datePublished\":\"2025-07-26T09:51:28+00:00\",\"dateModified\":\"2025-09-10T13:50:49+00:00\",\"mainEntityOfPage\":{\"@id\":\"https:\/\/www.region-fes-meknes.ma\/fr\/actualites\/distribution-des-cles-de-130-bus-scolaires-a-des-collectivites-territoriales-de-la-region-fes-meknes\/\"},\"wordCount\":222,\"commentCount\":0,\"publisher\":{\"@id\":\"https:\/\/www.region-fes-meknes.ma\/#organization\"},\"articleSection\":[\"Actualit\u00e9s\"],\"inLanguage\":\"fr-FR\",\"potentialAction\":[{\"@type\":\"CommentAction\",\"name\":\"Comment\",\"target\":[\"https:\/\/www.region-fes-meknes.ma\/fr\/actualites\/distribution-des-cles-de-130-bus-scolaires-a-des-collectivites-territoriales-de-la-region-fes-meknes\/#respond\"]}]},{\"@type\":\"WebPage\",\"@id\":\"https:\/\/www.region-fes-meknes.ma\/fr\/actualites\/distribution-des-cles-de-130-bus-scolaires-a-des-collectivites-territoriales-de-la-region-fes-meknes\/\",\"url\":\"https:\/\/www.region-fes-meknes.ma\/fr\/actualites\/distribution-des-cles-de-130-bus-scolaires-a-des-collectivites-territoriales-de-la-region-fes-meknes\/\",\"name\":\"Distribution des cl\u00e9s de 130 bus scolaires \u00e0 des collectivit\u00e9s territoriales de la R\u00e9gion F\u00e8s Mekn\u00e8s - R\u00e9gion F\u00e8s Mekn\u00e8s\",\"isPartOf\":{\"@id\":\"https:\/\/www.region-fes-meknes.ma\/#website\"},\"datePublished\":\"2025-07-26T09:51:28+00:00\",\"dateModified\":\"2025-09-10T13:50:49+00:00\",\"breadcrumb\":{\"@id\":\"https:\/\/www.region-fes-meknes.ma\/fr\/actualites\/distribution-des-cles-de-130-bus-scolaires-a-des-collectivites-territoriales-de-la-region-fes-meknes\/#breadcrumb\"},\"inLanguage\":\"fr-FR\",\"potentialAction\":[{\"@type\":\"ReadAction\",\"target\":[\"https:\/\/www.region-fes-meknes.ma\/fr\/actualites\/distribution-des-cles-de-130-bus-scolaires-a-des-collectivites-territoriales-de-la-region-fes-meknes\/\"]}]},{\"@type\":\"BreadcrumbList\",\"@id\":\"https:\/\/www.region-fes-meknes.ma\/fr\/actualites\/distribution-des-cles-de-130-bus-scolaires-a-des-collectivites-territoriales-de-la-region-fes-meknes\/#breadcrumb\",\"itemListElement\":[{\"@type\":\"ListItem\",\"position\":1,\"name\":\"Accueil\",\"item\":\"https:\/\/www.region-fes-meknes.ma\/fr\/\"},{\"@type\":\"ListItem\",\"position\":2,\"name\":\"Distribution des cl\u00e9s de 130 bus scolaires \u00e0 des collectivit\u00e9s territoriales de la R\u00e9gion F\u00e8s Mekn\u00e8s\"}]},{\"@type\":\"WebSite\",\"@id\":\"https:\/\/www.region-fes-meknes.ma\/#website\",\"url\":\"https:\/\/www.region-fes-meknes.ma\/\",\"name\":\"Portail de la R\u00e9gion F\u00e8s-Mekn\u00e8s\",\"description\":\"Site officiel de la r\u00e9gion F\u00e8s-Mekn\u00e8s.\",\"publisher\":{\"@id\":\"https:\/\/www.region-fes-meknes.ma\/#organization\"},\"potentialAction\":[{\"@type\":\"SearchAction\",\"target\":{\"@type\":\"EntryPoint\",\"urlTemplate\":\"https:\/\/www.region-fes-meknes.ma\/?s={search_term_string}\"},\"query-input\":\"required name=search_term_string\"}],\"inLanguage\":\"fr-FR\"},{\"@type\":\"Organization\",\"@id\":\"https:\/\/www.region-fes-meknes.ma\/#organization\",\"name\":\"R\u00e9gion F\u00e8s M\u00e8kn\u00e8s\",\"url\":\"https:\/\/www.region-fes-meknes.ma\/\",\"sameAs\":[\"https:\/\/www.facebook.com\/R\u00e9gion-F\u00e8s-Mekn\u00e8s-1130195096990872\"],\"logo\":{\"@type\":\"ImageObject\",\"inLanguage\":\"fr-FR\",\"@id\":\"https:\/\/www.region-fes-meknes.ma\/#\/schema\/logo\/image\/\",\"url\":\"http:\/\/www.region-fes-meknes.ma\/wp-content\/uploads\/2017\/10\/logo-rfm4.png\",\"contentUrl\":\"http:\/\/www.region-fes-meknes.ma\/wp-content\/uploads\/2017\/10\/logo-rfm4.png\",\"width\":304,\"height\":291,\"caption\":\"R\u00e9gion F\u00e8s M\u00e8kn\u00e8s\"},\"image\":{\"@id\":\"https:\/\/www.region-fes-meknes.ma\/#\/schema\/logo\/image\/\"}},{\"@type\":\"Person\",\"@id\":\"https:\/\/www.region-fes-meknes.ma\/#\/schema\/person\/0f39741727e5e507b0f585d8ea23e359\",\"name\":\"Zaynab Dhimene\",\"image\":{\"@type\":\"ImageObject\",\"inLanguage\":\"fr-FR\",\"@id\":\"https:\/\/www.region-fes-meknes.ma\/#\/schema\/person\/image\/\",\"url\":\"https:\/\/secure.gravatar.com\/avatar\/c668cebb47e2644c6dfb9d8f5a83fb03?s=96&d=mm&r=g\",\"contentUrl\":\"https:\/\/secure.gravatar.com\/avatar\/c668cebb47e2644c6dfb9d8f5a83fb03?s=96&d=mm&r=g\",\"caption\":\"Zaynab Dhimene\"}}]}<\/script>\n<!-- \/ Yoast SEO plugin. -->","yoast_head_json":{"title":"Distribution des cl\u00e9s de 130 bus scolaires \u00e0 des collectivit\u00e9s territoriales de la R\u00e9gion F\u00e8s Mekn\u00e8s - R\u00e9gion F\u00e8s Mekn\u00e8s","robots":{"index":"index","follow":"follow","max-snippet":"max-snippet:-1","max-image-preview":"max-image-preview:large","max-video-preview":"max-video-preview:-1"},"canonical":"https:\/\/www.region-fes-meknes.ma\/fr\/actualites\/distribution-des-cles-de-130-bus-scolaires-a-des-collectivites-territoriales-de-la-region-fes-meknes\/","og_locale":"fr_FR","og_type":"article","og_title":"Distribution des cl\u00e9s de 130 bus scolaires \u00e0 des collectivit\u00e9s territoriales de la R\u00e9gion F\u00e8s Mekn\u00e8s - R\u00e9gion F\u00e8s Mekn\u00e8s","og_description":"Le Conseil de la r\u00e9gion F\u00e8s-Mekn\u00e8s a proc\u00e9d\u00e9 \u00e0 la remise de 130 bus de transport scolaire, destin\u00e9s \u00e0 118 communes de la r\u00e9gion. Cette op\u00e9ration a \u00e9t\u00e9\u00a0 pr\u00e9sid\u00e9e par ...","og_url":"https:\/\/www.region-fes-meknes.ma\/fr\/actualites\/distribution-des-cles-de-130-bus-scolaires-a-des-collectivites-territoriales-de-la-region-fes-meknes\/","og_site_name":"R\u00e9gion F\u00e8s Mekn\u00e8s","article_publisher":"https:\/\/www.facebook.com\/R%c3%a9gion-F%c3%a8s-Mekn%c3%a8s-1130195096990872","article_published_time":"2025-07-26T09:51:28+00:00","article_modified_time":"2025-09-10T13:50:49+00:00","og_image":[{"width":1600,"height":1059,"url":"https:\/\/www.region-fes-meknes.ma\/wp-content\/uploads\/2025\/09\/523924209_1150067780500448_9031479718054613816_n.jpg","type":"image\/jpeg"}],"author":"Zaynab Dhimene","twitter_card":"summary_large_image","twitter_misc":{"\u00c9crit par":"Zaynab Dhimene","Dur\u00e9e de lecture estim\u00e9e":"2 minutes"},"schema":{"@context":"https:\/\/schema.org","@graph":[{"@type":"Article","@id":"https:\/\/www.region-fes-meknes.ma\/fr\/actualites\/distribution-des-cles-de-130-bus-scolaires-a-des-collectivites-territoriales-de-la-region-fes-meknes\/#article","isPartOf":{"@id":"https:\/\/www.region-fes-meknes.ma\/fr\/actualites\/distribution-des-cles-de-130-bus-scolaires-a-des-collectivites-territoriales-de-la-region-fes-meknes\/"},"author":{"name":"Zaynab Dhimene","@id":"https:\/\/www.region-fes-meknes.ma\/#\/schema\/person\/0f39741727e5e507b0f585d8ea23e359"},"headline":"Distribution des cl\u00e9s de 130 bus scolaires \u00e0 des collectivit\u00e9s territoriales de la R\u00e9gion F\u00e8s Mekn\u00e8s","datePublished":"2025-07-26T09:51:28+00:00","dateModified":"2025-09-10T13:50:49+00:00","mainEntityOfPage":{"@id":"https:\/\/www.region-fes-meknes.ma\/fr\/actualites\/distribution-des-cles-de-130-bus-scolaires-a-des-collectivites-territoriales-de-la-region-fes-meknes\/"},"wordCount":222,"commentCount":0,"publisher":{"@id":"https:\/\/www.region-fes-meknes.ma\/#organization"},"articleSection":["Actualit\u00e9s"],"inLanguage":"fr-FR","potentialAction":[{"@type":"CommentAction","name":"Comment","target":["https:\/\/www.region-fes-meknes.ma\/fr\/actualites\/distribution-des-cles-de-130-bus-scolaires-a-des-collectivites-territoriales-de-la-region-fes-meknes\/#respond"]}]},{"@type":"WebPage","@id":"https:\/\/www.region-fes-meknes.ma\/fr\/actualites\/distribution-des-cles-de-130-bus-scolaires-a-des-collectivites-territoriales-de-la-region-fes-meknes\/","url":"https:\/\/www.region-fes-meknes.ma\/fr\/actualites\/distribution-des-cles-de-130-bus-scolaires-a-des-collectivites-territoriales-de-la-region-fes-meknes\/","name":"Distribution des cl\u00e9s de 130 bus scolaires \u00e0 des collectivit\u00e9s territoriales de la R\u00e9gion F\u00e8s Mekn\u00e8s - R\u00e9gion F\u00e8s Mekn\u00e8s","isPartOf":{"@id":"https:\/\/www.region-fes-meknes.ma\/#website"},"datePublished":"2025-07-26T09:51:28+00:00","dateModified":"2025-09-10T13:50:49+00:00","breadcrumb":{"@id":"https:\/\/www.region-fes-meknes.ma\/fr\/actualites\/distribution-des-cles-de-130-bus-scolaires-a-des-collectivites-territoriales-de-la-region-fes-meknes\/#breadcrumb"},"inLanguage":"fr-FR","potentialAction":[{"@type":"ReadAction","target":["https:\/\/www.region-fes-meknes.ma\/fr\/actualites\/distribution-des-cles-de-130-bus-scolaires-a-des-collectivites-territoriales-de-la-region-fes-meknes\/"]}]},{"@type":"BreadcrumbList","@id":"https:\/\/www.region-fes-meknes.ma\/fr\/actualites\/distribution-des-cles-de-130-bus-scolaires-a-des-collectivites-territoriales-de-la-region-fes-meknes\/#breadcrumb","itemListElement":[{"@type":"ListItem","position":1,"name":"Accueil","item":"https:\/\/www.region-fes-meknes.ma\/fr\/"},{"@type":"ListItem","position":2,"name":"Distribution des cl\u00e9s de 130 bus scolaires \u00e0 des collectivit\u00e9s territoriales de la R\u00e9gion F\u00e8s Mekn\u00e8s"}]},{"@type":"WebSite","@id":"https:\/\/www.region-fes-meknes.ma\/#website","url":"https:\/\/www.region-fes-meknes.ma\/","name":"Portail de la R\u00e9gion F\u00e8s-Mekn\u00e8s","description":"Site officiel de la r\u00e9gion F\u00e8s-Mekn\u00e8s.","publisher":{"@id":"https:\/\/www.region-fes-meknes.ma\/#organization"},"potentialAction":[{"@type":"SearchAction","target":{"@type":"EntryPoint","urlTemplate":"https:\/\/www.region-fes-meknes.ma\/?s={search_term_string}"},"query-input":"required name=search_term_string"}],"inLanguage":"fr-FR"},{"@type":"Organization","@id":"https:\/\/www.region-fes-meknes.ma\/#organization","name":"R\u00e9gion F\u00e8s M\u00e8kn\u00e8s","url":"https:\/\/www.region-fes-meknes.ma\/","sameAs":["https:\/\/www.facebook.com\/R\u00e9gion-F\u00e8s-Mekn\u00e8s-1130195096990872"],"logo":{"@type":"ImageObject","inLanguage":"fr-FR","@id":"https:\/\/www.region-fes-meknes.ma\/#\/schema\/logo\/image\/","url":"http:\/\/www.region-fes-meknes.ma\/wp-content\/uploads\/2017\/10\/logo-rfm4.png","contentUrl":"http:\/\/www.region-fes-meknes.ma\/wp-content\/uploads\/2017\/10\/logo-rfm4.png","width":304,"height":291,"caption":"R\u00e9gion F\u00e8s M\u00e8kn\u00e8s"},"image":{"@id":"https:\/\/www.region-fes-meknes.ma\/#\/schema\/logo\/image\/"}},{"@type":"Person","@id":"https:\/\/www.region-fes-meknes.ma\/#\/schema\/person\/0f39741727e5e507b0f585d8ea23e359","name":"Zaynab Dhimene","image":{"@type":"ImageObject","inLanguage":"fr-FR","@id":"https:\/\/www.region-fes-meknes.ma\/#\/schema\/person\/image\/","url":"https:\/\/secure.gravatar.com\/avatar\/c668cebb47e2644c6dfb9d8f5a83fb03?s=96&d=mm&r=g","contentUrl":"https:\/\/secure.gravatar.com\/avatar\/c668cebb47e2644c6dfb9d8f5a83fb03?s=96&d=mm&r=g","caption":"Zaynab Dhimene"}}]}},"_links":{"self":[{"href":"https:\/\/www.region-fes-meknes.ma\/fr\/wp-json\/wp\/v2\/posts\/38579"}],"collection":[{"href":"https:\/\/www.region-fes-meknes.ma\/fr\/wp-json\/wp\/v2\/posts"}],"about":[{"href":"https:\/\/www.region-fes-meknes.ma\/fr\/wp-json\/wp\/v2\/types\/post"}],"author":[{"embeddable":true,"href":"https:\/\/www.region-fes-meknes.ma\/fr\/wp-json\/wp\/v2\/users\/76"}],"replies":[{"embeddable":true,"href":"https:\/\/www.region-fes-meknes.ma\/fr\/wp-json\/wp\/v2\/comments?post=38579"}],"version-history":[{"count":2,"href":"https:\/\/www.region-fes-meknes.ma\/fr\/wp-json\/wp\/v2\/posts\/38579\/revisions"}],"predecessor-version":[{"id":38584,"href":"https:\/\/www.region-fes-meknes.ma\/fr\/wp-json\/wp\/v2\/posts\/38579\/revisions\/38584"}],"wp:featuredmedia":[{"embeddable":true,"href":"https:\/\/www.region-fes-meknes.ma\/fr\/wp-json\/wp\/v2\/media\/38497"}],"wp:attachment":[{"href":"https:\/\/www.region-fes-meknes.ma\/fr\/wp-json\/wp\/v2\/media?parent=38579"}],"wp:term":[{"taxonomy":"category","embeddable":true,"href":"https:\/\/www.region-fes-meknes.ma\/fr\/wp-json\/wp\/v2\/categories?post=38579"},{"taxonomy":"post_tag","embeddable":true,"href":"https:\/\/www.region-fes-meknes.ma\/fr\/wp-json\/wp\/v2\/tags?post=38579"}],"curies":[{"name":"wp","href":"https:\/\/api.w.org\/{rel}","templated":true}]}}