{"id":4932,"date":"2018-04-12T14:13:21","date_gmt":"2018-04-12T12:13:21","guid":{"rendered":"http:\/\/www.region-fes-meknes.ma\/?p=4932"},"modified":"2018-04-13T17:24:00","modified_gmt":"2018-04-13T15:24:00","slug":"visite-du-vice-president-de-la-region-fes-meknes-a-lassociation-mouvement-alternatives-citoyennes-alci","status":"publish","type":"post","link":"https:\/\/www.region-fes-meknes.ma\/fr\/actualites\/visite-du-vice-president-de-la-region-fes-meknes-a-lassociation-mouvement-alternatives-citoyennes-alci\/","title":{"rendered":"Visite du Vice-pr\u00e9sident de la R\u00e9gion F\u00e8s-Mekn\u00e8s \u00e0 l\u2019association Mouvement Alternatives Citoyennes (ALCI)"},"content":{"rendered":"<p>Dans le cadre du projet jeunesse inscrit dans la coop\u00e9ration d\u00e9centralis\u00e9e entre la R\u00e9gion F\u00e8s-Mekn\u00e8s et la R\u00e9gion Centre-Val de Loire, le premier vice pr\u00e9sident, <em><strong>Monsieur Driss Sqalli Adaoui<\/strong><\/em> a rendu visite le Jeudi 12 Avril 2018 aux deux jeunes fran\u00e7ais actuellement en service civique \u00e0 F\u00e8s, dans les locaux de l\u2019association \u00ab\u00a0Mouvement Alternatives Citoyennes\u00a0\u00bb. L\u2019objectif de la visite est de faire le point sur les premi\u00e8res semaines de leurs missions en termes d\u2019activit\u00e9s et d\u2019int\u00e9gration dans leurs environnements professionnel et personnel.<\/p>\n<p><img loading=\"lazy\" class=\"size-full wp-image-4929 aligncenter\" src=\"http:\/\/www.region-fes-meknes.ma\/wp-content\/uploads\/2018\/04\/visite-sqalli-alci-180412-02.jpg\" alt=\"\" width=\"1090\" height=\"722\" srcset=\"https:\/\/www.region-fes-meknes.ma\/wp-content\/uploads\/2018\/04\/visite-sqalli-alci-180412-02.jpg 1090w, https:\/\/www.region-fes-meknes.ma\/wp-content\/uploads\/2018\/04\/visite-sqalli-alci-180412-02-300x199.jpg 300w, https:\/\/www.region-fes-meknes.ma\/wp-content\/uploads\/2018\/04\/visite-sqalli-alci-180412-02-768x509.jpg 768w, https:\/\/www.region-fes-meknes.ma\/wp-content\/uploads\/2018\/04\/visite-sqalli-alci-180412-02-1024x678.jpg 1024w, https:\/\/www.region-fes-meknes.ma\/wp-content\/uploads\/2018\/04\/visite-sqalli-alci-180412-02-100x66.jpg 100w\" sizes=\"(max-width: 1090px) 100vw, 1090px\" \/><\/p>\n<p><img loading=\"lazy\" class=\"size-full wp-image-4928 aligncenter\" src=\"http:\/\/www.region-fes-meknes.ma\/wp-content\/uploads\/2018\/04\/visite-sqalli-alci-180412-01.jpg\" alt=\"\" width=\"1090\" height=\"722\" srcset=\"https:\/\/www.region-fes-meknes.ma\/wp-content\/uploads\/2018\/04\/visite-sqalli-alci-180412-01.jpg 1090w, https:\/\/www.region-fes-meknes.ma\/wp-content\/uploads\/2018\/04\/visite-sqalli-alci-180412-01-300x199.jpg 300w, https:\/\/www.region-fes-meknes.ma\/wp-content\/uploads\/2018\/04\/visite-sqalli-alci-180412-01-768x509.jpg 768w, https:\/\/www.region-fes-meknes.ma\/wp-content\/uploads\/2018\/04\/visite-sqalli-alci-180412-01-1024x678.jpg 1024w, https:\/\/www.region-fes-meknes.ma\/wp-content\/uploads\/2018\/04\/visite-sqalli-alci-180412-01-100x66.jpg 100w\" sizes=\"(max-width: 1090px) 100vw, 1090px\" \/><\/p>\n","protected":false},"excerpt":{"rendered":"<p>Dans le cadre du projet jeunesse inscrit dans la coop\u00e9ration d\u00e9centralis\u00e9e entre la R\u00e9gion F\u00e8s-Mekn\u00e8s et la R\u00e9gion Centre-Val de Loire, le premier vice pr\u00e9sident, Monsieur Driss Sqalli Adaoui a &#8230;<\/p>\n","protected":false},"author":1,"featured_media":4927,"comment_status":"open","ping_status":"open","sticky":false,"template":"","format":"standard","meta":{"_bbp_topic_count":0,"_bbp_reply_count":0,"_bbp_total_topic_count":0,"_bbp_total_reply_count":0,"_bbp_voice_count":0,"_bbp_anonymous_reply_count":0,"_bbp_topic_count_hidden":0,"_bbp_reply_count_hidden":0,"_bbp_forum_subforum_count":0},"categories":[18,92],"tags":[],"acf":[],"yoast_head":"<!-- This site is optimized with the Yoast SEO plugin v19.5.1 - https:\/\/yoast.com\/wordpress\/plugins\/seo\/ -->\n<title>Visite du Vice-pr\u00e9sident de la R\u00e9gion F\u00e8s-Mekn\u00e8s \u00e0 l\u2019association Mouvement Alternatives Citoyennes (ALCI) - R\u00e9gion F\u00e8s Mekn\u00e8s<\/title>\n<meta name=\"robots\" content=\"index, follow, max-snippet:-1, max-image-preview:large, max-video-preview:-1\" \/>\n<link rel=\"canonical\" href=\"https:\/\/www.region-fes-meknes.ma\/fr\/actualites\/visite-du-vice-president-de-la-region-fes-meknes-a-lassociation-mouvement-alternatives-citoyennes-alci\/\" \/>\n<meta property=\"og:locale\" content=\"fr_FR\" \/>\n<meta property=\"og:type\" content=\"article\" \/>\n<meta property=\"og:title\" content=\"Visite du Vice-pr\u00e9sident de la R\u00e9gion F\u00e8s-Mekn\u00e8s \u00e0 l\u2019association Mouvement Alternatives Citoyennes (ALCI) - R\u00e9gion F\u00e8s Mekn\u00e8s\" \/>\n<meta property=\"og:description\" content=\"Dans le cadre du projet jeunesse inscrit dans la coop\u00e9ration d\u00e9centralis\u00e9e entre la R\u00e9gion F\u00e8s-Mekn\u00e8s et la R\u00e9gion Centre-Val de Loire, le premier vice pr\u00e9sident, Monsieur Driss Sqalli Adaoui a ...\" \/>\n<meta property=\"og:url\" content=\"https:\/\/www.region-fes-meknes.ma\/fr\/actualites\/visite-du-vice-president-de-la-region-fes-meknes-a-lassociation-mouvement-alternatives-citoyennes-alci\/\" \/>\n<meta property=\"og:site_name\" content=\"R\u00e9gion F\u00e8s Mekn\u00e8s\" \/>\n<meta property=\"article:publisher\" content=\"https:\/\/www.facebook.com\/R%c3%a9gion-F%c3%a8s-Mekn%c3%a8s-1130195096990872\" \/>\n<meta property=\"article:published_time\" content=\"2018-04-12T12:13:21+00:00\" \/>\n<meta property=\"article:modified_time\" content=\"2018-04-13T15:24:00+00:00\" \/>\n<meta property=\"og:image\" content=\"https:\/\/www.region-fes-meknes.ma\/wp-content\/uploads\/2018\/04\/visite-sqalli-alci-180412-00.jpg\" \/>\n\t<meta property=\"og:image:width\" content=\"1090\" \/>\n\t<meta property=\"og:image:height\" content=\"722\" \/>\n\t<meta property=\"og:image:type\" content=\"image\/jpeg\" \/>\n<meta name=\"author\" content=\"Webmaster\" \/>\n<meta name=\"twitter:card\" content=\"summary_large_image\" \/>\n<meta name=\"twitter:label1\" content=\"\u00c9crit par\" \/>\n\t<meta name=\"twitter:data1\" content=\"Webmaster\" \/>\n<script type=\"application\/ld+json\" class=\"yoast-schema-graph\">{\"@context\":\"https:\/\/schema.org\",\"@graph\":[{\"@type\":\"Article\",\"@id\":\"https:\/\/www.region-fes-meknes.ma\/fr\/actualites\/visite-du-vice-president-de-la-region-fes-meknes-a-lassociation-mouvement-alternatives-citoyennes-alci\/#article\",\"isPartOf\":{\"@id\":\"https:\/\/www.region-fes-meknes.ma\/fr\/actualites\/visite-du-vice-president-de-la-region-fes-meknes-a-lassociation-mouvement-alternatives-citoyennes-alci\/\"},\"author\":{\"name\":\"Webmaster\",\"@id\":\"https:\/\/www.region-fes-meknes.ma\/#\/schema\/person\/a6f00c1887fecaef82369ec2bdb25456\"},\"headline\":\"Visite du Vice-pr\u00e9sident de la R\u00e9gion F\u00e8s-Mekn\u00e8s \u00e0 l\u2019association Mouvement Alternatives Citoyennes (ALCI)\",\"datePublished\":\"2018-04-12T12:13:21+00:00\",\"dateModified\":\"2018-04-13T15:24:00+00:00\",\"mainEntityOfPage\":{\"@id\":\"https:\/\/www.region-fes-meknes.ma\/fr\/actualites\/visite-du-vice-president-de-la-region-fes-meknes-a-lassociation-mouvement-alternatives-citoyennes-alci\/\"},\"wordCount\":113,\"commentCount\":0,\"publisher\":{\"@id\":\"https:\/\/www.region-fes-meknes.ma\/#organization\"},\"articleSection\":[\"Actualit\u00e9s\",\"Coop\u00e9ration\"],\"inLanguage\":\"fr-FR\",\"potentialAction\":[{\"@type\":\"CommentAction\",\"name\":\"Comment\",\"target\":[\"https:\/\/www.region-fes-meknes.ma\/fr\/actualites\/visite-du-vice-president-de-la-region-fes-meknes-a-lassociation-mouvement-alternatives-citoyennes-alci\/#respond\"]}]},{\"@type\":\"WebPage\",\"@id\":\"https:\/\/www.region-fes-meknes.ma\/fr\/actualites\/visite-du-vice-president-de-la-region-fes-meknes-a-lassociation-mouvement-alternatives-citoyennes-alci\/\",\"url\":\"https:\/\/www.region-fes-meknes.ma\/fr\/actualites\/visite-du-vice-president-de-la-region-fes-meknes-a-lassociation-mouvement-alternatives-citoyennes-alci\/\",\"name\":\"Visite du Vice-pr\u00e9sident de la R\u00e9gion F\u00e8s-Mekn\u00e8s \u00e0 l\u2019association Mouvement Alternatives Citoyennes (ALCI) - R\u00e9gion F\u00e8s Mekn\u00e8s\",\"isPartOf\":{\"@id\":\"https:\/\/www.region-fes-meknes.ma\/#website\"},\"datePublished\":\"2018-04-12T12:13:21+00:00\",\"dateModified\":\"2018-04-13T15:24:00+00:00\",\"breadcrumb\":{\"@id\":\"https:\/\/www.region-fes-meknes.ma\/fr\/actualites\/visite-du-vice-president-de-la-region-fes-meknes-a-lassociation-mouvement-alternatives-citoyennes-alci\/#breadcrumb\"},\"inLanguage\":\"fr-FR\",\"potentialAction\":[{\"@type\":\"ReadAction\",\"target\":[\"https:\/\/www.region-fes-meknes.ma\/fr\/actualites\/visite-du-vice-president-de-la-region-fes-meknes-a-lassociation-mouvement-alternatives-citoyennes-alci\/\"]}]},{\"@type\":\"BreadcrumbList\",\"@id\":\"https:\/\/www.region-fes-meknes.ma\/fr\/actualites\/visite-du-vice-president-de-la-region-fes-meknes-a-lassociation-mouvement-alternatives-citoyennes-alci\/#breadcrumb\",\"itemListElement\":[{\"@type\":\"ListItem\",\"position\":1,\"name\":\"Accueil\",\"item\":\"https:\/\/www.region-fes-meknes.ma\/fr\/\"},{\"@type\":\"ListItem\",\"position\":2,\"name\":\"Visite du Vice-pr\u00e9sident de la R\u00e9gion F\u00e8s-Mekn\u00e8s \u00e0 l\u2019association Mouvement Alternatives Citoyennes (ALCI)\"}]},{\"@type\":\"WebSite\",\"@id\":\"https:\/\/www.region-fes-meknes.ma\/#website\",\"url\":\"https:\/\/www.region-fes-meknes.ma\/\",\"name\":\"Portail de la R\u00e9gion F\u00e8s-Mekn\u00e8s\",\"description\":\"Site officiel de la r\u00e9gion F\u00e8s-Mekn\u00e8s.\",\"publisher\":{\"@id\":\"https:\/\/www.region-fes-meknes.ma\/#organization\"},\"potentialAction\":[{\"@type\":\"SearchAction\",\"target\":{\"@type\":\"EntryPoint\",\"urlTemplate\":\"https:\/\/www.region-fes-meknes.ma\/?s={search_term_string}\"},\"query-input\":\"required name=search_term_string\"}],\"inLanguage\":\"fr-FR\"},{\"@type\":\"Organization\",\"@id\":\"https:\/\/www.region-fes-meknes.ma\/#organization\",\"name\":\"R\u00e9gion F\u00e8s M\u00e8kn\u00e8s\",\"url\":\"https:\/\/www.region-fes-meknes.ma\/\",\"sameAs\":[\"https:\/\/www.facebook.com\/R\u00e9gion-F\u00e8s-Mekn\u00e8s-1130195096990872\"],\"logo\":{\"@type\":\"ImageObject\",\"inLanguage\":\"fr-FR\",\"@id\":\"https:\/\/www.region-fes-meknes.ma\/#\/schema\/logo\/image\/\",\"url\":\"http:\/\/www.region-fes-meknes.ma\/wp-content\/uploads\/2017\/10\/logo-rfm4.png\",\"contentUrl\":\"http:\/\/www.region-fes-meknes.ma\/wp-content\/uploads\/2017\/10\/logo-rfm4.png\",\"width\":304,\"height\":291,\"caption\":\"R\u00e9gion F\u00e8s M\u00e8kn\u00e8s\"},\"image\":{\"@id\":\"https:\/\/www.region-fes-meknes.ma\/#\/schema\/logo\/image\/\"}},{\"@type\":\"Person\",\"@id\":\"https:\/\/www.region-fes-meknes.ma\/#\/schema\/person\/a6f00c1887fecaef82369ec2bdb25456\",\"name\":\"Webmaster\",\"image\":{\"@type\":\"ImageObject\",\"inLanguage\":\"fr-FR\",\"@id\":\"https:\/\/www.region-fes-meknes.ma\/#\/schema\/person\/image\/\",\"url\":\"https:\/\/www.region-fes-meknes.ma\/wp-content\/uploads\/2017\/10\/logo-rfm4-150x150.png\",\"contentUrl\":\"https:\/\/www.region-fes-meknes.ma\/wp-content\/uploads\/2017\/10\/logo-rfm4-150x150.png\",\"caption\":\"Webmaster\"}}]}<\/script>\n<!-- \/ Yoast SEO plugin. -->","yoast_head_json":{"title":"Visite du Vice-pr\u00e9sident de la R\u00e9gion F\u00e8s-Mekn\u00e8s \u00e0 l\u2019association Mouvement Alternatives Citoyennes (ALCI) - R\u00e9gion F\u00e8s Mekn\u00e8s","robots":{"index":"index","follow":"follow","max-snippet":"max-snippet:-1","max-image-preview":"max-image-preview:large","max-video-preview":"max-video-preview:-1"},"canonical":"https:\/\/www.region-fes-meknes.ma\/fr\/actualites\/visite-du-vice-president-de-la-region-fes-meknes-a-lassociation-mouvement-alternatives-citoyennes-alci\/","og_locale":"fr_FR","og_type":"article","og_title":"Visite du Vice-pr\u00e9sident de la R\u00e9gion F\u00e8s-Mekn\u00e8s \u00e0 l\u2019association Mouvement Alternatives Citoyennes (ALCI) - R\u00e9gion F\u00e8s Mekn\u00e8s","og_description":"Dans le cadre du projet jeunesse inscrit dans la coop\u00e9ration d\u00e9centralis\u00e9e entre la R\u00e9gion F\u00e8s-Mekn\u00e8s et la R\u00e9gion Centre-Val de Loire, le premier vice pr\u00e9sident, Monsieur Driss Sqalli Adaoui a ...","og_url":"https:\/\/www.region-fes-meknes.ma\/fr\/actualites\/visite-du-vice-president-de-la-region-fes-meknes-a-lassociation-mouvement-alternatives-citoyennes-alci\/","og_site_name":"R\u00e9gion F\u00e8s Mekn\u00e8s","article_publisher":"https:\/\/www.facebook.com\/R%c3%a9gion-F%c3%a8s-Mekn%c3%a8s-1130195096990872","article_published_time":"2018-04-12T12:13:21+00:00","article_modified_time":"2018-04-13T15:24:00+00:00","og_image":[{"width":1090,"height":722,"url":"https:\/\/www.region-fes-meknes.ma\/wp-content\/uploads\/2018\/04\/visite-sqalli-alci-180412-00.jpg","type":"image\/jpeg"}],"author":"Webmaster","twitter_card":"summary_large_image","twitter_misc":{"\u00c9crit par":"Webmaster"},"schema":{"@context":"https:\/\/schema.org","@graph":[{"@type":"Article","@id":"https:\/\/www.region-fes-meknes.ma\/fr\/actualites\/visite-du-vice-president-de-la-region-fes-meknes-a-lassociation-mouvement-alternatives-citoyennes-alci\/#article","isPartOf":{"@id":"https:\/\/www.region-fes-meknes.ma\/fr\/actualites\/visite-du-vice-president-de-la-region-fes-meknes-a-lassociation-mouvement-alternatives-citoyennes-alci\/"},"author":{"name":"Webmaster","@id":"https:\/\/www.region-fes-meknes.ma\/#\/schema\/person\/a6f00c1887fecaef82369ec2bdb25456"},"headline":"Visite du Vice-pr\u00e9sident de la R\u00e9gion F\u00e8s-Mekn\u00e8s \u00e0 l\u2019association Mouvement Alternatives Citoyennes (ALCI)","datePublished":"2018-04-12T12:13:21+00:00","dateModified":"2018-04-13T15:24:00+00:00","mainEntityOfPage":{"@id":"https:\/\/www.region-fes-meknes.ma\/fr\/actualites\/visite-du-vice-president-de-la-region-fes-meknes-a-lassociation-mouvement-alternatives-citoyennes-alci\/"},"wordCount":113,"commentCount":0,"publisher":{"@id":"https:\/\/www.region-fes-meknes.ma\/#organization"},"articleSection":["Actualit\u00e9s","Coop\u00e9ration"],"inLanguage":"fr-FR","potentialAction":[{"@type":"CommentAction","name":"Comment","target":["https:\/\/www.region-fes-meknes.ma\/fr\/actualites\/visite-du-vice-president-de-la-region-fes-meknes-a-lassociation-mouvement-alternatives-citoyennes-alci\/#respond"]}]},{"@type":"WebPage","@id":"https:\/\/www.region-fes-meknes.ma\/fr\/actualites\/visite-du-vice-president-de-la-region-fes-meknes-a-lassociation-mouvement-alternatives-citoyennes-alci\/","url":"https:\/\/www.region-fes-meknes.ma\/fr\/actualites\/visite-du-vice-president-de-la-region-fes-meknes-a-lassociation-mouvement-alternatives-citoyennes-alci\/","name":"Visite du Vice-pr\u00e9sident de la R\u00e9gion F\u00e8s-Mekn\u00e8s \u00e0 l\u2019association Mouvement Alternatives Citoyennes (ALCI) - R\u00e9gion F\u00e8s Mekn\u00e8s","isPartOf":{"@id":"https:\/\/www.region-fes-meknes.ma\/#website"},"datePublished":"2018-04-12T12:13:21+00:00","dateModified":"2018-04-13T15:24:00+00:00","breadcrumb":{"@id":"https:\/\/www.region-fes-meknes.ma\/fr\/actualites\/visite-du-vice-president-de-la-region-fes-meknes-a-lassociation-mouvement-alternatives-citoyennes-alci\/#breadcrumb"},"inLanguage":"fr-FR","potentialAction":[{"@type":"ReadAction","target":["https:\/\/www.region-fes-meknes.ma\/fr\/actualites\/visite-du-vice-president-de-la-region-fes-meknes-a-lassociation-mouvement-alternatives-citoyennes-alci\/"]}]},{"@type":"BreadcrumbList","@id":"https:\/\/www.region-fes-meknes.ma\/fr\/actualites\/visite-du-vice-president-de-la-region-fes-meknes-a-lassociation-mouvement-alternatives-citoyennes-alci\/#breadcrumb","itemListElement":[{"@type":"ListItem","position":1,"name":"Accueil","item":"https:\/\/www.region-fes-meknes.ma\/fr\/"},{"@type":"ListItem","position":2,"name":"Visite du Vice-pr\u00e9sident de la R\u00e9gion F\u00e8s-Mekn\u00e8s \u00e0 l\u2019association Mouvement Alternatives Citoyennes (ALCI)"}]},{"@type":"WebSite","@id":"https:\/\/www.region-fes-meknes.ma\/#website","url":"https:\/\/www.region-fes-meknes.ma\/","name":"Portail de la R\u00e9gion F\u00e8s-Mekn\u00e8s","description":"Site officiel de la r\u00e9gion F\u00e8s-Mekn\u00e8s.","publisher":{"@id":"https:\/\/www.region-fes-meknes.ma\/#organization"},"potentialAction":[{"@type":"SearchAction","target":{"@type":"EntryPoint","urlTemplate":"https:\/\/www.region-fes-meknes.ma\/?s={search_term_string}"},"query-input":"required name=search_term_string"}],"inLanguage":"fr-FR"},{"@type":"Organization","@id":"https:\/\/www.region-fes-meknes.ma\/#organization","name":"R\u00e9gion F\u00e8s M\u00e8kn\u00e8s","url":"https:\/\/www.region-fes-meknes.ma\/","sameAs":["https:\/\/www.facebook.com\/R\u00e9gion-F\u00e8s-Mekn\u00e8s-1130195096990872"],"logo":{"@type":"ImageObject","inLanguage":"fr-FR","@id":"https:\/\/www.region-fes-meknes.ma\/#\/schema\/logo\/image\/","url":"http:\/\/www.region-fes-meknes.ma\/wp-content\/uploads\/2017\/10\/logo-rfm4.png","contentUrl":"http:\/\/www.region-fes-meknes.ma\/wp-content\/uploads\/2017\/10\/logo-rfm4.png","width":304,"height":291,"caption":"R\u00e9gion F\u00e8s M\u00e8kn\u00e8s"},"image":{"@id":"https:\/\/www.region-fes-meknes.ma\/#\/schema\/logo\/image\/"}},{"@type":"Person","@id":"https:\/\/www.region-fes-meknes.ma\/#\/schema\/person\/a6f00c1887fecaef82369ec2bdb25456","name":"Webmaster","image":{"@type":"ImageObject","inLanguage":"fr-FR","@id":"https:\/\/www.region-fes-meknes.ma\/#\/schema\/person\/image\/","url":"https:\/\/www.region-fes-meknes.ma\/wp-content\/uploads\/2017\/10\/logo-rfm4-150x150.png","contentUrl":"https:\/\/www.region-fes-meknes.ma\/wp-content\/uploads\/2017\/10\/logo-rfm4-150x150.png","caption":"Webmaster"}}]}},"_links":{"self":[{"href":"https:\/\/www.region-fes-meknes.ma\/fr\/wp-json\/wp\/v2\/posts\/4932"}],"collection":[{"href":"https:\/\/www.region-fes-meknes.ma\/fr\/wp-json\/wp\/v2\/posts"}],"about":[{"href":"https:\/\/www.region-fes-meknes.ma\/fr\/wp-json\/wp\/v2\/types\/post"}],"author":[{"embeddable":true,"href":"https:\/\/www.region-fes-meknes.ma\/fr\/wp-json\/wp\/v2\/users\/1"}],"replies":[{"embeddable":true,"href":"https:\/\/www.region-fes-meknes.ma\/fr\/wp-json\/wp\/v2\/comments?post=4932"}],"version-history":[{"count":5,"href":"https:\/\/www.region-fes-meknes.ma\/fr\/wp-json\/wp\/v2\/posts\/4932\/revisions"}],"predecessor-version":[{"id":4939,"href":"https:\/\/www.region-fes-meknes.ma\/fr\/wp-json\/wp\/v2\/posts\/4932\/revisions\/4939"}],"wp:featuredmedia":[{"embeddable":true,"href":"https:\/\/www.region-fes-meknes.ma\/fr\/wp-json\/wp\/v2\/media\/4927"}],"wp:attachment":[{"href":"https:\/\/www.region-fes-meknes.ma\/fr\/wp-json\/wp\/v2\/media?parent=4932"}],"wp:term":[{"taxonomy":"category","embeddable":true,"href":"https:\/\/www.region-fes-meknes.ma\/fr\/wp-json\/wp\/v2\/categories?post=4932"},{"taxonomy":"post_tag","embeddable":true,"href":"https:\/\/www.region-fes-meknes.ma\/fr\/wp-json\/wp\/v2\/tags?post=4932"}],"curies":[{"name":"wp","href":"https:\/\/api.w.org\/{rel}","templated":true}]}}