{"id":5075,"date":"2018-04-23T22:33:59","date_gmt":"2018-04-23T20:33:59","guid":{"rendered":"http:\/\/www.region-fes-meknes.ma\/?p=5075"},"modified":"2018-04-23T22:33:59","modified_gmt":"2018-04-23T20:33:59","slug":"visite-des-enfants-membres-du-parlement-de-lenfant-au-siege-du-conseil-regional-fes-meknes","status":"publish","type":"post","link":"https:\/\/www.region-fes-meknes.ma\/fr\/actualites\/visite-des-enfants-membres-du-parlement-de-lenfant-au-siege-du-conseil-regional-fes-meknes\/","title":{"rendered":"Visite des enfants membres du Parlement de l\u2019Enfant au si\u00e8ge du Conseil R\u00e9gional F\u00e8s-Mekn\u00e8s"},"content":{"rendered":"<p>Le \u00a023 Avril 2018, Le vice-pr\u00e9sident du Conseil R\u00e9gional F\u00e8s-Mekn\u00e8s, M. Ahmed El Yandouzi (charg\u00e9 de la jeunesse et du sport) a accueilli les enfants membres du Parlement de l\u2019Enfant. Cette rencontre s\u2019inscrit dans le cadre des travaux de la Session R\u00e9gionale du Parlement de l\u2019Enfant plac\u00e9e sous le slogan \u00ab\u00a0Pour un enfant citoyen et acteur\u00a0\u00bb, initi\u00e9s par l\u2019Observatoire National des Droits de l\u2019Enfant, pr\u00e9sid\u00e9 par Son Altesse Royale la Princesse Lalla Meryem, en collaboration avec le Minist\u00e8re de l\u2019Education Nationale.<\/p>\n<p>Ces activit\u00e9s r\u00e9gionales ont pour objectif la cons\u00e9cration des valeurs de citoyennet\u00e9 et de d\u00e9mocratie chez les enfants parlementaires et de leur permettre de contribuer au d\u00e9veloppement local et r\u00e9gional.<\/p>\n","protected":false},"excerpt":{"rendered":"<p>Le \u00a023 Avril 2018, Le vice-pr\u00e9sident du Conseil R\u00e9gional F\u00e8s-Mekn\u00e8s, M. Ahmed El Yandouzi (charg\u00e9 de la jeunesse et du sport) a accueilli les enfants membres du Parlement de l\u2019Enfant. &#8230;<\/p>\n","protected":false},"author":1,"featured_media":5082,"comment_status":"open","ping_status":"open","sticky":false,"template":"","format":"standard","meta":{"_bbp_topic_count":0,"_bbp_reply_count":0,"_bbp_total_topic_count":0,"_bbp_total_reply_count":0,"_bbp_voice_count":0,"_bbp_anonymous_reply_count":0,"_bbp_topic_count_hidden":0,"_bbp_reply_count_hidden":0,"_bbp_forum_subforum_count":0},"categories":[18],"tags":[],"acf":[],"yoast_head":"<!-- This site is optimized with the Yoast SEO plugin v19.5.1 - https:\/\/yoast.com\/wordpress\/plugins\/seo\/ -->\n<title>Visite des enfants membres du Parlement de l\u2019Enfant au si\u00e8ge du Conseil R\u00e9gional F\u00e8s-Mekn\u00e8s - R\u00e9gion F\u00e8s Mekn\u00e8s<\/title>\n<meta name=\"robots\" content=\"index, follow, max-snippet:-1, max-image-preview:large, max-video-preview:-1\" \/>\n<link rel=\"canonical\" href=\"https:\/\/www.region-fes-meknes.ma\/fr\/actualites\/visite-des-enfants-membres-du-parlement-de-lenfant-au-siege-du-conseil-regional-fes-meknes\/\" \/>\n<meta property=\"og:locale\" content=\"fr_FR\" \/>\n<meta property=\"og:type\" content=\"article\" \/>\n<meta property=\"og:title\" content=\"Visite des enfants membres du Parlement de l\u2019Enfant au si\u00e8ge du Conseil R\u00e9gional F\u00e8s-Mekn\u00e8s - R\u00e9gion F\u00e8s Mekn\u00e8s\" \/>\n<meta property=\"og:description\" content=\"Le \u00a023 Avril 2018, Le vice-pr\u00e9sident du Conseil R\u00e9gional F\u00e8s-Mekn\u00e8s, M. Ahmed El Yandouzi (charg\u00e9 de la jeunesse et du sport) a accueilli les enfants membres du Parlement de l\u2019Enfant. ...\" \/>\n<meta property=\"og:url\" content=\"https:\/\/www.region-fes-meknes.ma\/fr\/actualites\/visite-des-enfants-membres-du-parlement-de-lenfant-au-siege-du-conseil-regional-fes-meknes\/\" \/>\n<meta property=\"og:site_name\" content=\"R\u00e9gion F\u00e8s Mekn\u00e8s\" \/>\n<meta property=\"article:publisher\" content=\"https:\/\/www.facebook.com\/R%c3%a9gion-F%c3%a8s-Mekn%c3%a8s-1130195096990872\" \/>\n<meta property=\"article:published_time\" content=\"2018-04-23T20:33:59+00:00\" \/>\n<meta property=\"og:image\" content=\"https:\/\/www.region-fes-meknes.ma\/wp-content\/uploads\/2018\/04\/visite-parlement-enfant-crfm-180423-00.jpg\" \/>\n\t<meta property=\"og:image:width\" content=\"1090\" \/>\n\t<meta property=\"og:image:height\" content=\"722\" \/>\n\t<meta property=\"og:image:type\" content=\"image\/jpeg\" \/>\n<meta name=\"author\" content=\"Webmaster\" \/>\n<meta name=\"twitter:card\" content=\"summary_large_image\" \/>\n<meta name=\"twitter:label1\" content=\"\u00c9crit par\" \/>\n\t<meta name=\"twitter:data1\" content=\"Webmaster\" \/>\n\t<meta name=\"twitter:label2\" content=\"Dur\u00e9e de lecture estim\u00e9e\" \/>\n\t<meta name=\"twitter:data2\" content=\"1 minute\" \/>\n<script type=\"application\/ld+json\" class=\"yoast-schema-graph\">{\"@context\":\"https:\/\/schema.org\",\"@graph\":[{\"@type\":\"Article\",\"@id\":\"https:\/\/www.region-fes-meknes.ma\/fr\/actualites\/visite-des-enfants-membres-du-parlement-de-lenfant-au-siege-du-conseil-regional-fes-meknes\/#article\",\"isPartOf\":{\"@id\":\"https:\/\/www.region-fes-meknes.ma\/fr\/actualites\/visite-des-enfants-membres-du-parlement-de-lenfant-au-siege-du-conseil-regional-fes-meknes\/\"},\"author\":{\"name\":\"Webmaster\",\"@id\":\"https:\/\/www.region-fes-meknes.ma\/#\/schema\/person\/a6f00c1887fecaef82369ec2bdb25456\"},\"headline\":\"Visite des enfants membres du Parlement de l\u2019Enfant au si\u00e8ge du Conseil R\u00e9gional F\u00e8s-Mekn\u00e8s\",\"datePublished\":\"2018-04-23T20:33:59+00:00\",\"dateModified\":\"2018-04-23T20:33:59+00:00\",\"mainEntityOfPage\":{\"@id\":\"https:\/\/www.region-fes-meknes.ma\/fr\/actualites\/visite-des-enfants-membres-du-parlement-de-lenfant-au-siege-du-conseil-regional-fes-meknes\/\"},\"wordCount\":149,\"commentCount\":0,\"publisher\":{\"@id\":\"https:\/\/www.region-fes-meknes.ma\/#organization\"},\"articleSection\":[\"Actualit\u00e9s\"],\"inLanguage\":\"fr-FR\",\"potentialAction\":[{\"@type\":\"CommentAction\",\"name\":\"Comment\",\"target\":[\"https:\/\/www.region-fes-meknes.ma\/fr\/actualites\/visite-des-enfants-membres-du-parlement-de-lenfant-au-siege-du-conseil-regional-fes-meknes\/#respond\"]}]},{\"@type\":\"WebPage\",\"@id\":\"https:\/\/www.region-fes-meknes.ma\/fr\/actualites\/visite-des-enfants-membres-du-parlement-de-lenfant-au-siege-du-conseil-regional-fes-meknes\/\",\"url\":\"https:\/\/www.region-fes-meknes.ma\/fr\/actualites\/visite-des-enfants-membres-du-parlement-de-lenfant-au-siege-du-conseil-regional-fes-meknes\/\",\"name\":\"Visite des enfants membres du Parlement de l\u2019Enfant au si\u00e8ge du Conseil R\u00e9gional F\u00e8s-Mekn\u00e8s - R\u00e9gion F\u00e8s Mekn\u00e8s\",\"isPartOf\":{\"@id\":\"https:\/\/www.region-fes-meknes.ma\/#website\"},\"datePublished\":\"2018-04-23T20:33:59+00:00\",\"dateModified\":\"2018-04-23T20:33:59+00:00\",\"breadcrumb\":{\"@id\":\"https:\/\/www.region-fes-meknes.ma\/fr\/actualites\/visite-des-enfants-membres-du-parlement-de-lenfant-au-siege-du-conseil-regional-fes-meknes\/#breadcrumb\"},\"inLanguage\":\"fr-FR\",\"potentialAction\":[{\"@type\":\"ReadAction\",\"target\":[\"https:\/\/www.region-fes-meknes.ma\/fr\/actualites\/visite-des-enfants-membres-du-parlement-de-lenfant-au-siege-du-conseil-regional-fes-meknes\/\"]}]},{\"@type\":\"BreadcrumbList\",\"@id\":\"https:\/\/www.region-fes-meknes.ma\/fr\/actualites\/visite-des-enfants-membres-du-parlement-de-lenfant-au-siege-du-conseil-regional-fes-meknes\/#breadcrumb\",\"itemListElement\":[{\"@type\":\"ListItem\",\"position\":1,\"name\":\"Accueil\",\"item\":\"https:\/\/www.region-fes-meknes.ma\/fr\/\"},{\"@type\":\"ListItem\",\"position\":2,\"name\":\"Visite des enfants membres du Parlement de l\u2019Enfant au si\u00e8ge du Conseil R\u00e9gional F\u00e8s-Mekn\u00e8s\"}]},{\"@type\":\"WebSite\",\"@id\":\"https:\/\/www.region-fes-meknes.ma\/#website\",\"url\":\"https:\/\/www.region-fes-meknes.ma\/\",\"name\":\"Portail de la R\u00e9gion F\u00e8s-Mekn\u00e8s\",\"description\":\"Site officiel de la r\u00e9gion F\u00e8s-Mekn\u00e8s.\",\"publisher\":{\"@id\":\"https:\/\/www.region-fes-meknes.ma\/#organization\"},\"potentialAction\":[{\"@type\":\"SearchAction\",\"target\":{\"@type\":\"EntryPoint\",\"urlTemplate\":\"https:\/\/www.region-fes-meknes.ma\/?s={search_term_string}\"},\"query-input\":\"required name=search_term_string\"}],\"inLanguage\":\"fr-FR\"},{\"@type\":\"Organization\",\"@id\":\"https:\/\/www.region-fes-meknes.ma\/#organization\",\"name\":\"R\u00e9gion F\u00e8s M\u00e8kn\u00e8s\",\"url\":\"https:\/\/www.region-fes-meknes.ma\/\",\"sameAs\":[\"https:\/\/www.facebook.com\/R\u00e9gion-F\u00e8s-Mekn\u00e8s-1130195096990872\"],\"logo\":{\"@type\":\"ImageObject\",\"inLanguage\":\"fr-FR\",\"@id\":\"https:\/\/www.region-fes-meknes.ma\/#\/schema\/logo\/image\/\",\"url\":\"http:\/\/www.region-fes-meknes.ma\/wp-content\/uploads\/2017\/10\/logo-rfm4.png\",\"contentUrl\":\"http:\/\/www.region-fes-meknes.ma\/wp-content\/uploads\/2017\/10\/logo-rfm4.png\",\"width\":304,\"height\":291,\"caption\":\"R\u00e9gion F\u00e8s M\u00e8kn\u00e8s\"},\"image\":{\"@id\":\"https:\/\/www.region-fes-meknes.ma\/#\/schema\/logo\/image\/\"}},{\"@type\":\"Person\",\"@id\":\"https:\/\/www.region-fes-meknes.ma\/#\/schema\/person\/a6f00c1887fecaef82369ec2bdb25456\",\"name\":\"Webmaster\",\"image\":{\"@type\":\"ImageObject\",\"inLanguage\":\"fr-FR\",\"@id\":\"https:\/\/www.region-fes-meknes.ma\/#\/schema\/person\/image\/\",\"url\":\"https:\/\/www.region-fes-meknes.ma\/wp-content\/uploads\/2017\/10\/logo-rfm4-150x150.png\",\"contentUrl\":\"https:\/\/www.region-fes-meknes.ma\/wp-content\/uploads\/2017\/10\/logo-rfm4-150x150.png\",\"caption\":\"Webmaster\"}}]}<\/script>\n<!-- \/ Yoast SEO plugin. -->","yoast_head_json":{"title":"Visite des enfants membres du Parlement de l\u2019Enfant au si\u00e8ge du Conseil R\u00e9gional F\u00e8s-Mekn\u00e8s - R\u00e9gion F\u00e8s Mekn\u00e8s","robots":{"index":"index","follow":"follow","max-snippet":"max-snippet:-1","max-image-preview":"max-image-preview:large","max-video-preview":"max-video-preview:-1"},"canonical":"https:\/\/www.region-fes-meknes.ma\/fr\/actualites\/visite-des-enfants-membres-du-parlement-de-lenfant-au-siege-du-conseil-regional-fes-meknes\/","og_locale":"fr_FR","og_type":"article","og_title":"Visite des enfants membres du Parlement de l\u2019Enfant au si\u00e8ge du Conseil R\u00e9gional F\u00e8s-Mekn\u00e8s - R\u00e9gion F\u00e8s Mekn\u00e8s","og_description":"Le \u00a023 Avril 2018, Le vice-pr\u00e9sident du Conseil R\u00e9gional F\u00e8s-Mekn\u00e8s, M. Ahmed El Yandouzi (charg\u00e9 de la jeunesse et du sport) a accueilli les enfants membres du Parlement de l\u2019Enfant. ...","og_url":"https:\/\/www.region-fes-meknes.ma\/fr\/actualites\/visite-des-enfants-membres-du-parlement-de-lenfant-au-siege-du-conseil-regional-fes-meknes\/","og_site_name":"R\u00e9gion F\u00e8s Mekn\u00e8s","article_publisher":"https:\/\/www.facebook.com\/R%c3%a9gion-F%c3%a8s-Mekn%c3%a8s-1130195096990872","article_published_time":"2018-04-23T20:33:59+00:00","og_image":[{"width":1090,"height":722,"url":"https:\/\/www.region-fes-meknes.ma\/wp-content\/uploads\/2018\/04\/visite-parlement-enfant-crfm-180423-00.jpg","type":"image\/jpeg"}],"author":"Webmaster","twitter_card":"summary_large_image","twitter_misc":{"\u00c9crit par":"Webmaster","Dur\u00e9e de lecture estim\u00e9e":"1 minute"},"schema":{"@context":"https:\/\/schema.org","@graph":[{"@type":"Article","@id":"https:\/\/www.region-fes-meknes.ma\/fr\/actualites\/visite-des-enfants-membres-du-parlement-de-lenfant-au-siege-du-conseil-regional-fes-meknes\/#article","isPartOf":{"@id":"https:\/\/www.region-fes-meknes.ma\/fr\/actualites\/visite-des-enfants-membres-du-parlement-de-lenfant-au-siege-du-conseil-regional-fes-meknes\/"},"author":{"name":"Webmaster","@id":"https:\/\/www.region-fes-meknes.ma\/#\/schema\/person\/a6f00c1887fecaef82369ec2bdb25456"},"headline":"Visite des enfants membres du Parlement de l\u2019Enfant au si\u00e8ge du Conseil R\u00e9gional F\u00e8s-Mekn\u00e8s","datePublished":"2018-04-23T20:33:59+00:00","dateModified":"2018-04-23T20:33:59+00:00","mainEntityOfPage":{"@id":"https:\/\/www.region-fes-meknes.ma\/fr\/actualites\/visite-des-enfants-membres-du-parlement-de-lenfant-au-siege-du-conseil-regional-fes-meknes\/"},"wordCount":149,"commentCount":0,"publisher":{"@id":"https:\/\/www.region-fes-meknes.ma\/#organization"},"articleSection":["Actualit\u00e9s"],"inLanguage":"fr-FR","potentialAction":[{"@type":"CommentAction","name":"Comment","target":["https:\/\/www.region-fes-meknes.ma\/fr\/actualites\/visite-des-enfants-membres-du-parlement-de-lenfant-au-siege-du-conseil-regional-fes-meknes\/#respond"]}]},{"@type":"WebPage","@id":"https:\/\/www.region-fes-meknes.ma\/fr\/actualites\/visite-des-enfants-membres-du-parlement-de-lenfant-au-siege-du-conseil-regional-fes-meknes\/","url":"https:\/\/www.region-fes-meknes.ma\/fr\/actualites\/visite-des-enfants-membres-du-parlement-de-lenfant-au-siege-du-conseil-regional-fes-meknes\/","name":"Visite des enfants membres du Parlement de l\u2019Enfant au si\u00e8ge du Conseil R\u00e9gional F\u00e8s-Mekn\u00e8s - R\u00e9gion F\u00e8s Mekn\u00e8s","isPartOf":{"@id":"https:\/\/www.region-fes-meknes.ma\/#website"},"datePublished":"2018-04-23T20:33:59+00:00","dateModified":"2018-04-23T20:33:59+00:00","breadcrumb":{"@id":"https:\/\/www.region-fes-meknes.ma\/fr\/actualites\/visite-des-enfants-membres-du-parlement-de-lenfant-au-siege-du-conseil-regional-fes-meknes\/#breadcrumb"},"inLanguage":"fr-FR","potentialAction":[{"@type":"ReadAction","target":["https:\/\/www.region-fes-meknes.ma\/fr\/actualites\/visite-des-enfants-membres-du-parlement-de-lenfant-au-siege-du-conseil-regional-fes-meknes\/"]}]},{"@type":"BreadcrumbList","@id":"https:\/\/www.region-fes-meknes.ma\/fr\/actualites\/visite-des-enfants-membres-du-parlement-de-lenfant-au-siege-du-conseil-regional-fes-meknes\/#breadcrumb","itemListElement":[{"@type":"ListItem","position":1,"name":"Accueil","item":"https:\/\/www.region-fes-meknes.ma\/fr\/"},{"@type":"ListItem","position":2,"name":"Visite des enfants membres du Parlement de l\u2019Enfant au si\u00e8ge du Conseil R\u00e9gional F\u00e8s-Mekn\u00e8s"}]},{"@type":"WebSite","@id":"https:\/\/www.region-fes-meknes.ma\/#website","url":"https:\/\/www.region-fes-meknes.ma\/","name":"Portail de la R\u00e9gion F\u00e8s-Mekn\u00e8s","description":"Site officiel de la r\u00e9gion F\u00e8s-Mekn\u00e8s.","publisher":{"@id":"https:\/\/www.region-fes-meknes.ma\/#organization"},"potentialAction":[{"@type":"SearchAction","target":{"@type":"EntryPoint","urlTemplate":"https:\/\/www.region-fes-meknes.ma\/?s={search_term_string}"},"query-input":"required name=search_term_string"}],"inLanguage":"fr-FR"},{"@type":"Organization","@id":"https:\/\/www.region-fes-meknes.ma\/#organization","name":"R\u00e9gion F\u00e8s M\u00e8kn\u00e8s","url":"https:\/\/www.region-fes-meknes.ma\/","sameAs":["https:\/\/www.facebook.com\/R\u00e9gion-F\u00e8s-Mekn\u00e8s-1130195096990872"],"logo":{"@type":"ImageObject","inLanguage":"fr-FR","@id":"https:\/\/www.region-fes-meknes.ma\/#\/schema\/logo\/image\/","url":"http:\/\/www.region-fes-meknes.ma\/wp-content\/uploads\/2017\/10\/logo-rfm4.png","contentUrl":"http:\/\/www.region-fes-meknes.ma\/wp-content\/uploads\/2017\/10\/logo-rfm4.png","width":304,"height":291,"caption":"R\u00e9gion F\u00e8s M\u00e8kn\u00e8s"},"image":{"@id":"https:\/\/www.region-fes-meknes.ma\/#\/schema\/logo\/image\/"}},{"@type":"Person","@id":"https:\/\/www.region-fes-meknes.ma\/#\/schema\/person\/a6f00c1887fecaef82369ec2bdb25456","name":"Webmaster","image":{"@type":"ImageObject","inLanguage":"fr-FR","@id":"https:\/\/www.region-fes-meknes.ma\/#\/schema\/person\/image\/","url":"https:\/\/www.region-fes-meknes.ma\/wp-content\/uploads\/2017\/10\/logo-rfm4-150x150.png","contentUrl":"https:\/\/www.region-fes-meknes.ma\/wp-content\/uploads\/2017\/10\/logo-rfm4-150x150.png","caption":"Webmaster"}}]}},"_links":{"self":[{"href":"https:\/\/www.region-fes-meknes.ma\/fr\/wp-json\/wp\/v2\/posts\/5075"}],"collection":[{"href":"https:\/\/www.region-fes-meknes.ma\/fr\/wp-json\/wp\/v2\/posts"}],"about":[{"href":"https:\/\/www.region-fes-meknes.ma\/fr\/wp-json\/wp\/v2\/types\/post"}],"author":[{"embeddable":true,"href":"https:\/\/www.region-fes-meknes.ma\/fr\/wp-json\/wp\/v2\/users\/1"}],"replies":[{"embeddable":true,"href":"https:\/\/www.region-fes-meknes.ma\/fr\/wp-json\/wp\/v2\/comments?post=5075"}],"version-history":[{"count":2,"href":"https:\/\/www.region-fes-meknes.ma\/fr\/wp-json\/wp\/v2\/posts\/5075\/revisions"}],"predecessor-version":[{"id":5083,"href":"https:\/\/www.region-fes-meknes.ma\/fr\/wp-json\/wp\/v2\/posts\/5075\/revisions\/5083"}],"wp:featuredmedia":[{"embeddable":true,"href":"https:\/\/www.region-fes-meknes.ma\/fr\/wp-json\/wp\/v2\/media\/5082"}],"wp:attachment":[{"href":"https:\/\/www.region-fes-meknes.ma\/fr\/wp-json\/wp\/v2\/media?parent=5075"}],"wp:term":[{"taxonomy":"category","embeddable":true,"href":"https:\/\/www.region-fes-meknes.ma\/fr\/wp-json\/wp\/v2\/categories?post=5075"},{"taxonomy":"post_tag","embeddable":true,"href":"https:\/\/www.region-fes-meknes.ma\/fr\/wp-json\/wp\/v2\/tags?post=5075"}],"curies":[{"name":"wp","href":"https:\/\/api.w.org\/{rel}","templated":true}]}}