{"id":5147,"date":"2018-05-07T17:42:20","date_gmt":"2018-05-07T16:42:20","guid":{"rendered":"http:\/\/www.region-fes-meknes.ma\/?p=5147"},"modified":"2018-05-07T17:57:58","modified_gmt":"2018-05-07T16:57:58","slug":"une-participation-brillante-de-la-region-fes-meknes-a-la-foire-de-tours-france","status":"publish","type":"post","link":"https:\/\/www.region-fes-meknes.ma\/fr\/actualites\/une-participation-brillante-de-la-region-fes-meknes-a-la-foire-de-tours-france\/","title":{"rendered":"Une participation brillante de la R\u00e9gion F\u00e8s-Mekn\u00e8s \u00e0 la Foire de Tours-France"},"content":{"rendered":"<p>La foire de Tours 2018 qui se tient du 04 au 13 Mai au Parc Expo de Tours est d\u00e9di\u00e9e au Maroc.<\/p>\n<p>Cette Foire a \u00e9t\u00e9 inaugur\u00e9e le 05 Mai 2018 par la pr\u00e9sence du Pr\u00e9sident de la R\u00e9gion Centre Val-de-Loire, le Maire de la ville de Tours, L\u2019Ambassadeur du Royaume du Maroc en France, ainsi qu\u2019une D\u00e9l\u00e9gation du Conseil de la R\u00e9gion F\u00e8s-Mekn\u00e8s dont M. Driss SQALLI ADAOUI, le 1<sup>er<\/sup> Vice-pr\u00e9sident de la R\u00e9gion, Mme Majda BENARBIA, la 4<sup>\u00e8me<\/sup> Vice-pr\u00e9sidente de la R\u00e9gion et M. Mustapha MERIZAK, le Pr\u00e9sident de la Commission des Relations Ext\u00e9rieures et de la Coop\u00e9ration.<\/p>\n<p>La R\u00e9gion F\u00e8s-Mekn\u00e8s participe \u00e0 la Foire de Tours par un stand qui met en exergue les diff\u00e9rentes potentialit\u00e9s de la r\u00e9gion F\u00e8s\u2013Mekn\u00e8s en mati\u00e8re d\u2019artisanat, de tourisme, du patrimoine culturel, de l\u2019agriculture, de l\u2019industrie ainsi qu\u2019une pr\u00e9sentation des opportunit\u00e9s d\u2019investissements dans la r\u00e9gion.<\/p>\n<p>Le stand de la R\u00e9gion a suscit\u00e9 l\u2019engouement d\u2019un grand public notamment avec la vari\u00e9t\u00e9, la diversit\u00e9 et la richesse de son patrimoine culturel et historique\u00a0; Il s\u2019agit d\u2019un stand ouvert qui comprend en plus d\u2019un espace salon Marocain, un espace berb\u00e8re et un espace B-to-B, ainsi que sept autres espaces.<\/p>\n","protected":false},"excerpt":{"rendered":"<p>La foire de Tours 2018 qui se tient du 04 au 13 Mai au Parc Expo de Tours est d\u00e9di\u00e9e au Maroc. Cette Foire a \u00e9t\u00e9 inaugur\u00e9e le 05 Mai &#8230;<\/p>\n","protected":false},"author":1,"featured_media":5148,"comment_status":"open","ping_status":"open","sticky":false,"template":"","format":"standard","meta":{"_bbp_topic_count":0,"_bbp_reply_count":0,"_bbp_total_topic_count":0,"_bbp_total_reply_count":0,"_bbp_voice_count":0,"_bbp_anonymous_reply_count":0,"_bbp_topic_count_hidden":0,"_bbp_reply_count_hidden":0,"_bbp_forum_subforum_count":0},"categories":[18,92],"tags":[],"acf":[],"yoast_head":"<!-- This site is optimized with the Yoast SEO plugin v19.5.1 - https:\/\/yoast.com\/wordpress\/plugins\/seo\/ -->\n<title>Une participation brillante de la R\u00e9gion F\u00e8s-Mekn\u00e8s \u00e0 la Foire de Tours-France - R\u00e9gion F\u00e8s Mekn\u00e8s<\/title>\n<meta name=\"robots\" content=\"index, follow, max-snippet:-1, max-image-preview:large, max-video-preview:-1\" \/>\n<link rel=\"canonical\" href=\"https:\/\/www.region-fes-meknes.ma\/fr\/actualites\/une-participation-brillante-de-la-region-fes-meknes-a-la-foire-de-tours-france\/\" \/>\n<meta property=\"og:locale\" content=\"fr_FR\" \/>\n<meta property=\"og:type\" content=\"article\" \/>\n<meta property=\"og:title\" content=\"Une participation brillante de la R\u00e9gion F\u00e8s-Mekn\u00e8s \u00e0 la Foire de Tours-France - R\u00e9gion F\u00e8s Mekn\u00e8s\" \/>\n<meta property=\"og:description\" content=\"La foire de Tours 2018 qui se tient du 04 au 13 Mai au Parc Expo de Tours est d\u00e9di\u00e9e au Maroc. Cette Foire a \u00e9t\u00e9 inaugur\u00e9e le 05 Mai ...\" \/>\n<meta property=\"og:url\" content=\"https:\/\/www.region-fes-meknes.ma\/fr\/actualites\/une-participation-brillante-de-la-region-fes-meknes-a-la-foire-de-tours-france\/\" \/>\n<meta property=\"og:site_name\" content=\"R\u00e9gion F\u00e8s Mekn\u00e8s\" \/>\n<meta property=\"article:publisher\" content=\"https:\/\/www.facebook.com\/R%c3%a9gion-F%c3%a8s-Mekn%c3%a8s-1130195096990872\" \/>\n<meta property=\"article:published_time\" content=\"2018-05-07T16:42:20+00:00\" \/>\n<meta property=\"article:modified_time\" content=\"2018-05-07T16:57:58+00:00\" \/>\n<meta property=\"og:image\" content=\"https:\/\/www.region-fes-meknes.ma\/wp-content\/uploads\/2018\/05\/rfm-part-foire-tours-2018-00.jpg\" \/>\n\t<meta property=\"og:image:width\" content=\"1090\" \/>\n\t<meta property=\"og:image:height\" content=\"722\" \/>\n\t<meta property=\"og:image:type\" content=\"image\/jpeg\" \/>\n<meta name=\"author\" content=\"Webmaster\" \/>\n<meta name=\"twitter:card\" content=\"summary_large_image\" \/>\n<meta name=\"twitter:label1\" content=\"\u00c9crit par\" \/>\n\t<meta name=\"twitter:data1\" content=\"Webmaster\" \/>\n\t<meta name=\"twitter:label2\" content=\"Dur\u00e9e de lecture estim\u00e9e\" \/>\n\t<meta name=\"twitter:data2\" content=\"1 minute\" \/>\n<script type=\"application\/ld+json\" class=\"yoast-schema-graph\">{\"@context\":\"https:\/\/schema.org\",\"@graph\":[{\"@type\":\"Article\",\"@id\":\"https:\/\/www.region-fes-meknes.ma\/fr\/actualites\/une-participation-brillante-de-la-region-fes-meknes-a-la-foire-de-tours-france\/#article\",\"isPartOf\":{\"@id\":\"https:\/\/www.region-fes-meknes.ma\/fr\/actualites\/une-participation-brillante-de-la-region-fes-meknes-a-la-foire-de-tours-france\/\"},\"author\":{\"name\":\"Webmaster\",\"@id\":\"https:\/\/www.region-fes-meknes.ma\/#\/schema\/person\/a6f00c1887fecaef82369ec2bdb25456\"},\"headline\":\"Une participation brillante de la R\u00e9gion F\u00e8s-Mekn\u00e8s \u00e0 la Foire de Tours-France\",\"datePublished\":\"2018-05-07T16:42:20+00:00\",\"dateModified\":\"2018-05-07T16:57:58+00:00\",\"mainEntityOfPage\":{\"@id\":\"https:\/\/www.region-fes-meknes.ma\/fr\/actualites\/une-participation-brillante-de-la-region-fes-meknes-a-la-foire-de-tours-france\/\"},\"wordCount\":249,\"commentCount\":0,\"publisher\":{\"@id\":\"https:\/\/www.region-fes-meknes.ma\/#organization\"},\"articleSection\":[\"Actualit\u00e9s\",\"Coop\u00e9ration\"],\"inLanguage\":\"fr-FR\",\"potentialAction\":[{\"@type\":\"CommentAction\",\"name\":\"Comment\",\"target\":[\"https:\/\/www.region-fes-meknes.ma\/fr\/actualites\/une-participation-brillante-de-la-region-fes-meknes-a-la-foire-de-tours-france\/#respond\"]}]},{\"@type\":\"WebPage\",\"@id\":\"https:\/\/www.region-fes-meknes.ma\/fr\/actualites\/une-participation-brillante-de-la-region-fes-meknes-a-la-foire-de-tours-france\/\",\"url\":\"https:\/\/www.region-fes-meknes.ma\/fr\/actualites\/une-participation-brillante-de-la-region-fes-meknes-a-la-foire-de-tours-france\/\",\"name\":\"Une participation brillante de la R\u00e9gion F\u00e8s-Mekn\u00e8s \u00e0 la Foire de Tours-France - R\u00e9gion F\u00e8s Mekn\u00e8s\",\"isPartOf\":{\"@id\":\"https:\/\/www.region-fes-meknes.ma\/#website\"},\"datePublished\":\"2018-05-07T16:42:20+00:00\",\"dateModified\":\"2018-05-07T16:57:58+00:00\",\"breadcrumb\":{\"@id\":\"https:\/\/www.region-fes-meknes.ma\/fr\/actualites\/une-participation-brillante-de-la-region-fes-meknes-a-la-foire-de-tours-france\/#breadcrumb\"},\"inLanguage\":\"fr-FR\",\"potentialAction\":[{\"@type\":\"ReadAction\",\"target\":[\"https:\/\/www.region-fes-meknes.ma\/fr\/actualites\/une-participation-brillante-de-la-region-fes-meknes-a-la-foire-de-tours-france\/\"]}]},{\"@type\":\"BreadcrumbList\",\"@id\":\"https:\/\/www.region-fes-meknes.ma\/fr\/actualites\/une-participation-brillante-de-la-region-fes-meknes-a-la-foire-de-tours-france\/#breadcrumb\",\"itemListElement\":[{\"@type\":\"ListItem\",\"position\":1,\"name\":\"Accueil\",\"item\":\"https:\/\/www.region-fes-meknes.ma\/fr\/\"},{\"@type\":\"ListItem\",\"position\":2,\"name\":\"Une participation brillante de la R\u00e9gion F\u00e8s-Mekn\u00e8s \u00e0 la Foire de Tours-France\"}]},{\"@type\":\"WebSite\",\"@id\":\"https:\/\/www.region-fes-meknes.ma\/#website\",\"url\":\"https:\/\/www.region-fes-meknes.ma\/\",\"name\":\"Portail de la R\u00e9gion F\u00e8s-Mekn\u00e8s\",\"description\":\"Site officiel de la r\u00e9gion F\u00e8s-Mekn\u00e8s.\",\"publisher\":{\"@id\":\"https:\/\/www.region-fes-meknes.ma\/#organization\"},\"potentialAction\":[{\"@type\":\"SearchAction\",\"target\":{\"@type\":\"EntryPoint\",\"urlTemplate\":\"https:\/\/www.region-fes-meknes.ma\/?s={search_term_string}\"},\"query-input\":\"required name=search_term_string\"}],\"inLanguage\":\"fr-FR\"},{\"@type\":\"Organization\",\"@id\":\"https:\/\/www.region-fes-meknes.ma\/#organization\",\"name\":\"R\u00e9gion F\u00e8s M\u00e8kn\u00e8s\",\"url\":\"https:\/\/www.region-fes-meknes.ma\/\",\"sameAs\":[\"https:\/\/www.facebook.com\/R\u00e9gion-F\u00e8s-Mekn\u00e8s-1130195096990872\"],\"logo\":{\"@type\":\"ImageObject\",\"inLanguage\":\"fr-FR\",\"@id\":\"https:\/\/www.region-fes-meknes.ma\/#\/schema\/logo\/image\/\",\"url\":\"http:\/\/www.region-fes-meknes.ma\/wp-content\/uploads\/2017\/10\/logo-rfm4.png\",\"contentUrl\":\"http:\/\/www.region-fes-meknes.ma\/wp-content\/uploads\/2017\/10\/logo-rfm4.png\",\"width\":304,\"height\":291,\"caption\":\"R\u00e9gion F\u00e8s M\u00e8kn\u00e8s\"},\"image\":{\"@id\":\"https:\/\/www.region-fes-meknes.ma\/#\/schema\/logo\/image\/\"}},{\"@type\":\"Person\",\"@id\":\"https:\/\/www.region-fes-meknes.ma\/#\/schema\/person\/a6f00c1887fecaef82369ec2bdb25456\",\"name\":\"Webmaster\",\"image\":{\"@type\":\"ImageObject\",\"inLanguage\":\"fr-FR\",\"@id\":\"https:\/\/www.region-fes-meknes.ma\/#\/schema\/person\/image\/\",\"url\":\"https:\/\/www.region-fes-meknes.ma\/wp-content\/uploads\/2017\/10\/logo-rfm4-150x150.png\",\"contentUrl\":\"https:\/\/www.region-fes-meknes.ma\/wp-content\/uploads\/2017\/10\/logo-rfm4-150x150.png\",\"caption\":\"Webmaster\"}}]}<\/script>\n<!-- \/ Yoast SEO plugin. -->","yoast_head_json":{"title":"Une participation brillante de la R\u00e9gion F\u00e8s-Mekn\u00e8s \u00e0 la Foire de Tours-France - R\u00e9gion F\u00e8s Mekn\u00e8s","robots":{"index":"index","follow":"follow","max-snippet":"max-snippet:-1","max-image-preview":"max-image-preview:large","max-video-preview":"max-video-preview:-1"},"canonical":"https:\/\/www.region-fes-meknes.ma\/fr\/actualites\/une-participation-brillante-de-la-region-fes-meknes-a-la-foire-de-tours-france\/","og_locale":"fr_FR","og_type":"article","og_title":"Une participation brillante de la R\u00e9gion F\u00e8s-Mekn\u00e8s \u00e0 la Foire de Tours-France - R\u00e9gion F\u00e8s Mekn\u00e8s","og_description":"La foire de Tours 2018 qui se tient du 04 au 13 Mai au Parc Expo de Tours est d\u00e9di\u00e9e au Maroc. Cette Foire a \u00e9t\u00e9 inaugur\u00e9e le 05 Mai ...","og_url":"https:\/\/www.region-fes-meknes.ma\/fr\/actualites\/une-participation-brillante-de-la-region-fes-meknes-a-la-foire-de-tours-france\/","og_site_name":"R\u00e9gion F\u00e8s Mekn\u00e8s","article_publisher":"https:\/\/www.facebook.com\/R%c3%a9gion-F%c3%a8s-Mekn%c3%a8s-1130195096990872","article_published_time":"2018-05-07T16:42:20+00:00","article_modified_time":"2018-05-07T16:57:58+00:00","og_image":[{"width":1090,"height":722,"url":"https:\/\/www.region-fes-meknes.ma\/wp-content\/uploads\/2018\/05\/rfm-part-foire-tours-2018-00.jpg","type":"image\/jpeg"}],"author":"Webmaster","twitter_card":"summary_large_image","twitter_misc":{"\u00c9crit par":"Webmaster","Dur\u00e9e de lecture estim\u00e9e":"1 minute"},"schema":{"@context":"https:\/\/schema.org","@graph":[{"@type":"Article","@id":"https:\/\/www.region-fes-meknes.ma\/fr\/actualites\/une-participation-brillante-de-la-region-fes-meknes-a-la-foire-de-tours-france\/#article","isPartOf":{"@id":"https:\/\/www.region-fes-meknes.ma\/fr\/actualites\/une-participation-brillante-de-la-region-fes-meknes-a-la-foire-de-tours-france\/"},"author":{"name":"Webmaster","@id":"https:\/\/www.region-fes-meknes.ma\/#\/schema\/person\/a6f00c1887fecaef82369ec2bdb25456"},"headline":"Une participation brillante de la R\u00e9gion F\u00e8s-Mekn\u00e8s \u00e0 la Foire de Tours-France","datePublished":"2018-05-07T16:42:20+00:00","dateModified":"2018-05-07T16:57:58+00:00","mainEntityOfPage":{"@id":"https:\/\/www.region-fes-meknes.ma\/fr\/actualites\/une-participation-brillante-de-la-region-fes-meknes-a-la-foire-de-tours-france\/"},"wordCount":249,"commentCount":0,"publisher":{"@id":"https:\/\/www.region-fes-meknes.ma\/#organization"},"articleSection":["Actualit\u00e9s","Coop\u00e9ration"],"inLanguage":"fr-FR","potentialAction":[{"@type":"CommentAction","name":"Comment","target":["https:\/\/www.region-fes-meknes.ma\/fr\/actualites\/une-participation-brillante-de-la-region-fes-meknes-a-la-foire-de-tours-france\/#respond"]}]},{"@type":"WebPage","@id":"https:\/\/www.region-fes-meknes.ma\/fr\/actualites\/une-participation-brillante-de-la-region-fes-meknes-a-la-foire-de-tours-france\/","url":"https:\/\/www.region-fes-meknes.ma\/fr\/actualites\/une-participation-brillante-de-la-region-fes-meknes-a-la-foire-de-tours-france\/","name":"Une participation brillante de la R\u00e9gion F\u00e8s-Mekn\u00e8s \u00e0 la Foire de Tours-France - R\u00e9gion F\u00e8s Mekn\u00e8s","isPartOf":{"@id":"https:\/\/www.region-fes-meknes.ma\/#website"},"datePublished":"2018-05-07T16:42:20+00:00","dateModified":"2018-05-07T16:57:58+00:00","breadcrumb":{"@id":"https:\/\/www.region-fes-meknes.ma\/fr\/actualites\/une-participation-brillante-de-la-region-fes-meknes-a-la-foire-de-tours-france\/#breadcrumb"},"inLanguage":"fr-FR","potentialAction":[{"@type":"ReadAction","target":["https:\/\/www.region-fes-meknes.ma\/fr\/actualites\/une-participation-brillante-de-la-region-fes-meknes-a-la-foire-de-tours-france\/"]}]},{"@type":"BreadcrumbList","@id":"https:\/\/www.region-fes-meknes.ma\/fr\/actualites\/une-participation-brillante-de-la-region-fes-meknes-a-la-foire-de-tours-france\/#breadcrumb","itemListElement":[{"@type":"ListItem","position":1,"name":"Accueil","item":"https:\/\/www.region-fes-meknes.ma\/fr\/"},{"@type":"ListItem","position":2,"name":"Une participation brillante de la R\u00e9gion F\u00e8s-Mekn\u00e8s \u00e0 la Foire de Tours-France"}]},{"@type":"WebSite","@id":"https:\/\/www.region-fes-meknes.ma\/#website","url":"https:\/\/www.region-fes-meknes.ma\/","name":"Portail de la R\u00e9gion F\u00e8s-Mekn\u00e8s","description":"Site officiel de la r\u00e9gion F\u00e8s-Mekn\u00e8s.","publisher":{"@id":"https:\/\/www.region-fes-meknes.ma\/#organization"},"potentialAction":[{"@type":"SearchAction","target":{"@type":"EntryPoint","urlTemplate":"https:\/\/www.region-fes-meknes.ma\/?s={search_term_string}"},"query-input":"required name=search_term_string"}],"inLanguage":"fr-FR"},{"@type":"Organization","@id":"https:\/\/www.region-fes-meknes.ma\/#organization","name":"R\u00e9gion F\u00e8s M\u00e8kn\u00e8s","url":"https:\/\/www.region-fes-meknes.ma\/","sameAs":["https:\/\/www.facebook.com\/R\u00e9gion-F\u00e8s-Mekn\u00e8s-1130195096990872"],"logo":{"@type":"ImageObject","inLanguage":"fr-FR","@id":"https:\/\/www.region-fes-meknes.ma\/#\/schema\/logo\/image\/","url":"http:\/\/www.region-fes-meknes.ma\/wp-content\/uploads\/2017\/10\/logo-rfm4.png","contentUrl":"http:\/\/www.region-fes-meknes.ma\/wp-content\/uploads\/2017\/10\/logo-rfm4.png","width":304,"height":291,"caption":"R\u00e9gion F\u00e8s M\u00e8kn\u00e8s"},"image":{"@id":"https:\/\/www.region-fes-meknes.ma\/#\/schema\/logo\/image\/"}},{"@type":"Person","@id":"https:\/\/www.region-fes-meknes.ma\/#\/schema\/person\/a6f00c1887fecaef82369ec2bdb25456","name":"Webmaster","image":{"@type":"ImageObject","inLanguage":"fr-FR","@id":"https:\/\/www.region-fes-meknes.ma\/#\/schema\/person\/image\/","url":"https:\/\/www.region-fes-meknes.ma\/wp-content\/uploads\/2017\/10\/logo-rfm4-150x150.png","contentUrl":"https:\/\/www.region-fes-meknes.ma\/wp-content\/uploads\/2017\/10\/logo-rfm4-150x150.png","caption":"Webmaster"}}]}},"_links":{"self":[{"href":"https:\/\/www.region-fes-meknes.ma\/fr\/wp-json\/wp\/v2\/posts\/5147"}],"collection":[{"href":"https:\/\/www.region-fes-meknes.ma\/fr\/wp-json\/wp\/v2\/posts"}],"about":[{"href":"https:\/\/www.region-fes-meknes.ma\/fr\/wp-json\/wp\/v2\/types\/post"}],"author":[{"embeddable":true,"href":"https:\/\/www.region-fes-meknes.ma\/fr\/wp-json\/wp\/v2\/users\/1"}],"replies":[{"embeddable":true,"href":"https:\/\/www.region-fes-meknes.ma\/fr\/wp-json\/wp\/v2\/comments?post=5147"}],"version-history":[{"count":4,"href":"https:\/\/www.region-fes-meknes.ma\/fr\/wp-json\/wp\/v2\/posts\/5147\/revisions"}],"predecessor-version":[{"id":5168,"href":"https:\/\/www.region-fes-meknes.ma\/fr\/wp-json\/wp\/v2\/posts\/5147\/revisions\/5168"}],"wp:featuredmedia":[{"embeddable":true,"href":"https:\/\/www.region-fes-meknes.ma\/fr\/wp-json\/wp\/v2\/media\/5148"}],"wp:attachment":[{"href":"https:\/\/www.region-fes-meknes.ma\/fr\/wp-json\/wp\/v2\/media?parent=5147"}],"wp:term":[{"taxonomy":"category","embeddable":true,"href":"https:\/\/www.region-fes-meknes.ma\/fr\/wp-json\/wp\/v2\/categories?post=5147"},{"taxonomy":"post_tag","embeddable":true,"href":"https:\/\/www.region-fes-meknes.ma\/fr\/wp-json\/wp\/v2\/tags?post=5147"}],"curies":[{"name":"wp","href":"https:\/\/api.w.org\/{rel}","templated":true}]}}