{"id":5244,"date":"2018-05-10T01:22:31","date_gmt":"2018-05-10T00:22:31","guid":{"rendered":"http:\/\/www.region-fes-meknes.ma\/?p=5244"},"modified":"2018-05-10T01:36:33","modified_gmt":"2018-05-10T00:36:33","slug":"du-4-au-13-mai-2018-au-parc-expo-le-maroc-sinvite-a-la-foire-de-tours","status":"publish","type":"post","link":"https:\/\/www.region-fes-meknes.ma\/fr\/espace_presse\/communiques-de-presse\/du-4-au-13-mai-2018-au-parc-expo-le-maroc-sinvite-a-la-foire-de-tours\/","title":{"rendered":"Du 4 au 13 mai 2018,\u00a0au parc EXPO,\u00a0le Maroc s\u2019invite \u00e0 la Foire\u00a0de Tours"},"content":{"rendered":"<p>La Foire de Tours 2018, 5\u00e8me de France en surface commercialis\u00e9e, invite les visiteurs au voyage et met \u00e0 l\u2019honneur le MAROC.<br \/>\nSans m\u00eame prendre l\u2019avion, le public se trouvera transport\u00e9 de l\u2019autre c\u00f4t\u00e9 de la M\u00e9diterran\u00e9e pour faire escale dans trois des villes imp\u00e9riales les plus connues du Maroc.<\/p>\n<p><a href=\"http:\/\/www.region-fes-meknes.ma\/wp-content\/uploads\/2018\/05\/communique-presse-foire-de-tours-180322.jpg\"><img loading=\"lazy\" class=\"aligncenter wp-image-5251 size-full\" src=\"http:\/\/www.region-fes-meknes.ma\/wp-content\/uploads\/2018\/05\/communique-presse-foire-de-tours-180322.jpg\" alt=\"\" width=\"825\" height=\"2317\" srcset=\"https:\/\/www.region-fes-meknes.ma\/wp-content\/uploads\/2018\/05\/communique-presse-foire-de-tours-180322.jpg 825w, https:\/\/www.region-fes-meknes.ma\/wp-content\/uploads\/2018\/05\/communique-presse-foire-de-tours-180322-107x300.jpg 107w, https:\/\/www.region-fes-meknes.ma\/wp-content\/uploads\/2018\/05\/communique-presse-foire-de-tours-180322-768x2157.jpg 768w, https:\/\/www.region-fes-meknes.ma\/wp-content\/uploads\/2018\/05\/communique-presse-foire-de-tours-180322-365x1024.jpg 365w, https:\/\/www.region-fes-meknes.ma\/wp-content\/uploads\/2018\/05\/communique-presse-foire-de-tours-180322-36x100.jpg 36w\" sizes=\"(max-width: 825px) 100vw, 825px\" \/><\/a><\/p>\n","protected":false},"excerpt":{"rendered":"<p>La Foire de Tours 2018, 5\u00e8me de France en surface commercialis\u00e9e, invite les visiteurs au voyage et met \u00e0 l\u2019honneur le MAROC. Sans m\u00eame prendre l\u2019avion, le public se trouvera &#8230;<\/p>\n","protected":false},"author":1,"featured_media":5248,"comment_status":"open","ping_status":"open","sticky":false,"template":"","format":"standard","meta":{"_bbp_topic_count":0,"_bbp_reply_count":0,"_bbp_total_topic_count":0,"_bbp_total_reply_count":0,"_bbp_voice_count":0,"_bbp_anonymous_reply_count":0,"_bbp_topic_count_hidden":0,"_bbp_reply_count_hidden":0,"_bbp_forum_subforum_count":0},"categories":[73],"tags":[],"acf":[],"yoast_head":"<!-- This site is optimized with the Yoast SEO plugin v19.5.1 - https:\/\/yoast.com\/wordpress\/plugins\/seo\/ -->\n<title>Du 4 au 13 mai 2018,\u00a0au parc EXPO,\u00a0le Maroc s\u2019invite \u00e0 la Foire\u00a0de Tours - R\u00e9gion F\u00e8s Mekn\u00e8s<\/title>\n<meta name=\"robots\" content=\"index, follow, max-snippet:-1, max-image-preview:large, max-video-preview:-1\" \/>\n<link rel=\"canonical\" href=\"https:\/\/www.region-fes-meknes.ma\/fr\/espace_presse\/communiques-de-presse\/du-4-au-13-mai-2018-au-parc-expo-le-maroc-sinvite-a-la-foire-de-tours\/\" \/>\n<meta property=\"og:locale\" content=\"fr_FR\" \/>\n<meta property=\"og:type\" content=\"article\" \/>\n<meta property=\"og:title\" content=\"Du 4 au 13 mai 2018,\u00a0au parc EXPO,\u00a0le Maroc s\u2019invite \u00e0 la Foire\u00a0de Tours - R\u00e9gion F\u00e8s Mekn\u00e8s\" \/>\n<meta property=\"og:description\" content=\"La Foire de Tours 2018, 5\u00e8me de France en surface commercialis\u00e9e, invite les visiteurs au voyage et met \u00e0 l\u2019honneur le MAROC. Sans m\u00eame prendre l\u2019avion, le public se trouvera ...\" \/>\n<meta property=\"og:url\" content=\"https:\/\/www.region-fes-meknes.ma\/fr\/espace_presse\/communiques-de-presse\/du-4-au-13-mai-2018-au-parc-expo-le-maroc-sinvite-a-la-foire-de-tours\/\" \/>\n<meta property=\"og:site_name\" content=\"R\u00e9gion F\u00e8s Mekn\u00e8s\" \/>\n<meta property=\"article:publisher\" content=\"https:\/\/www.facebook.com\/R%c3%a9gion-F%c3%a8s-Mekn%c3%a8s-1130195096990872\" \/>\n<meta property=\"article:published_time\" content=\"2018-05-10T00:22:31+00:00\" \/>\n<meta property=\"article:modified_time\" content=\"2018-05-10T00:36:33+00:00\" \/>\n<meta property=\"og:image\" content=\"https:\/\/www.region-fes-meknes.ma\/wp-content\/uploads\/2018\/05\/communique-presse-foire-de-tours-180322-00.jpg\" \/>\n\t<meta property=\"og:image:width\" content=\"1090\" \/>\n\t<meta property=\"og:image:height\" content=\"722\" \/>\n\t<meta property=\"og:image:type\" content=\"image\/jpeg\" \/>\n<meta name=\"author\" content=\"Webmaster\" \/>\n<meta name=\"twitter:card\" content=\"summary_large_image\" \/>\n<meta name=\"twitter:label1\" content=\"\u00c9crit par\" \/>\n\t<meta name=\"twitter:data1\" content=\"Webmaster\" \/>\n<script type=\"application\/ld+json\" class=\"yoast-schema-graph\">{\"@context\":\"https:\/\/schema.org\",\"@graph\":[{\"@type\":\"Article\",\"@id\":\"https:\/\/www.region-fes-meknes.ma\/fr\/espace_presse\/communiques-de-presse\/du-4-au-13-mai-2018-au-parc-expo-le-maroc-sinvite-a-la-foire-de-tours\/#article\",\"isPartOf\":{\"@id\":\"https:\/\/www.region-fes-meknes.ma\/fr\/espace_presse\/communiques-de-presse\/du-4-au-13-mai-2018-au-parc-expo-le-maroc-sinvite-a-la-foire-de-tours\/\"},\"author\":{\"name\":\"Webmaster\",\"@id\":\"https:\/\/www.region-fes-meknes.ma\/#\/schema\/person\/a6f00c1887fecaef82369ec2bdb25456\"},\"headline\":\"Du 4 au 13 mai 2018,\u00a0au parc EXPO,\u00a0le Maroc s\u2019invite \u00e0 la Foire\u00a0de Tours\",\"datePublished\":\"2018-05-10T00:22:31+00:00\",\"dateModified\":\"2018-05-10T00:36:33+00:00\",\"mainEntityOfPage\":{\"@id\":\"https:\/\/www.region-fes-meknes.ma\/fr\/espace_presse\/communiques-de-presse\/du-4-au-13-mai-2018-au-parc-expo-le-maroc-sinvite-a-la-foire-de-tours\/\"},\"wordCount\":71,\"commentCount\":0,\"publisher\":{\"@id\":\"https:\/\/www.region-fes-meknes.ma\/#organization\"},\"articleSection\":[\"Communiqu\u00e9s de presse\"],\"inLanguage\":\"fr-FR\",\"potentialAction\":[{\"@type\":\"CommentAction\",\"name\":\"Comment\",\"target\":[\"https:\/\/www.region-fes-meknes.ma\/fr\/espace_presse\/communiques-de-presse\/du-4-au-13-mai-2018-au-parc-expo-le-maroc-sinvite-a-la-foire-de-tours\/#respond\"]}]},{\"@type\":\"WebPage\",\"@id\":\"https:\/\/www.region-fes-meknes.ma\/fr\/espace_presse\/communiques-de-presse\/du-4-au-13-mai-2018-au-parc-expo-le-maroc-sinvite-a-la-foire-de-tours\/\",\"url\":\"https:\/\/www.region-fes-meknes.ma\/fr\/espace_presse\/communiques-de-presse\/du-4-au-13-mai-2018-au-parc-expo-le-maroc-sinvite-a-la-foire-de-tours\/\",\"name\":\"Du 4 au 13 mai 2018,\u00a0au parc EXPO,\u00a0le Maroc s\u2019invite \u00e0 la Foire\u00a0de Tours - R\u00e9gion F\u00e8s Mekn\u00e8s\",\"isPartOf\":{\"@id\":\"https:\/\/www.region-fes-meknes.ma\/#website\"},\"datePublished\":\"2018-05-10T00:22:31+00:00\",\"dateModified\":\"2018-05-10T00:36:33+00:00\",\"breadcrumb\":{\"@id\":\"https:\/\/www.region-fes-meknes.ma\/fr\/espace_presse\/communiques-de-presse\/du-4-au-13-mai-2018-au-parc-expo-le-maroc-sinvite-a-la-foire-de-tours\/#breadcrumb\"},\"inLanguage\":\"fr-FR\",\"potentialAction\":[{\"@type\":\"ReadAction\",\"target\":[\"https:\/\/www.region-fes-meknes.ma\/fr\/espace_presse\/communiques-de-presse\/du-4-au-13-mai-2018-au-parc-expo-le-maroc-sinvite-a-la-foire-de-tours\/\"]}]},{\"@type\":\"BreadcrumbList\",\"@id\":\"https:\/\/www.region-fes-meknes.ma\/fr\/espace_presse\/communiques-de-presse\/du-4-au-13-mai-2018-au-parc-expo-le-maroc-sinvite-a-la-foire-de-tours\/#breadcrumb\",\"itemListElement\":[{\"@type\":\"ListItem\",\"position\":1,\"name\":\"Accueil\",\"item\":\"https:\/\/www.region-fes-meknes.ma\/fr\/\"},{\"@type\":\"ListItem\",\"position\":2,\"name\":\"Du 4 au 13 mai 2018,\u00a0au parc EXPO,\u00a0le Maroc s\u2019invite \u00e0 la Foire\u00a0de Tours\"}]},{\"@type\":\"WebSite\",\"@id\":\"https:\/\/www.region-fes-meknes.ma\/#website\",\"url\":\"https:\/\/www.region-fes-meknes.ma\/\",\"name\":\"Portail de la R\u00e9gion F\u00e8s-Mekn\u00e8s\",\"description\":\"Site officiel de la r\u00e9gion F\u00e8s-Mekn\u00e8s.\",\"publisher\":{\"@id\":\"https:\/\/www.region-fes-meknes.ma\/#organization\"},\"potentialAction\":[{\"@type\":\"SearchAction\",\"target\":{\"@type\":\"EntryPoint\",\"urlTemplate\":\"https:\/\/www.region-fes-meknes.ma\/?s={search_term_string}\"},\"query-input\":\"required name=search_term_string\"}],\"inLanguage\":\"fr-FR\"},{\"@type\":\"Organization\",\"@id\":\"https:\/\/www.region-fes-meknes.ma\/#organization\",\"name\":\"R\u00e9gion F\u00e8s M\u00e8kn\u00e8s\",\"url\":\"https:\/\/www.region-fes-meknes.ma\/\",\"sameAs\":[\"https:\/\/www.facebook.com\/R\u00e9gion-F\u00e8s-Mekn\u00e8s-1130195096990872\"],\"logo\":{\"@type\":\"ImageObject\",\"inLanguage\":\"fr-FR\",\"@id\":\"https:\/\/www.region-fes-meknes.ma\/#\/schema\/logo\/image\/\",\"url\":\"http:\/\/www.region-fes-meknes.ma\/wp-content\/uploads\/2017\/10\/logo-rfm4.png\",\"contentUrl\":\"http:\/\/www.region-fes-meknes.ma\/wp-content\/uploads\/2017\/10\/logo-rfm4.png\",\"width\":304,\"height\":291,\"caption\":\"R\u00e9gion F\u00e8s M\u00e8kn\u00e8s\"},\"image\":{\"@id\":\"https:\/\/www.region-fes-meknes.ma\/#\/schema\/logo\/image\/\"}},{\"@type\":\"Person\",\"@id\":\"https:\/\/www.region-fes-meknes.ma\/#\/schema\/person\/a6f00c1887fecaef82369ec2bdb25456\",\"name\":\"Webmaster\",\"image\":{\"@type\":\"ImageObject\",\"inLanguage\":\"fr-FR\",\"@id\":\"https:\/\/www.region-fes-meknes.ma\/#\/schema\/person\/image\/\",\"url\":\"https:\/\/www.region-fes-meknes.ma\/wp-content\/uploads\/2017\/10\/logo-rfm4-150x150.png\",\"contentUrl\":\"https:\/\/www.region-fes-meknes.ma\/wp-content\/uploads\/2017\/10\/logo-rfm4-150x150.png\",\"caption\":\"Webmaster\"}}]}<\/script>\n<!-- \/ Yoast SEO plugin. -->","yoast_head_json":{"title":"Du 4 au 13 mai 2018,\u00a0au parc EXPO,\u00a0le Maroc s\u2019invite \u00e0 la Foire\u00a0de Tours - R\u00e9gion F\u00e8s Mekn\u00e8s","robots":{"index":"index","follow":"follow","max-snippet":"max-snippet:-1","max-image-preview":"max-image-preview:large","max-video-preview":"max-video-preview:-1"},"canonical":"https:\/\/www.region-fes-meknes.ma\/fr\/espace_presse\/communiques-de-presse\/du-4-au-13-mai-2018-au-parc-expo-le-maroc-sinvite-a-la-foire-de-tours\/","og_locale":"fr_FR","og_type":"article","og_title":"Du 4 au 13 mai 2018,\u00a0au parc EXPO,\u00a0le Maroc s\u2019invite \u00e0 la Foire\u00a0de Tours - R\u00e9gion F\u00e8s Mekn\u00e8s","og_description":"La Foire de Tours 2018, 5\u00e8me de France en surface commercialis\u00e9e, invite les visiteurs au voyage et met \u00e0 l\u2019honneur le MAROC. Sans m\u00eame prendre l\u2019avion, le public se trouvera ...","og_url":"https:\/\/www.region-fes-meknes.ma\/fr\/espace_presse\/communiques-de-presse\/du-4-au-13-mai-2018-au-parc-expo-le-maroc-sinvite-a-la-foire-de-tours\/","og_site_name":"R\u00e9gion F\u00e8s Mekn\u00e8s","article_publisher":"https:\/\/www.facebook.com\/R%c3%a9gion-F%c3%a8s-Mekn%c3%a8s-1130195096990872","article_published_time":"2018-05-10T00:22:31+00:00","article_modified_time":"2018-05-10T00:36:33+00:00","og_image":[{"width":1090,"height":722,"url":"https:\/\/www.region-fes-meknes.ma\/wp-content\/uploads\/2018\/05\/communique-presse-foire-de-tours-180322-00.jpg","type":"image\/jpeg"}],"author":"Webmaster","twitter_card":"summary_large_image","twitter_misc":{"\u00c9crit par":"Webmaster"},"schema":{"@context":"https:\/\/schema.org","@graph":[{"@type":"Article","@id":"https:\/\/www.region-fes-meknes.ma\/fr\/espace_presse\/communiques-de-presse\/du-4-au-13-mai-2018-au-parc-expo-le-maroc-sinvite-a-la-foire-de-tours\/#article","isPartOf":{"@id":"https:\/\/www.region-fes-meknes.ma\/fr\/espace_presse\/communiques-de-presse\/du-4-au-13-mai-2018-au-parc-expo-le-maroc-sinvite-a-la-foire-de-tours\/"},"author":{"name":"Webmaster","@id":"https:\/\/www.region-fes-meknes.ma\/#\/schema\/person\/a6f00c1887fecaef82369ec2bdb25456"},"headline":"Du 4 au 13 mai 2018,\u00a0au parc EXPO,\u00a0le Maroc s\u2019invite \u00e0 la Foire\u00a0de Tours","datePublished":"2018-05-10T00:22:31+00:00","dateModified":"2018-05-10T00:36:33+00:00","mainEntityOfPage":{"@id":"https:\/\/www.region-fes-meknes.ma\/fr\/espace_presse\/communiques-de-presse\/du-4-au-13-mai-2018-au-parc-expo-le-maroc-sinvite-a-la-foire-de-tours\/"},"wordCount":71,"commentCount":0,"publisher":{"@id":"https:\/\/www.region-fes-meknes.ma\/#organization"},"articleSection":["Communiqu\u00e9s de presse"],"inLanguage":"fr-FR","potentialAction":[{"@type":"CommentAction","name":"Comment","target":["https:\/\/www.region-fes-meknes.ma\/fr\/espace_presse\/communiques-de-presse\/du-4-au-13-mai-2018-au-parc-expo-le-maroc-sinvite-a-la-foire-de-tours\/#respond"]}]},{"@type":"WebPage","@id":"https:\/\/www.region-fes-meknes.ma\/fr\/espace_presse\/communiques-de-presse\/du-4-au-13-mai-2018-au-parc-expo-le-maroc-sinvite-a-la-foire-de-tours\/","url":"https:\/\/www.region-fes-meknes.ma\/fr\/espace_presse\/communiques-de-presse\/du-4-au-13-mai-2018-au-parc-expo-le-maroc-sinvite-a-la-foire-de-tours\/","name":"Du 4 au 13 mai 2018,\u00a0au parc EXPO,\u00a0le Maroc s\u2019invite \u00e0 la Foire\u00a0de Tours - R\u00e9gion F\u00e8s Mekn\u00e8s","isPartOf":{"@id":"https:\/\/www.region-fes-meknes.ma\/#website"},"datePublished":"2018-05-10T00:22:31+00:00","dateModified":"2018-05-10T00:36:33+00:00","breadcrumb":{"@id":"https:\/\/www.region-fes-meknes.ma\/fr\/espace_presse\/communiques-de-presse\/du-4-au-13-mai-2018-au-parc-expo-le-maroc-sinvite-a-la-foire-de-tours\/#breadcrumb"},"inLanguage":"fr-FR","potentialAction":[{"@type":"ReadAction","target":["https:\/\/www.region-fes-meknes.ma\/fr\/espace_presse\/communiques-de-presse\/du-4-au-13-mai-2018-au-parc-expo-le-maroc-sinvite-a-la-foire-de-tours\/"]}]},{"@type":"BreadcrumbList","@id":"https:\/\/www.region-fes-meknes.ma\/fr\/espace_presse\/communiques-de-presse\/du-4-au-13-mai-2018-au-parc-expo-le-maroc-sinvite-a-la-foire-de-tours\/#breadcrumb","itemListElement":[{"@type":"ListItem","position":1,"name":"Accueil","item":"https:\/\/www.region-fes-meknes.ma\/fr\/"},{"@type":"ListItem","position":2,"name":"Du 4 au 13 mai 2018,\u00a0au parc EXPO,\u00a0le Maroc s\u2019invite \u00e0 la Foire\u00a0de Tours"}]},{"@type":"WebSite","@id":"https:\/\/www.region-fes-meknes.ma\/#website","url":"https:\/\/www.region-fes-meknes.ma\/","name":"Portail de la R\u00e9gion F\u00e8s-Mekn\u00e8s","description":"Site officiel de la r\u00e9gion F\u00e8s-Mekn\u00e8s.","publisher":{"@id":"https:\/\/www.region-fes-meknes.ma\/#organization"},"potentialAction":[{"@type":"SearchAction","target":{"@type":"EntryPoint","urlTemplate":"https:\/\/www.region-fes-meknes.ma\/?s={search_term_string}"},"query-input":"required name=search_term_string"}],"inLanguage":"fr-FR"},{"@type":"Organization","@id":"https:\/\/www.region-fes-meknes.ma\/#organization","name":"R\u00e9gion F\u00e8s M\u00e8kn\u00e8s","url":"https:\/\/www.region-fes-meknes.ma\/","sameAs":["https:\/\/www.facebook.com\/R\u00e9gion-F\u00e8s-Mekn\u00e8s-1130195096990872"],"logo":{"@type":"ImageObject","inLanguage":"fr-FR","@id":"https:\/\/www.region-fes-meknes.ma\/#\/schema\/logo\/image\/","url":"http:\/\/www.region-fes-meknes.ma\/wp-content\/uploads\/2017\/10\/logo-rfm4.png","contentUrl":"http:\/\/www.region-fes-meknes.ma\/wp-content\/uploads\/2017\/10\/logo-rfm4.png","width":304,"height":291,"caption":"R\u00e9gion F\u00e8s M\u00e8kn\u00e8s"},"image":{"@id":"https:\/\/www.region-fes-meknes.ma\/#\/schema\/logo\/image\/"}},{"@type":"Person","@id":"https:\/\/www.region-fes-meknes.ma\/#\/schema\/person\/a6f00c1887fecaef82369ec2bdb25456","name":"Webmaster","image":{"@type":"ImageObject","inLanguage":"fr-FR","@id":"https:\/\/www.region-fes-meknes.ma\/#\/schema\/person\/image\/","url":"https:\/\/www.region-fes-meknes.ma\/wp-content\/uploads\/2017\/10\/logo-rfm4-150x150.png","contentUrl":"https:\/\/www.region-fes-meknes.ma\/wp-content\/uploads\/2017\/10\/logo-rfm4-150x150.png","caption":"Webmaster"}}]}},"_links":{"self":[{"href":"https:\/\/www.region-fes-meknes.ma\/fr\/wp-json\/wp\/v2\/posts\/5244"}],"collection":[{"href":"https:\/\/www.region-fes-meknes.ma\/fr\/wp-json\/wp\/v2\/posts"}],"about":[{"href":"https:\/\/www.region-fes-meknes.ma\/fr\/wp-json\/wp\/v2\/types\/post"}],"author":[{"embeddable":true,"href":"https:\/\/www.region-fes-meknes.ma\/fr\/wp-json\/wp\/v2\/users\/1"}],"replies":[{"embeddable":true,"href":"https:\/\/www.region-fes-meknes.ma\/fr\/wp-json\/wp\/v2\/comments?post=5244"}],"version-history":[{"count":3,"href":"https:\/\/www.region-fes-meknes.ma\/fr\/wp-json\/wp\/v2\/posts\/5244\/revisions"}],"predecessor-version":[{"id":5252,"href":"https:\/\/www.region-fes-meknes.ma\/fr\/wp-json\/wp\/v2\/posts\/5244\/revisions\/5252"}],"wp:featuredmedia":[{"embeddable":true,"href":"https:\/\/www.region-fes-meknes.ma\/fr\/wp-json\/wp\/v2\/media\/5248"}],"wp:attachment":[{"href":"https:\/\/www.region-fes-meknes.ma\/fr\/wp-json\/wp\/v2\/media?parent=5244"}],"wp:term":[{"taxonomy":"category","embeddable":true,"href":"https:\/\/www.region-fes-meknes.ma\/fr\/wp-json\/wp\/v2\/categories?post=5244"},{"taxonomy":"post_tag","embeddable":true,"href":"https:\/\/www.region-fes-meknes.ma\/fr\/wp-json\/wp\/v2\/tags?post=5244"}],"curies":[{"name":"wp","href":"https:\/\/api.w.org\/{rel}","templated":true}]}}