{"id":5253,"date":"2018-05-09T01:47:39","date_gmt":"2018-05-09T00:47:39","guid":{"rendered":"http:\/\/www.region-fes-meknes.ma\/?p=5253"},"modified":"2018-05-10T18:56:10","modified_gmt":"2018-05-10T17:56:10","slug":"quelques-bonnes-raisons-pour-aller-faire-la-foire-de-tours","status":"publish","type":"post","link":"https:\/\/www.region-fes-meknes.ma\/fr\/espace_presse\/presse-ecrite\/quelques-bonnes-raisons-pour-aller-faire-la-foire-de-tours\/","title":{"rendered":"Quelques bonnes raisons pour aller faire la foire de Tours"},"content":{"rendered":"<figure id=\"attachment_5256\" aria-describedby=\"caption-attachment-5256\" style=\"width: 1020px\" class=\"wp-caption aligncenter\"><img loading=\"lazy\" class=\"size-full wp-image-5256\" src=\"http:\/\/www.region-fes-meknes.ma\/wp-content\/uploads\/2018\/05\/rfm-la-nouvelle-republique-foire-tours-01.jpg\" alt=\"\" width=\"1020\" height=\"573\" srcset=\"https:\/\/www.region-fes-meknes.ma\/wp-content\/uploads\/2018\/05\/rfm-la-nouvelle-republique-foire-tours-01.jpg 1020w, https:\/\/www.region-fes-meknes.ma\/wp-content\/uploads\/2018\/05\/rfm-la-nouvelle-republique-foire-tours-01-300x169.jpg 300w, https:\/\/www.region-fes-meknes.ma\/wp-content\/uploads\/2018\/05\/rfm-la-nouvelle-republique-foire-tours-01-768x431.jpg 768w, https:\/\/www.region-fes-meknes.ma\/wp-content\/uploads\/2018\/05\/rfm-la-nouvelle-republique-foire-tours-01-100x56.jpg 100w\" sizes=\"(max-width: 1020px) 100vw, 1020px\" \/><figcaption id=\"caption-attachment-5256\" class=\"wp-caption-text\">Tout le d\u00e9partement, habitants de Tours en t\u00eate, vient faire un tour au parc des expos pour acheter, s\u2019amuser, manger ou simplement regarder.<\/figcaption><\/figure>\n<p><strong>Article\u00a0Publi\u00e9 le\u00a009\/05\/2018 \u00e0 02:55\u00a0|\u00a0Mis \u00e0 jour le\u00a009\/05\/2018 \u00e0 07:20<\/strong><\/p>\n<p>Class\u00e9e 5\u00e8me foire de France, celle de Tours se tient jusqu\u2019\u00e0 dimanche au parc des expos. Les motivations pour s\u2019y rendre sont multiples :<\/p>\n<p><strong>&gt;\u00a0ENTR\u00c9E ET PARKING GRATUITS.<\/strong>\u00a0Un argument de poids, qui fait qu\u2019on peut garer son v\u00e9hicule facilement, y retourner autant de fois qu\u2019on le veut, seul, en famille, avec les copains ou les coll\u00e8gues.<br \/>\nEt n\u2019y passer que le temps d\u2019un court d\u00e9jeuner au village gastronomique ou tout un apr\u00e8s-midi pour fl\u00e2ner sous les diff\u00e9rents halls.<\/p>\n<p><strong>&gt;\u00a0LE PLUS GRAND CENTRE COMMERCIAL DE LA R\u00c9GION.\u00a0<\/strong>La foire est actuellement la plus grande surface commerciale de la R\u00e9gion, soit 50.000\u00a0m2 r\u00e9partis entre les quatre halls d\u2019exposition, un espace piscines et v\u00e9randas, un espace cl\u00f4tures et motoculture, un site camping-cars et caravanes, un village gastronomique de plus de 150\u00a0stands.<br \/>\nC\u2019est donc l\u2019occasion de se renseigner, de comparer et aussi d\u2019acheter en demandant un \u00ab\u00a0prix foire\u00a0\u00bb et, \u00e9ventuellement, de v\u00e9rifier auparavant sur son smartphone les prix r\u00e9els\u00a0!<br \/>\nLe moment aussi de tester diff\u00e9rents v\u00e9los \u00e9lectriques, le matelas \u00e0 eau, la tondeuse automatique, l\u2019aspirateur qui lave et s\u00e8che\u2026<\/p>\n<p><strong>&gt;\u00a0LE PLUS GRAND RESTAURANT DE LA R\u00c9GION.<\/strong>\u00a0Avec plus de 150\u00a0stands regroup\u00e9s dans le fameux village gastronomique, qui participe grandement \u00e0 la r\u00e9putation de la Foire de Tours. Ouvert tous les jours de 10\u00a0h \u00e0 minuit (1\u00a0h ce mercredi 9\u00a0mai et samedi 12\u00a0mai).<\/p>\n<p><strong>&gt;\u00a0FAIRE UN TOUR AU PAVILLON DU MAROC.<\/strong>\u00a0Le pays invit\u00e9 de cette \u00e9dition 2018\u00a0pr\u00e9sente Marrakech, F\u00e8s et Mekn\u00e8s, trois villes imp\u00e9riales et historiques du pays, avec des animations tous les jours.<\/p>\n<p><strong>&gt;\u00a0D\u00c9GUSTER UN COUSCOUS.<\/strong>\u00a0Traditionnel ou aux quatre viandes (de 16\u00a0\u00e0 22\u00a0\u20ac), le couscous, deuxi\u00e8me plat pr\u00e9f\u00e9r\u00e9 des Fran\u00e7ais, est roi dans le grand restaurant marocain des D\u00e9lices de l\u2019Atlas, situ\u00e9 pr\u00e8s du village gastronomique.<\/p>\n<p><strong>&gt;\u00a0ALLER A LA F\u00caTE FORAINE VOISINE.\u00a0<\/strong>Ouverte de 14\u00a0h \u00e0 2\u00a0h, tous les jours, jusqu\u2019au dimanche 20\u00a0mai (de 14\u00a0h \u00e0 20\u00a0h ce dernier jour avec un tarif unique \u00e0 2\u00a0\u20ac pour tous les man\u00e8ges).<\/p>\n<blockquote><p><strong>MAIS AUSSI\u2026<\/strong>\u00a0S\u2019inscrire au grand jeu pour gagner un vol aller-retour Tours-Marrakech\u00a0; les probabilit\u00e9s de gagner sont plus grandes au niveau d\u2019une ville qu\u2019\u00e0 l\u2019\u00e9chelon national.<br \/>\nAcheter des plantes sur le march\u00e9 aux fleurs ou p\u00e9pini\u00e9ristes, horticulteurs et fleuristes exposent. Manger des chichis, un paquet de frites\u2026 belges ou une andouillette de Tours.<br \/>\n<strong>Jusqu\u2019au dimanche 13\u00a0mai.<\/strong><strong style=\"color: #555555; font-size: 16px;\">\u00a0<\/strong><\/p><\/blockquote>\n","protected":false},"excerpt":{"rendered":"<p>Article\u00a0Publi\u00e9 le\u00a009\/05\/2018 \u00e0 02:55\u00a0|\u00a0Mis \u00e0 jour le\u00a009\/05\/2018 \u00e0 07:20 Class\u00e9e 5\u00e8me foire de France, celle de Tours se tient jusqu\u2019\u00e0 dimanche au parc des expos. Les motivations pour s\u2019y rendre &#8230;<\/p>\n","protected":false},"author":1,"featured_media":5260,"comment_status":"open","ping_status":"open","sticky":false,"template":"","format":"standard","meta":{"_bbp_topic_count":0,"_bbp_reply_count":0,"_bbp_total_topic_count":0,"_bbp_total_reply_count":0,"_bbp_voice_count":0,"_bbp_anonymous_reply_count":0,"_bbp_topic_count_hidden":0,"_bbp_reply_count_hidden":0,"_bbp_forum_subforum_count":0},"categories":[76,75],"tags":[],"acf":[],"yoast_head":"<!-- This site is optimized with the Yoast SEO plugin v19.5.1 - https:\/\/yoast.com\/wordpress\/plugins\/seo\/ -->\n<title>Quelques bonnes raisons pour aller faire la foire de Tours - R\u00e9gion F\u00e8s Mekn\u00e8s<\/title>\n<meta name=\"robots\" content=\"index, follow, max-snippet:-1, max-image-preview:large, max-video-preview:-1\" \/>\n<link rel=\"canonical\" href=\"https:\/\/www.region-fes-meknes.ma\/fr\/espace_presse\/presse-ecrite\/quelques-bonnes-raisons-pour-aller-faire-la-foire-de-tours\/\" \/>\n<meta property=\"og:locale\" content=\"fr_FR\" \/>\n<meta property=\"og:type\" content=\"article\" \/>\n<meta property=\"og:title\" content=\"Quelques bonnes raisons pour aller faire la foire de Tours - R\u00e9gion F\u00e8s Mekn\u00e8s\" \/>\n<meta property=\"og:description\" content=\"Article\u00a0Publi\u00e9 le\u00a009\/05\/2018 \u00e0 02:55\u00a0|\u00a0Mis \u00e0 jour le\u00a009\/05\/2018 \u00e0 07:20 Class\u00e9e 5\u00e8me foire de France, celle de Tours se tient jusqu\u2019\u00e0 dimanche au parc des expos. Les motivations pour s\u2019y rendre ...\" \/>\n<meta property=\"og:url\" content=\"https:\/\/www.region-fes-meknes.ma\/fr\/espace_presse\/presse-ecrite\/quelques-bonnes-raisons-pour-aller-faire-la-foire-de-tours\/\" \/>\n<meta property=\"og:site_name\" content=\"R\u00e9gion F\u00e8s Mekn\u00e8s\" \/>\n<meta property=\"article:publisher\" content=\"https:\/\/www.facebook.com\/R%c3%a9gion-F%c3%a8s-Mekn%c3%a8s-1130195096990872\" \/>\n<meta property=\"article:published_time\" content=\"2018-05-09T00:47:39+00:00\" \/>\n<meta property=\"article:modified_time\" content=\"2018-05-10T17:56:10+00:00\" \/>\n<meta property=\"og:image\" content=\"https:\/\/www.region-fes-meknes.ma\/wp-content\/uploads\/2018\/05\/la-nouvelle-republique.jpg\" \/>\n\t<meta property=\"og:image:width\" content=\"320\" \/>\n\t<meta property=\"og:image:height\" content=\"220\" \/>\n\t<meta property=\"og:image:type\" content=\"image\/jpeg\" \/>\n<meta name=\"author\" content=\"Webmaster\" \/>\n<meta name=\"twitter:card\" content=\"summary_large_image\" \/>\n<meta name=\"twitter:label1\" content=\"\u00c9crit par\" \/>\n\t<meta name=\"twitter:data1\" content=\"Webmaster\" \/>\n\t<meta name=\"twitter:label2\" content=\"Dur\u00e9e de lecture estim\u00e9e\" \/>\n\t<meta name=\"twitter:data2\" content=\"2 minutes\" \/>\n<script type=\"application\/ld+json\" class=\"yoast-schema-graph\">{\"@context\":\"https:\/\/schema.org\",\"@graph\":[{\"@type\":\"Article\",\"@id\":\"https:\/\/www.region-fes-meknes.ma\/fr\/espace_presse\/presse-ecrite\/quelques-bonnes-raisons-pour-aller-faire-la-foire-de-tours\/#article\",\"isPartOf\":{\"@id\":\"https:\/\/www.region-fes-meknes.ma\/fr\/espace_presse\/presse-ecrite\/quelques-bonnes-raisons-pour-aller-faire-la-foire-de-tours\/\"},\"author\":{\"name\":\"Webmaster\",\"@id\":\"https:\/\/www.region-fes-meknes.ma\/#\/schema\/person\/a6f00c1887fecaef82369ec2bdb25456\"},\"headline\":\"Quelques bonnes raisons pour aller faire la foire de Tours\",\"datePublished\":\"2018-05-09T00:47:39+00:00\",\"dateModified\":\"2018-05-10T17:56:10+00:00\",\"mainEntityOfPage\":{\"@id\":\"https:\/\/www.region-fes-meknes.ma\/fr\/espace_presse\/presse-ecrite\/quelques-bonnes-raisons-pour-aller-faire-la-foire-de-tours\/\"},\"wordCount\":472,\"commentCount\":0,\"publisher\":{\"@id\":\"https:\/\/www.region-fes-meknes.ma\/#organization\"},\"articleSection\":[\"M\u00e9dias \u00e9lectroniques\",\"Presse \u00e9crite\"],\"inLanguage\":\"fr-FR\",\"potentialAction\":[{\"@type\":\"CommentAction\",\"name\":\"Comment\",\"target\":[\"https:\/\/www.region-fes-meknes.ma\/fr\/espace_presse\/presse-ecrite\/quelques-bonnes-raisons-pour-aller-faire-la-foire-de-tours\/#respond\"]}]},{\"@type\":\"WebPage\",\"@id\":\"https:\/\/www.region-fes-meknes.ma\/fr\/espace_presse\/presse-ecrite\/quelques-bonnes-raisons-pour-aller-faire-la-foire-de-tours\/\",\"url\":\"https:\/\/www.region-fes-meknes.ma\/fr\/espace_presse\/presse-ecrite\/quelques-bonnes-raisons-pour-aller-faire-la-foire-de-tours\/\",\"name\":\"Quelques bonnes raisons pour aller faire la foire de Tours - R\u00e9gion F\u00e8s Mekn\u00e8s\",\"isPartOf\":{\"@id\":\"https:\/\/www.region-fes-meknes.ma\/#website\"},\"datePublished\":\"2018-05-09T00:47:39+00:00\",\"dateModified\":\"2018-05-10T17:56:10+00:00\",\"breadcrumb\":{\"@id\":\"https:\/\/www.region-fes-meknes.ma\/fr\/espace_presse\/presse-ecrite\/quelques-bonnes-raisons-pour-aller-faire-la-foire-de-tours\/#breadcrumb\"},\"inLanguage\":\"fr-FR\",\"potentialAction\":[{\"@type\":\"ReadAction\",\"target\":[\"https:\/\/www.region-fes-meknes.ma\/fr\/espace_presse\/presse-ecrite\/quelques-bonnes-raisons-pour-aller-faire-la-foire-de-tours\/\"]}]},{\"@type\":\"BreadcrumbList\",\"@id\":\"https:\/\/www.region-fes-meknes.ma\/fr\/espace_presse\/presse-ecrite\/quelques-bonnes-raisons-pour-aller-faire-la-foire-de-tours\/#breadcrumb\",\"itemListElement\":[{\"@type\":\"ListItem\",\"position\":1,\"name\":\"Accueil\",\"item\":\"https:\/\/www.region-fes-meknes.ma\/fr\/\"},{\"@type\":\"ListItem\",\"position\":2,\"name\":\"Quelques bonnes raisons pour aller faire la foire de Tours\"}]},{\"@type\":\"WebSite\",\"@id\":\"https:\/\/www.region-fes-meknes.ma\/#website\",\"url\":\"https:\/\/www.region-fes-meknes.ma\/\",\"name\":\"Portail de la R\u00e9gion F\u00e8s-Mekn\u00e8s\",\"description\":\"Site officiel de la r\u00e9gion F\u00e8s-Mekn\u00e8s.\",\"publisher\":{\"@id\":\"https:\/\/www.region-fes-meknes.ma\/#organization\"},\"potentialAction\":[{\"@type\":\"SearchAction\",\"target\":{\"@type\":\"EntryPoint\",\"urlTemplate\":\"https:\/\/www.region-fes-meknes.ma\/?s={search_term_string}\"},\"query-input\":\"required name=search_term_string\"}],\"inLanguage\":\"fr-FR\"},{\"@type\":\"Organization\",\"@id\":\"https:\/\/www.region-fes-meknes.ma\/#organization\",\"name\":\"R\u00e9gion F\u00e8s M\u00e8kn\u00e8s\",\"url\":\"https:\/\/www.region-fes-meknes.ma\/\",\"sameAs\":[\"https:\/\/www.facebook.com\/R\u00e9gion-F\u00e8s-Mekn\u00e8s-1130195096990872\"],\"logo\":{\"@type\":\"ImageObject\",\"inLanguage\":\"fr-FR\",\"@id\":\"https:\/\/www.region-fes-meknes.ma\/#\/schema\/logo\/image\/\",\"url\":\"http:\/\/www.region-fes-meknes.ma\/wp-content\/uploads\/2017\/10\/logo-rfm4.png\",\"contentUrl\":\"http:\/\/www.region-fes-meknes.ma\/wp-content\/uploads\/2017\/10\/logo-rfm4.png\",\"width\":304,\"height\":291,\"caption\":\"R\u00e9gion F\u00e8s M\u00e8kn\u00e8s\"},\"image\":{\"@id\":\"https:\/\/www.region-fes-meknes.ma\/#\/schema\/logo\/image\/\"}},{\"@type\":\"Person\",\"@id\":\"https:\/\/www.region-fes-meknes.ma\/#\/schema\/person\/a6f00c1887fecaef82369ec2bdb25456\",\"name\":\"Webmaster\",\"image\":{\"@type\":\"ImageObject\",\"inLanguage\":\"fr-FR\",\"@id\":\"https:\/\/www.region-fes-meknes.ma\/#\/schema\/person\/image\/\",\"url\":\"https:\/\/www.region-fes-meknes.ma\/wp-content\/uploads\/2017\/10\/logo-rfm4-150x150.png\",\"contentUrl\":\"https:\/\/www.region-fes-meknes.ma\/wp-content\/uploads\/2017\/10\/logo-rfm4-150x150.png\",\"caption\":\"Webmaster\"}}]}<\/script>\n<!-- \/ Yoast SEO plugin. -->","yoast_head_json":{"title":"Quelques bonnes raisons pour aller faire la foire de Tours - R\u00e9gion F\u00e8s Mekn\u00e8s","robots":{"index":"index","follow":"follow","max-snippet":"max-snippet:-1","max-image-preview":"max-image-preview:large","max-video-preview":"max-video-preview:-1"},"canonical":"https:\/\/www.region-fes-meknes.ma\/fr\/espace_presse\/presse-ecrite\/quelques-bonnes-raisons-pour-aller-faire-la-foire-de-tours\/","og_locale":"fr_FR","og_type":"article","og_title":"Quelques bonnes raisons pour aller faire la foire de Tours - R\u00e9gion F\u00e8s Mekn\u00e8s","og_description":"Article\u00a0Publi\u00e9 le\u00a009\/05\/2018 \u00e0 02:55\u00a0|\u00a0Mis \u00e0 jour le\u00a009\/05\/2018 \u00e0 07:20 Class\u00e9e 5\u00e8me foire de France, celle de Tours se tient jusqu\u2019\u00e0 dimanche au parc des expos. Les motivations pour s\u2019y rendre ...","og_url":"https:\/\/www.region-fes-meknes.ma\/fr\/espace_presse\/presse-ecrite\/quelques-bonnes-raisons-pour-aller-faire-la-foire-de-tours\/","og_site_name":"R\u00e9gion F\u00e8s Mekn\u00e8s","article_publisher":"https:\/\/www.facebook.com\/R%c3%a9gion-F%c3%a8s-Mekn%c3%a8s-1130195096990872","article_published_time":"2018-05-09T00:47:39+00:00","article_modified_time":"2018-05-10T17:56:10+00:00","og_image":[{"width":320,"height":220,"url":"https:\/\/www.region-fes-meknes.ma\/wp-content\/uploads\/2018\/05\/la-nouvelle-republique.jpg","type":"image\/jpeg"}],"author":"Webmaster","twitter_card":"summary_large_image","twitter_misc":{"\u00c9crit par":"Webmaster","Dur\u00e9e de lecture estim\u00e9e":"2 minutes"},"schema":{"@context":"https:\/\/schema.org","@graph":[{"@type":"Article","@id":"https:\/\/www.region-fes-meknes.ma\/fr\/espace_presse\/presse-ecrite\/quelques-bonnes-raisons-pour-aller-faire-la-foire-de-tours\/#article","isPartOf":{"@id":"https:\/\/www.region-fes-meknes.ma\/fr\/espace_presse\/presse-ecrite\/quelques-bonnes-raisons-pour-aller-faire-la-foire-de-tours\/"},"author":{"name":"Webmaster","@id":"https:\/\/www.region-fes-meknes.ma\/#\/schema\/person\/a6f00c1887fecaef82369ec2bdb25456"},"headline":"Quelques bonnes raisons pour aller faire la foire de Tours","datePublished":"2018-05-09T00:47:39+00:00","dateModified":"2018-05-10T17:56:10+00:00","mainEntityOfPage":{"@id":"https:\/\/www.region-fes-meknes.ma\/fr\/espace_presse\/presse-ecrite\/quelques-bonnes-raisons-pour-aller-faire-la-foire-de-tours\/"},"wordCount":472,"commentCount":0,"publisher":{"@id":"https:\/\/www.region-fes-meknes.ma\/#organization"},"articleSection":["M\u00e9dias \u00e9lectroniques","Presse \u00e9crite"],"inLanguage":"fr-FR","potentialAction":[{"@type":"CommentAction","name":"Comment","target":["https:\/\/www.region-fes-meknes.ma\/fr\/espace_presse\/presse-ecrite\/quelques-bonnes-raisons-pour-aller-faire-la-foire-de-tours\/#respond"]}]},{"@type":"WebPage","@id":"https:\/\/www.region-fes-meknes.ma\/fr\/espace_presse\/presse-ecrite\/quelques-bonnes-raisons-pour-aller-faire-la-foire-de-tours\/","url":"https:\/\/www.region-fes-meknes.ma\/fr\/espace_presse\/presse-ecrite\/quelques-bonnes-raisons-pour-aller-faire-la-foire-de-tours\/","name":"Quelques bonnes raisons pour aller faire la foire de Tours - R\u00e9gion F\u00e8s Mekn\u00e8s","isPartOf":{"@id":"https:\/\/www.region-fes-meknes.ma\/#website"},"datePublished":"2018-05-09T00:47:39+00:00","dateModified":"2018-05-10T17:56:10+00:00","breadcrumb":{"@id":"https:\/\/www.region-fes-meknes.ma\/fr\/espace_presse\/presse-ecrite\/quelques-bonnes-raisons-pour-aller-faire-la-foire-de-tours\/#breadcrumb"},"inLanguage":"fr-FR","potentialAction":[{"@type":"ReadAction","target":["https:\/\/www.region-fes-meknes.ma\/fr\/espace_presse\/presse-ecrite\/quelques-bonnes-raisons-pour-aller-faire-la-foire-de-tours\/"]}]},{"@type":"BreadcrumbList","@id":"https:\/\/www.region-fes-meknes.ma\/fr\/espace_presse\/presse-ecrite\/quelques-bonnes-raisons-pour-aller-faire-la-foire-de-tours\/#breadcrumb","itemListElement":[{"@type":"ListItem","position":1,"name":"Accueil","item":"https:\/\/www.region-fes-meknes.ma\/fr\/"},{"@type":"ListItem","position":2,"name":"Quelques bonnes raisons pour aller faire la foire de Tours"}]},{"@type":"WebSite","@id":"https:\/\/www.region-fes-meknes.ma\/#website","url":"https:\/\/www.region-fes-meknes.ma\/","name":"Portail de la R\u00e9gion F\u00e8s-Mekn\u00e8s","description":"Site officiel de la r\u00e9gion F\u00e8s-Mekn\u00e8s.","publisher":{"@id":"https:\/\/www.region-fes-meknes.ma\/#organization"},"potentialAction":[{"@type":"SearchAction","target":{"@type":"EntryPoint","urlTemplate":"https:\/\/www.region-fes-meknes.ma\/?s={search_term_string}"},"query-input":"required name=search_term_string"}],"inLanguage":"fr-FR"},{"@type":"Organization","@id":"https:\/\/www.region-fes-meknes.ma\/#organization","name":"R\u00e9gion F\u00e8s M\u00e8kn\u00e8s","url":"https:\/\/www.region-fes-meknes.ma\/","sameAs":["https:\/\/www.facebook.com\/R\u00e9gion-F\u00e8s-Mekn\u00e8s-1130195096990872"],"logo":{"@type":"ImageObject","inLanguage":"fr-FR","@id":"https:\/\/www.region-fes-meknes.ma\/#\/schema\/logo\/image\/","url":"http:\/\/www.region-fes-meknes.ma\/wp-content\/uploads\/2017\/10\/logo-rfm4.png","contentUrl":"http:\/\/www.region-fes-meknes.ma\/wp-content\/uploads\/2017\/10\/logo-rfm4.png","width":304,"height":291,"caption":"R\u00e9gion F\u00e8s M\u00e8kn\u00e8s"},"image":{"@id":"https:\/\/www.region-fes-meknes.ma\/#\/schema\/logo\/image\/"}},{"@type":"Person","@id":"https:\/\/www.region-fes-meknes.ma\/#\/schema\/person\/a6f00c1887fecaef82369ec2bdb25456","name":"Webmaster","image":{"@type":"ImageObject","inLanguage":"fr-FR","@id":"https:\/\/www.region-fes-meknes.ma\/#\/schema\/person\/image\/","url":"https:\/\/www.region-fes-meknes.ma\/wp-content\/uploads\/2017\/10\/logo-rfm4-150x150.png","contentUrl":"https:\/\/www.region-fes-meknes.ma\/wp-content\/uploads\/2017\/10\/logo-rfm4-150x150.png","caption":"Webmaster"}}]}},"_links":{"self":[{"href":"https:\/\/www.region-fes-meknes.ma\/fr\/wp-json\/wp\/v2\/posts\/5253"}],"collection":[{"href":"https:\/\/www.region-fes-meknes.ma\/fr\/wp-json\/wp\/v2\/posts"}],"about":[{"href":"https:\/\/www.region-fes-meknes.ma\/fr\/wp-json\/wp\/v2\/types\/post"}],"author":[{"embeddable":true,"href":"https:\/\/www.region-fes-meknes.ma\/fr\/wp-json\/wp\/v2\/users\/1"}],"replies":[{"embeddable":true,"href":"https:\/\/www.region-fes-meknes.ma\/fr\/wp-json\/wp\/v2\/comments?post=5253"}],"version-history":[{"count":6,"href":"https:\/\/www.region-fes-meknes.ma\/fr\/wp-json\/wp\/v2\/posts\/5253\/revisions"}],"predecessor-version":[{"id":5275,"href":"https:\/\/www.region-fes-meknes.ma\/fr\/wp-json\/wp\/v2\/posts\/5253\/revisions\/5275"}],"wp:featuredmedia":[{"embeddable":true,"href":"https:\/\/www.region-fes-meknes.ma\/fr\/wp-json\/wp\/v2\/media\/5260"}],"wp:attachment":[{"href":"https:\/\/www.region-fes-meknes.ma\/fr\/wp-json\/wp\/v2\/media?parent=5253"}],"wp:term":[{"taxonomy":"category","embeddable":true,"href":"https:\/\/www.region-fes-meknes.ma\/fr\/wp-json\/wp\/v2\/categories?post=5253"},{"taxonomy":"post_tag","embeddable":true,"href":"https:\/\/www.region-fes-meknes.ma\/fr\/wp-json\/wp\/v2\/tags?post=5253"}],"curies":[{"name":"wp","href":"https:\/\/api.w.org\/{rel}","templated":true}]}}