{"id":5284,"date":"2018-01-09T19:23:03","date_gmt":"2018-01-09T19:23:03","guid":{"rendered":"http:\/\/www.region-fes-meknes.ma\/?p=5284"},"modified":"2018-05-10T19:29:01","modified_gmt":"2018-05-10T18:29:01","slug":"fes-meknes-pres-de-34-milliards-de-dh-pour-chambouler-la-region","status":"publish","type":"post","link":"https:\/\/www.region-fes-meknes.ma\/fr\/espace_presse\/medias-electroniques\/fes-meknes-pres-de-34-milliards-de-dh-pour-chambouler-la-region\/","title":{"rendered":"F\u00e8s-Mekn\u00e8s : Pr\u00e8s de 34 milliards de DH pour chambouler la r\u00e9gion"},"content":{"rendered":"<p>33,8 milliards de DH \u00e0 mobiliser en 5 ans. Laenser table sur l\u2019appui du gouvernement.\u00a0El Othmani attendu \u00e0 F\u00e8s le 13 janvier.<\/p>\n<p>Pr\u00e8s de 34 milliards de DH d\u2019investissements. C\u2019est ce que pr\u00e9voit le programme de d\u00e9veloppement r\u00e9gional (PDR) d\u00e9fendu par Mohand Laenser et vot\u00e9 par le Conseil r\u00e9gional F\u00e8s-Mekn\u00e8s.<\/p>\n<p>Avant son adoption, la feuille de route du doyen des pr\u00e9sidents de r\u00e9gions a fait l\u2019objet de d\u00e9bats au sein des commissions du budget et des affaires financi\u00e8res, des affaires ext\u00e9rieures et de la coop\u00e9ration, de l\u2019am\u00e9nagement du territoire, du d\u00e9veloppement socio-\u00e9conomique, culturel et environnemental, de l\u2019agriculture et du d\u00e9veloppement rural, de la femme, de la jeunesse et du sport, et de la formation et de l\u2019emploi. Bref, la d\u00e9marche pr\u00e9vue par la loi organique a \u00e9t\u00e9 respect\u00e9e \u00e0 la lettre. \u00abNous esp\u00e9rons que les projets envisag\u00e9s le seront \u00e9galement\u00bb, commente un conseiller r\u00e9gional.<\/p>\n<p>En effet, le PDR pr\u00e9voit un ensemble de projets visant la promotion de la comp\u00e9titivit\u00e9 \u00e9conomique de la r\u00e9gion. D\u2019un investissement pr\u00e9visionnel de l\u2019ordre de 33,8 milliards de DH, ce programme quinquennal table sur la r\u00e9alisation de quelque 197 projets.<\/p>\n<p>Ces derniers visent la transformation de la r\u00e9gion en une r\u00e9gion d\u2019accueil attractive, principalement par l\u2019am\u00e9lioration de l&rsquo;infrastructure, du transport et de la mobilit\u00e9, le d\u00e9veloppement de l\u2019emploi et de la formation, la protection de l\u2019environnement, le\u00a0d\u00e9veloppement du milieu rural et le renforcement de l\u2019aire m\u00e9tropolitaine F\u00e8s-Mekn\u00e8s. Etabli \u00e0 l\u2019issue d\u2019une large op\u00e9ration de concertation, le pacte Etat-r\u00e9gion vise aussi la consolidation et la mise en valeur des activit\u00e9s traditionnelles \u00e0 fort potentiel de d\u00e9veloppement.<\/p>\n<p>Il s\u2019agit entre autres de la promotion d\u2019une agriculture int\u00e9gr\u00e9e, le d\u00e9veloppement du tourisme, l\u2019appui \u00e0 l\u2019\u00e9mergence de l&rsquo;\u00e9conomie num\u00e9rique et la modernisation et la diversification de l\u2019artisanat. Prioritaire \u00e9galement, l\u2019appui aux activit\u00e9s et la diversification \u00e9conomique. Ce qui s\u2019appuiera sur le d\u00e9veloppement du secteur industriel, la promotion de la logistique, le renforcement des services et bien s\u00fbr l&rsquo;appui \u00e0 l\u2019\u00e9conomie num\u00e9rique.<\/p>\n<p>Concr\u00e8tement, le PDR de F\u00e8s-Mekn\u00e8s pr\u00e9voit des projets identifi\u00e9s couvrant l\u2019ensemble des besoins de la r\u00e9gion. Ainsi, pas moins de 2.233 projets ont \u00e9t\u00e9 identifi\u00e9s pour un co\u00fbt global de 46 milliards de DH. Pour les r\u00e9aliser, des organes efficaces de pilotage et de suivi seront cr\u00e9\u00e9s. D\u00e8s lors, la R\u00e9gion devrait actionner l\u2019am\u00e9lioration de son attractivit\u00e9.<\/p>\n<p>A ce titre, quelque 14,6 milliards de DH seront d\u00e9di\u00e9s \u00e0 l\u2019am\u00e9lioration de la comp\u00e9titivit\u00e9 et de l\u2019attractivit\u00e9 \u00e9conomique de la r\u00e9gion (78 projets), 7,7 milliards de DH \u00e0 l\u2019appui aux secteurs productifs et la promotion de l\u2019emploi (38 projets) et 4,11 milliards de DH pour la protection des ressources environnementales et du patrimoine (32 projets). La lutte contre l\u2019exclusion n\u2019est pas en reste. Dans ce registre, 49 projets visent la r\u00e9duction des disparit\u00e9s territoriales pour un co\u00fbt global de 7,28 milliards de DH.<\/p>\n<p>S\u2019agissant du financement, le PDR sera r\u00e9alis\u00e9 gr\u00e2ce \u00e0 des ressources propres estim\u00e9es \u00e0 pr\u00e8s de 4 milliards de DH, un emprunt d\u2019au moins 10 milliards de DH, des subventions d\u2019\u00e9quipement de l\u2019Etat et des dotations du Fonds r\u00e9gional de mise \u00e0 niveau sociale. Devront y participer \u00e9galement les collectivit\u00e9s territoriales (3,2 milliards de DH), les ressources communes de la r\u00e9gion (14,24 milliards de DH) et les ressources communes des collectivit\u00e9s (875 millions de DH), outre le budget de l\u2019Etat (7,77 milliards de DH).<\/p>\n<p>En ce sens, Mohand Laenser compte arracher un engagement de financement de Sa\u00e2deddine El Othmani lors de sa visite annonc\u00e9e pour le 13 janvier.<\/p>\n<p>En fait, le chef de l\u2019ex\u00e9cutif se d\u00e9placera samedi prochain \u00e0 F\u00e8s, o\u00f9 il s\u2019entretiendra avec \u00e9lus, op\u00e9rateurs et ONG de F\u00e8s-Mekn\u00e8s, dans le cadre d&rsquo;un programme de visites dans les douze r\u00e9gions du pays, pr\u00e9vues depuis 2016. \u00abEl Othmani devrait apporter des r\u00e9ponses et surtout des solutions aux d\u00e9ficits de d\u00e9veloppement. Maintenant que nous avons une feuille de route pour \u00e9radiquer ces maux, il nous faut les moyens. Et c\u2019est sur cette question que le chef du gouvernement nous sera le plus utile\u00bb, conclut un associatif.<\/p>\n<p><strong>Le SRAT adopt\u00e9 aussi<\/strong><\/p>\n<p>Feuille de route pour les 25 prochaines ann\u00e9es, le Sch\u00e9ma r\u00e9gional d\u2019am\u00e9nagement du territoire (SRAT) vient d\u2019\u00eatre adopt\u00e9 par les conseillers r\u00e9gionaux. \u00abCe sch\u00e9ma est un document strat\u00e9gique qui renferme une vision de d\u00e9veloppement r\u00e9gional et une planification du territoire et incarne les choix \u00e9conomiques du d\u00e9veloppement de la r\u00e9gion\u00bb, explique Driss Skalli Adoui, vice-pr\u00e9sident du Conseil r\u00e9gional F\u00e8s-Mekn\u00e8s. Fruit d\u2019une large concertation entre di\u00e9rents acteurs de la r\u00e9gion, qui a d\u00e9bouch\u00e9 sur quelque 642 propositions, le SRAT F\u00e8s-Mekn\u00e8s d\u00e9finit 207 projets ou programmes r\u00e9partis sur quatre zones, \u00e0 savoir l\u2019avant-Rif, la zone m\u00e9tropolitaine, le Moyen Atlas et le p\u00e9rim\u00e8tre de Melouia. Selon le document dont l\u2019\u00e9laboration a co\u00fbt\u00e9 2,1 millions de DH, l\u2019identit\u00e9 de la r\u00e9gion devra s\u2019articuler autour de deux piliers. Le premier concerne l\u2019industrie agroalimentaire, \u00e9tant donn\u00e9 \u00absa forte valeur ajout\u00e9e et sa capacit\u00e9 \u00e0 attirer des capitaux nationaux et internationaux\u00bb. Le second pilier concerne l\u2019\u00e9conomie de la connaissance. \u00abCe choix strat\u00e9gique s\u2019explique par le fait que ce secteur constitue un levier important de d\u00e9veloppement et un facteur d\u2019attractivit\u00e9 territoriale sur tous les niveaux, outre ses nombreux effets sur le d\u00e9veloppement et le bien-\u00eatre\u00bb, souligne El Hassan Bahi, responsable du bureau d\u2019\u00e9tudes.<\/p>\n<p><em><strong>De notre correspondant, Youness SAAD ALAMI<\/strong><\/em><\/p>\n<p>L\u2019\u00e9conomiste :\u00a0Edition N\u00b0: 095185 Le 09\/01\/2018<\/p>\n","protected":false},"excerpt":{"rendered":"<p>33,8 milliards de DH \u00e0 mobiliser en 5 ans. Laenser table sur l\u2019appui du gouvernement.\u00a0El Othmani attendu \u00e0 F\u00e8s le 13 janvier. Pr\u00e8s de 34 milliards de DH d\u2019investissements. C\u2019est &#8230;<\/p>\n","protected":false},"author":1,"featured_media":5278,"comment_status":"open","ping_status":"open","sticky":false,"template":"","format":"standard","meta":{"_bbp_topic_count":0,"_bbp_reply_count":0,"_bbp_total_topic_count":0,"_bbp_total_reply_count":0,"_bbp_voice_count":0,"_bbp_anonymous_reply_count":0,"_bbp_topic_count_hidden":0,"_bbp_reply_count_hidden":0,"_bbp_forum_subforum_count":0},"categories":[76,75],"tags":[],"acf":[],"yoast_head":"<!-- This site is optimized with the Yoast SEO plugin v19.5.1 - https:\/\/yoast.com\/wordpress\/plugins\/seo\/ -->\n<title>F\u00e8s-Mekn\u00e8s : Pr\u00e8s de 34 milliards de DH pour chambouler la r\u00e9gion - R\u00e9gion F\u00e8s Mekn\u00e8s<\/title>\n<meta name=\"robots\" content=\"index, follow, max-snippet:-1, max-image-preview:large, max-video-preview:-1\" \/>\n<link rel=\"canonical\" href=\"https:\/\/www.region-fes-meknes.ma\/fr\/espace_presse\/medias-electroniques\/fes-meknes-pres-de-34-milliards-de-dh-pour-chambouler-la-region\/\" \/>\n<meta property=\"og:locale\" content=\"fr_FR\" \/>\n<meta property=\"og:type\" content=\"article\" \/>\n<meta property=\"og:title\" content=\"F\u00e8s-Mekn\u00e8s : Pr\u00e8s de 34 milliards de DH pour chambouler la r\u00e9gion - R\u00e9gion F\u00e8s Mekn\u00e8s\" \/>\n<meta property=\"og:description\" content=\"33,8 milliards de DH \u00e0 mobiliser en 5 ans. Laenser table sur l\u2019appui du gouvernement.\u00a0El Othmani attendu \u00e0 F\u00e8s le 13 janvier. Pr\u00e8s de 34 milliards de DH d\u2019investissements. C\u2019est ...\" \/>\n<meta property=\"og:url\" content=\"https:\/\/www.region-fes-meknes.ma\/fr\/espace_presse\/medias-electroniques\/fes-meknes-pres-de-34-milliards-de-dh-pour-chambouler-la-region\/\" \/>\n<meta property=\"og:site_name\" content=\"R\u00e9gion F\u00e8s Mekn\u00e8s\" \/>\n<meta property=\"article:publisher\" content=\"https:\/\/www.facebook.com\/R%c3%a9gion-F%c3%a8s-Mekn%c3%a8s-1130195096990872\" \/>\n<meta property=\"article:published_time\" content=\"2018-01-09T19:23:03+00:00\" \/>\n<meta property=\"article:modified_time\" content=\"2018-05-10T18:29:01+00:00\" \/>\n<meta property=\"og:image\" content=\"https:\/\/www.region-fes-meknes.ma\/wp-content\/uploads\/2018\/05\/leconomiste-com.jpg\" \/>\n\t<meta property=\"og:image:width\" content=\"320\" \/>\n\t<meta property=\"og:image:height\" content=\"220\" \/>\n\t<meta property=\"og:image:type\" content=\"image\/jpeg\" \/>\n<meta name=\"author\" content=\"Webmaster\" \/>\n<meta name=\"twitter:card\" content=\"summary_large_image\" \/>\n<meta name=\"twitter:label1\" content=\"\u00c9crit par\" \/>\n\t<meta name=\"twitter:data1\" content=\"Webmaster\" \/>\n\t<meta name=\"twitter:label2\" content=\"Dur\u00e9e de lecture estim\u00e9e\" \/>\n\t<meta name=\"twitter:data2\" content=\"5 minutes\" \/>\n<script type=\"application\/ld+json\" class=\"yoast-schema-graph\">{\"@context\":\"https:\/\/schema.org\",\"@graph\":[{\"@type\":\"Article\",\"@id\":\"https:\/\/www.region-fes-meknes.ma\/fr\/espace_presse\/medias-electroniques\/fes-meknes-pres-de-34-milliards-de-dh-pour-chambouler-la-region\/#article\",\"isPartOf\":{\"@id\":\"https:\/\/www.region-fes-meknes.ma\/fr\/espace_presse\/medias-electroniques\/fes-meknes-pres-de-34-milliards-de-dh-pour-chambouler-la-region\/\"},\"author\":{\"name\":\"Webmaster\",\"@id\":\"https:\/\/www.region-fes-meknes.ma\/#\/schema\/person\/a6f00c1887fecaef82369ec2bdb25456\"},\"headline\":\"F\u00e8s-Mekn\u00e8s : Pr\u00e8s de 34 milliards de DH pour chambouler la r\u00e9gion\",\"datePublished\":\"2018-01-09T19:23:03+00:00\",\"dateModified\":\"2018-05-10T18:29:01+00:00\",\"mainEntityOfPage\":{\"@id\":\"https:\/\/www.region-fes-meknes.ma\/fr\/espace_presse\/medias-electroniques\/fes-meknes-pres-de-34-milliards-de-dh-pour-chambouler-la-region\/\"},\"wordCount\":1017,\"commentCount\":0,\"publisher\":{\"@id\":\"https:\/\/www.region-fes-meknes.ma\/#organization\"},\"articleSection\":[\"M\u00e9dias \u00e9lectroniques\",\"Presse \u00e9crite\"],\"inLanguage\":\"fr-FR\",\"potentialAction\":[{\"@type\":\"CommentAction\",\"name\":\"Comment\",\"target\":[\"https:\/\/www.region-fes-meknes.ma\/fr\/espace_presse\/medias-electroniques\/fes-meknes-pres-de-34-milliards-de-dh-pour-chambouler-la-region\/#respond\"]}]},{\"@type\":\"WebPage\",\"@id\":\"https:\/\/www.region-fes-meknes.ma\/fr\/espace_presse\/medias-electroniques\/fes-meknes-pres-de-34-milliards-de-dh-pour-chambouler-la-region\/\",\"url\":\"https:\/\/www.region-fes-meknes.ma\/fr\/espace_presse\/medias-electroniques\/fes-meknes-pres-de-34-milliards-de-dh-pour-chambouler-la-region\/\",\"name\":\"F\u00e8s-Mekn\u00e8s : Pr\u00e8s de 34 milliards de DH pour chambouler la r\u00e9gion - R\u00e9gion F\u00e8s Mekn\u00e8s\",\"isPartOf\":{\"@id\":\"https:\/\/www.region-fes-meknes.ma\/#website\"},\"datePublished\":\"2018-01-09T19:23:03+00:00\",\"dateModified\":\"2018-05-10T18:29:01+00:00\",\"breadcrumb\":{\"@id\":\"https:\/\/www.region-fes-meknes.ma\/fr\/espace_presse\/medias-electroniques\/fes-meknes-pres-de-34-milliards-de-dh-pour-chambouler-la-region\/#breadcrumb\"},\"inLanguage\":\"fr-FR\",\"potentialAction\":[{\"@type\":\"ReadAction\",\"target\":[\"https:\/\/www.region-fes-meknes.ma\/fr\/espace_presse\/medias-electroniques\/fes-meknes-pres-de-34-milliards-de-dh-pour-chambouler-la-region\/\"]}]},{\"@type\":\"BreadcrumbList\",\"@id\":\"https:\/\/www.region-fes-meknes.ma\/fr\/espace_presse\/medias-electroniques\/fes-meknes-pres-de-34-milliards-de-dh-pour-chambouler-la-region\/#breadcrumb\",\"itemListElement\":[{\"@type\":\"ListItem\",\"position\":1,\"name\":\"Accueil\",\"item\":\"https:\/\/www.region-fes-meknes.ma\/fr\/\"},{\"@type\":\"ListItem\",\"position\":2,\"name\":\"F\u00e8s-Mekn\u00e8s : Pr\u00e8s de 34 milliards de DH pour chambouler la r\u00e9gion\"}]},{\"@type\":\"WebSite\",\"@id\":\"https:\/\/www.region-fes-meknes.ma\/#website\",\"url\":\"https:\/\/www.region-fes-meknes.ma\/\",\"name\":\"Portail de la R\u00e9gion F\u00e8s-Mekn\u00e8s\",\"description\":\"Site officiel de la r\u00e9gion F\u00e8s-Mekn\u00e8s.\",\"publisher\":{\"@id\":\"https:\/\/www.region-fes-meknes.ma\/#organization\"},\"potentialAction\":[{\"@type\":\"SearchAction\",\"target\":{\"@type\":\"EntryPoint\",\"urlTemplate\":\"https:\/\/www.region-fes-meknes.ma\/?s={search_term_string}\"},\"query-input\":\"required name=search_term_string\"}],\"inLanguage\":\"fr-FR\"},{\"@type\":\"Organization\",\"@id\":\"https:\/\/www.region-fes-meknes.ma\/#organization\",\"name\":\"R\u00e9gion F\u00e8s M\u00e8kn\u00e8s\",\"url\":\"https:\/\/www.region-fes-meknes.ma\/\",\"sameAs\":[\"https:\/\/www.facebook.com\/R\u00e9gion-F\u00e8s-Mekn\u00e8s-1130195096990872\"],\"logo\":{\"@type\":\"ImageObject\",\"inLanguage\":\"fr-FR\",\"@id\":\"https:\/\/www.region-fes-meknes.ma\/#\/schema\/logo\/image\/\",\"url\":\"http:\/\/www.region-fes-meknes.ma\/wp-content\/uploads\/2017\/10\/logo-rfm4.png\",\"contentUrl\":\"http:\/\/www.region-fes-meknes.ma\/wp-content\/uploads\/2017\/10\/logo-rfm4.png\",\"width\":304,\"height\":291,\"caption\":\"R\u00e9gion F\u00e8s M\u00e8kn\u00e8s\"},\"image\":{\"@id\":\"https:\/\/www.region-fes-meknes.ma\/#\/schema\/logo\/image\/\"}},{\"@type\":\"Person\",\"@id\":\"https:\/\/www.region-fes-meknes.ma\/#\/schema\/person\/a6f00c1887fecaef82369ec2bdb25456\",\"name\":\"Webmaster\",\"image\":{\"@type\":\"ImageObject\",\"inLanguage\":\"fr-FR\",\"@id\":\"https:\/\/www.region-fes-meknes.ma\/#\/schema\/person\/image\/\",\"url\":\"https:\/\/www.region-fes-meknes.ma\/wp-content\/uploads\/2017\/10\/logo-rfm4-150x150.png\",\"contentUrl\":\"https:\/\/www.region-fes-meknes.ma\/wp-content\/uploads\/2017\/10\/logo-rfm4-150x150.png\",\"caption\":\"Webmaster\"}}]}<\/script>\n<!-- \/ Yoast SEO plugin. -->","yoast_head_json":{"title":"F\u00e8s-Mekn\u00e8s : Pr\u00e8s de 34 milliards de DH pour chambouler la r\u00e9gion - R\u00e9gion F\u00e8s Mekn\u00e8s","robots":{"index":"index","follow":"follow","max-snippet":"max-snippet:-1","max-image-preview":"max-image-preview:large","max-video-preview":"max-video-preview:-1"},"canonical":"https:\/\/www.region-fes-meknes.ma\/fr\/espace_presse\/medias-electroniques\/fes-meknes-pres-de-34-milliards-de-dh-pour-chambouler-la-region\/","og_locale":"fr_FR","og_type":"article","og_title":"F\u00e8s-Mekn\u00e8s : Pr\u00e8s de 34 milliards de DH pour chambouler la r\u00e9gion - R\u00e9gion F\u00e8s Mekn\u00e8s","og_description":"33,8 milliards de DH \u00e0 mobiliser en 5 ans. Laenser table sur l\u2019appui du gouvernement.\u00a0El Othmani attendu \u00e0 F\u00e8s le 13 janvier. Pr\u00e8s de 34 milliards de DH d\u2019investissements. C\u2019est ...","og_url":"https:\/\/www.region-fes-meknes.ma\/fr\/espace_presse\/medias-electroniques\/fes-meknes-pres-de-34-milliards-de-dh-pour-chambouler-la-region\/","og_site_name":"R\u00e9gion F\u00e8s Mekn\u00e8s","article_publisher":"https:\/\/www.facebook.com\/R%c3%a9gion-F%c3%a8s-Mekn%c3%a8s-1130195096990872","article_published_time":"2018-01-09T19:23:03+00:00","article_modified_time":"2018-05-10T18:29:01+00:00","og_image":[{"width":320,"height":220,"url":"https:\/\/www.region-fes-meknes.ma\/wp-content\/uploads\/2018\/05\/leconomiste-com.jpg","type":"image\/jpeg"}],"author":"Webmaster","twitter_card":"summary_large_image","twitter_misc":{"\u00c9crit par":"Webmaster","Dur\u00e9e de lecture estim\u00e9e":"5 minutes"},"schema":{"@context":"https:\/\/schema.org","@graph":[{"@type":"Article","@id":"https:\/\/www.region-fes-meknes.ma\/fr\/espace_presse\/medias-electroniques\/fes-meknes-pres-de-34-milliards-de-dh-pour-chambouler-la-region\/#article","isPartOf":{"@id":"https:\/\/www.region-fes-meknes.ma\/fr\/espace_presse\/medias-electroniques\/fes-meknes-pres-de-34-milliards-de-dh-pour-chambouler-la-region\/"},"author":{"name":"Webmaster","@id":"https:\/\/www.region-fes-meknes.ma\/#\/schema\/person\/a6f00c1887fecaef82369ec2bdb25456"},"headline":"F\u00e8s-Mekn\u00e8s : Pr\u00e8s de 34 milliards de DH pour chambouler la r\u00e9gion","datePublished":"2018-01-09T19:23:03+00:00","dateModified":"2018-05-10T18:29:01+00:00","mainEntityOfPage":{"@id":"https:\/\/www.region-fes-meknes.ma\/fr\/espace_presse\/medias-electroniques\/fes-meknes-pres-de-34-milliards-de-dh-pour-chambouler-la-region\/"},"wordCount":1017,"commentCount":0,"publisher":{"@id":"https:\/\/www.region-fes-meknes.ma\/#organization"},"articleSection":["M\u00e9dias \u00e9lectroniques","Presse \u00e9crite"],"inLanguage":"fr-FR","potentialAction":[{"@type":"CommentAction","name":"Comment","target":["https:\/\/www.region-fes-meknes.ma\/fr\/espace_presse\/medias-electroniques\/fes-meknes-pres-de-34-milliards-de-dh-pour-chambouler-la-region\/#respond"]}]},{"@type":"WebPage","@id":"https:\/\/www.region-fes-meknes.ma\/fr\/espace_presse\/medias-electroniques\/fes-meknes-pres-de-34-milliards-de-dh-pour-chambouler-la-region\/","url":"https:\/\/www.region-fes-meknes.ma\/fr\/espace_presse\/medias-electroniques\/fes-meknes-pres-de-34-milliards-de-dh-pour-chambouler-la-region\/","name":"F\u00e8s-Mekn\u00e8s : Pr\u00e8s de 34 milliards de DH pour chambouler la r\u00e9gion - R\u00e9gion F\u00e8s Mekn\u00e8s","isPartOf":{"@id":"https:\/\/www.region-fes-meknes.ma\/#website"},"datePublished":"2018-01-09T19:23:03+00:00","dateModified":"2018-05-10T18:29:01+00:00","breadcrumb":{"@id":"https:\/\/www.region-fes-meknes.ma\/fr\/espace_presse\/medias-electroniques\/fes-meknes-pres-de-34-milliards-de-dh-pour-chambouler-la-region\/#breadcrumb"},"inLanguage":"fr-FR","potentialAction":[{"@type":"ReadAction","target":["https:\/\/www.region-fes-meknes.ma\/fr\/espace_presse\/medias-electroniques\/fes-meknes-pres-de-34-milliards-de-dh-pour-chambouler-la-region\/"]}]},{"@type":"BreadcrumbList","@id":"https:\/\/www.region-fes-meknes.ma\/fr\/espace_presse\/medias-electroniques\/fes-meknes-pres-de-34-milliards-de-dh-pour-chambouler-la-region\/#breadcrumb","itemListElement":[{"@type":"ListItem","position":1,"name":"Accueil","item":"https:\/\/www.region-fes-meknes.ma\/fr\/"},{"@type":"ListItem","position":2,"name":"F\u00e8s-Mekn\u00e8s : Pr\u00e8s de 34 milliards de DH pour chambouler la r\u00e9gion"}]},{"@type":"WebSite","@id":"https:\/\/www.region-fes-meknes.ma\/#website","url":"https:\/\/www.region-fes-meknes.ma\/","name":"Portail de la R\u00e9gion F\u00e8s-Mekn\u00e8s","description":"Site officiel de la r\u00e9gion F\u00e8s-Mekn\u00e8s.","publisher":{"@id":"https:\/\/www.region-fes-meknes.ma\/#organization"},"potentialAction":[{"@type":"SearchAction","target":{"@type":"EntryPoint","urlTemplate":"https:\/\/www.region-fes-meknes.ma\/?s={search_term_string}"},"query-input":"required name=search_term_string"}],"inLanguage":"fr-FR"},{"@type":"Organization","@id":"https:\/\/www.region-fes-meknes.ma\/#organization","name":"R\u00e9gion F\u00e8s M\u00e8kn\u00e8s","url":"https:\/\/www.region-fes-meknes.ma\/","sameAs":["https:\/\/www.facebook.com\/R\u00e9gion-F\u00e8s-Mekn\u00e8s-1130195096990872"],"logo":{"@type":"ImageObject","inLanguage":"fr-FR","@id":"https:\/\/www.region-fes-meknes.ma\/#\/schema\/logo\/image\/","url":"http:\/\/www.region-fes-meknes.ma\/wp-content\/uploads\/2017\/10\/logo-rfm4.png","contentUrl":"http:\/\/www.region-fes-meknes.ma\/wp-content\/uploads\/2017\/10\/logo-rfm4.png","width":304,"height":291,"caption":"R\u00e9gion F\u00e8s M\u00e8kn\u00e8s"},"image":{"@id":"https:\/\/www.region-fes-meknes.ma\/#\/schema\/logo\/image\/"}},{"@type":"Person","@id":"https:\/\/www.region-fes-meknes.ma\/#\/schema\/person\/a6f00c1887fecaef82369ec2bdb25456","name":"Webmaster","image":{"@type":"ImageObject","inLanguage":"fr-FR","@id":"https:\/\/www.region-fes-meknes.ma\/#\/schema\/person\/image\/","url":"https:\/\/www.region-fes-meknes.ma\/wp-content\/uploads\/2017\/10\/logo-rfm4-150x150.png","contentUrl":"https:\/\/www.region-fes-meknes.ma\/wp-content\/uploads\/2017\/10\/logo-rfm4-150x150.png","caption":"Webmaster"}}]}},"_links":{"self":[{"href":"https:\/\/www.region-fes-meknes.ma\/fr\/wp-json\/wp\/v2\/posts\/5284"}],"collection":[{"href":"https:\/\/www.region-fes-meknes.ma\/fr\/wp-json\/wp\/v2\/posts"}],"about":[{"href":"https:\/\/www.region-fes-meknes.ma\/fr\/wp-json\/wp\/v2\/types\/post"}],"author":[{"embeddable":true,"href":"https:\/\/www.region-fes-meknes.ma\/fr\/wp-json\/wp\/v2\/users\/1"}],"replies":[{"embeddable":true,"href":"https:\/\/www.region-fes-meknes.ma\/fr\/wp-json\/wp\/v2\/comments?post=5284"}],"version-history":[{"count":1,"href":"https:\/\/www.region-fes-meknes.ma\/fr\/wp-json\/wp\/v2\/posts\/5284\/revisions"}],"predecessor-version":[{"id":5285,"href":"https:\/\/www.region-fes-meknes.ma\/fr\/wp-json\/wp\/v2\/posts\/5284\/revisions\/5285"}],"wp:featuredmedia":[{"embeddable":true,"href":"https:\/\/www.region-fes-meknes.ma\/fr\/wp-json\/wp\/v2\/media\/5278"}],"wp:attachment":[{"href":"https:\/\/www.region-fes-meknes.ma\/fr\/wp-json\/wp\/v2\/media?parent=5284"}],"wp:term":[{"taxonomy":"category","embeddable":true,"href":"https:\/\/www.region-fes-meknes.ma\/fr\/wp-json\/wp\/v2\/categories?post=5284"},{"taxonomy":"post_tag","embeddable":true,"href":"https:\/\/www.region-fes-meknes.ma\/fr\/wp-json\/wp\/v2\/tags?post=5284"}],"curies":[{"name":"wp","href":"https:\/\/api.w.org\/{rel}","templated":true}]}}