{"id":5309,"date":"2018-05-11T15:47:37","date_gmt":"2018-05-11T14:47:37","guid":{"rendered":"http:\/\/www.region-fes-meknes.ma\/?p=5309"},"modified":"2018-05-11T15:52:57","modified_gmt":"2018-05-11T14:52:57","slug":"une-delegation-du-conseil-de-la-region-fes-meknes-en-visite-a-la-foire-de-tours-france","status":"publish","type":"post","link":"https:\/\/www.region-fes-meknes.ma\/fr\/actualites\/une-delegation-du-conseil-de-la-region-fes-meknes-en-visite-a-la-foire-de-tours-france\/","title":{"rendered":"Une d\u00e9l\u00e9gation du Conseil de la R\u00e9gion F\u00e8s-Mekn\u00e8s en visite \u00e0 la Foire de Tours-France"},"content":{"rendered":"<p>A l&rsquo;occasion de l&rsquo;organisation de \u00ab\u00a0la foire de Tours\u00a0\u00bb, une d\u00e9l\u00e9gation du Conseil R\u00e9gional de F\u00e8s-Mekn\u00e8s compos\u00e9e des Elus : M. Sehli EL JELLOUBI, Mme Abla BOUZEKRI, Mme Bouchra ZIN, Mme Karima DAOUDI, et M. Rachid ZAROUALI a rendu visite \u00a0\u00e0 la Foire de Tours au Parc Expos.<\/p>\n<p>En participant \u00e0 cette foire de renomm\u00e9e internationale, la d\u00e9l\u00e9gation entend faire la promotion des atouts et des richesses culturelles et artistiques de la r\u00e9gion en\u00a0 proposant des informations et des offres sp\u00e9cifiques aux visiteurs \u00e0 travers de multiples espaces \u00e0 savoir\u00a0:<\/p>\n<ul>\n<li>F\u00e8s-Mekn\u00e8s : une r\u00e9gion attractive en pleine expansion (10 bonnes raisons pour investir \u00e0 F\u00e8s-Mekn\u00e8s)\u00a0;<\/li>\n<li>Pour une agriculture productive et durable\u00a0;<\/li>\n<li>Patrimoine culturel de la r\u00e9gion F\u00e8s-Mekn\u00e8s ;<\/li>\n<li>R\u00e9gion F\u00e8s-Mekn\u00e8s : une destination Touristique de r\u00eave\u00a0;<\/li>\n<li>R\u00e9gion F\u00e8s-Mekn\u00e8s : un p\u00f4le leader en artisanat au Maroc\u00a0;<\/li>\n<li>La R\u00e9gion Centre Val-de-Loire et la R\u00e9gion F\u00e8s-Mekn\u00e8s ensemble pour coop\u00e9ration solide et fructueuse.<\/li>\n<\/ul>\n<p><img loading=\"lazy\" class=\"alignnone size-full wp-image-5310\" src=\"http:\/\/www.region-fes-meknes.ma\/wp-content\/uploads\/2018\/05\/rfm-delegation-foire-tours-2018-01.jpg\" alt=\"\" width=\"1090\" height=\"613\" srcset=\"https:\/\/www.region-fes-meknes.ma\/wp-content\/uploads\/2018\/05\/rfm-delegation-foire-tours-2018-01.jpg 1090w, https:\/\/www.region-fes-meknes.ma\/wp-content\/uploads\/2018\/05\/rfm-delegation-foire-tours-2018-01-300x169.jpg 300w, https:\/\/www.region-fes-meknes.ma\/wp-content\/uploads\/2018\/05\/rfm-delegation-foire-tours-2018-01-768x432.jpg 768w, https:\/\/www.region-fes-meknes.ma\/wp-content\/uploads\/2018\/05\/rfm-delegation-foire-tours-2018-01-1024x576.jpg 1024w, https:\/\/www.region-fes-meknes.ma\/wp-content\/uploads\/2018\/05\/rfm-delegation-foire-tours-2018-01-100x56.jpg 100w\" sizes=\"(max-width: 1090px) 100vw, 1090px\" \/><\/p>\n<p><img loading=\"lazy\" class=\"alignnone size-full wp-image-5314\" src=\"http:\/\/www.region-fes-meknes.ma\/wp-content\/uploads\/2018\/05\/rfm-delegation-foire-tours-2018-02.jpeg\" alt=\"\" width=\"1090\" height=\"613\" srcset=\"https:\/\/www.region-fes-meknes.ma\/wp-content\/uploads\/2018\/05\/rfm-delegation-foire-tours-2018-02.jpeg 1090w, https:\/\/www.region-fes-meknes.ma\/wp-content\/uploads\/2018\/05\/rfm-delegation-foire-tours-2018-02-300x169.jpeg 300w, https:\/\/www.region-fes-meknes.ma\/wp-content\/uploads\/2018\/05\/rfm-delegation-foire-tours-2018-02-768x432.jpeg 768w, https:\/\/www.region-fes-meknes.ma\/wp-content\/uploads\/2018\/05\/rfm-delegation-foire-tours-2018-02-1024x576.jpeg 1024w, https:\/\/www.region-fes-meknes.ma\/wp-content\/uploads\/2018\/05\/rfm-delegation-foire-tours-2018-02-100x56.jpeg 100w\" sizes=\"(max-width: 1090px) 100vw, 1090px\" \/><\/p>\n","protected":false},"excerpt":{"rendered":"<p>A l&rsquo;occasion de l&rsquo;organisation de \u00ab\u00a0la foire de Tours\u00a0\u00bb, une d\u00e9l\u00e9gation du Conseil R\u00e9gional de F\u00e8s-Mekn\u00e8s compos\u00e9e des Elus : M. Sehli EL JELLOUBI, Mme Abla BOUZEKRI, Mme Bouchra ZIN, &#8230;<\/p>\n","protected":false},"author":1,"featured_media":5311,"comment_status":"open","ping_status":"open","sticky":false,"template":"","format":"standard","meta":{"_bbp_topic_count":0,"_bbp_reply_count":0,"_bbp_total_topic_count":0,"_bbp_total_reply_count":0,"_bbp_voice_count":0,"_bbp_anonymous_reply_count":0,"_bbp_topic_count_hidden":0,"_bbp_reply_count_hidden":0,"_bbp_forum_subforum_count":0},"categories":[18,92],"tags":[],"acf":[],"yoast_head":"<!-- This site is optimized with the Yoast SEO plugin v19.5.1 - https:\/\/yoast.com\/wordpress\/plugins\/seo\/ -->\n<title>Une d\u00e9l\u00e9gation du Conseil de la R\u00e9gion F\u00e8s-Mekn\u00e8s en visite \u00e0 la Foire de Tours-France - R\u00e9gion F\u00e8s Mekn\u00e8s<\/title>\n<meta name=\"robots\" content=\"index, follow, max-snippet:-1, max-image-preview:large, max-video-preview:-1\" \/>\n<link rel=\"canonical\" href=\"https:\/\/www.region-fes-meknes.ma\/fr\/actualites\/une-delegation-du-conseil-de-la-region-fes-meknes-en-visite-a-la-foire-de-tours-france\/\" \/>\n<meta property=\"og:locale\" content=\"fr_FR\" \/>\n<meta property=\"og:type\" content=\"article\" \/>\n<meta property=\"og:title\" content=\"Une d\u00e9l\u00e9gation du Conseil de la R\u00e9gion F\u00e8s-Mekn\u00e8s en visite \u00e0 la Foire de Tours-France - R\u00e9gion F\u00e8s Mekn\u00e8s\" \/>\n<meta property=\"og:description\" content=\"A l&rsquo;occasion de l&rsquo;organisation de \u00ab\u00a0la foire de Tours\u00a0\u00bb, une d\u00e9l\u00e9gation du Conseil R\u00e9gional de F\u00e8s-Mekn\u00e8s compos\u00e9e des Elus : M. Sehli EL JELLOUBI, Mme Abla BOUZEKRI, Mme Bouchra ZIN, ...\" \/>\n<meta property=\"og:url\" content=\"https:\/\/www.region-fes-meknes.ma\/fr\/actualites\/une-delegation-du-conseil-de-la-region-fes-meknes-en-visite-a-la-foire-de-tours-france\/\" \/>\n<meta property=\"og:site_name\" content=\"R\u00e9gion F\u00e8s Mekn\u00e8s\" \/>\n<meta property=\"article:publisher\" content=\"https:\/\/www.facebook.com\/R%c3%a9gion-F%c3%a8s-Mekn%c3%a8s-1130195096990872\" \/>\n<meta property=\"article:published_time\" content=\"2018-05-11T14:47:37+00:00\" \/>\n<meta property=\"article:modified_time\" content=\"2018-05-11T14:52:57+00:00\" \/>\n<meta property=\"og:image\" content=\"https:\/\/www.region-fes-meknes.ma\/wp-content\/uploads\/2018\/05\/rfm-delegation-foire-tours-2018-00.jpg\" \/>\n\t<meta property=\"og:image:width\" content=\"1090\" \/>\n\t<meta property=\"og:image:height\" content=\"613\" \/>\n\t<meta property=\"og:image:type\" content=\"image\/jpeg\" \/>\n<meta name=\"author\" content=\"Webmaster\" \/>\n<meta name=\"twitter:card\" content=\"summary_large_image\" \/>\n<meta name=\"twitter:label1\" content=\"\u00c9crit par\" \/>\n\t<meta name=\"twitter:data1\" content=\"Webmaster\" \/>\n\t<meta name=\"twitter:label2\" content=\"Dur\u00e9e de lecture estim\u00e9e\" \/>\n\t<meta name=\"twitter:data2\" content=\"1 minute\" \/>\n<script type=\"application\/ld+json\" class=\"yoast-schema-graph\">{\"@context\":\"https:\/\/schema.org\",\"@graph\":[{\"@type\":\"Article\",\"@id\":\"https:\/\/www.region-fes-meknes.ma\/fr\/actualites\/une-delegation-du-conseil-de-la-region-fes-meknes-en-visite-a-la-foire-de-tours-france\/#article\",\"isPartOf\":{\"@id\":\"https:\/\/www.region-fes-meknes.ma\/fr\/actualites\/une-delegation-du-conseil-de-la-region-fes-meknes-en-visite-a-la-foire-de-tours-france\/\"},\"author\":{\"name\":\"Webmaster\",\"@id\":\"https:\/\/www.region-fes-meknes.ma\/#\/schema\/person\/a6f00c1887fecaef82369ec2bdb25456\"},\"headline\":\"Une d\u00e9l\u00e9gation du Conseil de la R\u00e9gion F\u00e8s-Mekn\u00e8s en visite \u00e0 la Foire de Tours-France\",\"datePublished\":\"2018-05-11T14:47:37+00:00\",\"dateModified\":\"2018-05-11T14:52:57+00:00\",\"mainEntityOfPage\":{\"@id\":\"https:\/\/www.region-fes-meknes.ma\/fr\/actualites\/une-delegation-du-conseil-de-la-region-fes-meknes-en-visite-a-la-foire-de-tours-france\/\"},\"wordCount\":190,\"commentCount\":0,\"publisher\":{\"@id\":\"https:\/\/www.region-fes-meknes.ma\/#organization\"},\"articleSection\":[\"Actualit\u00e9s\",\"Coop\u00e9ration\"],\"inLanguage\":\"fr-FR\",\"potentialAction\":[{\"@type\":\"CommentAction\",\"name\":\"Comment\",\"target\":[\"https:\/\/www.region-fes-meknes.ma\/fr\/actualites\/une-delegation-du-conseil-de-la-region-fes-meknes-en-visite-a-la-foire-de-tours-france\/#respond\"]}]},{\"@type\":\"WebPage\",\"@id\":\"https:\/\/www.region-fes-meknes.ma\/fr\/actualites\/une-delegation-du-conseil-de-la-region-fes-meknes-en-visite-a-la-foire-de-tours-france\/\",\"url\":\"https:\/\/www.region-fes-meknes.ma\/fr\/actualites\/une-delegation-du-conseil-de-la-region-fes-meknes-en-visite-a-la-foire-de-tours-france\/\",\"name\":\"Une d\u00e9l\u00e9gation du Conseil de la R\u00e9gion F\u00e8s-Mekn\u00e8s en visite \u00e0 la Foire de Tours-France - R\u00e9gion F\u00e8s Mekn\u00e8s\",\"isPartOf\":{\"@id\":\"https:\/\/www.region-fes-meknes.ma\/#website\"},\"datePublished\":\"2018-05-11T14:47:37+00:00\",\"dateModified\":\"2018-05-11T14:52:57+00:00\",\"breadcrumb\":{\"@id\":\"https:\/\/www.region-fes-meknes.ma\/fr\/actualites\/une-delegation-du-conseil-de-la-region-fes-meknes-en-visite-a-la-foire-de-tours-france\/#breadcrumb\"},\"inLanguage\":\"fr-FR\",\"potentialAction\":[{\"@type\":\"ReadAction\",\"target\":[\"https:\/\/www.region-fes-meknes.ma\/fr\/actualites\/une-delegation-du-conseil-de-la-region-fes-meknes-en-visite-a-la-foire-de-tours-france\/\"]}]},{\"@type\":\"BreadcrumbList\",\"@id\":\"https:\/\/www.region-fes-meknes.ma\/fr\/actualites\/une-delegation-du-conseil-de-la-region-fes-meknes-en-visite-a-la-foire-de-tours-france\/#breadcrumb\",\"itemListElement\":[{\"@type\":\"ListItem\",\"position\":1,\"name\":\"Accueil\",\"item\":\"https:\/\/www.region-fes-meknes.ma\/fr\/\"},{\"@type\":\"ListItem\",\"position\":2,\"name\":\"Une d\u00e9l\u00e9gation du Conseil de la R\u00e9gion F\u00e8s-Mekn\u00e8s en visite \u00e0 la Foire de Tours-France\"}]},{\"@type\":\"WebSite\",\"@id\":\"https:\/\/www.region-fes-meknes.ma\/#website\",\"url\":\"https:\/\/www.region-fes-meknes.ma\/\",\"name\":\"Portail de la R\u00e9gion F\u00e8s-Mekn\u00e8s\",\"description\":\"Site officiel de la r\u00e9gion F\u00e8s-Mekn\u00e8s.\",\"publisher\":{\"@id\":\"https:\/\/www.region-fes-meknes.ma\/#organization\"},\"potentialAction\":[{\"@type\":\"SearchAction\",\"target\":{\"@type\":\"EntryPoint\",\"urlTemplate\":\"https:\/\/www.region-fes-meknes.ma\/?s={search_term_string}\"},\"query-input\":\"required name=search_term_string\"}],\"inLanguage\":\"fr-FR\"},{\"@type\":\"Organization\",\"@id\":\"https:\/\/www.region-fes-meknes.ma\/#organization\",\"name\":\"R\u00e9gion F\u00e8s M\u00e8kn\u00e8s\",\"url\":\"https:\/\/www.region-fes-meknes.ma\/\",\"sameAs\":[\"https:\/\/www.facebook.com\/R\u00e9gion-F\u00e8s-Mekn\u00e8s-1130195096990872\"],\"logo\":{\"@type\":\"ImageObject\",\"inLanguage\":\"fr-FR\",\"@id\":\"https:\/\/www.region-fes-meknes.ma\/#\/schema\/logo\/image\/\",\"url\":\"http:\/\/www.region-fes-meknes.ma\/wp-content\/uploads\/2017\/10\/logo-rfm4.png\",\"contentUrl\":\"http:\/\/www.region-fes-meknes.ma\/wp-content\/uploads\/2017\/10\/logo-rfm4.png\",\"width\":304,\"height\":291,\"caption\":\"R\u00e9gion F\u00e8s M\u00e8kn\u00e8s\"},\"image\":{\"@id\":\"https:\/\/www.region-fes-meknes.ma\/#\/schema\/logo\/image\/\"}},{\"@type\":\"Person\",\"@id\":\"https:\/\/www.region-fes-meknes.ma\/#\/schema\/person\/a6f00c1887fecaef82369ec2bdb25456\",\"name\":\"Webmaster\",\"image\":{\"@type\":\"ImageObject\",\"inLanguage\":\"fr-FR\",\"@id\":\"https:\/\/www.region-fes-meknes.ma\/#\/schema\/person\/image\/\",\"url\":\"https:\/\/www.region-fes-meknes.ma\/wp-content\/uploads\/2017\/10\/logo-rfm4-150x150.png\",\"contentUrl\":\"https:\/\/www.region-fes-meknes.ma\/wp-content\/uploads\/2017\/10\/logo-rfm4-150x150.png\",\"caption\":\"Webmaster\"}}]}<\/script>\n<!-- \/ Yoast SEO plugin. -->","yoast_head_json":{"title":"Une d\u00e9l\u00e9gation du Conseil de la R\u00e9gion F\u00e8s-Mekn\u00e8s en visite \u00e0 la Foire de Tours-France - R\u00e9gion F\u00e8s Mekn\u00e8s","robots":{"index":"index","follow":"follow","max-snippet":"max-snippet:-1","max-image-preview":"max-image-preview:large","max-video-preview":"max-video-preview:-1"},"canonical":"https:\/\/www.region-fes-meknes.ma\/fr\/actualites\/une-delegation-du-conseil-de-la-region-fes-meknes-en-visite-a-la-foire-de-tours-france\/","og_locale":"fr_FR","og_type":"article","og_title":"Une d\u00e9l\u00e9gation du Conseil de la R\u00e9gion F\u00e8s-Mekn\u00e8s en visite \u00e0 la Foire de Tours-France - R\u00e9gion F\u00e8s Mekn\u00e8s","og_description":"A l&rsquo;occasion de l&rsquo;organisation de \u00ab\u00a0la foire de Tours\u00a0\u00bb, une d\u00e9l\u00e9gation du Conseil R\u00e9gional de F\u00e8s-Mekn\u00e8s compos\u00e9e des Elus : M. Sehli EL JELLOUBI, Mme Abla BOUZEKRI, Mme Bouchra ZIN, ...","og_url":"https:\/\/www.region-fes-meknes.ma\/fr\/actualites\/une-delegation-du-conseil-de-la-region-fes-meknes-en-visite-a-la-foire-de-tours-france\/","og_site_name":"R\u00e9gion F\u00e8s Mekn\u00e8s","article_publisher":"https:\/\/www.facebook.com\/R%c3%a9gion-F%c3%a8s-Mekn%c3%a8s-1130195096990872","article_published_time":"2018-05-11T14:47:37+00:00","article_modified_time":"2018-05-11T14:52:57+00:00","og_image":[{"width":1090,"height":613,"url":"https:\/\/www.region-fes-meknes.ma\/wp-content\/uploads\/2018\/05\/rfm-delegation-foire-tours-2018-00.jpg","type":"image\/jpeg"}],"author":"Webmaster","twitter_card":"summary_large_image","twitter_misc":{"\u00c9crit par":"Webmaster","Dur\u00e9e de lecture estim\u00e9e":"1 minute"},"schema":{"@context":"https:\/\/schema.org","@graph":[{"@type":"Article","@id":"https:\/\/www.region-fes-meknes.ma\/fr\/actualites\/une-delegation-du-conseil-de-la-region-fes-meknes-en-visite-a-la-foire-de-tours-france\/#article","isPartOf":{"@id":"https:\/\/www.region-fes-meknes.ma\/fr\/actualites\/une-delegation-du-conseil-de-la-region-fes-meknes-en-visite-a-la-foire-de-tours-france\/"},"author":{"name":"Webmaster","@id":"https:\/\/www.region-fes-meknes.ma\/#\/schema\/person\/a6f00c1887fecaef82369ec2bdb25456"},"headline":"Une d\u00e9l\u00e9gation du Conseil de la R\u00e9gion F\u00e8s-Mekn\u00e8s en visite \u00e0 la Foire de Tours-France","datePublished":"2018-05-11T14:47:37+00:00","dateModified":"2018-05-11T14:52:57+00:00","mainEntityOfPage":{"@id":"https:\/\/www.region-fes-meknes.ma\/fr\/actualites\/une-delegation-du-conseil-de-la-region-fes-meknes-en-visite-a-la-foire-de-tours-france\/"},"wordCount":190,"commentCount":0,"publisher":{"@id":"https:\/\/www.region-fes-meknes.ma\/#organization"},"articleSection":["Actualit\u00e9s","Coop\u00e9ration"],"inLanguage":"fr-FR","potentialAction":[{"@type":"CommentAction","name":"Comment","target":["https:\/\/www.region-fes-meknes.ma\/fr\/actualites\/une-delegation-du-conseil-de-la-region-fes-meknes-en-visite-a-la-foire-de-tours-france\/#respond"]}]},{"@type":"WebPage","@id":"https:\/\/www.region-fes-meknes.ma\/fr\/actualites\/une-delegation-du-conseil-de-la-region-fes-meknes-en-visite-a-la-foire-de-tours-france\/","url":"https:\/\/www.region-fes-meknes.ma\/fr\/actualites\/une-delegation-du-conseil-de-la-region-fes-meknes-en-visite-a-la-foire-de-tours-france\/","name":"Une d\u00e9l\u00e9gation du Conseil de la R\u00e9gion F\u00e8s-Mekn\u00e8s en visite \u00e0 la Foire de Tours-France - R\u00e9gion F\u00e8s Mekn\u00e8s","isPartOf":{"@id":"https:\/\/www.region-fes-meknes.ma\/#website"},"datePublished":"2018-05-11T14:47:37+00:00","dateModified":"2018-05-11T14:52:57+00:00","breadcrumb":{"@id":"https:\/\/www.region-fes-meknes.ma\/fr\/actualites\/une-delegation-du-conseil-de-la-region-fes-meknes-en-visite-a-la-foire-de-tours-france\/#breadcrumb"},"inLanguage":"fr-FR","potentialAction":[{"@type":"ReadAction","target":["https:\/\/www.region-fes-meknes.ma\/fr\/actualites\/une-delegation-du-conseil-de-la-region-fes-meknes-en-visite-a-la-foire-de-tours-france\/"]}]},{"@type":"BreadcrumbList","@id":"https:\/\/www.region-fes-meknes.ma\/fr\/actualites\/une-delegation-du-conseil-de-la-region-fes-meknes-en-visite-a-la-foire-de-tours-france\/#breadcrumb","itemListElement":[{"@type":"ListItem","position":1,"name":"Accueil","item":"https:\/\/www.region-fes-meknes.ma\/fr\/"},{"@type":"ListItem","position":2,"name":"Une d\u00e9l\u00e9gation du Conseil de la R\u00e9gion F\u00e8s-Mekn\u00e8s en visite \u00e0 la Foire de Tours-France"}]},{"@type":"WebSite","@id":"https:\/\/www.region-fes-meknes.ma\/#website","url":"https:\/\/www.region-fes-meknes.ma\/","name":"Portail de la R\u00e9gion F\u00e8s-Mekn\u00e8s","description":"Site officiel de la r\u00e9gion F\u00e8s-Mekn\u00e8s.","publisher":{"@id":"https:\/\/www.region-fes-meknes.ma\/#organization"},"potentialAction":[{"@type":"SearchAction","target":{"@type":"EntryPoint","urlTemplate":"https:\/\/www.region-fes-meknes.ma\/?s={search_term_string}"},"query-input":"required name=search_term_string"}],"inLanguage":"fr-FR"},{"@type":"Organization","@id":"https:\/\/www.region-fes-meknes.ma\/#organization","name":"R\u00e9gion F\u00e8s M\u00e8kn\u00e8s","url":"https:\/\/www.region-fes-meknes.ma\/","sameAs":["https:\/\/www.facebook.com\/R\u00e9gion-F\u00e8s-Mekn\u00e8s-1130195096990872"],"logo":{"@type":"ImageObject","inLanguage":"fr-FR","@id":"https:\/\/www.region-fes-meknes.ma\/#\/schema\/logo\/image\/","url":"http:\/\/www.region-fes-meknes.ma\/wp-content\/uploads\/2017\/10\/logo-rfm4.png","contentUrl":"http:\/\/www.region-fes-meknes.ma\/wp-content\/uploads\/2017\/10\/logo-rfm4.png","width":304,"height":291,"caption":"R\u00e9gion F\u00e8s M\u00e8kn\u00e8s"},"image":{"@id":"https:\/\/www.region-fes-meknes.ma\/#\/schema\/logo\/image\/"}},{"@type":"Person","@id":"https:\/\/www.region-fes-meknes.ma\/#\/schema\/person\/a6f00c1887fecaef82369ec2bdb25456","name":"Webmaster","image":{"@type":"ImageObject","inLanguage":"fr-FR","@id":"https:\/\/www.region-fes-meknes.ma\/#\/schema\/person\/image\/","url":"https:\/\/www.region-fes-meknes.ma\/wp-content\/uploads\/2017\/10\/logo-rfm4-150x150.png","contentUrl":"https:\/\/www.region-fes-meknes.ma\/wp-content\/uploads\/2017\/10\/logo-rfm4-150x150.png","caption":"Webmaster"}}]}},"_links":{"self":[{"href":"https:\/\/www.region-fes-meknes.ma\/fr\/wp-json\/wp\/v2\/posts\/5309"}],"collection":[{"href":"https:\/\/www.region-fes-meknes.ma\/fr\/wp-json\/wp\/v2\/posts"}],"about":[{"href":"https:\/\/www.region-fes-meknes.ma\/fr\/wp-json\/wp\/v2\/types\/post"}],"author":[{"embeddable":true,"href":"https:\/\/www.region-fes-meknes.ma\/fr\/wp-json\/wp\/v2\/users\/1"}],"replies":[{"embeddable":true,"href":"https:\/\/www.region-fes-meknes.ma\/fr\/wp-json\/wp\/v2\/comments?post=5309"}],"version-history":[{"count":3,"href":"https:\/\/www.region-fes-meknes.ma\/fr\/wp-json\/wp\/v2\/posts\/5309\/revisions"}],"predecessor-version":[{"id":5315,"href":"https:\/\/www.region-fes-meknes.ma\/fr\/wp-json\/wp\/v2\/posts\/5309\/revisions\/5315"}],"wp:featuredmedia":[{"embeddable":true,"href":"https:\/\/www.region-fes-meknes.ma\/fr\/wp-json\/wp\/v2\/media\/5311"}],"wp:attachment":[{"href":"https:\/\/www.region-fes-meknes.ma\/fr\/wp-json\/wp\/v2\/media?parent=5309"}],"wp:term":[{"taxonomy":"category","embeddable":true,"href":"https:\/\/www.region-fes-meknes.ma\/fr\/wp-json\/wp\/v2\/categories?post=5309"},{"taxonomy":"post_tag","embeddable":true,"href":"https:\/\/www.region-fes-meknes.ma\/fr\/wp-json\/wp\/v2\/tags?post=5309"}],"curies":[{"name":"wp","href":"https:\/\/api.w.org\/{rel}","templated":true}]}}