{"id":8558,"date":"2018-07-18T18:08:43","date_gmt":"2018-07-18T17:08:43","guid":{"rendered":"http:\/\/www.region-fes-meknes.ma\/?p=8558"},"modified":"2018-07-19T00:40:21","modified_gmt":"2018-07-18T23:40:21","slug":"participation-de-la-region-fes-meknes-au-forum-regional-sur-la-participation-de-la-jeunesse-dans-la-prise-de-decision","status":"publish","type":"post","link":"https:\/\/www.region-fes-meknes.ma\/fr\/actualites\/participation-de-la-region-fes-meknes-au-forum-regional-sur-la-participation-de-la-jeunesse-dans-la-prise-de-decision\/","title":{"rendered":"Participation de la R\u00e9gion F\u00e8s-Mekn\u00e8s au Forum R\u00e9gional sur \u00ab\u00a0La participation de la jeunesse dans la prise de D\u00e9cision\u00a0\u00bb"},"content":{"rendered":"<p>Dans le cadre du Programme \u00ab\u00a0renforcement de la soci\u00e9t\u00e9 civile\u00a0\u00bb organis\u00e9 par\u00a0Forum \u00ab\u00a0Azzahrae pour la Femme Marocaine\u00a0\u00bb en partenariat avec la R\u00e9gion Rabat-Sal\u00e9-K\u00e9nitra, la R\u00e9gion F\u00e8s-Mekn\u00e8s a pris part au Forum R\u00e9gional sous le th\u00e8me \u00ab\u00a0 La Jeunesse, Levier fondamental pour construire le Nouveau Mod\u00e8le de D\u00e9veloppement\u00a0\u00bb avec la participation de M. Ahmed El YANDOUZI, Pr\u00e9sident de l\u2019Instance Consultative charg\u00e9 de la Jeunesse de la R\u00e9gion F\u00e8s-Mekn\u00e8s et de Mme Nadia El ATTARI, Cadre de la R\u00e9gion charg\u00e9e des instances consultatives.<\/p>\n","protected":false},"excerpt":{"rendered":"<p>Dans le cadre du Programme \u00ab\u00a0renforcement de la soci\u00e9t\u00e9 civile\u00a0\u00bb organis\u00e9 par\u00a0Forum \u00ab\u00a0Azzahrae pour la Femme Marocaine\u00a0\u00bb en partenariat avec la R\u00e9gion Rabat-Sal\u00e9-K\u00e9nitra, la R\u00e9gion F\u00e8s-Mekn\u00e8s a pris part au &#8230;<\/p>\n","protected":false},"author":1,"featured_media":8559,"comment_status":"open","ping_status":"open","sticky":false,"template":"","format":"standard","meta":{"_bbp_topic_count":0,"_bbp_reply_count":0,"_bbp_total_topic_count":0,"_bbp_total_reply_count":0,"_bbp_voice_count":0,"_bbp_anonymous_reply_count":0,"_bbp_topic_count_hidden":0,"_bbp_reply_count_hidden":0,"_bbp_forum_subforum_count":0},"categories":[18],"tags":[],"acf":[],"yoast_head":"<!-- This site is optimized with the Yoast SEO plugin v19.5.1 - https:\/\/yoast.com\/wordpress\/plugins\/seo\/ -->\n<title>Participation de la R\u00e9gion F\u00e8s-Mekn\u00e8s au Forum R\u00e9gional sur &quot;La participation de la jeunesse dans la prise de D\u00e9cision&quot; - R\u00e9gion F\u00e8s Mekn\u00e8s<\/title>\n<meta name=\"robots\" content=\"index, follow, max-snippet:-1, max-image-preview:large, max-video-preview:-1\" \/>\n<link rel=\"canonical\" href=\"https:\/\/www.region-fes-meknes.ma\/fr\/actualites\/participation-de-la-region-fes-meknes-au-forum-regional-sur-la-participation-de-la-jeunesse-dans-la-prise-de-decision\/\" \/>\n<meta property=\"og:locale\" content=\"fr_FR\" \/>\n<meta property=\"og:type\" content=\"article\" \/>\n<meta property=\"og:title\" content=\"Participation de la R\u00e9gion F\u00e8s-Mekn\u00e8s au Forum R\u00e9gional sur &quot;La participation de la jeunesse dans la prise de D\u00e9cision&quot; - R\u00e9gion F\u00e8s Mekn\u00e8s\" \/>\n<meta property=\"og:description\" content=\"Dans le cadre du Programme \u00ab\u00a0renforcement de la soci\u00e9t\u00e9 civile\u00a0\u00bb organis\u00e9 par\u00a0Forum \u00ab\u00a0Azzahrae pour la Femme Marocaine\u00a0\u00bb en partenariat avec la R\u00e9gion Rabat-Sal\u00e9-K\u00e9nitra, la R\u00e9gion F\u00e8s-Mekn\u00e8s a pris part au ...\" \/>\n<meta property=\"og:url\" content=\"https:\/\/www.region-fes-meknes.ma\/fr\/actualites\/participation-de-la-region-fes-meknes-au-forum-regional-sur-la-participation-de-la-jeunesse-dans-la-prise-de-decision\/\" \/>\n<meta property=\"og:site_name\" content=\"R\u00e9gion F\u00e8s Mekn\u00e8s\" \/>\n<meta property=\"article:publisher\" content=\"https:\/\/www.facebook.com\/R%c3%a9gion-F%c3%a8s-Mekn%c3%a8s-1130195096990872\" \/>\n<meta property=\"article:published_time\" content=\"2018-07-18T17:08:43+00:00\" \/>\n<meta property=\"article:modified_time\" content=\"2018-07-18T23:40:21+00:00\" \/>\n<meta property=\"og:image\" content=\"https:\/\/www.region-fes-meknes.ma\/wp-content\/uploads\/2018\/07\/rfm-participe-forum-jeunesse-180718-00.jpg\" \/>\n\t<meta property=\"og:image:width\" content=\"1090\" \/>\n\t<meta property=\"og:image:height\" content=\"722\" \/>\n\t<meta property=\"og:image:type\" content=\"image\/jpeg\" \/>\n<meta name=\"author\" content=\"Webmaster\" \/>\n<meta name=\"twitter:card\" content=\"summary_large_image\" \/>\n<meta name=\"twitter:label1\" content=\"\u00c9crit par\" \/>\n\t<meta name=\"twitter:data1\" content=\"Webmaster\" \/>\n<script type=\"application\/ld+json\" class=\"yoast-schema-graph\">{\"@context\":\"https:\/\/schema.org\",\"@graph\":[{\"@type\":\"Article\",\"@id\":\"https:\/\/www.region-fes-meknes.ma\/fr\/actualites\/participation-de-la-region-fes-meknes-au-forum-regional-sur-la-participation-de-la-jeunesse-dans-la-prise-de-decision\/#article\",\"isPartOf\":{\"@id\":\"https:\/\/www.region-fes-meknes.ma\/fr\/actualites\/participation-de-la-region-fes-meknes-au-forum-regional-sur-la-participation-de-la-jeunesse-dans-la-prise-de-decision\/\"},\"author\":{\"name\":\"Webmaster\",\"@id\":\"https:\/\/www.region-fes-meknes.ma\/#\/schema\/person\/a6f00c1887fecaef82369ec2bdb25456\"},\"headline\":\"Participation de la R\u00e9gion F\u00e8s-Mekn\u00e8s au Forum R\u00e9gional sur \u00ab\u00a0La participation de la jeunesse dans la prise de D\u00e9cision\u00a0\u00bb\",\"datePublished\":\"2018-07-18T17:08:43+00:00\",\"dateModified\":\"2018-07-18T23:40:21+00:00\",\"mainEntityOfPage\":{\"@id\":\"https:\/\/www.region-fes-meknes.ma\/fr\/actualites\/participation-de-la-region-fes-meknes-au-forum-regional-sur-la-participation-de-la-jeunesse-dans-la-prise-de-decision\/\"},\"wordCount\":123,\"commentCount\":0,\"publisher\":{\"@id\":\"https:\/\/www.region-fes-meknes.ma\/#organization\"},\"articleSection\":[\"Actualit\u00e9s\"],\"inLanguage\":\"fr-FR\",\"potentialAction\":[{\"@type\":\"CommentAction\",\"name\":\"Comment\",\"target\":[\"https:\/\/www.region-fes-meknes.ma\/fr\/actualites\/participation-de-la-region-fes-meknes-au-forum-regional-sur-la-participation-de-la-jeunesse-dans-la-prise-de-decision\/#respond\"]}]},{\"@type\":\"WebPage\",\"@id\":\"https:\/\/www.region-fes-meknes.ma\/fr\/actualites\/participation-de-la-region-fes-meknes-au-forum-regional-sur-la-participation-de-la-jeunesse-dans-la-prise-de-decision\/\",\"url\":\"https:\/\/www.region-fes-meknes.ma\/fr\/actualites\/participation-de-la-region-fes-meknes-au-forum-regional-sur-la-participation-de-la-jeunesse-dans-la-prise-de-decision\/\",\"name\":\"Participation de la R\u00e9gion F\u00e8s-Mekn\u00e8s au Forum R\u00e9gional sur \\\"La participation de la jeunesse dans la prise de D\u00e9cision\\\" - R\u00e9gion F\u00e8s Mekn\u00e8s\",\"isPartOf\":{\"@id\":\"https:\/\/www.region-fes-meknes.ma\/#website\"},\"datePublished\":\"2018-07-18T17:08:43+00:00\",\"dateModified\":\"2018-07-18T23:40:21+00:00\",\"breadcrumb\":{\"@id\":\"https:\/\/www.region-fes-meknes.ma\/fr\/actualites\/participation-de-la-region-fes-meknes-au-forum-regional-sur-la-participation-de-la-jeunesse-dans-la-prise-de-decision\/#breadcrumb\"},\"inLanguage\":\"fr-FR\",\"potentialAction\":[{\"@type\":\"ReadAction\",\"target\":[\"https:\/\/www.region-fes-meknes.ma\/fr\/actualites\/participation-de-la-region-fes-meknes-au-forum-regional-sur-la-participation-de-la-jeunesse-dans-la-prise-de-decision\/\"]}]},{\"@type\":\"BreadcrumbList\",\"@id\":\"https:\/\/www.region-fes-meknes.ma\/fr\/actualites\/participation-de-la-region-fes-meknes-au-forum-regional-sur-la-participation-de-la-jeunesse-dans-la-prise-de-decision\/#breadcrumb\",\"itemListElement\":[{\"@type\":\"ListItem\",\"position\":1,\"name\":\"Accueil\",\"item\":\"https:\/\/www.region-fes-meknes.ma\/fr\/\"},{\"@type\":\"ListItem\",\"position\":2,\"name\":\"Participation de la R\u00e9gion F\u00e8s-Mekn\u00e8s au Forum R\u00e9gional sur \u00ab\u00a0La participation de la jeunesse dans la prise de D\u00e9cision\u00a0\u00bb\"}]},{\"@type\":\"WebSite\",\"@id\":\"https:\/\/www.region-fes-meknes.ma\/#website\",\"url\":\"https:\/\/www.region-fes-meknes.ma\/\",\"name\":\"Portail de la R\u00e9gion F\u00e8s-Mekn\u00e8s\",\"description\":\"Site officiel de la r\u00e9gion F\u00e8s-Mekn\u00e8s.\",\"publisher\":{\"@id\":\"https:\/\/www.region-fes-meknes.ma\/#organization\"},\"potentialAction\":[{\"@type\":\"SearchAction\",\"target\":{\"@type\":\"EntryPoint\",\"urlTemplate\":\"https:\/\/www.region-fes-meknes.ma\/?s={search_term_string}\"},\"query-input\":\"required name=search_term_string\"}],\"inLanguage\":\"fr-FR\"},{\"@type\":\"Organization\",\"@id\":\"https:\/\/www.region-fes-meknes.ma\/#organization\",\"name\":\"R\u00e9gion F\u00e8s M\u00e8kn\u00e8s\",\"url\":\"https:\/\/www.region-fes-meknes.ma\/\",\"sameAs\":[\"https:\/\/www.facebook.com\/R\u00e9gion-F\u00e8s-Mekn\u00e8s-1130195096990872\"],\"logo\":{\"@type\":\"ImageObject\",\"inLanguage\":\"fr-FR\",\"@id\":\"https:\/\/www.region-fes-meknes.ma\/#\/schema\/logo\/image\/\",\"url\":\"http:\/\/www.region-fes-meknes.ma\/wp-content\/uploads\/2017\/10\/logo-rfm4.png\",\"contentUrl\":\"http:\/\/www.region-fes-meknes.ma\/wp-content\/uploads\/2017\/10\/logo-rfm4.png\",\"width\":304,\"height\":291,\"caption\":\"R\u00e9gion F\u00e8s M\u00e8kn\u00e8s\"},\"image\":{\"@id\":\"https:\/\/www.region-fes-meknes.ma\/#\/schema\/logo\/image\/\"}},{\"@type\":\"Person\",\"@id\":\"https:\/\/www.region-fes-meknes.ma\/#\/schema\/person\/a6f00c1887fecaef82369ec2bdb25456\",\"name\":\"Webmaster\",\"image\":{\"@type\":\"ImageObject\",\"inLanguage\":\"fr-FR\",\"@id\":\"https:\/\/www.region-fes-meknes.ma\/#\/schema\/person\/image\/\",\"url\":\"https:\/\/www.region-fes-meknes.ma\/wp-content\/uploads\/2017\/10\/logo-rfm4-150x150.png\",\"contentUrl\":\"https:\/\/www.region-fes-meknes.ma\/wp-content\/uploads\/2017\/10\/logo-rfm4-150x150.png\",\"caption\":\"Webmaster\"}}]}<\/script>\n<!-- \/ Yoast SEO plugin. -->","yoast_head_json":{"title":"Participation de la R\u00e9gion F\u00e8s-Mekn\u00e8s au Forum R\u00e9gional sur \"La participation de la jeunesse dans la prise de D\u00e9cision\" - R\u00e9gion F\u00e8s Mekn\u00e8s","robots":{"index":"index","follow":"follow","max-snippet":"max-snippet:-1","max-image-preview":"max-image-preview:large","max-video-preview":"max-video-preview:-1"},"canonical":"https:\/\/www.region-fes-meknes.ma\/fr\/actualites\/participation-de-la-region-fes-meknes-au-forum-regional-sur-la-participation-de-la-jeunesse-dans-la-prise-de-decision\/","og_locale":"fr_FR","og_type":"article","og_title":"Participation de la R\u00e9gion F\u00e8s-Mekn\u00e8s au Forum R\u00e9gional sur \"La participation de la jeunesse dans la prise de D\u00e9cision\" - R\u00e9gion F\u00e8s Mekn\u00e8s","og_description":"Dans le cadre du Programme \u00ab\u00a0renforcement de la soci\u00e9t\u00e9 civile\u00a0\u00bb organis\u00e9 par\u00a0Forum \u00ab\u00a0Azzahrae pour la Femme Marocaine\u00a0\u00bb en partenariat avec la R\u00e9gion Rabat-Sal\u00e9-K\u00e9nitra, la R\u00e9gion F\u00e8s-Mekn\u00e8s a pris part au ...","og_url":"https:\/\/www.region-fes-meknes.ma\/fr\/actualites\/participation-de-la-region-fes-meknes-au-forum-regional-sur-la-participation-de-la-jeunesse-dans-la-prise-de-decision\/","og_site_name":"R\u00e9gion F\u00e8s Mekn\u00e8s","article_publisher":"https:\/\/www.facebook.com\/R%c3%a9gion-F%c3%a8s-Mekn%c3%a8s-1130195096990872","article_published_time":"2018-07-18T17:08:43+00:00","article_modified_time":"2018-07-18T23:40:21+00:00","og_image":[{"width":1090,"height":722,"url":"https:\/\/www.region-fes-meknes.ma\/wp-content\/uploads\/2018\/07\/rfm-participe-forum-jeunesse-180718-00.jpg","type":"image\/jpeg"}],"author":"Webmaster","twitter_card":"summary_large_image","twitter_misc":{"\u00c9crit par":"Webmaster"},"schema":{"@context":"https:\/\/schema.org","@graph":[{"@type":"Article","@id":"https:\/\/www.region-fes-meknes.ma\/fr\/actualites\/participation-de-la-region-fes-meknes-au-forum-regional-sur-la-participation-de-la-jeunesse-dans-la-prise-de-decision\/#article","isPartOf":{"@id":"https:\/\/www.region-fes-meknes.ma\/fr\/actualites\/participation-de-la-region-fes-meknes-au-forum-regional-sur-la-participation-de-la-jeunesse-dans-la-prise-de-decision\/"},"author":{"name":"Webmaster","@id":"https:\/\/www.region-fes-meknes.ma\/#\/schema\/person\/a6f00c1887fecaef82369ec2bdb25456"},"headline":"Participation de la R\u00e9gion F\u00e8s-Mekn\u00e8s au Forum R\u00e9gional sur \u00ab\u00a0La participation de la jeunesse dans la prise de D\u00e9cision\u00a0\u00bb","datePublished":"2018-07-18T17:08:43+00:00","dateModified":"2018-07-18T23:40:21+00:00","mainEntityOfPage":{"@id":"https:\/\/www.region-fes-meknes.ma\/fr\/actualites\/participation-de-la-region-fes-meknes-au-forum-regional-sur-la-participation-de-la-jeunesse-dans-la-prise-de-decision\/"},"wordCount":123,"commentCount":0,"publisher":{"@id":"https:\/\/www.region-fes-meknes.ma\/#organization"},"articleSection":["Actualit\u00e9s"],"inLanguage":"fr-FR","potentialAction":[{"@type":"CommentAction","name":"Comment","target":["https:\/\/www.region-fes-meknes.ma\/fr\/actualites\/participation-de-la-region-fes-meknes-au-forum-regional-sur-la-participation-de-la-jeunesse-dans-la-prise-de-decision\/#respond"]}]},{"@type":"WebPage","@id":"https:\/\/www.region-fes-meknes.ma\/fr\/actualites\/participation-de-la-region-fes-meknes-au-forum-regional-sur-la-participation-de-la-jeunesse-dans-la-prise-de-decision\/","url":"https:\/\/www.region-fes-meknes.ma\/fr\/actualites\/participation-de-la-region-fes-meknes-au-forum-regional-sur-la-participation-de-la-jeunesse-dans-la-prise-de-decision\/","name":"Participation de la R\u00e9gion F\u00e8s-Mekn\u00e8s au Forum R\u00e9gional sur \"La participation de la jeunesse dans la prise de D\u00e9cision\" - R\u00e9gion F\u00e8s Mekn\u00e8s","isPartOf":{"@id":"https:\/\/www.region-fes-meknes.ma\/#website"},"datePublished":"2018-07-18T17:08:43+00:00","dateModified":"2018-07-18T23:40:21+00:00","breadcrumb":{"@id":"https:\/\/www.region-fes-meknes.ma\/fr\/actualites\/participation-de-la-region-fes-meknes-au-forum-regional-sur-la-participation-de-la-jeunesse-dans-la-prise-de-decision\/#breadcrumb"},"inLanguage":"fr-FR","potentialAction":[{"@type":"ReadAction","target":["https:\/\/www.region-fes-meknes.ma\/fr\/actualites\/participation-de-la-region-fes-meknes-au-forum-regional-sur-la-participation-de-la-jeunesse-dans-la-prise-de-decision\/"]}]},{"@type":"BreadcrumbList","@id":"https:\/\/www.region-fes-meknes.ma\/fr\/actualites\/participation-de-la-region-fes-meknes-au-forum-regional-sur-la-participation-de-la-jeunesse-dans-la-prise-de-decision\/#breadcrumb","itemListElement":[{"@type":"ListItem","position":1,"name":"Accueil","item":"https:\/\/www.region-fes-meknes.ma\/fr\/"},{"@type":"ListItem","position":2,"name":"Participation de la R\u00e9gion F\u00e8s-Mekn\u00e8s au Forum R\u00e9gional sur \u00ab\u00a0La participation de la jeunesse dans la prise de D\u00e9cision\u00a0\u00bb"}]},{"@type":"WebSite","@id":"https:\/\/www.region-fes-meknes.ma\/#website","url":"https:\/\/www.region-fes-meknes.ma\/","name":"Portail de la R\u00e9gion F\u00e8s-Mekn\u00e8s","description":"Site officiel de la r\u00e9gion F\u00e8s-Mekn\u00e8s.","publisher":{"@id":"https:\/\/www.region-fes-meknes.ma\/#organization"},"potentialAction":[{"@type":"SearchAction","target":{"@type":"EntryPoint","urlTemplate":"https:\/\/www.region-fes-meknes.ma\/?s={search_term_string}"},"query-input":"required name=search_term_string"}],"inLanguage":"fr-FR"},{"@type":"Organization","@id":"https:\/\/www.region-fes-meknes.ma\/#organization","name":"R\u00e9gion F\u00e8s M\u00e8kn\u00e8s","url":"https:\/\/www.region-fes-meknes.ma\/","sameAs":["https:\/\/www.facebook.com\/R\u00e9gion-F\u00e8s-Mekn\u00e8s-1130195096990872"],"logo":{"@type":"ImageObject","inLanguage":"fr-FR","@id":"https:\/\/www.region-fes-meknes.ma\/#\/schema\/logo\/image\/","url":"http:\/\/www.region-fes-meknes.ma\/wp-content\/uploads\/2017\/10\/logo-rfm4.png","contentUrl":"http:\/\/www.region-fes-meknes.ma\/wp-content\/uploads\/2017\/10\/logo-rfm4.png","width":304,"height":291,"caption":"R\u00e9gion F\u00e8s M\u00e8kn\u00e8s"},"image":{"@id":"https:\/\/www.region-fes-meknes.ma\/#\/schema\/logo\/image\/"}},{"@type":"Person","@id":"https:\/\/www.region-fes-meknes.ma\/#\/schema\/person\/a6f00c1887fecaef82369ec2bdb25456","name":"Webmaster","image":{"@type":"ImageObject","inLanguage":"fr-FR","@id":"https:\/\/www.region-fes-meknes.ma\/#\/schema\/person\/image\/","url":"https:\/\/www.region-fes-meknes.ma\/wp-content\/uploads\/2017\/10\/logo-rfm4-150x150.png","contentUrl":"https:\/\/www.region-fes-meknes.ma\/wp-content\/uploads\/2017\/10\/logo-rfm4-150x150.png","caption":"Webmaster"}}]}},"_links":{"self":[{"href":"https:\/\/www.region-fes-meknes.ma\/fr\/wp-json\/wp\/v2\/posts\/8558"}],"collection":[{"href":"https:\/\/www.region-fes-meknes.ma\/fr\/wp-json\/wp\/v2\/posts"}],"about":[{"href":"https:\/\/www.region-fes-meknes.ma\/fr\/wp-json\/wp\/v2\/types\/post"}],"author":[{"embeddable":true,"href":"https:\/\/www.region-fes-meknes.ma\/fr\/wp-json\/wp\/v2\/users\/1"}],"replies":[{"embeddable":true,"href":"https:\/\/www.region-fes-meknes.ma\/fr\/wp-json\/wp\/v2\/comments?post=8558"}],"version-history":[{"count":1,"href":"https:\/\/www.region-fes-meknes.ma\/fr\/wp-json\/wp\/v2\/posts\/8558\/revisions"}],"predecessor-version":[{"id":8569,"href":"https:\/\/www.region-fes-meknes.ma\/fr\/wp-json\/wp\/v2\/posts\/8558\/revisions\/8569"}],"wp:featuredmedia":[{"embeddable":true,"href":"https:\/\/www.region-fes-meknes.ma\/fr\/wp-json\/wp\/v2\/media\/8559"}],"wp:attachment":[{"href":"https:\/\/www.region-fes-meknes.ma\/fr\/wp-json\/wp\/v2\/media?parent=8558"}],"wp:term":[{"taxonomy":"category","embeddable":true,"href":"https:\/\/www.region-fes-meknes.ma\/fr\/wp-json\/wp\/v2\/categories?post=8558"},{"taxonomy":"post_tag","embeddable":true,"href":"https:\/\/www.region-fes-meknes.ma\/fr\/wp-json\/wp\/v2\/tags?post=8558"}],"curies":[{"name":"wp","href":"https:\/\/api.w.org\/{rel}","templated":true}]}}