{"id":8622,"date":"2018-07-23T20:32:27","date_gmt":"2018-07-23T19:32:27","guid":{"rendered":"http:\/\/www.region-fes-meknes.ma\/?p=8622"},"modified":"2018-07-23T20:32:27","modified_gmt":"2018-07-23T19:32:27","slug":"participation-de-la-region-fes-meknes-a-un-atelier-relatif-a-la-planification-territoriale-integrant-lapproche-genre","status":"publish","type":"post","link":"https:\/\/www.region-fes-meknes.ma\/fr\/actualites\/participation-de-la-region-fes-meknes-a-un-atelier-relatif-a-la-planification-territoriale-integrant-lapproche-genre\/","title":{"rendered":"Participation de la R\u00e9gion F\u00e8s Mekn\u00e8s \u00e0 un atelier relatif \u00e0 la planification territoriale int\u00e9grant l\u2019approche Genre"},"content":{"rendered":"<p>En partenariat avec le Minist\u00e8re de l\u2019Int\u00e9rieur, la Direction G\u00e9n\u00e9rale des Collectivit\u00e9s Locales et l\u2019ONU Femmes, Le Conseil R\u00e9gional F\u00e8s Mekn\u00e8s participe \u00e0 un atelier de restitution des r\u00e9sultats du diagnostic relatif \u00e0 la Planification Territoriale int\u00e9grant l\u2019approche Genre, le lundi 23 juillet 2018 au si\u00e8ge de la R\u00e9gion avec la pr\u00e9sence de Mme Majda BENARBIA, la 4\u00e8me Vice-Pr\u00e9sidente de la R\u00e9gion F\u00e8s Mekn\u00e8s, des pr\u00e9sidents des instances de l\u2019\u00c9quit\u00e9, de l\u2019Egalit\u00e9 des Chances et de l\u2019Approche Genre ainsi que des repr\u00e9sentants de diff\u00e9rentes communes de la R\u00e9gion.<\/p>\n","protected":false},"excerpt":{"rendered":"<p>En partenariat avec le Minist\u00e8re de l\u2019Int\u00e9rieur, la Direction G\u00e9n\u00e9rale des Collectivit\u00e9s Locales et l\u2019ONU Femmes, Le Conseil R\u00e9gional F\u00e8s Mekn\u00e8s participe \u00e0 un atelier de restitution des r\u00e9sultats du &#8230;<\/p>\n","protected":false},"author":1,"featured_media":8623,"comment_status":"open","ping_status":"open","sticky":false,"template":"","format":"standard","meta":{"_bbp_topic_count":0,"_bbp_reply_count":0,"_bbp_total_topic_count":0,"_bbp_total_reply_count":0,"_bbp_voice_count":0,"_bbp_anonymous_reply_count":0,"_bbp_topic_count_hidden":0,"_bbp_reply_count_hidden":0,"_bbp_forum_subforum_count":0},"categories":[18],"tags":[],"acf":[],"yoast_head":"<!-- This site is optimized with the Yoast SEO plugin v19.5.1 - https:\/\/yoast.com\/wordpress\/plugins\/seo\/ -->\n<title>Participation de la R\u00e9gion F\u00e8s Mekn\u00e8s \u00e0 un atelier relatif \u00e0 la planification territoriale int\u00e9grant l\u2019approche Genre - R\u00e9gion F\u00e8s Mekn\u00e8s<\/title>\n<meta name=\"robots\" content=\"index, follow, max-snippet:-1, max-image-preview:large, max-video-preview:-1\" \/>\n<link rel=\"canonical\" href=\"https:\/\/www.region-fes-meknes.ma\/fr\/actualites\/participation-de-la-region-fes-meknes-a-un-atelier-relatif-a-la-planification-territoriale-integrant-lapproche-genre\/\" \/>\n<meta property=\"og:locale\" content=\"fr_FR\" \/>\n<meta property=\"og:type\" content=\"article\" \/>\n<meta property=\"og:title\" content=\"Participation de la R\u00e9gion F\u00e8s Mekn\u00e8s \u00e0 un atelier relatif \u00e0 la planification territoriale int\u00e9grant l\u2019approche Genre - R\u00e9gion F\u00e8s Mekn\u00e8s\" \/>\n<meta property=\"og:description\" content=\"En partenariat avec le Minist\u00e8re de l\u2019Int\u00e9rieur, la Direction G\u00e9n\u00e9rale des Collectivit\u00e9s Locales et l\u2019ONU Femmes, Le Conseil R\u00e9gional F\u00e8s Mekn\u00e8s participe \u00e0 un atelier de restitution des r\u00e9sultats du ...\" \/>\n<meta property=\"og:url\" content=\"https:\/\/www.region-fes-meknes.ma\/fr\/actualites\/participation-de-la-region-fes-meknes-a-un-atelier-relatif-a-la-planification-territoriale-integrant-lapproche-genre\/\" \/>\n<meta property=\"og:site_name\" content=\"R\u00e9gion F\u00e8s Mekn\u00e8s\" \/>\n<meta property=\"article:publisher\" content=\"https:\/\/www.facebook.com\/R%c3%a9gion-F%c3%a8s-Mekn%c3%a8s-1130195096990872\" \/>\n<meta property=\"article:published_time\" content=\"2018-07-23T19:32:27+00:00\" \/>\n<meta property=\"og:image\" content=\"https:\/\/www.region-fes-meknes.ma\/wp-content\/uploads\/2018\/07\/rfm-atelier-planification-territoriale-180723-00.jpg\" \/>\n\t<meta property=\"og:image:width\" content=\"1090\" \/>\n\t<meta property=\"og:image:height\" content=\"722\" \/>\n\t<meta property=\"og:image:type\" content=\"image\/jpeg\" \/>\n<meta name=\"author\" content=\"Webmaster\" \/>\n<meta name=\"twitter:card\" content=\"summary_large_image\" \/>\n<meta name=\"twitter:label1\" content=\"\u00c9crit par\" \/>\n\t<meta name=\"twitter:data1\" content=\"Webmaster\" \/>\n\t<meta name=\"twitter:label2\" content=\"Dur\u00e9e de lecture estim\u00e9e\" \/>\n\t<meta name=\"twitter:data2\" content=\"1 minute\" \/>\n<script type=\"application\/ld+json\" class=\"yoast-schema-graph\">{\"@context\":\"https:\/\/schema.org\",\"@graph\":[{\"@type\":\"Article\",\"@id\":\"https:\/\/www.region-fes-meknes.ma\/fr\/actualites\/participation-de-la-region-fes-meknes-a-un-atelier-relatif-a-la-planification-territoriale-integrant-lapproche-genre\/#article\",\"isPartOf\":{\"@id\":\"https:\/\/www.region-fes-meknes.ma\/fr\/actualites\/participation-de-la-region-fes-meknes-a-un-atelier-relatif-a-la-planification-territoriale-integrant-lapproche-genre\/\"},\"author\":{\"name\":\"Webmaster\",\"@id\":\"https:\/\/www.region-fes-meknes.ma\/#\/schema\/person\/a6f00c1887fecaef82369ec2bdb25456\"},\"headline\":\"Participation de la R\u00e9gion F\u00e8s Mekn\u00e8s \u00e0 un atelier relatif \u00e0 la planification territoriale int\u00e9grant l\u2019approche Genre\",\"datePublished\":\"2018-07-23T19:32:27+00:00\",\"dateModified\":\"2018-07-23T19:32:27+00:00\",\"mainEntityOfPage\":{\"@id\":\"https:\/\/www.region-fes-meknes.ma\/fr\/actualites\/participation-de-la-region-fes-meknes-a-un-atelier-relatif-a-la-planification-territoriale-integrant-lapproche-genre\/\"},\"wordCount\":131,\"commentCount\":0,\"publisher\":{\"@id\":\"https:\/\/www.region-fes-meknes.ma\/#organization\"},\"articleSection\":[\"Actualit\u00e9s\"],\"inLanguage\":\"fr-FR\",\"potentialAction\":[{\"@type\":\"CommentAction\",\"name\":\"Comment\",\"target\":[\"https:\/\/www.region-fes-meknes.ma\/fr\/actualites\/participation-de-la-region-fes-meknes-a-un-atelier-relatif-a-la-planification-territoriale-integrant-lapproche-genre\/#respond\"]}]},{\"@type\":\"WebPage\",\"@id\":\"https:\/\/www.region-fes-meknes.ma\/fr\/actualites\/participation-de-la-region-fes-meknes-a-un-atelier-relatif-a-la-planification-territoriale-integrant-lapproche-genre\/\",\"url\":\"https:\/\/www.region-fes-meknes.ma\/fr\/actualites\/participation-de-la-region-fes-meknes-a-un-atelier-relatif-a-la-planification-territoriale-integrant-lapproche-genre\/\",\"name\":\"Participation de la R\u00e9gion F\u00e8s Mekn\u00e8s \u00e0 un atelier relatif \u00e0 la planification territoriale int\u00e9grant l\u2019approche Genre - R\u00e9gion F\u00e8s Mekn\u00e8s\",\"isPartOf\":{\"@id\":\"https:\/\/www.region-fes-meknes.ma\/#website\"},\"datePublished\":\"2018-07-23T19:32:27+00:00\",\"dateModified\":\"2018-07-23T19:32:27+00:00\",\"breadcrumb\":{\"@id\":\"https:\/\/www.region-fes-meknes.ma\/fr\/actualites\/participation-de-la-region-fes-meknes-a-un-atelier-relatif-a-la-planification-territoriale-integrant-lapproche-genre\/#breadcrumb\"},\"inLanguage\":\"fr-FR\",\"potentialAction\":[{\"@type\":\"ReadAction\",\"target\":[\"https:\/\/www.region-fes-meknes.ma\/fr\/actualites\/participation-de-la-region-fes-meknes-a-un-atelier-relatif-a-la-planification-territoriale-integrant-lapproche-genre\/\"]}]},{\"@type\":\"BreadcrumbList\",\"@id\":\"https:\/\/www.region-fes-meknes.ma\/fr\/actualites\/participation-de-la-region-fes-meknes-a-un-atelier-relatif-a-la-planification-territoriale-integrant-lapproche-genre\/#breadcrumb\",\"itemListElement\":[{\"@type\":\"ListItem\",\"position\":1,\"name\":\"Accueil\",\"item\":\"https:\/\/www.region-fes-meknes.ma\/fr\/\"},{\"@type\":\"ListItem\",\"position\":2,\"name\":\"Participation de la R\u00e9gion F\u00e8s Mekn\u00e8s \u00e0 un atelier relatif \u00e0 la planification territoriale int\u00e9grant l\u2019approche Genre\"}]},{\"@type\":\"WebSite\",\"@id\":\"https:\/\/www.region-fes-meknes.ma\/#website\",\"url\":\"https:\/\/www.region-fes-meknes.ma\/\",\"name\":\"Portail de la R\u00e9gion F\u00e8s-Mekn\u00e8s\",\"description\":\"Site officiel de la r\u00e9gion F\u00e8s-Mekn\u00e8s.\",\"publisher\":{\"@id\":\"https:\/\/www.region-fes-meknes.ma\/#organization\"},\"potentialAction\":[{\"@type\":\"SearchAction\",\"target\":{\"@type\":\"EntryPoint\",\"urlTemplate\":\"https:\/\/www.region-fes-meknes.ma\/?s={search_term_string}\"},\"query-input\":\"required name=search_term_string\"}],\"inLanguage\":\"fr-FR\"},{\"@type\":\"Organization\",\"@id\":\"https:\/\/www.region-fes-meknes.ma\/#organization\",\"name\":\"R\u00e9gion F\u00e8s M\u00e8kn\u00e8s\",\"url\":\"https:\/\/www.region-fes-meknes.ma\/\",\"sameAs\":[\"https:\/\/www.facebook.com\/R\u00e9gion-F\u00e8s-Mekn\u00e8s-1130195096990872\"],\"logo\":{\"@type\":\"ImageObject\",\"inLanguage\":\"fr-FR\",\"@id\":\"https:\/\/www.region-fes-meknes.ma\/#\/schema\/logo\/image\/\",\"url\":\"http:\/\/www.region-fes-meknes.ma\/wp-content\/uploads\/2017\/10\/logo-rfm4.png\",\"contentUrl\":\"http:\/\/www.region-fes-meknes.ma\/wp-content\/uploads\/2017\/10\/logo-rfm4.png\",\"width\":304,\"height\":291,\"caption\":\"R\u00e9gion F\u00e8s M\u00e8kn\u00e8s\"},\"image\":{\"@id\":\"https:\/\/www.region-fes-meknes.ma\/#\/schema\/logo\/image\/\"}},{\"@type\":\"Person\",\"@id\":\"https:\/\/www.region-fes-meknes.ma\/#\/schema\/person\/a6f00c1887fecaef82369ec2bdb25456\",\"name\":\"Webmaster\",\"image\":{\"@type\":\"ImageObject\",\"inLanguage\":\"fr-FR\",\"@id\":\"https:\/\/www.region-fes-meknes.ma\/#\/schema\/person\/image\/\",\"url\":\"https:\/\/www.region-fes-meknes.ma\/wp-content\/uploads\/2017\/10\/logo-rfm4-150x150.png\",\"contentUrl\":\"https:\/\/www.region-fes-meknes.ma\/wp-content\/uploads\/2017\/10\/logo-rfm4-150x150.png\",\"caption\":\"Webmaster\"}}]}<\/script>\n<!-- \/ Yoast SEO plugin. -->","yoast_head_json":{"title":"Participation de la R\u00e9gion F\u00e8s Mekn\u00e8s \u00e0 un atelier relatif \u00e0 la planification territoriale int\u00e9grant l\u2019approche Genre - R\u00e9gion F\u00e8s Mekn\u00e8s","robots":{"index":"index","follow":"follow","max-snippet":"max-snippet:-1","max-image-preview":"max-image-preview:large","max-video-preview":"max-video-preview:-1"},"canonical":"https:\/\/www.region-fes-meknes.ma\/fr\/actualites\/participation-de-la-region-fes-meknes-a-un-atelier-relatif-a-la-planification-territoriale-integrant-lapproche-genre\/","og_locale":"fr_FR","og_type":"article","og_title":"Participation de la R\u00e9gion F\u00e8s Mekn\u00e8s \u00e0 un atelier relatif \u00e0 la planification territoriale int\u00e9grant l\u2019approche Genre - R\u00e9gion F\u00e8s Mekn\u00e8s","og_description":"En partenariat avec le Minist\u00e8re de l\u2019Int\u00e9rieur, la Direction G\u00e9n\u00e9rale des Collectivit\u00e9s Locales et l\u2019ONU Femmes, Le Conseil R\u00e9gional F\u00e8s Mekn\u00e8s participe \u00e0 un atelier de restitution des r\u00e9sultats du ...","og_url":"https:\/\/www.region-fes-meknes.ma\/fr\/actualites\/participation-de-la-region-fes-meknes-a-un-atelier-relatif-a-la-planification-territoriale-integrant-lapproche-genre\/","og_site_name":"R\u00e9gion F\u00e8s Mekn\u00e8s","article_publisher":"https:\/\/www.facebook.com\/R%c3%a9gion-F%c3%a8s-Mekn%c3%a8s-1130195096990872","article_published_time":"2018-07-23T19:32:27+00:00","og_image":[{"width":1090,"height":722,"url":"https:\/\/www.region-fes-meknes.ma\/wp-content\/uploads\/2018\/07\/rfm-atelier-planification-territoriale-180723-00.jpg","type":"image\/jpeg"}],"author":"Webmaster","twitter_card":"summary_large_image","twitter_misc":{"\u00c9crit par":"Webmaster","Dur\u00e9e de lecture estim\u00e9e":"1 minute"},"schema":{"@context":"https:\/\/schema.org","@graph":[{"@type":"Article","@id":"https:\/\/www.region-fes-meknes.ma\/fr\/actualites\/participation-de-la-region-fes-meknes-a-un-atelier-relatif-a-la-planification-territoriale-integrant-lapproche-genre\/#article","isPartOf":{"@id":"https:\/\/www.region-fes-meknes.ma\/fr\/actualites\/participation-de-la-region-fes-meknes-a-un-atelier-relatif-a-la-planification-territoriale-integrant-lapproche-genre\/"},"author":{"name":"Webmaster","@id":"https:\/\/www.region-fes-meknes.ma\/#\/schema\/person\/a6f00c1887fecaef82369ec2bdb25456"},"headline":"Participation de la R\u00e9gion F\u00e8s Mekn\u00e8s \u00e0 un atelier relatif \u00e0 la planification territoriale int\u00e9grant l\u2019approche Genre","datePublished":"2018-07-23T19:32:27+00:00","dateModified":"2018-07-23T19:32:27+00:00","mainEntityOfPage":{"@id":"https:\/\/www.region-fes-meknes.ma\/fr\/actualites\/participation-de-la-region-fes-meknes-a-un-atelier-relatif-a-la-planification-territoriale-integrant-lapproche-genre\/"},"wordCount":131,"commentCount":0,"publisher":{"@id":"https:\/\/www.region-fes-meknes.ma\/#organization"},"articleSection":["Actualit\u00e9s"],"inLanguage":"fr-FR","potentialAction":[{"@type":"CommentAction","name":"Comment","target":["https:\/\/www.region-fes-meknes.ma\/fr\/actualites\/participation-de-la-region-fes-meknes-a-un-atelier-relatif-a-la-planification-territoriale-integrant-lapproche-genre\/#respond"]}]},{"@type":"WebPage","@id":"https:\/\/www.region-fes-meknes.ma\/fr\/actualites\/participation-de-la-region-fes-meknes-a-un-atelier-relatif-a-la-planification-territoriale-integrant-lapproche-genre\/","url":"https:\/\/www.region-fes-meknes.ma\/fr\/actualites\/participation-de-la-region-fes-meknes-a-un-atelier-relatif-a-la-planification-territoriale-integrant-lapproche-genre\/","name":"Participation de la R\u00e9gion F\u00e8s Mekn\u00e8s \u00e0 un atelier relatif \u00e0 la planification territoriale int\u00e9grant l\u2019approche Genre - R\u00e9gion F\u00e8s Mekn\u00e8s","isPartOf":{"@id":"https:\/\/www.region-fes-meknes.ma\/#website"},"datePublished":"2018-07-23T19:32:27+00:00","dateModified":"2018-07-23T19:32:27+00:00","breadcrumb":{"@id":"https:\/\/www.region-fes-meknes.ma\/fr\/actualites\/participation-de-la-region-fes-meknes-a-un-atelier-relatif-a-la-planification-territoriale-integrant-lapproche-genre\/#breadcrumb"},"inLanguage":"fr-FR","potentialAction":[{"@type":"ReadAction","target":["https:\/\/www.region-fes-meknes.ma\/fr\/actualites\/participation-de-la-region-fes-meknes-a-un-atelier-relatif-a-la-planification-territoriale-integrant-lapproche-genre\/"]}]},{"@type":"BreadcrumbList","@id":"https:\/\/www.region-fes-meknes.ma\/fr\/actualites\/participation-de-la-region-fes-meknes-a-un-atelier-relatif-a-la-planification-territoriale-integrant-lapproche-genre\/#breadcrumb","itemListElement":[{"@type":"ListItem","position":1,"name":"Accueil","item":"https:\/\/www.region-fes-meknes.ma\/fr\/"},{"@type":"ListItem","position":2,"name":"Participation de la R\u00e9gion F\u00e8s Mekn\u00e8s \u00e0 un atelier relatif \u00e0 la planification territoriale int\u00e9grant l\u2019approche Genre"}]},{"@type":"WebSite","@id":"https:\/\/www.region-fes-meknes.ma\/#website","url":"https:\/\/www.region-fes-meknes.ma\/","name":"Portail de la R\u00e9gion F\u00e8s-Mekn\u00e8s","description":"Site officiel de la r\u00e9gion F\u00e8s-Mekn\u00e8s.","publisher":{"@id":"https:\/\/www.region-fes-meknes.ma\/#organization"},"potentialAction":[{"@type":"SearchAction","target":{"@type":"EntryPoint","urlTemplate":"https:\/\/www.region-fes-meknes.ma\/?s={search_term_string}"},"query-input":"required name=search_term_string"}],"inLanguage":"fr-FR"},{"@type":"Organization","@id":"https:\/\/www.region-fes-meknes.ma\/#organization","name":"R\u00e9gion F\u00e8s M\u00e8kn\u00e8s","url":"https:\/\/www.region-fes-meknes.ma\/","sameAs":["https:\/\/www.facebook.com\/R\u00e9gion-F\u00e8s-Mekn\u00e8s-1130195096990872"],"logo":{"@type":"ImageObject","inLanguage":"fr-FR","@id":"https:\/\/www.region-fes-meknes.ma\/#\/schema\/logo\/image\/","url":"http:\/\/www.region-fes-meknes.ma\/wp-content\/uploads\/2017\/10\/logo-rfm4.png","contentUrl":"http:\/\/www.region-fes-meknes.ma\/wp-content\/uploads\/2017\/10\/logo-rfm4.png","width":304,"height":291,"caption":"R\u00e9gion F\u00e8s M\u00e8kn\u00e8s"},"image":{"@id":"https:\/\/www.region-fes-meknes.ma\/#\/schema\/logo\/image\/"}},{"@type":"Person","@id":"https:\/\/www.region-fes-meknes.ma\/#\/schema\/person\/a6f00c1887fecaef82369ec2bdb25456","name":"Webmaster","image":{"@type":"ImageObject","inLanguage":"fr-FR","@id":"https:\/\/www.region-fes-meknes.ma\/#\/schema\/person\/image\/","url":"https:\/\/www.region-fes-meknes.ma\/wp-content\/uploads\/2017\/10\/logo-rfm4-150x150.png","contentUrl":"https:\/\/www.region-fes-meknes.ma\/wp-content\/uploads\/2017\/10\/logo-rfm4-150x150.png","caption":"Webmaster"}}]}},"_links":{"self":[{"href":"https:\/\/www.region-fes-meknes.ma\/fr\/wp-json\/wp\/v2\/posts\/8622"}],"collection":[{"href":"https:\/\/www.region-fes-meknes.ma\/fr\/wp-json\/wp\/v2\/posts"}],"about":[{"href":"https:\/\/www.region-fes-meknes.ma\/fr\/wp-json\/wp\/v2\/types\/post"}],"author":[{"embeddable":true,"href":"https:\/\/www.region-fes-meknes.ma\/fr\/wp-json\/wp\/v2\/users\/1"}],"replies":[{"embeddable":true,"href":"https:\/\/www.region-fes-meknes.ma\/fr\/wp-json\/wp\/v2\/comments?post=8622"}],"version-history":[{"count":1,"href":"https:\/\/www.region-fes-meknes.ma\/fr\/wp-json\/wp\/v2\/posts\/8622\/revisions"}],"predecessor-version":[{"id":8635,"href":"https:\/\/www.region-fes-meknes.ma\/fr\/wp-json\/wp\/v2\/posts\/8622\/revisions\/8635"}],"wp:featuredmedia":[{"embeddable":true,"href":"https:\/\/www.region-fes-meknes.ma\/fr\/wp-json\/wp\/v2\/media\/8623"}],"wp:attachment":[{"href":"https:\/\/www.region-fes-meknes.ma\/fr\/wp-json\/wp\/v2\/media?parent=8622"}],"wp:term":[{"taxonomy":"category","embeddable":true,"href":"https:\/\/www.region-fes-meknes.ma\/fr\/wp-json\/wp\/v2\/categories?post=8622"},{"taxonomy":"post_tag","embeddable":true,"href":"https:\/\/www.region-fes-meknes.ma\/fr\/wp-json\/wp\/v2\/tags?post=8622"}],"curies":[{"name":"wp","href":"https:\/\/api.w.org\/{rel}","templated":true}]}}