{"id":8844,"date":"2018-08-11T13:34:44","date_gmt":"2018-08-11T12:34:44","guid":{"rendered":"http:\/\/www.region-fes-meknes.ma\/?p=8844"},"modified":"2018-08-11T13:34:44","modified_gmt":"2018-08-11T12:34:44","slug":"continuation-des-travaux-du-salon-regional-des-marches-itinerants-pour-leconomie-sociale-et-solidaire-edition-taza","status":"publish","type":"post","link":"https:\/\/www.region-fes-meknes.ma\/fr\/actualites\/continuation-des-travaux-du-salon-regional-des-marches-itinerants-pour-leconomie-sociale-et-solidaire-edition-taza\/","title":{"rendered":"Continuation des travaux du Salon R\u00e9gional des march\u00e9s itin\u00e9rants pour l\u2019\u00e9conomie sociale et solidaire \u2013 Edition TAZA"},"content":{"rendered":"<p>La 3<sup>\u00e8me<\/sup> journ\u00e9e du salon r\u00e9gional des march\u00e9s itin\u00e9rants pour l\u2019\u00e9conomie sociale et solidaire se poursuit dans un \u00e9tat d\u2019ambiance et de satisfaction. Cet \u00e9v\u00e9nement qui s\u2019est d\u00e9roul\u00e9 sur 1000 m\u00b2 \u00e0 la ville de Taza a permis d\u2019am\u00e9liorer les revenus des coop\u00e9ratives participantes, de prospecter de nouveaux clients, d\u2019apprendre de nouvelles m\u00e9thodes de commercialisation et du marketing. C\u2019est une action qui a pu avoir des retomb\u00e9es positives sur la promotion et la pr\u00e9servation des produits et du savoir-faire local.<\/p>\n<p>Cette premi\u00e8re \u00e9dition a connu un franc succ\u00e8s. En t\u00e9moigne le nombre de visiteurs qui a d\u00e9pass\u00e9 3000, venus de diff\u00e9rentes villes du Royaume et la participation de 50 coop\u00e9ratives et exposants entre les m\u00e9tiers de l\u2019artisanat, de l\u2019agriculture, des produits du terroir et autres. Cette premi\u00e8re\u00a0\u00e9dition a \u00e9t\u00e9 marqu\u00e9e aussi par l\u2019organisation de conf\u00e9rences scientifiques, d&rsquo;ateliers de gestion etc&#8230;<\/p>\n","protected":false},"excerpt":{"rendered":"<p>La 3\u00e8me journ\u00e9e du salon r\u00e9gional des march\u00e9s itin\u00e9rants pour l\u2019\u00e9conomie sociale et solidaire se poursuit dans un \u00e9tat d\u2019ambiance et de satisfaction. Cet \u00e9v\u00e9nement qui s\u2019est d\u00e9roul\u00e9 sur 1000 &#8230;<\/p>\n","protected":false},"author":1,"featured_media":8845,"comment_status":"open","ping_status":"open","sticky":false,"template":"","format":"standard","meta":{"_bbp_topic_count":0,"_bbp_reply_count":0,"_bbp_total_topic_count":0,"_bbp_total_reply_count":0,"_bbp_voice_count":0,"_bbp_anonymous_reply_count":0,"_bbp_topic_count_hidden":0,"_bbp_reply_count_hidden":0,"_bbp_forum_subforum_count":0},"categories":[18],"tags":[],"acf":[],"yoast_head":"<!-- This site is optimized with the Yoast SEO plugin v19.5.1 - https:\/\/yoast.com\/wordpress\/plugins\/seo\/ -->\n<title>Continuation des travaux du Salon R\u00e9gional des march\u00e9s itin\u00e9rants pour l\u2019\u00e9conomie sociale et solidaire \u2013 Edition TAZA - R\u00e9gion F\u00e8s Mekn\u00e8s<\/title>\n<meta name=\"robots\" content=\"index, follow, max-snippet:-1, max-image-preview:large, max-video-preview:-1\" \/>\n<link rel=\"canonical\" href=\"https:\/\/www.region-fes-meknes.ma\/fr\/actualites\/continuation-des-travaux-du-salon-regional-des-marches-itinerants-pour-leconomie-sociale-et-solidaire-edition-taza\/\" \/>\n<meta property=\"og:locale\" content=\"fr_FR\" \/>\n<meta property=\"og:type\" content=\"article\" \/>\n<meta property=\"og:title\" content=\"Continuation des travaux du Salon R\u00e9gional des march\u00e9s itin\u00e9rants pour l\u2019\u00e9conomie sociale et solidaire \u2013 Edition TAZA - R\u00e9gion F\u00e8s Mekn\u00e8s\" \/>\n<meta property=\"og:description\" content=\"La 3\u00e8me journ\u00e9e du salon r\u00e9gional des march\u00e9s itin\u00e9rants pour l\u2019\u00e9conomie sociale et solidaire se poursuit dans un \u00e9tat d\u2019ambiance et de satisfaction. Cet \u00e9v\u00e9nement qui s\u2019est d\u00e9roul\u00e9 sur 1000 ...\" \/>\n<meta property=\"og:url\" content=\"https:\/\/www.region-fes-meknes.ma\/fr\/actualites\/continuation-des-travaux-du-salon-regional-des-marches-itinerants-pour-leconomie-sociale-et-solidaire-edition-taza\/\" \/>\n<meta property=\"og:site_name\" content=\"R\u00e9gion F\u00e8s Mekn\u00e8s\" \/>\n<meta property=\"article:publisher\" content=\"https:\/\/www.facebook.com\/R%c3%a9gion-F%c3%a8s-Mekn%c3%a8s-1130195096990872\" \/>\n<meta property=\"article:published_time\" content=\"2018-08-11T12:34:44+00:00\" \/>\n<meta property=\"og:image\" content=\"https:\/\/www.region-fes-meknes.ma\/wp-content\/uploads\/2018\/08\/rfm-salon-marches-itinerants-taza-jour3-00.jpg\" \/>\n\t<meta property=\"og:image:width\" content=\"1090\" \/>\n\t<meta property=\"og:image:height\" content=\"722\" \/>\n\t<meta property=\"og:image:type\" content=\"image\/jpeg\" \/>\n<meta name=\"author\" content=\"Webmaster\" \/>\n<meta name=\"twitter:card\" content=\"summary_large_image\" \/>\n<meta name=\"twitter:label1\" content=\"\u00c9crit par\" \/>\n\t<meta name=\"twitter:data1\" content=\"Webmaster\" \/>\n\t<meta name=\"twitter:label2\" content=\"Dur\u00e9e de lecture estim\u00e9e\" \/>\n\t<meta name=\"twitter:data2\" content=\"1 minute\" \/>\n<script type=\"application\/ld+json\" class=\"yoast-schema-graph\">{\"@context\":\"https:\/\/schema.org\",\"@graph\":[{\"@type\":\"Article\",\"@id\":\"https:\/\/www.region-fes-meknes.ma\/fr\/actualites\/continuation-des-travaux-du-salon-regional-des-marches-itinerants-pour-leconomie-sociale-et-solidaire-edition-taza\/#article\",\"isPartOf\":{\"@id\":\"https:\/\/www.region-fes-meknes.ma\/fr\/actualites\/continuation-des-travaux-du-salon-regional-des-marches-itinerants-pour-leconomie-sociale-et-solidaire-edition-taza\/\"},\"author\":{\"name\":\"Webmaster\",\"@id\":\"https:\/\/www.region-fes-meknes.ma\/#\/schema\/person\/a6f00c1887fecaef82369ec2bdb25456\"},\"headline\":\"Continuation des travaux du Salon R\u00e9gional des march\u00e9s itin\u00e9rants pour l\u2019\u00e9conomie sociale et solidaire \u2013 Edition TAZA\",\"datePublished\":\"2018-08-11T12:34:44+00:00\",\"dateModified\":\"2018-08-11T12:34:44+00:00\",\"mainEntityOfPage\":{\"@id\":\"https:\/\/www.region-fes-meknes.ma\/fr\/actualites\/continuation-des-travaux-du-salon-regional-des-marches-itinerants-pour-leconomie-sociale-et-solidaire-edition-taza\/\"},\"wordCount\":187,\"commentCount\":1,\"publisher\":{\"@id\":\"https:\/\/www.region-fes-meknes.ma\/#organization\"},\"articleSection\":[\"Actualit\u00e9s\"],\"inLanguage\":\"fr-FR\",\"potentialAction\":[{\"@type\":\"CommentAction\",\"name\":\"Comment\",\"target\":[\"https:\/\/www.region-fes-meknes.ma\/fr\/actualites\/continuation-des-travaux-du-salon-regional-des-marches-itinerants-pour-leconomie-sociale-et-solidaire-edition-taza\/#respond\"]}]},{\"@type\":\"WebPage\",\"@id\":\"https:\/\/www.region-fes-meknes.ma\/fr\/actualites\/continuation-des-travaux-du-salon-regional-des-marches-itinerants-pour-leconomie-sociale-et-solidaire-edition-taza\/\",\"url\":\"https:\/\/www.region-fes-meknes.ma\/fr\/actualites\/continuation-des-travaux-du-salon-regional-des-marches-itinerants-pour-leconomie-sociale-et-solidaire-edition-taza\/\",\"name\":\"Continuation des travaux du Salon R\u00e9gional des march\u00e9s itin\u00e9rants pour l\u2019\u00e9conomie sociale et solidaire \u2013 Edition TAZA - R\u00e9gion F\u00e8s Mekn\u00e8s\",\"isPartOf\":{\"@id\":\"https:\/\/www.region-fes-meknes.ma\/#website\"},\"datePublished\":\"2018-08-11T12:34:44+00:00\",\"dateModified\":\"2018-08-11T12:34:44+00:00\",\"breadcrumb\":{\"@id\":\"https:\/\/www.region-fes-meknes.ma\/fr\/actualites\/continuation-des-travaux-du-salon-regional-des-marches-itinerants-pour-leconomie-sociale-et-solidaire-edition-taza\/#breadcrumb\"},\"inLanguage\":\"fr-FR\",\"potentialAction\":[{\"@type\":\"ReadAction\",\"target\":[\"https:\/\/www.region-fes-meknes.ma\/fr\/actualites\/continuation-des-travaux-du-salon-regional-des-marches-itinerants-pour-leconomie-sociale-et-solidaire-edition-taza\/\"]}]},{\"@type\":\"BreadcrumbList\",\"@id\":\"https:\/\/www.region-fes-meknes.ma\/fr\/actualites\/continuation-des-travaux-du-salon-regional-des-marches-itinerants-pour-leconomie-sociale-et-solidaire-edition-taza\/#breadcrumb\",\"itemListElement\":[{\"@type\":\"ListItem\",\"position\":1,\"name\":\"Accueil\",\"item\":\"https:\/\/www.region-fes-meknes.ma\/fr\/\"},{\"@type\":\"ListItem\",\"position\":2,\"name\":\"Continuation des travaux du Salon R\u00e9gional des march\u00e9s itin\u00e9rants pour l\u2019\u00e9conomie sociale et solidaire \u2013 Edition TAZA\"}]},{\"@type\":\"WebSite\",\"@id\":\"https:\/\/www.region-fes-meknes.ma\/#website\",\"url\":\"https:\/\/www.region-fes-meknes.ma\/\",\"name\":\"Portail de la R\u00e9gion F\u00e8s-Mekn\u00e8s\",\"description\":\"Site officiel de la r\u00e9gion F\u00e8s-Mekn\u00e8s.\",\"publisher\":{\"@id\":\"https:\/\/www.region-fes-meknes.ma\/#organization\"},\"potentialAction\":[{\"@type\":\"SearchAction\",\"target\":{\"@type\":\"EntryPoint\",\"urlTemplate\":\"https:\/\/www.region-fes-meknes.ma\/?s={search_term_string}\"},\"query-input\":\"required name=search_term_string\"}],\"inLanguage\":\"fr-FR\"},{\"@type\":\"Organization\",\"@id\":\"https:\/\/www.region-fes-meknes.ma\/#organization\",\"name\":\"R\u00e9gion F\u00e8s M\u00e8kn\u00e8s\",\"url\":\"https:\/\/www.region-fes-meknes.ma\/\",\"sameAs\":[\"https:\/\/www.facebook.com\/R\u00e9gion-F\u00e8s-Mekn\u00e8s-1130195096990872\"],\"logo\":{\"@type\":\"ImageObject\",\"inLanguage\":\"fr-FR\",\"@id\":\"https:\/\/www.region-fes-meknes.ma\/#\/schema\/logo\/image\/\",\"url\":\"http:\/\/www.region-fes-meknes.ma\/wp-content\/uploads\/2017\/10\/logo-rfm4.png\",\"contentUrl\":\"http:\/\/www.region-fes-meknes.ma\/wp-content\/uploads\/2017\/10\/logo-rfm4.png\",\"width\":304,\"height\":291,\"caption\":\"R\u00e9gion F\u00e8s M\u00e8kn\u00e8s\"},\"image\":{\"@id\":\"https:\/\/www.region-fes-meknes.ma\/#\/schema\/logo\/image\/\"}},{\"@type\":\"Person\",\"@id\":\"https:\/\/www.region-fes-meknes.ma\/#\/schema\/person\/a6f00c1887fecaef82369ec2bdb25456\",\"name\":\"Webmaster\",\"image\":{\"@type\":\"ImageObject\",\"inLanguage\":\"fr-FR\",\"@id\":\"https:\/\/www.region-fes-meknes.ma\/#\/schema\/person\/image\/\",\"url\":\"https:\/\/www.region-fes-meknes.ma\/wp-content\/uploads\/2017\/10\/logo-rfm4-150x150.png\",\"contentUrl\":\"https:\/\/www.region-fes-meknes.ma\/wp-content\/uploads\/2017\/10\/logo-rfm4-150x150.png\",\"caption\":\"Webmaster\"}}]}<\/script>\n<!-- \/ Yoast SEO plugin. -->","yoast_head_json":{"title":"Continuation des travaux du Salon R\u00e9gional des march\u00e9s itin\u00e9rants pour l\u2019\u00e9conomie sociale et solidaire \u2013 Edition TAZA - R\u00e9gion F\u00e8s Mekn\u00e8s","robots":{"index":"index","follow":"follow","max-snippet":"max-snippet:-1","max-image-preview":"max-image-preview:large","max-video-preview":"max-video-preview:-1"},"canonical":"https:\/\/www.region-fes-meknes.ma\/fr\/actualites\/continuation-des-travaux-du-salon-regional-des-marches-itinerants-pour-leconomie-sociale-et-solidaire-edition-taza\/","og_locale":"fr_FR","og_type":"article","og_title":"Continuation des travaux du Salon R\u00e9gional des march\u00e9s itin\u00e9rants pour l\u2019\u00e9conomie sociale et solidaire \u2013 Edition TAZA - R\u00e9gion F\u00e8s Mekn\u00e8s","og_description":"La 3\u00e8me journ\u00e9e du salon r\u00e9gional des march\u00e9s itin\u00e9rants pour l\u2019\u00e9conomie sociale et solidaire se poursuit dans un \u00e9tat d\u2019ambiance et de satisfaction. Cet \u00e9v\u00e9nement qui s\u2019est d\u00e9roul\u00e9 sur 1000 ...","og_url":"https:\/\/www.region-fes-meknes.ma\/fr\/actualites\/continuation-des-travaux-du-salon-regional-des-marches-itinerants-pour-leconomie-sociale-et-solidaire-edition-taza\/","og_site_name":"R\u00e9gion F\u00e8s Mekn\u00e8s","article_publisher":"https:\/\/www.facebook.com\/R%c3%a9gion-F%c3%a8s-Mekn%c3%a8s-1130195096990872","article_published_time":"2018-08-11T12:34:44+00:00","og_image":[{"width":1090,"height":722,"url":"https:\/\/www.region-fes-meknes.ma\/wp-content\/uploads\/2018\/08\/rfm-salon-marches-itinerants-taza-jour3-00.jpg","type":"image\/jpeg"}],"author":"Webmaster","twitter_card":"summary_large_image","twitter_misc":{"\u00c9crit par":"Webmaster","Dur\u00e9e de lecture estim\u00e9e":"1 minute"},"schema":{"@context":"https:\/\/schema.org","@graph":[{"@type":"Article","@id":"https:\/\/www.region-fes-meknes.ma\/fr\/actualites\/continuation-des-travaux-du-salon-regional-des-marches-itinerants-pour-leconomie-sociale-et-solidaire-edition-taza\/#article","isPartOf":{"@id":"https:\/\/www.region-fes-meknes.ma\/fr\/actualites\/continuation-des-travaux-du-salon-regional-des-marches-itinerants-pour-leconomie-sociale-et-solidaire-edition-taza\/"},"author":{"name":"Webmaster","@id":"https:\/\/www.region-fes-meknes.ma\/#\/schema\/person\/a6f00c1887fecaef82369ec2bdb25456"},"headline":"Continuation des travaux du Salon R\u00e9gional des march\u00e9s itin\u00e9rants pour l\u2019\u00e9conomie sociale et solidaire \u2013 Edition TAZA","datePublished":"2018-08-11T12:34:44+00:00","dateModified":"2018-08-11T12:34:44+00:00","mainEntityOfPage":{"@id":"https:\/\/www.region-fes-meknes.ma\/fr\/actualites\/continuation-des-travaux-du-salon-regional-des-marches-itinerants-pour-leconomie-sociale-et-solidaire-edition-taza\/"},"wordCount":187,"commentCount":1,"publisher":{"@id":"https:\/\/www.region-fes-meknes.ma\/#organization"},"articleSection":["Actualit\u00e9s"],"inLanguage":"fr-FR","potentialAction":[{"@type":"CommentAction","name":"Comment","target":["https:\/\/www.region-fes-meknes.ma\/fr\/actualites\/continuation-des-travaux-du-salon-regional-des-marches-itinerants-pour-leconomie-sociale-et-solidaire-edition-taza\/#respond"]}]},{"@type":"WebPage","@id":"https:\/\/www.region-fes-meknes.ma\/fr\/actualites\/continuation-des-travaux-du-salon-regional-des-marches-itinerants-pour-leconomie-sociale-et-solidaire-edition-taza\/","url":"https:\/\/www.region-fes-meknes.ma\/fr\/actualites\/continuation-des-travaux-du-salon-regional-des-marches-itinerants-pour-leconomie-sociale-et-solidaire-edition-taza\/","name":"Continuation des travaux du Salon R\u00e9gional des march\u00e9s itin\u00e9rants pour l\u2019\u00e9conomie sociale et solidaire \u2013 Edition TAZA - R\u00e9gion F\u00e8s Mekn\u00e8s","isPartOf":{"@id":"https:\/\/www.region-fes-meknes.ma\/#website"},"datePublished":"2018-08-11T12:34:44+00:00","dateModified":"2018-08-11T12:34:44+00:00","breadcrumb":{"@id":"https:\/\/www.region-fes-meknes.ma\/fr\/actualites\/continuation-des-travaux-du-salon-regional-des-marches-itinerants-pour-leconomie-sociale-et-solidaire-edition-taza\/#breadcrumb"},"inLanguage":"fr-FR","potentialAction":[{"@type":"ReadAction","target":["https:\/\/www.region-fes-meknes.ma\/fr\/actualites\/continuation-des-travaux-du-salon-regional-des-marches-itinerants-pour-leconomie-sociale-et-solidaire-edition-taza\/"]}]},{"@type":"BreadcrumbList","@id":"https:\/\/www.region-fes-meknes.ma\/fr\/actualites\/continuation-des-travaux-du-salon-regional-des-marches-itinerants-pour-leconomie-sociale-et-solidaire-edition-taza\/#breadcrumb","itemListElement":[{"@type":"ListItem","position":1,"name":"Accueil","item":"https:\/\/www.region-fes-meknes.ma\/fr\/"},{"@type":"ListItem","position":2,"name":"Continuation des travaux du Salon R\u00e9gional des march\u00e9s itin\u00e9rants pour l\u2019\u00e9conomie sociale et solidaire \u2013 Edition TAZA"}]},{"@type":"WebSite","@id":"https:\/\/www.region-fes-meknes.ma\/#website","url":"https:\/\/www.region-fes-meknes.ma\/","name":"Portail de la R\u00e9gion F\u00e8s-Mekn\u00e8s","description":"Site officiel de la r\u00e9gion F\u00e8s-Mekn\u00e8s.","publisher":{"@id":"https:\/\/www.region-fes-meknes.ma\/#organization"},"potentialAction":[{"@type":"SearchAction","target":{"@type":"EntryPoint","urlTemplate":"https:\/\/www.region-fes-meknes.ma\/?s={search_term_string}"},"query-input":"required name=search_term_string"}],"inLanguage":"fr-FR"},{"@type":"Organization","@id":"https:\/\/www.region-fes-meknes.ma\/#organization","name":"R\u00e9gion F\u00e8s M\u00e8kn\u00e8s","url":"https:\/\/www.region-fes-meknes.ma\/","sameAs":["https:\/\/www.facebook.com\/R\u00e9gion-F\u00e8s-Mekn\u00e8s-1130195096990872"],"logo":{"@type":"ImageObject","inLanguage":"fr-FR","@id":"https:\/\/www.region-fes-meknes.ma\/#\/schema\/logo\/image\/","url":"http:\/\/www.region-fes-meknes.ma\/wp-content\/uploads\/2017\/10\/logo-rfm4.png","contentUrl":"http:\/\/www.region-fes-meknes.ma\/wp-content\/uploads\/2017\/10\/logo-rfm4.png","width":304,"height":291,"caption":"R\u00e9gion F\u00e8s M\u00e8kn\u00e8s"},"image":{"@id":"https:\/\/www.region-fes-meknes.ma\/#\/schema\/logo\/image\/"}},{"@type":"Person","@id":"https:\/\/www.region-fes-meknes.ma\/#\/schema\/person\/a6f00c1887fecaef82369ec2bdb25456","name":"Webmaster","image":{"@type":"ImageObject","inLanguage":"fr-FR","@id":"https:\/\/www.region-fes-meknes.ma\/#\/schema\/person\/image\/","url":"https:\/\/www.region-fes-meknes.ma\/wp-content\/uploads\/2017\/10\/logo-rfm4-150x150.png","contentUrl":"https:\/\/www.region-fes-meknes.ma\/wp-content\/uploads\/2017\/10\/logo-rfm4-150x150.png","caption":"Webmaster"}}]}},"_links":{"self":[{"href":"https:\/\/www.region-fes-meknes.ma\/fr\/wp-json\/wp\/v2\/posts\/8844"}],"collection":[{"href":"https:\/\/www.region-fes-meknes.ma\/fr\/wp-json\/wp\/v2\/posts"}],"about":[{"href":"https:\/\/www.region-fes-meknes.ma\/fr\/wp-json\/wp\/v2\/types\/post"}],"author":[{"embeddable":true,"href":"https:\/\/www.region-fes-meknes.ma\/fr\/wp-json\/wp\/v2\/users\/1"}],"replies":[{"embeddable":true,"href":"https:\/\/www.region-fes-meknes.ma\/fr\/wp-json\/wp\/v2\/comments?post=8844"}],"version-history":[{"count":1,"href":"https:\/\/www.region-fes-meknes.ma\/fr\/wp-json\/wp\/v2\/posts\/8844\/revisions"}],"predecessor-version":[{"id":8877,"href":"https:\/\/www.region-fes-meknes.ma\/fr\/wp-json\/wp\/v2\/posts\/8844\/revisions\/8877"}],"wp:featuredmedia":[{"embeddable":true,"href":"https:\/\/www.region-fes-meknes.ma\/fr\/wp-json\/wp\/v2\/media\/8845"}],"wp:attachment":[{"href":"https:\/\/www.region-fes-meknes.ma\/fr\/wp-json\/wp\/v2\/media?parent=8844"}],"wp:term":[{"taxonomy":"category","embeddable":true,"href":"https:\/\/www.region-fes-meknes.ma\/fr\/wp-json\/wp\/v2\/categories?post=8844"},{"taxonomy":"post_tag","embeddable":true,"href":"https:\/\/www.region-fes-meknes.ma\/fr\/wp-json\/wp\/v2\/tags?post=8844"}],"curies":[{"name":"wp","href":"https:\/\/api.w.org\/{rel}","templated":true}]}}