{"id":8881,"date":"2018-08-09T12:20:27","date_gmt":"2018-08-09T11:20:27","guid":{"rendered":"http:\/\/www.region-fes-meknes.ma\/?p=8881"},"modified":"2018-08-13T12:25:07","modified_gmt":"2018-08-13T11:25:07","slug":"fes-meknes-priorite-aux-projets-sociaux-et-solidaires","status":"publish","type":"post","link":"https:\/\/www.region-fes-meknes.ma\/fr\/espace_presse\/medias-electroniques\/fes-meknes-priorite-aux-projets-sociaux-et-solidaires\/","title":{"rendered":"F\u00e8s-Mekn\u00e8s: Priorit\u00e9 aux projets sociaux et solidaires"},"content":{"rendered":"<div class=\"field-item even\">502 millions de DH pour appuyer les chantiers de la r\u00e9gion<\/div>\n<div class=\"field-item odd\">Des consultations pour lancer une vision territoriale<\/div>\n<div class=\"field-item even\">Collectivit\u00e9s, coop\u00e9ratives et banques\u2026 des partenaires<\/div>\n<div>\n<hr \/>\n<figure id=\"attachment_8882\" aria-describedby=\"caption-attachment-8882\" style=\"width: 660px\" class=\"wp-caption alignnone\"><img loading=\"lazy\" class=\"size-full wp-image-8882\" src=\"http:\/\/www.region-fes-meknes.ma\/wp-content\/uploads\/2018\/08\/jamila-el-moussali-et-laenser-032.jpg\" alt=\"\" width=\"660\" height=\"330\" srcset=\"https:\/\/www.region-fes-meknes.ma\/wp-content\/uploads\/2018\/08\/jamila-el-moussali-et-laenser-032.jpg 660w, https:\/\/www.region-fes-meknes.ma\/wp-content\/uploads\/2018\/08\/jamila-el-moussali-et-laenser-032-300x150.jpg 300w, https:\/\/www.region-fes-meknes.ma\/wp-content\/uploads\/2018\/08\/jamila-el-moussali-et-laenser-032-100x50.jpg 100w\" sizes=\"(max-width: 660px) 100vw, 660px\" \/><figcaption id=\"caption-attachment-8882\" class=\"wp-caption-text\">Jamila El Moussali veut mettre en oeuvre une vision territoriale de l\u2019\u00e9conomie sociale et solidaire. La Secr\u00e9taire d\u2019Etat charg\u00e9e de l\u2019Artisanat et de l\u2019\u00c9conomie sociale peut compter d\u00e9sormais sur l\u2019appui du pr\u00e9sident du Conseil r\u00e9gional de F\u00e8s-Mekn\u00e8s. Mohand Laenser lui a promis son soutien (Ph YSA)<\/figcaption><\/figure>\n<p>Pr\u00e9parer une nouvelle strat\u00e9gie nationale de l\u2019\u00e9conomie sociale et solidaire qui tient compte des r\u00e9alit\u00e9s r\u00e9gionales. C\u2019est la conviction de Jamila El Moussali, Secr\u00e9taire d\u2019\u00c9tat charg\u00e9e de l\u2019Artisanat et de l\u2019\u00c9conomie sociale qui s\u2019est d\u00e9plac\u00e9e derni\u00e8rement, \u00e0 F\u00e8s, afin d\u2019esquisser les diff\u00e9rentes possibilit\u00e9s d\u2019engagement et de partenariat avec les responsables des collectivit\u00e9s territoriales, artisans, et bailleurs de fonds.<\/p>\n<p class=\"rtejustify\">Pour elle, \u00abcette 10e rencontre r\u00e9gionale de concertation vise \u00e0 penser une \u00e9conomie sociale et solidaire, institutionnaliser un levier de d\u00e9veloppement, et cr\u00e9er l\u2019emploi au niveau local\u00bb. L\u2019Economiste revient sur les principaux points de la d\u00e9marche propos\u00e9e par la repr\u00e9sentante du gouvernement.<\/p>\n<p class=\"rtejustify\"><strong>\u25a0 Assurer une dimension de solidarit\u00e9 \u00e9conomique<\/strong><br \/>\nLanc\u00e9e par le minist\u00e8re du tourisme, du transport a\u00e9rien, de l\u2019artisanat et de l\u2019\u00e9conomie sociale et le secr\u00e9tariat d\u2019\u00c9tat charg\u00e9 de l\u2019Artisanat et de l\u2019\u00c9conomie sociale, cette rencontre tend \u00e0 poser les jalons d\u2019une strat\u00e9gie nationale pour l\u2019\u00e9conomie sociale et solidaire \u00abvision 2028\u00bb, avec la participation de l\u2019ensemble des acteurs institutionnels du secteur, les\u00a0 coop\u00e9ratives, les associations, ainsi que les partenaires financiers.<br \/>\nEn effet, il s\u2019agit d\u2019initier une d\u00e9marche participative visant \u00e0 s\u00e9lectionner les projets \u00e0 financer, croiser les visions des diff\u00e9rents intervenants, et adopter les bonnes pratiques. Cette consultation sur l\u2019\u00e9laboration de la strat\u00e9gie nationale et des programmes d\u2019action de l\u2019\u00e9conomie sociale et solidaire dans la r\u00e9gion F\u00e8s-Mekn\u00e8s entend assurer une dimension de solidarit\u00e9, en tant que culture, ancr\u00e9e dans la soci\u00e9t\u00e9 marocaine. \u00abUne strat\u00e9gie qu\u2019il faut s\u2019approprier dans le cadre d\u2019une vision territoriale et contractuelle\u00bb, pr\u00e9cise la Secr\u00e9taire d\u2019Etat.<\/p>\n<p class=\"rtejustify\"><strong>\u25a0 Profiter de l\u2019exp\u00e9rience des autres pays et l\u2019expertise de l\u2019INDH<\/strong><br \/>\nL\u2019\u00e9conomie sociale et solidaire participe avec plus de 10% dans le PIB dans certains pays et emploie plus de 50% de la population. De l\u2019avis d\u2019El Moussali, \u00able Maroc devrait s\u2019inscrire dans cette voie afin d\u2019endiguer le ch\u00f4mage des jeunes\u00bb. D\u2019autant que ce genre d\u2019\u00e9conomie est enracin\u00e9e \u00e0 travers l\u2019Initiative nationale pour le d\u00e9veloppement humain (INDH), dont la 3e g\u00e9n\u00e9ration sera lanc\u00e9e incessamment. En attendant, l\u2019artisanat, eu \u00e9gard \u00e0 ses dimensions culturelles et solidaires et sa contribution dans le d\u00e9veloppement socio-\u00e9conomique de la m\u00e9dina de F\u00e8s, pourrait \u00eatre une niche pour l\u2019\u00e9conomie sociale et solidaire. \u00abIl s\u2019agit une richesse nationale mat\u00e9rielle et immat\u00e9rielle et un capital pr\u00e9cieux in\u00e9puisable, \u00e0 sauvegarder, d\u00e9velopper et promouvoir. Ce, gr\u00e2ce notamment \u00e0 la formation et la qualification des jeunes artisans et leur accompagnement dans l\u2019am\u00e9lioration de la qualit\u00e9 de leur production, le marketing et la commercialisation\u00bb, note la ministre.<\/p>\n<p class=\"rtejustify\"><strong>\u25a0 Institutionnaliser la formation et lancer des universit\u00e9s pour artisans<\/strong><br \/>\nConcr\u00e8tement, El Moussali propose d\u2019institutionnaliser la formation des artisans, lancer des universit\u00e9s pour les jeunes apprentis, et s\u2019ouvrir sur l\u2019environnement \u00e9conomique et scientifique local. D\u00e9velopper les mati\u00e8res premi\u00e8res, diversifier les sources de financement, et apporter l\u2019expertise de l\u2019INDH, ne sont pas en reste. \u00abEn mati\u00e8re de commercialisation, il faut travailler sur la promotion des produits d\u2019artisanat en utilisant les nouvelles technologies (Internet)\u00bb, conseille-t-elle. Car, les artisans doivent s\u2019adapter au march\u00e9, proposer des produits design, et \u00eatre fiers d\u2019avoir \u00abconserv\u00e9 des m\u00e9tiers ancestraux\u00bb et tr\u00e8s recherch\u00e9s. Pour r\u00e9ussir, ils doivent \u00e9galement associer les femmes et s\u2019organiser dans des coop\u00e9ratives, afin de constituer une v\u00e9ritable force. Notons par ailleurs que la restauration des foundouks de la m\u00e9dina, ainsi que d\u2019autres sites historiques, et leur r\u00e9ouverture en tant que march\u00e9s d\u2019artisanat garantiraient une certaine p\u00e9rennit\u00e9 des m\u00e9tiers et des revenus importants pour les artisans. El Moussali rappelle, \u00e0 juste titre, que ce secteur emploie 2,3 millions de personnes au Maroc. Il participe au PIB national \u00e0 hauteur de 5% et rec\u00e8le quelque 20.000 corporations d\u2019artisans.<\/p>\n<p class=\"rtejustify\"><strong>\u25a0 Ce que p\u00e8se l\u2019artisanat au niveau r\u00e9gional<\/strong><br \/>\nAu niveau de la r\u00e9gion F\u00e8s-Mekn\u00e8s, l\u2019artisanat g\u00e9n\u00e8re des revenus pour plus de 105.100 artisans. Et rien qu\u2019\u00e0 F\u00e8s, ce secteur fait vivre directement ou indirectement plus de 260.000 personnes, soit 27% des habitants de la m\u00e9dina. A noter que le chiffre d\u2019affaires de cette activit\u00e9 s\u2019\u00e9l\u00e8ve \u00e0 plus de 4 milliards de DH, soit 47% des exportations marocaines du secteur. \u00abEt l\u2019ambition est de doper ces chiffres, en engageant une vision appropri\u00e9e en partenariat avec les diff\u00e9rents acteurs\u00bb, estime Mohand Laenser, pr\u00e9sident du Conseil r\u00e9gional. Signalons enfin que son Conseil entend appuyer des centaines de projets solidaires pour une enveloppe globale de 502 millions de DH. \u00abPour commencer,\u00a0 39 projets de ce genre sont men\u00e9s en partenariat avec la r\u00e9gion Centre Val-de-Loire pour un budget de 9 millions de DH\u00bb, conclut Majda Benarbia, vice-pr\u00e9sidente du Conseil r\u00e9gional.<\/p>\n<p><strong>Les axes prioritaires<\/strong><\/p>\n<p>La nouvelle strat\u00e9gie nationale de l\u2019\u00e9conomie sociale et solidaire devrait \u00eatre bas\u00e9e sur trois axes prioritaires. Outre la participation de tous les acteurs, ses concepteurs misent sur la convergence entre les divers intervenants et l\u2019appropriation de la strat\u00e9gie par tous. \u00abDe cette mani\u00e8re, l\u2019on pourrait assurer la mise en \u0153uvre et la r\u00e9ussite de toutes les initiatives\u00bb, souligne Jamila El Moussali. Pour elle, les artisans doivent explorer d\u2019autres possibilit\u00e9s d\u2019investissement dans le secteur afin d\u2019insuffler une nouvelle dynamique \u00e9conomique r\u00e9gionale. Notons que le PIB r\u00e9gional s\u2019\u00e9l\u00e8ve \u00e0 86,7 milliards de DH (9,4% du PIB national). Ce qui place la circonscription F\u00e8s-Mekn\u00e8s en 4e position au niveau \u00e9conomique. Faut-il rappeler que le taux d\u2019analphab\u00e9tisme de la r\u00e9gion est de 35%, celui de la pauvret\u00e9 est de 5,2%.<\/p>\n<p><em>De notre correspondant permanent, Youness SAAD ALAMI<\/em><\/p>\n<p><b>09<\/b><\/p>\n<\/div>\n","protected":false},"excerpt":{"rendered":"<p>502 millions de DH pour appuyer les chantiers de la r\u00e9gion Des consultations pour lancer une vision territoriale Collectivit\u00e9s, coop\u00e9ratives et banques\u2026 des partenaires Pr\u00e9parer une nouvelle strat\u00e9gie nationale de &#8230;<\/p>\n","protected":false},"author":1,"featured_media":5278,"comment_status":"open","ping_status":"open","sticky":false,"template":"","format":"standard","meta":{"_bbp_topic_count":0,"_bbp_reply_count":0,"_bbp_total_topic_count":0,"_bbp_total_reply_count":0,"_bbp_voice_count":0,"_bbp_anonymous_reply_count":0,"_bbp_topic_count_hidden":0,"_bbp_reply_count_hidden":0,"_bbp_forum_subforum_count":0},"categories":[18,76,75],"tags":[],"acf":[],"yoast_head":"<!-- This site is optimized with the Yoast SEO plugin v19.5.1 - https:\/\/yoast.com\/wordpress\/plugins\/seo\/ -->\n<title>F\u00e8s-Mekn\u00e8s: Priorit\u00e9 aux projets sociaux et solidaires - R\u00e9gion F\u00e8s Mekn\u00e8s<\/title>\n<meta name=\"robots\" content=\"index, follow, max-snippet:-1, max-image-preview:large, max-video-preview:-1\" \/>\n<link rel=\"canonical\" href=\"https:\/\/www.region-fes-meknes.ma\/fr\/espace_presse\/medias-electroniques\/fes-meknes-priorite-aux-projets-sociaux-et-solidaires\/\" \/>\n<meta property=\"og:locale\" content=\"fr_FR\" \/>\n<meta property=\"og:type\" content=\"article\" \/>\n<meta property=\"og:title\" content=\"F\u00e8s-Mekn\u00e8s: Priorit\u00e9 aux projets sociaux et solidaires - R\u00e9gion F\u00e8s Mekn\u00e8s\" \/>\n<meta property=\"og:description\" content=\"502 millions de DH pour appuyer les chantiers de la r\u00e9gion Des consultations pour lancer une vision territoriale Collectivit\u00e9s, coop\u00e9ratives et banques\u2026 des partenaires Pr\u00e9parer une nouvelle strat\u00e9gie nationale de ...\" \/>\n<meta property=\"og:url\" content=\"https:\/\/www.region-fes-meknes.ma\/fr\/espace_presse\/medias-electroniques\/fes-meknes-priorite-aux-projets-sociaux-et-solidaires\/\" \/>\n<meta property=\"og:site_name\" content=\"R\u00e9gion F\u00e8s Mekn\u00e8s\" \/>\n<meta property=\"article:publisher\" content=\"https:\/\/www.facebook.com\/R%c3%a9gion-F%c3%a8s-Mekn%c3%a8s-1130195096990872\" \/>\n<meta property=\"article:published_time\" content=\"2018-08-09T11:20:27+00:00\" \/>\n<meta property=\"article:modified_time\" content=\"2018-08-13T11:25:07+00:00\" \/>\n<meta property=\"og:image\" content=\"https:\/\/www.region-fes-meknes.ma\/wp-content\/uploads\/2018\/05\/leconomiste-com.jpg\" \/>\n\t<meta property=\"og:image:width\" content=\"320\" \/>\n\t<meta property=\"og:image:height\" content=\"220\" \/>\n\t<meta property=\"og:image:type\" content=\"image\/jpeg\" \/>\n<meta name=\"author\" content=\"Webmaster\" \/>\n<meta name=\"twitter:card\" content=\"summary_large_image\" \/>\n<meta name=\"twitter:label1\" content=\"\u00c9crit par\" \/>\n\t<meta name=\"twitter:data1\" content=\"Webmaster\" \/>\n\t<meta name=\"twitter:label2\" content=\"Dur\u00e9e de lecture estim\u00e9e\" \/>\n\t<meta name=\"twitter:data2\" content=\"5 minutes\" \/>\n<script type=\"application\/ld+json\" class=\"yoast-schema-graph\">{\"@context\":\"https:\/\/schema.org\",\"@graph\":[{\"@type\":\"Article\",\"@id\":\"https:\/\/www.region-fes-meknes.ma\/fr\/espace_presse\/medias-electroniques\/fes-meknes-priorite-aux-projets-sociaux-et-solidaires\/#article\",\"isPartOf\":{\"@id\":\"https:\/\/www.region-fes-meknes.ma\/fr\/espace_presse\/medias-electroniques\/fes-meknes-priorite-aux-projets-sociaux-et-solidaires\/\"},\"author\":{\"name\":\"Webmaster\",\"@id\":\"https:\/\/www.region-fes-meknes.ma\/#\/schema\/person\/a6f00c1887fecaef82369ec2bdb25456\"},\"headline\":\"F\u00e8s-Mekn\u00e8s: Priorit\u00e9 aux projets sociaux et solidaires\",\"datePublished\":\"2018-08-09T11:20:27+00:00\",\"dateModified\":\"2018-08-13T11:25:07+00:00\",\"mainEntityOfPage\":{\"@id\":\"https:\/\/www.region-fes-meknes.ma\/fr\/espace_presse\/medias-electroniques\/fes-meknes-priorite-aux-projets-sociaux-et-solidaires\/\"},\"wordCount\":1105,\"commentCount\":0,\"publisher\":{\"@id\":\"https:\/\/www.region-fes-meknes.ma\/#organization\"},\"articleSection\":[\"Actualit\u00e9s\",\"M\u00e9dias \u00e9lectroniques\",\"Presse \u00e9crite\"],\"inLanguage\":\"fr-FR\",\"potentialAction\":[{\"@type\":\"CommentAction\",\"name\":\"Comment\",\"target\":[\"https:\/\/www.region-fes-meknes.ma\/fr\/espace_presse\/medias-electroniques\/fes-meknes-priorite-aux-projets-sociaux-et-solidaires\/#respond\"]}]},{\"@type\":\"WebPage\",\"@id\":\"https:\/\/www.region-fes-meknes.ma\/fr\/espace_presse\/medias-electroniques\/fes-meknes-priorite-aux-projets-sociaux-et-solidaires\/\",\"url\":\"https:\/\/www.region-fes-meknes.ma\/fr\/espace_presse\/medias-electroniques\/fes-meknes-priorite-aux-projets-sociaux-et-solidaires\/\",\"name\":\"F\u00e8s-Mekn\u00e8s: Priorit\u00e9 aux projets sociaux et solidaires - R\u00e9gion F\u00e8s Mekn\u00e8s\",\"isPartOf\":{\"@id\":\"https:\/\/www.region-fes-meknes.ma\/#website\"},\"datePublished\":\"2018-08-09T11:20:27+00:00\",\"dateModified\":\"2018-08-13T11:25:07+00:00\",\"breadcrumb\":{\"@id\":\"https:\/\/www.region-fes-meknes.ma\/fr\/espace_presse\/medias-electroniques\/fes-meknes-priorite-aux-projets-sociaux-et-solidaires\/#breadcrumb\"},\"inLanguage\":\"fr-FR\",\"potentialAction\":[{\"@type\":\"ReadAction\",\"target\":[\"https:\/\/www.region-fes-meknes.ma\/fr\/espace_presse\/medias-electroniques\/fes-meknes-priorite-aux-projets-sociaux-et-solidaires\/\"]}]},{\"@type\":\"BreadcrumbList\",\"@id\":\"https:\/\/www.region-fes-meknes.ma\/fr\/espace_presse\/medias-electroniques\/fes-meknes-priorite-aux-projets-sociaux-et-solidaires\/#breadcrumb\",\"itemListElement\":[{\"@type\":\"ListItem\",\"position\":1,\"name\":\"Accueil\",\"item\":\"https:\/\/www.region-fes-meknes.ma\/fr\/\"},{\"@type\":\"ListItem\",\"position\":2,\"name\":\"F\u00e8s-Mekn\u00e8s: Priorit\u00e9 aux projets sociaux et solidaires\"}]},{\"@type\":\"WebSite\",\"@id\":\"https:\/\/www.region-fes-meknes.ma\/#website\",\"url\":\"https:\/\/www.region-fes-meknes.ma\/\",\"name\":\"Portail de la R\u00e9gion F\u00e8s-Mekn\u00e8s\",\"description\":\"Site officiel de la r\u00e9gion F\u00e8s-Mekn\u00e8s.\",\"publisher\":{\"@id\":\"https:\/\/www.region-fes-meknes.ma\/#organization\"},\"potentialAction\":[{\"@type\":\"SearchAction\",\"target\":{\"@type\":\"EntryPoint\",\"urlTemplate\":\"https:\/\/www.region-fes-meknes.ma\/?s={search_term_string}\"},\"query-input\":\"required name=search_term_string\"}],\"inLanguage\":\"fr-FR\"},{\"@type\":\"Organization\",\"@id\":\"https:\/\/www.region-fes-meknes.ma\/#organization\",\"name\":\"R\u00e9gion F\u00e8s M\u00e8kn\u00e8s\",\"url\":\"https:\/\/www.region-fes-meknes.ma\/\",\"sameAs\":[\"https:\/\/www.facebook.com\/R\u00e9gion-F\u00e8s-Mekn\u00e8s-1130195096990872\"],\"logo\":{\"@type\":\"ImageObject\",\"inLanguage\":\"fr-FR\",\"@id\":\"https:\/\/www.region-fes-meknes.ma\/#\/schema\/logo\/image\/\",\"url\":\"http:\/\/www.region-fes-meknes.ma\/wp-content\/uploads\/2017\/10\/logo-rfm4.png\",\"contentUrl\":\"http:\/\/www.region-fes-meknes.ma\/wp-content\/uploads\/2017\/10\/logo-rfm4.png\",\"width\":304,\"height\":291,\"caption\":\"R\u00e9gion F\u00e8s M\u00e8kn\u00e8s\"},\"image\":{\"@id\":\"https:\/\/www.region-fes-meknes.ma\/#\/schema\/logo\/image\/\"}},{\"@type\":\"Person\",\"@id\":\"https:\/\/www.region-fes-meknes.ma\/#\/schema\/person\/a6f00c1887fecaef82369ec2bdb25456\",\"name\":\"Webmaster\",\"image\":{\"@type\":\"ImageObject\",\"inLanguage\":\"fr-FR\",\"@id\":\"https:\/\/www.region-fes-meknes.ma\/#\/schema\/person\/image\/\",\"url\":\"https:\/\/www.region-fes-meknes.ma\/wp-content\/uploads\/2017\/10\/logo-rfm4-150x150.png\",\"contentUrl\":\"https:\/\/www.region-fes-meknes.ma\/wp-content\/uploads\/2017\/10\/logo-rfm4-150x150.png\",\"caption\":\"Webmaster\"}}]}<\/script>\n<!-- \/ Yoast SEO plugin. -->","yoast_head_json":{"title":"F\u00e8s-Mekn\u00e8s: Priorit\u00e9 aux projets sociaux et solidaires - R\u00e9gion F\u00e8s Mekn\u00e8s","robots":{"index":"index","follow":"follow","max-snippet":"max-snippet:-1","max-image-preview":"max-image-preview:large","max-video-preview":"max-video-preview:-1"},"canonical":"https:\/\/www.region-fes-meknes.ma\/fr\/espace_presse\/medias-electroniques\/fes-meknes-priorite-aux-projets-sociaux-et-solidaires\/","og_locale":"fr_FR","og_type":"article","og_title":"F\u00e8s-Mekn\u00e8s: Priorit\u00e9 aux projets sociaux et solidaires - R\u00e9gion F\u00e8s Mekn\u00e8s","og_description":"502 millions de DH pour appuyer les chantiers de la r\u00e9gion Des consultations pour lancer une vision territoriale Collectivit\u00e9s, coop\u00e9ratives et banques\u2026 des partenaires Pr\u00e9parer une nouvelle strat\u00e9gie nationale de ...","og_url":"https:\/\/www.region-fes-meknes.ma\/fr\/espace_presse\/medias-electroniques\/fes-meknes-priorite-aux-projets-sociaux-et-solidaires\/","og_site_name":"R\u00e9gion F\u00e8s Mekn\u00e8s","article_publisher":"https:\/\/www.facebook.com\/R%c3%a9gion-F%c3%a8s-Mekn%c3%a8s-1130195096990872","article_published_time":"2018-08-09T11:20:27+00:00","article_modified_time":"2018-08-13T11:25:07+00:00","og_image":[{"width":320,"height":220,"url":"https:\/\/www.region-fes-meknes.ma\/wp-content\/uploads\/2018\/05\/leconomiste-com.jpg","type":"image\/jpeg"}],"author":"Webmaster","twitter_card":"summary_large_image","twitter_misc":{"\u00c9crit par":"Webmaster","Dur\u00e9e de lecture estim\u00e9e":"5 minutes"},"schema":{"@context":"https:\/\/schema.org","@graph":[{"@type":"Article","@id":"https:\/\/www.region-fes-meknes.ma\/fr\/espace_presse\/medias-electroniques\/fes-meknes-priorite-aux-projets-sociaux-et-solidaires\/#article","isPartOf":{"@id":"https:\/\/www.region-fes-meknes.ma\/fr\/espace_presse\/medias-electroniques\/fes-meknes-priorite-aux-projets-sociaux-et-solidaires\/"},"author":{"name":"Webmaster","@id":"https:\/\/www.region-fes-meknes.ma\/#\/schema\/person\/a6f00c1887fecaef82369ec2bdb25456"},"headline":"F\u00e8s-Mekn\u00e8s: Priorit\u00e9 aux projets sociaux et solidaires","datePublished":"2018-08-09T11:20:27+00:00","dateModified":"2018-08-13T11:25:07+00:00","mainEntityOfPage":{"@id":"https:\/\/www.region-fes-meknes.ma\/fr\/espace_presse\/medias-electroniques\/fes-meknes-priorite-aux-projets-sociaux-et-solidaires\/"},"wordCount":1105,"commentCount":0,"publisher":{"@id":"https:\/\/www.region-fes-meknes.ma\/#organization"},"articleSection":["Actualit\u00e9s","M\u00e9dias \u00e9lectroniques","Presse \u00e9crite"],"inLanguage":"fr-FR","potentialAction":[{"@type":"CommentAction","name":"Comment","target":["https:\/\/www.region-fes-meknes.ma\/fr\/espace_presse\/medias-electroniques\/fes-meknes-priorite-aux-projets-sociaux-et-solidaires\/#respond"]}]},{"@type":"WebPage","@id":"https:\/\/www.region-fes-meknes.ma\/fr\/espace_presse\/medias-electroniques\/fes-meknes-priorite-aux-projets-sociaux-et-solidaires\/","url":"https:\/\/www.region-fes-meknes.ma\/fr\/espace_presse\/medias-electroniques\/fes-meknes-priorite-aux-projets-sociaux-et-solidaires\/","name":"F\u00e8s-Mekn\u00e8s: Priorit\u00e9 aux projets sociaux et solidaires - R\u00e9gion F\u00e8s Mekn\u00e8s","isPartOf":{"@id":"https:\/\/www.region-fes-meknes.ma\/#website"},"datePublished":"2018-08-09T11:20:27+00:00","dateModified":"2018-08-13T11:25:07+00:00","breadcrumb":{"@id":"https:\/\/www.region-fes-meknes.ma\/fr\/espace_presse\/medias-electroniques\/fes-meknes-priorite-aux-projets-sociaux-et-solidaires\/#breadcrumb"},"inLanguage":"fr-FR","potentialAction":[{"@type":"ReadAction","target":["https:\/\/www.region-fes-meknes.ma\/fr\/espace_presse\/medias-electroniques\/fes-meknes-priorite-aux-projets-sociaux-et-solidaires\/"]}]},{"@type":"BreadcrumbList","@id":"https:\/\/www.region-fes-meknes.ma\/fr\/espace_presse\/medias-electroniques\/fes-meknes-priorite-aux-projets-sociaux-et-solidaires\/#breadcrumb","itemListElement":[{"@type":"ListItem","position":1,"name":"Accueil","item":"https:\/\/www.region-fes-meknes.ma\/fr\/"},{"@type":"ListItem","position":2,"name":"F\u00e8s-Mekn\u00e8s: Priorit\u00e9 aux projets sociaux et solidaires"}]},{"@type":"WebSite","@id":"https:\/\/www.region-fes-meknes.ma\/#website","url":"https:\/\/www.region-fes-meknes.ma\/","name":"Portail de la R\u00e9gion F\u00e8s-Mekn\u00e8s","description":"Site officiel de la r\u00e9gion F\u00e8s-Mekn\u00e8s.","publisher":{"@id":"https:\/\/www.region-fes-meknes.ma\/#organization"},"potentialAction":[{"@type":"SearchAction","target":{"@type":"EntryPoint","urlTemplate":"https:\/\/www.region-fes-meknes.ma\/?s={search_term_string}"},"query-input":"required name=search_term_string"}],"inLanguage":"fr-FR"},{"@type":"Organization","@id":"https:\/\/www.region-fes-meknes.ma\/#organization","name":"R\u00e9gion F\u00e8s M\u00e8kn\u00e8s","url":"https:\/\/www.region-fes-meknes.ma\/","sameAs":["https:\/\/www.facebook.com\/R\u00e9gion-F\u00e8s-Mekn\u00e8s-1130195096990872"],"logo":{"@type":"ImageObject","inLanguage":"fr-FR","@id":"https:\/\/www.region-fes-meknes.ma\/#\/schema\/logo\/image\/","url":"http:\/\/www.region-fes-meknes.ma\/wp-content\/uploads\/2017\/10\/logo-rfm4.png","contentUrl":"http:\/\/www.region-fes-meknes.ma\/wp-content\/uploads\/2017\/10\/logo-rfm4.png","width":304,"height":291,"caption":"R\u00e9gion F\u00e8s M\u00e8kn\u00e8s"},"image":{"@id":"https:\/\/www.region-fes-meknes.ma\/#\/schema\/logo\/image\/"}},{"@type":"Person","@id":"https:\/\/www.region-fes-meknes.ma\/#\/schema\/person\/a6f00c1887fecaef82369ec2bdb25456","name":"Webmaster","image":{"@type":"ImageObject","inLanguage":"fr-FR","@id":"https:\/\/www.region-fes-meknes.ma\/#\/schema\/person\/image\/","url":"https:\/\/www.region-fes-meknes.ma\/wp-content\/uploads\/2017\/10\/logo-rfm4-150x150.png","contentUrl":"https:\/\/www.region-fes-meknes.ma\/wp-content\/uploads\/2017\/10\/logo-rfm4-150x150.png","caption":"Webmaster"}}]}},"_links":{"self":[{"href":"https:\/\/www.region-fes-meknes.ma\/fr\/wp-json\/wp\/v2\/posts\/8881"}],"collection":[{"href":"https:\/\/www.region-fes-meknes.ma\/fr\/wp-json\/wp\/v2\/posts"}],"about":[{"href":"https:\/\/www.region-fes-meknes.ma\/fr\/wp-json\/wp\/v2\/types\/post"}],"author":[{"embeddable":true,"href":"https:\/\/www.region-fes-meknes.ma\/fr\/wp-json\/wp\/v2\/users\/1"}],"replies":[{"embeddable":true,"href":"https:\/\/www.region-fes-meknes.ma\/fr\/wp-json\/wp\/v2\/comments?post=8881"}],"version-history":[{"count":1,"href":"https:\/\/www.region-fes-meknes.ma\/fr\/wp-json\/wp\/v2\/posts\/8881\/revisions"}],"predecessor-version":[{"id":8884,"href":"https:\/\/www.region-fes-meknes.ma\/fr\/wp-json\/wp\/v2\/posts\/8881\/revisions\/8884"}],"wp:featuredmedia":[{"embeddable":true,"href":"https:\/\/www.region-fes-meknes.ma\/fr\/wp-json\/wp\/v2\/media\/5278"}],"wp:attachment":[{"href":"https:\/\/www.region-fes-meknes.ma\/fr\/wp-json\/wp\/v2\/media?parent=8881"}],"wp:term":[{"taxonomy":"category","embeddable":true,"href":"https:\/\/www.region-fes-meknes.ma\/fr\/wp-json\/wp\/v2\/categories?post=8881"},{"taxonomy":"post_tag","embeddable":true,"href":"https:\/\/www.region-fes-meknes.ma\/fr\/wp-json\/wp\/v2\/tags?post=8881"}],"curies":[{"name":"wp","href":"https:\/\/api.w.org\/{rel}","templated":true}]}}