{"id":8886,"date":"2018-08-16T20:33:56","date_gmt":"2018-08-16T19:33:56","guid":{"rendered":"http:\/\/www.region-fes-meknes.ma\/?p=8886"},"modified":"2018-08-17T13:08:03","modified_gmt":"2018-08-17T12:08:03","slug":"une-strategie-ciblee-pour-promouvoir-et-commercialiser-les-produits-de-terroir-de-la-region-fes-meknes","status":"publish","type":"post","link":"https:\/\/www.region-fes-meknes.ma\/fr\/actualites\/une-strategie-ciblee-pour-promouvoir-et-commercialiser-les-produits-de-terroir-de-la-region-fes-meknes\/","title":{"rendered":"Une strat\u00e9gie cibl\u00e9e pour promouvoir et commercialiser les produits de terroir de la r\u00e9gion F\u00e8s Mekn\u00e8s"},"content":{"rendered":"<p>La r\u00e9gion F\u00e8s-Mekn\u00e8s dispose d\u2019un potentiel riche et diversifi\u00e9 en mati\u00e8re de produits du terroir, entre miel, huile d\u2019olive et d\u2019argan, plantes m\u00e9dicinales et aromatiques, ainsi qu\u2019une richesse remarquable en terme de tenues et costumes traditionnels marocains et produits artisanaux. Les visiteurs du Salon R\u00e9gional pour l\u2019Economie Sociale et Solidaire avaient l\u2019embarras du choix devant les diff\u00e9rents produits expos\u00e9s sur les stands am\u00e9nag\u00e9s \u00e0 cet effet.<\/p>\n<p>En parall\u00e8le, des sessions de formation ont \u00e9t\u00e9 programm\u00e9es en faveur de nombreux porteurs de projets sur les diff\u00e9rents th\u00e8mes suivants\u00a0: \u00ab\u00a0les techniques de commercialisation des produits de terroir\u00a0\u00bb, \u00ab\u00a0la gestion financi\u00e8re des coop\u00e9ratives et des associations\u00a0\u00bb et \u00ab\u00a0les techniques de valorisation des produits de terroir\u00a0\u00bb.<\/p>\n<p>Cet \u00e9v\u00e9nement majeur dans le secteur des March\u00e9s Itin\u00e9rants pour l\u2019Economie Sociale et Solidaire a d\u00e9j\u00e0 atteint ses\u00a0objectifs, et ce depuis le 1er jour \u00e0 travers la cr\u00e9ation d\u2019un\u00a0espace d\u2019\u00e9change entre les acteurs de l\u2019\u00e9conomie sociale et solidaire qui sont les Coop\u00e9ratives R\u00e9gionales, dont La plupart des intervenants ont exprim\u00e9 leurs int\u00e9r\u00eats de participer \u00e0 ce salon pour les prochaines \u00e9ditions.<\/p>\n<p><iframe loading=\"lazy\" width=\"800\" height=\"450\" src=\"https:\/\/www.youtube.com\/embed\/znnYEhrBg2o?feature=oembed\" frameborder=\"0\" allow=\"autoplay; encrypted-media\" allowfullscreen><\/iframe><\/p>\n","protected":false},"excerpt":{"rendered":"<p>La r\u00e9gion F\u00e8s-Mekn\u00e8s dispose d\u2019un potentiel riche et diversifi\u00e9 en mati\u00e8re de produits du terroir, entre miel, huile d\u2019olive et d\u2019argan, plantes m\u00e9dicinales et aromatiques, ainsi qu\u2019une richesse remarquable en &#8230;<\/p>\n","protected":false},"author":1,"featured_media":8847,"comment_status":"open","ping_status":"open","sticky":false,"template":"","format":"standard","meta":{"_bbp_topic_count":0,"_bbp_reply_count":0,"_bbp_total_topic_count":0,"_bbp_total_reply_count":0,"_bbp_voice_count":0,"_bbp_anonymous_reply_count":0,"_bbp_topic_count_hidden":0,"_bbp_reply_count_hidden":0,"_bbp_forum_subforum_count":0},"categories":[18],"tags":[],"acf":[],"yoast_head":"<!-- This site is optimized with the Yoast SEO plugin v19.5.1 - https:\/\/yoast.com\/wordpress\/plugins\/seo\/ -->\n<title>Une strat\u00e9gie cibl\u00e9e pour promouvoir et commercialiser les produits de terroir de la r\u00e9gion F\u00e8s Mekn\u00e8s - R\u00e9gion F\u00e8s Mekn\u00e8s<\/title>\n<meta name=\"robots\" content=\"index, follow, max-snippet:-1, max-image-preview:large, max-video-preview:-1\" \/>\n<link rel=\"canonical\" href=\"https:\/\/www.region-fes-meknes.ma\/fr\/actualites\/une-strategie-ciblee-pour-promouvoir-et-commercialiser-les-produits-de-terroir-de-la-region-fes-meknes\/\" \/>\n<meta property=\"og:locale\" content=\"fr_FR\" \/>\n<meta property=\"og:type\" content=\"article\" \/>\n<meta property=\"og:title\" content=\"Une strat\u00e9gie cibl\u00e9e pour promouvoir et commercialiser les produits de terroir de la r\u00e9gion F\u00e8s Mekn\u00e8s - R\u00e9gion F\u00e8s Mekn\u00e8s\" \/>\n<meta property=\"og:description\" content=\"La r\u00e9gion F\u00e8s-Mekn\u00e8s dispose d\u2019un potentiel riche et diversifi\u00e9 en mati\u00e8re de produits du terroir, entre miel, huile d\u2019olive et d\u2019argan, plantes m\u00e9dicinales et aromatiques, ainsi qu\u2019une richesse remarquable en ...\" \/>\n<meta property=\"og:url\" content=\"https:\/\/www.region-fes-meknes.ma\/fr\/actualites\/une-strategie-ciblee-pour-promouvoir-et-commercialiser-les-produits-de-terroir-de-la-region-fes-meknes\/\" \/>\n<meta property=\"og:site_name\" content=\"R\u00e9gion F\u00e8s Mekn\u00e8s\" \/>\n<meta property=\"article:publisher\" content=\"https:\/\/www.facebook.com\/R%c3%a9gion-F%c3%a8s-Mekn%c3%a8s-1130195096990872\" \/>\n<meta property=\"article:published_time\" content=\"2018-08-16T19:33:56+00:00\" \/>\n<meta property=\"article:modified_time\" content=\"2018-08-17T12:08:03+00:00\" \/>\n<meta property=\"og:image\" content=\"https:\/\/www.region-fes-meknes.ma\/wp-content\/uploads\/2018\/08\/rfm-salon-marches-itinerants-taza-jour3-01.jpg\" \/>\n\t<meta property=\"og:image:width\" content=\"1090\" \/>\n\t<meta property=\"og:image:height\" content=\"722\" \/>\n\t<meta property=\"og:image:type\" content=\"image\/jpeg\" \/>\n<meta name=\"author\" content=\"Webmaster\" \/>\n<meta name=\"twitter:card\" content=\"summary_large_image\" \/>\n<meta name=\"twitter:label1\" content=\"\u00c9crit par\" \/>\n\t<meta name=\"twitter:data1\" content=\"Webmaster\" \/>\n\t<meta name=\"twitter:label2\" content=\"Dur\u00e9e de lecture estim\u00e9e\" \/>\n\t<meta name=\"twitter:data2\" content=\"1 minute\" \/>\n<script type=\"application\/ld+json\" class=\"yoast-schema-graph\">{\"@context\":\"https:\/\/schema.org\",\"@graph\":[{\"@type\":\"Article\",\"@id\":\"https:\/\/www.region-fes-meknes.ma\/fr\/actualites\/une-strategie-ciblee-pour-promouvoir-et-commercialiser-les-produits-de-terroir-de-la-region-fes-meknes\/#article\",\"isPartOf\":{\"@id\":\"https:\/\/www.region-fes-meknes.ma\/fr\/actualites\/une-strategie-ciblee-pour-promouvoir-et-commercialiser-les-produits-de-terroir-de-la-region-fes-meknes\/\"},\"author\":{\"name\":\"Webmaster\",\"@id\":\"https:\/\/www.region-fes-meknes.ma\/#\/schema\/person\/a6f00c1887fecaef82369ec2bdb25456\"},\"headline\":\"Une strat\u00e9gie cibl\u00e9e pour promouvoir et commercialiser les produits de terroir de la r\u00e9gion F\u00e8s Mekn\u00e8s\",\"datePublished\":\"2018-08-16T19:33:56+00:00\",\"dateModified\":\"2018-08-17T12:08:03+00:00\",\"mainEntityOfPage\":{\"@id\":\"https:\/\/www.region-fes-meknes.ma\/fr\/actualites\/une-strategie-ciblee-pour-promouvoir-et-commercialiser-les-produits-de-terroir-de-la-region-fes-meknes\/\"},\"wordCount\":236,\"commentCount\":0,\"publisher\":{\"@id\":\"https:\/\/www.region-fes-meknes.ma\/#organization\"},\"articleSection\":[\"Actualit\u00e9s\"],\"inLanguage\":\"fr-FR\",\"potentialAction\":[{\"@type\":\"CommentAction\",\"name\":\"Comment\",\"target\":[\"https:\/\/www.region-fes-meknes.ma\/fr\/actualites\/une-strategie-ciblee-pour-promouvoir-et-commercialiser-les-produits-de-terroir-de-la-region-fes-meknes\/#respond\"]}]},{\"@type\":\"WebPage\",\"@id\":\"https:\/\/www.region-fes-meknes.ma\/fr\/actualites\/une-strategie-ciblee-pour-promouvoir-et-commercialiser-les-produits-de-terroir-de-la-region-fes-meknes\/\",\"url\":\"https:\/\/www.region-fes-meknes.ma\/fr\/actualites\/une-strategie-ciblee-pour-promouvoir-et-commercialiser-les-produits-de-terroir-de-la-region-fes-meknes\/\",\"name\":\"Une strat\u00e9gie cibl\u00e9e pour promouvoir et commercialiser les produits de terroir de la r\u00e9gion F\u00e8s Mekn\u00e8s - R\u00e9gion F\u00e8s Mekn\u00e8s\",\"isPartOf\":{\"@id\":\"https:\/\/www.region-fes-meknes.ma\/#website\"},\"datePublished\":\"2018-08-16T19:33:56+00:00\",\"dateModified\":\"2018-08-17T12:08:03+00:00\",\"breadcrumb\":{\"@id\":\"https:\/\/www.region-fes-meknes.ma\/fr\/actualites\/une-strategie-ciblee-pour-promouvoir-et-commercialiser-les-produits-de-terroir-de-la-region-fes-meknes\/#breadcrumb\"},\"inLanguage\":\"fr-FR\",\"potentialAction\":[{\"@type\":\"ReadAction\",\"target\":[\"https:\/\/www.region-fes-meknes.ma\/fr\/actualites\/une-strategie-ciblee-pour-promouvoir-et-commercialiser-les-produits-de-terroir-de-la-region-fes-meknes\/\"]}]},{\"@type\":\"BreadcrumbList\",\"@id\":\"https:\/\/www.region-fes-meknes.ma\/fr\/actualites\/une-strategie-ciblee-pour-promouvoir-et-commercialiser-les-produits-de-terroir-de-la-region-fes-meknes\/#breadcrumb\",\"itemListElement\":[{\"@type\":\"ListItem\",\"position\":1,\"name\":\"Accueil\",\"item\":\"https:\/\/www.region-fes-meknes.ma\/fr\/\"},{\"@type\":\"ListItem\",\"position\":2,\"name\":\"Une strat\u00e9gie cibl\u00e9e pour promouvoir et commercialiser les produits de terroir de la r\u00e9gion F\u00e8s Mekn\u00e8s\"}]},{\"@type\":\"WebSite\",\"@id\":\"https:\/\/www.region-fes-meknes.ma\/#website\",\"url\":\"https:\/\/www.region-fes-meknes.ma\/\",\"name\":\"Portail de la R\u00e9gion F\u00e8s-Mekn\u00e8s\",\"description\":\"Site officiel de la r\u00e9gion F\u00e8s-Mekn\u00e8s.\",\"publisher\":{\"@id\":\"https:\/\/www.region-fes-meknes.ma\/#organization\"},\"potentialAction\":[{\"@type\":\"SearchAction\",\"target\":{\"@type\":\"EntryPoint\",\"urlTemplate\":\"https:\/\/www.region-fes-meknes.ma\/?s={search_term_string}\"},\"query-input\":\"required name=search_term_string\"}],\"inLanguage\":\"fr-FR\"},{\"@type\":\"Organization\",\"@id\":\"https:\/\/www.region-fes-meknes.ma\/#organization\",\"name\":\"R\u00e9gion F\u00e8s M\u00e8kn\u00e8s\",\"url\":\"https:\/\/www.region-fes-meknes.ma\/\",\"sameAs\":[\"https:\/\/www.facebook.com\/R\u00e9gion-F\u00e8s-Mekn\u00e8s-1130195096990872\"],\"logo\":{\"@type\":\"ImageObject\",\"inLanguage\":\"fr-FR\",\"@id\":\"https:\/\/www.region-fes-meknes.ma\/#\/schema\/logo\/image\/\",\"url\":\"http:\/\/www.region-fes-meknes.ma\/wp-content\/uploads\/2017\/10\/logo-rfm4.png\",\"contentUrl\":\"http:\/\/www.region-fes-meknes.ma\/wp-content\/uploads\/2017\/10\/logo-rfm4.png\",\"width\":304,\"height\":291,\"caption\":\"R\u00e9gion F\u00e8s M\u00e8kn\u00e8s\"},\"image\":{\"@id\":\"https:\/\/www.region-fes-meknes.ma\/#\/schema\/logo\/image\/\"}},{\"@type\":\"Person\",\"@id\":\"https:\/\/www.region-fes-meknes.ma\/#\/schema\/person\/a6f00c1887fecaef82369ec2bdb25456\",\"name\":\"Webmaster\",\"image\":{\"@type\":\"ImageObject\",\"inLanguage\":\"fr-FR\",\"@id\":\"https:\/\/www.region-fes-meknes.ma\/#\/schema\/person\/image\/\",\"url\":\"https:\/\/www.region-fes-meknes.ma\/wp-content\/uploads\/2017\/10\/logo-rfm4-150x150.png\",\"contentUrl\":\"https:\/\/www.region-fes-meknes.ma\/wp-content\/uploads\/2017\/10\/logo-rfm4-150x150.png\",\"caption\":\"Webmaster\"}}]}<\/script>\n<!-- \/ Yoast SEO plugin. -->","yoast_head_json":{"title":"Une strat\u00e9gie cibl\u00e9e pour promouvoir et commercialiser les produits de terroir de la r\u00e9gion F\u00e8s Mekn\u00e8s - R\u00e9gion F\u00e8s Mekn\u00e8s","robots":{"index":"index","follow":"follow","max-snippet":"max-snippet:-1","max-image-preview":"max-image-preview:large","max-video-preview":"max-video-preview:-1"},"canonical":"https:\/\/www.region-fes-meknes.ma\/fr\/actualites\/une-strategie-ciblee-pour-promouvoir-et-commercialiser-les-produits-de-terroir-de-la-region-fes-meknes\/","og_locale":"fr_FR","og_type":"article","og_title":"Une strat\u00e9gie cibl\u00e9e pour promouvoir et commercialiser les produits de terroir de la r\u00e9gion F\u00e8s Mekn\u00e8s - R\u00e9gion F\u00e8s Mekn\u00e8s","og_description":"La r\u00e9gion F\u00e8s-Mekn\u00e8s dispose d\u2019un potentiel riche et diversifi\u00e9 en mati\u00e8re de produits du terroir, entre miel, huile d\u2019olive et d\u2019argan, plantes m\u00e9dicinales et aromatiques, ainsi qu\u2019une richesse remarquable en ...","og_url":"https:\/\/www.region-fes-meknes.ma\/fr\/actualites\/une-strategie-ciblee-pour-promouvoir-et-commercialiser-les-produits-de-terroir-de-la-region-fes-meknes\/","og_site_name":"R\u00e9gion F\u00e8s Mekn\u00e8s","article_publisher":"https:\/\/www.facebook.com\/R%c3%a9gion-F%c3%a8s-Mekn%c3%a8s-1130195096990872","article_published_time":"2018-08-16T19:33:56+00:00","article_modified_time":"2018-08-17T12:08:03+00:00","og_image":[{"width":1090,"height":722,"url":"https:\/\/www.region-fes-meknes.ma\/wp-content\/uploads\/2018\/08\/rfm-salon-marches-itinerants-taza-jour3-01.jpg","type":"image\/jpeg"}],"author":"Webmaster","twitter_card":"summary_large_image","twitter_misc":{"\u00c9crit par":"Webmaster","Dur\u00e9e de lecture estim\u00e9e":"1 minute"},"schema":{"@context":"https:\/\/schema.org","@graph":[{"@type":"Article","@id":"https:\/\/www.region-fes-meknes.ma\/fr\/actualites\/une-strategie-ciblee-pour-promouvoir-et-commercialiser-les-produits-de-terroir-de-la-region-fes-meknes\/#article","isPartOf":{"@id":"https:\/\/www.region-fes-meknes.ma\/fr\/actualites\/une-strategie-ciblee-pour-promouvoir-et-commercialiser-les-produits-de-terroir-de-la-region-fes-meknes\/"},"author":{"name":"Webmaster","@id":"https:\/\/www.region-fes-meknes.ma\/#\/schema\/person\/a6f00c1887fecaef82369ec2bdb25456"},"headline":"Une strat\u00e9gie cibl\u00e9e pour promouvoir et commercialiser les produits de terroir de la r\u00e9gion F\u00e8s Mekn\u00e8s","datePublished":"2018-08-16T19:33:56+00:00","dateModified":"2018-08-17T12:08:03+00:00","mainEntityOfPage":{"@id":"https:\/\/www.region-fes-meknes.ma\/fr\/actualites\/une-strategie-ciblee-pour-promouvoir-et-commercialiser-les-produits-de-terroir-de-la-region-fes-meknes\/"},"wordCount":236,"commentCount":0,"publisher":{"@id":"https:\/\/www.region-fes-meknes.ma\/#organization"},"articleSection":["Actualit\u00e9s"],"inLanguage":"fr-FR","potentialAction":[{"@type":"CommentAction","name":"Comment","target":["https:\/\/www.region-fes-meknes.ma\/fr\/actualites\/une-strategie-ciblee-pour-promouvoir-et-commercialiser-les-produits-de-terroir-de-la-region-fes-meknes\/#respond"]}]},{"@type":"WebPage","@id":"https:\/\/www.region-fes-meknes.ma\/fr\/actualites\/une-strategie-ciblee-pour-promouvoir-et-commercialiser-les-produits-de-terroir-de-la-region-fes-meknes\/","url":"https:\/\/www.region-fes-meknes.ma\/fr\/actualites\/une-strategie-ciblee-pour-promouvoir-et-commercialiser-les-produits-de-terroir-de-la-region-fes-meknes\/","name":"Une strat\u00e9gie cibl\u00e9e pour promouvoir et commercialiser les produits de terroir de la r\u00e9gion F\u00e8s Mekn\u00e8s - R\u00e9gion F\u00e8s Mekn\u00e8s","isPartOf":{"@id":"https:\/\/www.region-fes-meknes.ma\/#website"},"datePublished":"2018-08-16T19:33:56+00:00","dateModified":"2018-08-17T12:08:03+00:00","breadcrumb":{"@id":"https:\/\/www.region-fes-meknes.ma\/fr\/actualites\/une-strategie-ciblee-pour-promouvoir-et-commercialiser-les-produits-de-terroir-de-la-region-fes-meknes\/#breadcrumb"},"inLanguage":"fr-FR","potentialAction":[{"@type":"ReadAction","target":["https:\/\/www.region-fes-meknes.ma\/fr\/actualites\/une-strategie-ciblee-pour-promouvoir-et-commercialiser-les-produits-de-terroir-de-la-region-fes-meknes\/"]}]},{"@type":"BreadcrumbList","@id":"https:\/\/www.region-fes-meknes.ma\/fr\/actualites\/une-strategie-ciblee-pour-promouvoir-et-commercialiser-les-produits-de-terroir-de-la-region-fes-meknes\/#breadcrumb","itemListElement":[{"@type":"ListItem","position":1,"name":"Accueil","item":"https:\/\/www.region-fes-meknes.ma\/fr\/"},{"@type":"ListItem","position":2,"name":"Une strat\u00e9gie cibl\u00e9e pour promouvoir et commercialiser les produits de terroir de la r\u00e9gion F\u00e8s Mekn\u00e8s"}]},{"@type":"WebSite","@id":"https:\/\/www.region-fes-meknes.ma\/#website","url":"https:\/\/www.region-fes-meknes.ma\/","name":"Portail de la R\u00e9gion F\u00e8s-Mekn\u00e8s","description":"Site officiel de la r\u00e9gion F\u00e8s-Mekn\u00e8s.","publisher":{"@id":"https:\/\/www.region-fes-meknes.ma\/#organization"},"potentialAction":[{"@type":"SearchAction","target":{"@type":"EntryPoint","urlTemplate":"https:\/\/www.region-fes-meknes.ma\/?s={search_term_string}"},"query-input":"required name=search_term_string"}],"inLanguage":"fr-FR"},{"@type":"Organization","@id":"https:\/\/www.region-fes-meknes.ma\/#organization","name":"R\u00e9gion F\u00e8s M\u00e8kn\u00e8s","url":"https:\/\/www.region-fes-meknes.ma\/","sameAs":["https:\/\/www.facebook.com\/R\u00e9gion-F\u00e8s-Mekn\u00e8s-1130195096990872"],"logo":{"@type":"ImageObject","inLanguage":"fr-FR","@id":"https:\/\/www.region-fes-meknes.ma\/#\/schema\/logo\/image\/","url":"http:\/\/www.region-fes-meknes.ma\/wp-content\/uploads\/2017\/10\/logo-rfm4.png","contentUrl":"http:\/\/www.region-fes-meknes.ma\/wp-content\/uploads\/2017\/10\/logo-rfm4.png","width":304,"height":291,"caption":"R\u00e9gion F\u00e8s M\u00e8kn\u00e8s"},"image":{"@id":"https:\/\/www.region-fes-meknes.ma\/#\/schema\/logo\/image\/"}},{"@type":"Person","@id":"https:\/\/www.region-fes-meknes.ma\/#\/schema\/person\/a6f00c1887fecaef82369ec2bdb25456","name":"Webmaster","image":{"@type":"ImageObject","inLanguage":"fr-FR","@id":"https:\/\/www.region-fes-meknes.ma\/#\/schema\/person\/image\/","url":"https:\/\/www.region-fes-meknes.ma\/wp-content\/uploads\/2017\/10\/logo-rfm4-150x150.png","contentUrl":"https:\/\/www.region-fes-meknes.ma\/wp-content\/uploads\/2017\/10\/logo-rfm4-150x150.png","caption":"Webmaster"}}]}},"_links":{"self":[{"href":"https:\/\/www.region-fes-meknes.ma\/fr\/wp-json\/wp\/v2\/posts\/8886"}],"collection":[{"href":"https:\/\/www.region-fes-meknes.ma\/fr\/wp-json\/wp\/v2\/posts"}],"about":[{"href":"https:\/\/www.region-fes-meknes.ma\/fr\/wp-json\/wp\/v2\/types\/post"}],"author":[{"embeddable":true,"href":"https:\/\/www.region-fes-meknes.ma\/fr\/wp-json\/wp\/v2\/users\/1"}],"replies":[{"embeddable":true,"href":"https:\/\/www.region-fes-meknes.ma\/fr\/wp-json\/wp\/v2\/comments?post=8886"}],"version-history":[{"count":5,"href":"https:\/\/www.region-fes-meknes.ma\/fr\/wp-json\/wp\/v2\/posts\/8886\/revisions"}],"predecessor-version":[{"id":8896,"href":"https:\/\/www.region-fes-meknes.ma\/fr\/wp-json\/wp\/v2\/posts\/8886\/revisions\/8896"}],"wp:featuredmedia":[{"embeddable":true,"href":"https:\/\/www.region-fes-meknes.ma\/fr\/wp-json\/wp\/v2\/media\/8847"}],"wp:attachment":[{"href":"https:\/\/www.region-fes-meknes.ma\/fr\/wp-json\/wp\/v2\/media?parent=8886"}],"wp:term":[{"taxonomy":"category","embeddable":true,"href":"https:\/\/www.region-fes-meknes.ma\/fr\/wp-json\/wp\/v2\/categories?post=8886"},{"taxonomy":"post_tag","embeddable":true,"href":"https:\/\/www.region-fes-meknes.ma\/fr\/wp-json\/wp\/v2\/tags?post=8886"}],"curies":[{"name":"wp","href":"https:\/\/api.w.org\/{rel}","templated":true}]}}