{"id":8917,"date":"2018-08-30T18:56:13","date_gmt":"2018-08-30T17:56:13","guid":{"rendered":"http:\/\/www.region-fes-meknes.ma\/?p=8917"},"modified":"2018-08-31T12:56:42","modified_gmt":"2018-08-31T11:56:42","slug":"ouverture-de-la-deuxieme-edition-des-marches-itinerants-de-leconomie-sociale-et-solidaire-a-la-province-de-boulemane-dans-la-ville-de-missour","status":"publish","type":"post","link":"https:\/\/www.region-fes-meknes.ma\/fr\/actualites\/ouverture-de-la-deuxieme-edition-des-marches-itinerants-de-leconomie-sociale-et-solidaire-a-la-province-de-boulemane-dans-la-ville-de-missour\/","title":{"rendered":"Ouverture de la Deuxi\u00e8me Edition des march\u00e9s itin\u00e9rants de l\u2019\u00e9conomie sociale et solidaire \u00e0 la province de Boulemane dans la ville de Missour"},"content":{"rendered":"<p><strong>Sous le th\u00e8me \u00ab\u00a0une initiative r\u00e9gionale pour promouvoir les produits locaux \u00bb,\u00a0<\/strong><strong>du 30 Ao\u00fbt au 06 Septembre 2018<\/strong><\/p>\n<hr \/>\n<p>Organis\u00e9 par le conseil de la r\u00e9gion F\u00e8s-Mekn\u00e8s en partenariat avec le Minist\u00e8re du Tourisme, du Transport A\u00e9rien, de l\u2019Artisanat et de l&rsquo;Economie Sociale, Cet \u00e9v\u00e9nement constitue une opportunit\u00e9 pour renforcer la valorisation des produits issus de l&rsquo;\u00e9conomie sociale et solidaire dans la R\u00e9gion F\u00e8s-Mekn\u00e8s ainsi que le renforcement des capacit\u00e9s des coop\u00e9ratives et des associations professionnelles.<\/p>\n<p>Cette manifestation a connu la participation de 50 coop\u00e9ratives et associations professionnelles dans le secteur d\u2019artisanat, de services, d\u2019agriculture des 9 provinces et pr\u00e9fectures de la R\u00e9gion.<\/p>\n<p>L\u2019inauguration officielle de cette manifestation s\u2019est d\u00e9roul\u00e9e sur la ville de Missour en Pr\u00e9sence de\u00a0Mr le Pr\u00e9sident de la R\u00e9gion F\u00e8s-Mekn\u00e8s, Mr le Wali de la R\u00e9gion F\u00e8s-Mekn\u00e8s, Mr le Gouverneur de la Province de Boulemane, Mr le Gouverneur de la province de Sefrou, Mme la 4\u00e9me Vice Pr\u00e9sidente charg\u00e9e de l\u2019\u00e9conomie sociale et solidaire de la R\u00e9gion F\u00e8s-Mekn\u00e8s, les \u00e9lus du Conseil R\u00e9gional F\u00e8s-Mekn\u00e8s, les Repr\u00e9sentants du Minist\u00e8re du Tourisme, du Transport A\u00e9rien, de l\u2019Artisanat et de l\u2019Economie Sociale, Mr le Pr\u00e9sident du Conseil Provincial de Boulemane, Mr le Pr\u00e9sident du Conseil Communal, les Parlementaires de la R\u00e9gion, et les Autorit\u00e9s Locales.<\/p>\n<p>Le programme de ce salon pr\u00e9voit l\u2019organisation d\u2019ateliers de formation sur plusieurs sujets notamment\u00a0: Commerce \u00e9lectronique, gestion administrative et financi\u00e8re des organisations de l\u2019\u00e9conomie sociale et solidaire, techniques de valorisation des produits territoriales.<\/p>\n","protected":false},"excerpt":{"rendered":"<p>Sous le th\u00e8me \u00ab\u00a0une initiative r\u00e9gionale pour promouvoir les produits locaux \u00bb,\u00a0du 30 Ao\u00fbt au 06 Septembre 2018 Organis\u00e9 par le conseil de la r\u00e9gion F\u00e8s-Mekn\u00e8s en partenariat avec le &#8230;<\/p>\n","protected":false},"author":1,"featured_media":8918,"comment_status":"open","ping_status":"open","sticky":false,"template":"","format":"standard","meta":{"_bbp_topic_count":0,"_bbp_reply_count":0,"_bbp_total_topic_count":0,"_bbp_total_reply_count":0,"_bbp_voice_count":0,"_bbp_anonymous_reply_count":0,"_bbp_topic_count_hidden":0,"_bbp_reply_count_hidden":0,"_bbp_forum_subforum_count":0},"categories":[18],"tags":[],"acf":[],"yoast_head":"<!-- This site is optimized with the Yoast SEO plugin v19.5.1 - https:\/\/yoast.com\/wordpress\/plugins\/seo\/ -->\n<title>Ouverture de la Deuxi\u00e8me Edition des march\u00e9s itin\u00e9rants de l\u2019\u00e9conomie sociale et solidaire \u00e0 la province de Boulemane dans la ville de Missour - R\u00e9gion F\u00e8s Mekn\u00e8s<\/title>\n<meta name=\"robots\" content=\"index, follow, max-snippet:-1, max-image-preview:large, max-video-preview:-1\" \/>\n<link rel=\"canonical\" href=\"https:\/\/www.region-fes-meknes.ma\/fr\/actualites\/ouverture-de-la-deuxieme-edition-des-marches-itinerants-de-leconomie-sociale-et-solidaire-a-la-province-de-boulemane-dans-la-ville-de-missour\/\" \/>\n<meta property=\"og:locale\" content=\"fr_FR\" \/>\n<meta property=\"og:type\" content=\"article\" \/>\n<meta property=\"og:title\" content=\"Ouverture de la Deuxi\u00e8me Edition des march\u00e9s itin\u00e9rants de l\u2019\u00e9conomie sociale et solidaire \u00e0 la province de Boulemane dans la ville de Missour - R\u00e9gion F\u00e8s Mekn\u00e8s\" \/>\n<meta property=\"og:description\" content=\"Sous le th\u00e8me \u00ab\u00a0une initiative r\u00e9gionale pour promouvoir les produits locaux \u00bb,\u00a0du 30 Ao\u00fbt au 06 Septembre 2018 Organis\u00e9 par le conseil de la r\u00e9gion F\u00e8s-Mekn\u00e8s en partenariat avec le ...\" \/>\n<meta property=\"og:url\" content=\"https:\/\/www.region-fes-meknes.ma\/fr\/actualites\/ouverture-de-la-deuxieme-edition-des-marches-itinerants-de-leconomie-sociale-et-solidaire-a-la-province-de-boulemane-dans-la-ville-de-missour\/\" \/>\n<meta property=\"og:site_name\" content=\"R\u00e9gion F\u00e8s Mekn\u00e8s\" \/>\n<meta property=\"article:publisher\" content=\"https:\/\/www.facebook.com\/R%c3%a9gion-F%c3%a8s-Mekn%c3%a8s-1130195096990872\" \/>\n<meta property=\"article:published_time\" content=\"2018-08-30T17:56:13+00:00\" \/>\n<meta property=\"article:modified_time\" content=\"2018-08-31T11:56:42+00:00\" \/>\n<meta property=\"og:image\" content=\"https:\/\/www.region-fes-meknes.ma\/wp-content\/uploads\/2018\/08\/rfm-salon-marches-itinerants-boulemane-180830-00.jpg\" \/>\n\t<meta property=\"og:image:width\" content=\"1090\" \/>\n\t<meta property=\"og:image:height\" content=\"722\" \/>\n\t<meta property=\"og:image:type\" content=\"image\/jpeg\" \/>\n<meta name=\"author\" content=\"Webmaster\" \/>\n<meta name=\"twitter:card\" content=\"summary_large_image\" \/>\n<meta name=\"twitter:label1\" content=\"\u00c9crit par\" \/>\n\t<meta name=\"twitter:data1\" content=\"Webmaster\" \/>\n\t<meta name=\"twitter:label2\" content=\"Dur\u00e9e de lecture estim\u00e9e\" \/>\n\t<meta name=\"twitter:data2\" content=\"1 minute\" \/>\n<script type=\"application\/ld+json\" class=\"yoast-schema-graph\">{\"@context\":\"https:\/\/schema.org\",\"@graph\":[{\"@type\":\"Article\",\"@id\":\"https:\/\/www.region-fes-meknes.ma\/fr\/actualites\/ouverture-de-la-deuxieme-edition-des-marches-itinerants-de-leconomie-sociale-et-solidaire-a-la-province-de-boulemane-dans-la-ville-de-missour\/#article\",\"isPartOf\":{\"@id\":\"https:\/\/www.region-fes-meknes.ma\/fr\/actualites\/ouverture-de-la-deuxieme-edition-des-marches-itinerants-de-leconomie-sociale-et-solidaire-a-la-province-de-boulemane-dans-la-ville-de-missour\/\"},\"author\":{\"name\":\"Webmaster\",\"@id\":\"https:\/\/www.region-fes-meknes.ma\/#\/schema\/person\/a6f00c1887fecaef82369ec2bdb25456\"},\"headline\":\"Ouverture de la Deuxi\u00e8me Edition des march\u00e9s itin\u00e9rants de l\u2019\u00e9conomie sociale et solidaire \u00e0 la province de Boulemane dans la ville de Missour\",\"datePublished\":\"2018-08-30T17:56:13+00:00\",\"dateModified\":\"2018-08-31T11:56:42+00:00\",\"mainEntityOfPage\":{\"@id\":\"https:\/\/www.region-fes-meknes.ma\/fr\/actualites\/ouverture-de-la-deuxieme-edition-des-marches-itinerants-de-leconomie-sociale-et-solidaire-a-la-province-de-boulemane-dans-la-ville-de-missour\/\"},\"wordCount\":316,\"commentCount\":0,\"publisher\":{\"@id\":\"https:\/\/www.region-fes-meknes.ma\/#organization\"},\"articleSection\":[\"Actualit\u00e9s\"],\"inLanguage\":\"fr-FR\",\"potentialAction\":[{\"@type\":\"CommentAction\",\"name\":\"Comment\",\"target\":[\"https:\/\/www.region-fes-meknes.ma\/fr\/actualites\/ouverture-de-la-deuxieme-edition-des-marches-itinerants-de-leconomie-sociale-et-solidaire-a-la-province-de-boulemane-dans-la-ville-de-missour\/#respond\"]}]},{\"@type\":\"WebPage\",\"@id\":\"https:\/\/www.region-fes-meknes.ma\/fr\/actualites\/ouverture-de-la-deuxieme-edition-des-marches-itinerants-de-leconomie-sociale-et-solidaire-a-la-province-de-boulemane-dans-la-ville-de-missour\/\",\"url\":\"https:\/\/www.region-fes-meknes.ma\/fr\/actualites\/ouverture-de-la-deuxieme-edition-des-marches-itinerants-de-leconomie-sociale-et-solidaire-a-la-province-de-boulemane-dans-la-ville-de-missour\/\",\"name\":\"Ouverture de la Deuxi\u00e8me Edition des march\u00e9s itin\u00e9rants de l\u2019\u00e9conomie sociale et solidaire \u00e0 la province de Boulemane dans la ville de Missour - R\u00e9gion F\u00e8s Mekn\u00e8s\",\"isPartOf\":{\"@id\":\"https:\/\/www.region-fes-meknes.ma\/#website\"},\"datePublished\":\"2018-08-30T17:56:13+00:00\",\"dateModified\":\"2018-08-31T11:56:42+00:00\",\"breadcrumb\":{\"@id\":\"https:\/\/www.region-fes-meknes.ma\/fr\/actualites\/ouverture-de-la-deuxieme-edition-des-marches-itinerants-de-leconomie-sociale-et-solidaire-a-la-province-de-boulemane-dans-la-ville-de-missour\/#breadcrumb\"},\"inLanguage\":\"fr-FR\",\"potentialAction\":[{\"@type\":\"ReadAction\",\"target\":[\"https:\/\/www.region-fes-meknes.ma\/fr\/actualites\/ouverture-de-la-deuxieme-edition-des-marches-itinerants-de-leconomie-sociale-et-solidaire-a-la-province-de-boulemane-dans-la-ville-de-missour\/\"]}]},{\"@type\":\"BreadcrumbList\",\"@id\":\"https:\/\/www.region-fes-meknes.ma\/fr\/actualites\/ouverture-de-la-deuxieme-edition-des-marches-itinerants-de-leconomie-sociale-et-solidaire-a-la-province-de-boulemane-dans-la-ville-de-missour\/#breadcrumb\",\"itemListElement\":[{\"@type\":\"ListItem\",\"position\":1,\"name\":\"Accueil\",\"item\":\"https:\/\/www.region-fes-meknes.ma\/fr\/\"},{\"@type\":\"ListItem\",\"position\":2,\"name\":\"Ouverture de la Deuxi\u00e8me Edition des march\u00e9s itin\u00e9rants de l\u2019\u00e9conomie sociale et solidaire \u00e0 la province de Boulemane dans la ville de Missour\"}]},{\"@type\":\"WebSite\",\"@id\":\"https:\/\/www.region-fes-meknes.ma\/#website\",\"url\":\"https:\/\/www.region-fes-meknes.ma\/\",\"name\":\"Portail de la R\u00e9gion F\u00e8s-Mekn\u00e8s\",\"description\":\"Site officiel de la r\u00e9gion F\u00e8s-Mekn\u00e8s.\",\"publisher\":{\"@id\":\"https:\/\/www.region-fes-meknes.ma\/#organization\"},\"potentialAction\":[{\"@type\":\"SearchAction\",\"target\":{\"@type\":\"EntryPoint\",\"urlTemplate\":\"https:\/\/www.region-fes-meknes.ma\/?s={search_term_string}\"},\"query-input\":\"required name=search_term_string\"}],\"inLanguage\":\"fr-FR\"},{\"@type\":\"Organization\",\"@id\":\"https:\/\/www.region-fes-meknes.ma\/#organization\",\"name\":\"R\u00e9gion F\u00e8s M\u00e8kn\u00e8s\",\"url\":\"https:\/\/www.region-fes-meknes.ma\/\",\"sameAs\":[\"https:\/\/www.facebook.com\/R\u00e9gion-F\u00e8s-Mekn\u00e8s-1130195096990872\"],\"logo\":{\"@type\":\"ImageObject\",\"inLanguage\":\"fr-FR\",\"@id\":\"https:\/\/www.region-fes-meknes.ma\/#\/schema\/logo\/image\/\",\"url\":\"http:\/\/www.region-fes-meknes.ma\/wp-content\/uploads\/2017\/10\/logo-rfm4.png\",\"contentUrl\":\"http:\/\/www.region-fes-meknes.ma\/wp-content\/uploads\/2017\/10\/logo-rfm4.png\",\"width\":304,\"height\":291,\"caption\":\"R\u00e9gion F\u00e8s M\u00e8kn\u00e8s\"},\"image\":{\"@id\":\"https:\/\/www.region-fes-meknes.ma\/#\/schema\/logo\/image\/\"}},{\"@type\":\"Person\",\"@id\":\"https:\/\/www.region-fes-meknes.ma\/#\/schema\/person\/a6f00c1887fecaef82369ec2bdb25456\",\"name\":\"Webmaster\",\"image\":{\"@type\":\"ImageObject\",\"inLanguage\":\"fr-FR\",\"@id\":\"https:\/\/www.region-fes-meknes.ma\/#\/schema\/person\/image\/\",\"url\":\"https:\/\/www.region-fes-meknes.ma\/wp-content\/uploads\/2017\/10\/logo-rfm4-150x150.png\",\"contentUrl\":\"https:\/\/www.region-fes-meknes.ma\/wp-content\/uploads\/2017\/10\/logo-rfm4-150x150.png\",\"caption\":\"Webmaster\"}}]}<\/script>\n<!-- \/ Yoast SEO plugin. -->","yoast_head_json":{"title":"Ouverture de la Deuxi\u00e8me Edition des march\u00e9s itin\u00e9rants de l\u2019\u00e9conomie sociale et solidaire \u00e0 la province de Boulemane dans la ville de Missour - R\u00e9gion F\u00e8s Mekn\u00e8s","robots":{"index":"index","follow":"follow","max-snippet":"max-snippet:-1","max-image-preview":"max-image-preview:large","max-video-preview":"max-video-preview:-1"},"canonical":"https:\/\/www.region-fes-meknes.ma\/fr\/actualites\/ouverture-de-la-deuxieme-edition-des-marches-itinerants-de-leconomie-sociale-et-solidaire-a-la-province-de-boulemane-dans-la-ville-de-missour\/","og_locale":"fr_FR","og_type":"article","og_title":"Ouverture de la Deuxi\u00e8me Edition des march\u00e9s itin\u00e9rants de l\u2019\u00e9conomie sociale et solidaire \u00e0 la province de Boulemane dans la ville de Missour - R\u00e9gion F\u00e8s Mekn\u00e8s","og_description":"Sous le th\u00e8me \u00ab\u00a0une initiative r\u00e9gionale pour promouvoir les produits locaux \u00bb,\u00a0du 30 Ao\u00fbt au 06 Septembre 2018 Organis\u00e9 par le conseil de la r\u00e9gion F\u00e8s-Mekn\u00e8s en partenariat avec le ...","og_url":"https:\/\/www.region-fes-meknes.ma\/fr\/actualites\/ouverture-de-la-deuxieme-edition-des-marches-itinerants-de-leconomie-sociale-et-solidaire-a-la-province-de-boulemane-dans-la-ville-de-missour\/","og_site_name":"R\u00e9gion F\u00e8s Mekn\u00e8s","article_publisher":"https:\/\/www.facebook.com\/R%c3%a9gion-F%c3%a8s-Mekn%c3%a8s-1130195096990872","article_published_time":"2018-08-30T17:56:13+00:00","article_modified_time":"2018-08-31T11:56:42+00:00","og_image":[{"width":1090,"height":722,"url":"https:\/\/www.region-fes-meknes.ma\/wp-content\/uploads\/2018\/08\/rfm-salon-marches-itinerants-boulemane-180830-00.jpg","type":"image\/jpeg"}],"author":"Webmaster","twitter_card":"summary_large_image","twitter_misc":{"\u00c9crit par":"Webmaster","Dur\u00e9e de lecture estim\u00e9e":"1 minute"},"schema":{"@context":"https:\/\/schema.org","@graph":[{"@type":"Article","@id":"https:\/\/www.region-fes-meknes.ma\/fr\/actualites\/ouverture-de-la-deuxieme-edition-des-marches-itinerants-de-leconomie-sociale-et-solidaire-a-la-province-de-boulemane-dans-la-ville-de-missour\/#article","isPartOf":{"@id":"https:\/\/www.region-fes-meknes.ma\/fr\/actualites\/ouverture-de-la-deuxieme-edition-des-marches-itinerants-de-leconomie-sociale-et-solidaire-a-la-province-de-boulemane-dans-la-ville-de-missour\/"},"author":{"name":"Webmaster","@id":"https:\/\/www.region-fes-meknes.ma\/#\/schema\/person\/a6f00c1887fecaef82369ec2bdb25456"},"headline":"Ouverture de la Deuxi\u00e8me Edition des march\u00e9s itin\u00e9rants de l\u2019\u00e9conomie sociale et solidaire \u00e0 la province de Boulemane dans la ville de Missour","datePublished":"2018-08-30T17:56:13+00:00","dateModified":"2018-08-31T11:56:42+00:00","mainEntityOfPage":{"@id":"https:\/\/www.region-fes-meknes.ma\/fr\/actualites\/ouverture-de-la-deuxieme-edition-des-marches-itinerants-de-leconomie-sociale-et-solidaire-a-la-province-de-boulemane-dans-la-ville-de-missour\/"},"wordCount":316,"commentCount":0,"publisher":{"@id":"https:\/\/www.region-fes-meknes.ma\/#organization"},"articleSection":["Actualit\u00e9s"],"inLanguage":"fr-FR","potentialAction":[{"@type":"CommentAction","name":"Comment","target":["https:\/\/www.region-fes-meknes.ma\/fr\/actualites\/ouverture-de-la-deuxieme-edition-des-marches-itinerants-de-leconomie-sociale-et-solidaire-a-la-province-de-boulemane-dans-la-ville-de-missour\/#respond"]}]},{"@type":"WebPage","@id":"https:\/\/www.region-fes-meknes.ma\/fr\/actualites\/ouverture-de-la-deuxieme-edition-des-marches-itinerants-de-leconomie-sociale-et-solidaire-a-la-province-de-boulemane-dans-la-ville-de-missour\/","url":"https:\/\/www.region-fes-meknes.ma\/fr\/actualites\/ouverture-de-la-deuxieme-edition-des-marches-itinerants-de-leconomie-sociale-et-solidaire-a-la-province-de-boulemane-dans-la-ville-de-missour\/","name":"Ouverture de la Deuxi\u00e8me Edition des march\u00e9s itin\u00e9rants de l\u2019\u00e9conomie sociale et solidaire \u00e0 la province de Boulemane dans la ville de Missour - R\u00e9gion F\u00e8s Mekn\u00e8s","isPartOf":{"@id":"https:\/\/www.region-fes-meknes.ma\/#website"},"datePublished":"2018-08-30T17:56:13+00:00","dateModified":"2018-08-31T11:56:42+00:00","breadcrumb":{"@id":"https:\/\/www.region-fes-meknes.ma\/fr\/actualites\/ouverture-de-la-deuxieme-edition-des-marches-itinerants-de-leconomie-sociale-et-solidaire-a-la-province-de-boulemane-dans-la-ville-de-missour\/#breadcrumb"},"inLanguage":"fr-FR","potentialAction":[{"@type":"ReadAction","target":["https:\/\/www.region-fes-meknes.ma\/fr\/actualites\/ouverture-de-la-deuxieme-edition-des-marches-itinerants-de-leconomie-sociale-et-solidaire-a-la-province-de-boulemane-dans-la-ville-de-missour\/"]}]},{"@type":"BreadcrumbList","@id":"https:\/\/www.region-fes-meknes.ma\/fr\/actualites\/ouverture-de-la-deuxieme-edition-des-marches-itinerants-de-leconomie-sociale-et-solidaire-a-la-province-de-boulemane-dans-la-ville-de-missour\/#breadcrumb","itemListElement":[{"@type":"ListItem","position":1,"name":"Accueil","item":"https:\/\/www.region-fes-meknes.ma\/fr\/"},{"@type":"ListItem","position":2,"name":"Ouverture de la Deuxi\u00e8me Edition des march\u00e9s itin\u00e9rants de l\u2019\u00e9conomie sociale et solidaire \u00e0 la province de Boulemane dans la ville de Missour"}]},{"@type":"WebSite","@id":"https:\/\/www.region-fes-meknes.ma\/#website","url":"https:\/\/www.region-fes-meknes.ma\/","name":"Portail de la R\u00e9gion F\u00e8s-Mekn\u00e8s","description":"Site officiel de la r\u00e9gion F\u00e8s-Mekn\u00e8s.","publisher":{"@id":"https:\/\/www.region-fes-meknes.ma\/#organization"},"potentialAction":[{"@type":"SearchAction","target":{"@type":"EntryPoint","urlTemplate":"https:\/\/www.region-fes-meknes.ma\/?s={search_term_string}"},"query-input":"required name=search_term_string"}],"inLanguage":"fr-FR"},{"@type":"Organization","@id":"https:\/\/www.region-fes-meknes.ma\/#organization","name":"R\u00e9gion F\u00e8s M\u00e8kn\u00e8s","url":"https:\/\/www.region-fes-meknes.ma\/","sameAs":["https:\/\/www.facebook.com\/R\u00e9gion-F\u00e8s-Mekn\u00e8s-1130195096990872"],"logo":{"@type":"ImageObject","inLanguage":"fr-FR","@id":"https:\/\/www.region-fes-meknes.ma\/#\/schema\/logo\/image\/","url":"http:\/\/www.region-fes-meknes.ma\/wp-content\/uploads\/2017\/10\/logo-rfm4.png","contentUrl":"http:\/\/www.region-fes-meknes.ma\/wp-content\/uploads\/2017\/10\/logo-rfm4.png","width":304,"height":291,"caption":"R\u00e9gion F\u00e8s M\u00e8kn\u00e8s"},"image":{"@id":"https:\/\/www.region-fes-meknes.ma\/#\/schema\/logo\/image\/"}},{"@type":"Person","@id":"https:\/\/www.region-fes-meknes.ma\/#\/schema\/person\/a6f00c1887fecaef82369ec2bdb25456","name":"Webmaster","image":{"@type":"ImageObject","inLanguage":"fr-FR","@id":"https:\/\/www.region-fes-meknes.ma\/#\/schema\/person\/image\/","url":"https:\/\/www.region-fes-meknes.ma\/wp-content\/uploads\/2017\/10\/logo-rfm4-150x150.png","contentUrl":"https:\/\/www.region-fes-meknes.ma\/wp-content\/uploads\/2017\/10\/logo-rfm4-150x150.png","caption":"Webmaster"}}]}},"_links":{"self":[{"href":"https:\/\/www.region-fes-meknes.ma\/fr\/wp-json\/wp\/v2\/posts\/8917"}],"collection":[{"href":"https:\/\/www.region-fes-meknes.ma\/fr\/wp-json\/wp\/v2\/posts"}],"about":[{"href":"https:\/\/www.region-fes-meknes.ma\/fr\/wp-json\/wp\/v2\/types\/post"}],"author":[{"embeddable":true,"href":"https:\/\/www.region-fes-meknes.ma\/fr\/wp-json\/wp\/v2\/users\/1"}],"replies":[{"embeddable":true,"href":"https:\/\/www.region-fes-meknes.ma\/fr\/wp-json\/wp\/v2\/comments?post=8917"}],"version-history":[{"count":2,"href":"https:\/\/www.region-fes-meknes.ma\/fr\/wp-json\/wp\/v2\/posts\/8917\/revisions"}],"predecessor-version":[{"id":8931,"href":"https:\/\/www.region-fes-meknes.ma\/fr\/wp-json\/wp\/v2\/posts\/8917\/revisions\/8931"}],"wp:featuredmedia":[{"embeddable":true,"href":"https:\/\/www.region-fes-meknes.ma\/fr\/wp-json\/wp\/v2\/media\/8918"}],"wp:attachment":[{"href":"https:\/\/www.region-fes-meknes.ma\/fr\/wp-json\/wp\/v2\/media?parent=8917"}],"wp:term":[{"taxonomy":"category","embeddable":true,"href":"https:\/\/www.region-fes-meknes.ma\/fr\/wp-json\/wp\/v2\/categories?post=8917"},{"taxonomy":"post_tag","embeddable":true,"href":"https:\/\/www.region-fes-meknes.ma\/fr\/wp-json\/wp\/v2\/tags?post=8917"}],"curies":[{"name":"wp","href":"https:\/\/api.w.org\/{rel}","templated":true}]}}