{"id":9194,"date":"2018-09-05T11:19:47","date_gmt":"2018-09-05T10:19:47","guid":{"rendered":"http:\/\/www.region-fes-meknes.ma\/?p=9194"},"modified":"2018-09-28T12:52:12","modified_gmt":"2018-09-28T11:52:12","slug":"travaux-damenagement-de-la-route-reliant-les-stations-thermales-de-moulay-yacoub-et-le-centre-de-communes-mekkes-province-de-moulay-yacoub","status":"publish","type":"post","link":"https:\/\/www.region-fes-meknes.ma\/fr\/actualites\/travaux-damenagement-de-la-route-reliant-les-stations-thermales-de-moulay-yacoub-et-le-centre-de-communes-mekkes-province-de-moulay-yacoub\/","title":{"rendered":"Travaux d\u2019am\u00e9nagement de la route reliant les stations thermales de Moulay Yacoub et le centre de communes Mekkes \u2013 Province de Moulay Yacoub"},"content":{"rendered":"<p>Il a \u00e9t\u00e9 proc\u00e9d\u00e9 au lancement des travaux d\u2019am\u00e9nagement de la route reliant les stations thermales de Moulay Yaacoub et le centre de la commune de Mekkes, un projet financ\u00e9 par le fond de d\u00e9veloppement rural.<\/p>\n<p>Les repr\u00e9sentants de la r\u00e9gion, l\u2019AREP-FM et la direction provincial de l\u2019\u00e9quipement, transport, logistique et de l\u2019eau ainsi que l\u2019autorit\u00e9 local ont \u00e9t\u00e9 pr\u00e9sent lors du lancement dudit projet.<\/p>\n<p>Une enveloppe de 17 MDH a \u00e9t\u00e9 allou\u00e9e pour l\u2019ex\u00e9cution de ces travaux, qui couvriront une distance de 22 Km.<\/p>\n<p>Le suivi technique des travaux sera assur\u00e9 par l\u2019AREP-FM et la DPETL dans le cadre d\u2019une convention d\u2019assistance technique.<\/p>\n","protected":false},"excerpt":{"rendered":"<p>Il a \u00e9t\u00e9 proc\u00e9d\u00e9 au lancement des travaux d\u2019am\u00e9nagement de la route reliant les stations thermales de Moulay Yaacoub et le centre de la commune de Mekkes, un projet financ\u00e9 &#8230;<\/p>\n","protected":false},"author":1,"featured_media":9195,"comment_status":"open","ping_status":"open","sticky":false,"template":"","format":"standard","meta":{"_bbp_topic_count":0,"_bbp_reply_count":0,"_bbp_total_topic_count":0,"_bbp_total_reply_count":0,"_bbp_voice_count":0,"_bbp_anonymous_reply_count":0,"_bbp_topic_count_hidden":0,"_bbp_reply_count_hidden":0,"_bbp_forum_subforum_count":0},"categories":[18],"tags":[],"acf":[],"yoast_head":"<!-- This site is optimized with the Yoast SEO plugin v19.5.1 - https:\/\/yoast.com\/wordpress\/plugins\/seo\/ -->\n<title>Travaux d\u2019am\u00e9nagement de la route reliant les stations thermales de Moulay Yacoub et le centre de communes Mekkes \u2013 Province de Moulay Yacoub - R\u00e9gion F\u00e8s Mekn\u00e8s<\/title>\n<meta name=\"robots\" content=\"index, follow, max-snippet:-1, max-image-preview:large, max-video-preview:-1\" \/>\n<link rel=\"canonical\" href=\"https:\/\/www.region-fes-meknes.ma\/fr\/actualites\/travaux-damenagement-de-la-route-reliant-les-stations-thermales-de-moulay-yacoub-et-le-centre-de-communes-mekkes-province-de-moulay-yacoub\/\" \/>\n<meta property=\"og:locale\" content=\"fr_FR\" \/>\n<meta property=\"og:type\" content=\"article\" \/>\n<meta property=\"og:title\" content=\"Travaux d\u2019am\u00e9nagement de la route reliant les stations thermales de Moulay Yacoub et le centre de communes Mekkes \u2013 Province de Moulay Yacoub - R\u00e9gion F\u00e8s Mekn\u00e8s\" \/>\n<meta property=\"og:description\" content=\"Il a \u00e9t\u00e9 proc\u00e9d\u00e9 au lancement des travaux d\u2019am\u00e9nagement de la route reliant les stations thermales de Moulay Yaacoub et le centre de la commune de Mekkes, un projet financ\u00e9 ...\" \/>\n<meta property=\"og:url\" content=\"https:\/\/www.region-fes-meknes.ma\/fr\/actualites\/travaux-damenagement-de-la-route-reliant-les-stations-thermales-de-moulay-yacoub-et-le-centre-de-communes-mekkes-province-de-moulay-yacoub\/\" \/>\n<meta property=\"og:site_name\" content=\"R\u00e9gion F\u00e8s Mekn\u00e8s\" \/>\n<meta property=\"article:publisher\" content=\"https:\/\/www.facebook.com\/R%c3%a9gion-F%c3%a8s-Mekn%c3%a8s-1130195096990872\" \/>\n<meta property=\"article:published_time\" content=\"2018-09-05T10:19:47+00:00\" \/>\n<meta property=\"article:modified_time\" content=\"2018-09-28T11:52:12+00:00\" \/>\n<meta property=\"og:image\" content=\"https:\/\/www.region-fes-meknes.ma\/wp-content\/uploads\/2018\/09\/rfm-const-route-myyaacoub-00.jpg\" \/>\n\t<meta property=\"og:image:width\" content=\"1090\" \/>\n\t<meta property=\"og:image:height\" content=\"722\" \/>\n\t<meta property=\"og:image:type\" content=\"image\/jpeg\" \/>\n<meta name=\"author\" content=\"Webmaster\" \/>\n<meta name=\"twitter:card\" content=\"summary_large_image\" \/>\n<meta name=\"twitter:label1\" content=\"\u00c9crit par\" \/>\n\t<meta name=\"twitter:data1\" content=\"Webmaster\" \/>\n\t<meta name=\"twitter:label2\" content=\"Dur\u00e9e de lecture estim\u00e9e\" \/>\n\t<meta name=\"twitter:data2\" content=\"1 minute\" \/>\n<script type=\"application\/ld+json\" class=\"yoast-schema-graph\">{\"@context\":\"https:\/\/schema.org\",\"@graph\":[{\"@type\":\"Article\",\"@id\":\"https:\/\/www.region-fes-meknes.ma\/fr\/actualites\/travaux-damenagement-de-la-route-reliant-les-stations-thermales-de-moulay-yacoub-et-le-centre-de-communes-mekkes-province-de-moulay-yacoub\/#article\",\"isPartOf\":{\"@id\":\"https:\/\/www.region-fes-meknes.ma\/fr\/actualites\/travaux-damenagement-de-la-route-reliant-les-stations-thermales-de-moulay-yacoub-et-le-centre-de-communes-mekkes-province-de-moulay-yacoub\/\"},\"author\":{\"name\":\"Webmaster\",\"@id\":\"https:\/\/www.region-fes-meknes.ma\/#\/schema\/person\/a6f00c1887fecaef82369ec2bdb25456\"},\"headline\":\"Travaux d\u2019am\u00e9nagement de la route reliant les stations thermales de Moulay Yacoub et le centre de communes Mekkes \u2013 Province de Moulay Yacoub\",\"datePublished\":\"2018-09-05T10:19:47+00:00\",\"dateModified\":\"2018-09-28T11:52:12+00:00\",\"mainEntityOfPage\":{\"@id\":\"https:\/\/www.region-fes-meknes.ma\/fr\/actualites\/travaux-damenagement-de-la-route-reliant-les-stations-thermales-de-moulay-yacoub-et-le-centre-de-communes-mekkes-province-de-moulay-yacoub\/\"},\"wordCount\":143,\"commentCount\":0,\"publisher\":{\"@id\":\"https:\/\/www.region-fes-meknes.ma\/#organization\"},\"articleSection\":[\"Actualit\u00e9s\"],\"inLanguage\":\"fr-FR\",\"potentialAction\":[{\"@type\":\"CommentAction\",\"name\":\"Comment\",\"target\":[\"https:\/\/www.region-fes-meknes.ma\/fr\/actualites\/travaux-damenagement-de-la-route-reliant-les-stations-thermales-de-moulay-yacoub-et-le-centre-de-communes-mekkes-province-de-moulay-yacoub\/#respond\"]}]},{\"@type\":\"WebPage\",\"@id\":\"https:\/\/www.region-fes-meknes.ma\/fr\/actualites\/travaux-damenagement-de-la-route-reliant-les-stations-thermales-de-moulay-yacoub-et-le-centre-de-communes-mekkes-province-de-moulay-yacoub\/\",\"url\":\"https:\/\/www.region-fes-meknes.ma\/fr\/actualites\/travaux-damenagement-de-la-route-reliant-les-stations-thermales-de-moulay-yacoub-et-le-centre-de-communes-mekkes-province-de-moulay-yacoub\/\",\"name\":\"Travaux d\u2019am\u00e9nagement de la route reliant les stations thermales de Moulay Yacoub et le centre de communes Mekkes \u2013 Province de Moulay Yacoub - R\u00e9gion F\u00e8s Mekn\u00e8s\",\"isPartOf\":{\"@id\":\"https:\/\/www.region-fes-meknes.ma\/#website\"},\"datePublished\":\"2018-09-05T10:19:47+00:00\",\"dateModified\":\"2018-09-28T11:52:12+00:00\",\"breadcrumb\":{\"@id\":\"https:\/\/www.region-fes-meknes.ma\/fr\/actualites\/travaux-damenagement-de-la-route-reliant-les-stations-thermales-de-moulay-yacoub-et-le-centre-de-communes-mekkes-province-de-moulay-yacoub\/#breadcrumb\"},\"inLanguage\":\"fr-FR\",\"potentialAction\":[{\"@type\":\"ReadAction\",\"target\":[\"https:\/\/www.region-fes-meknes.ma\/fr\/actualites\/travaux-damenagement-de-la-route-reliant-les-stations-thermales-de-moulay-yacoub-et-le-centre-de-communes-mekkes-province-de-moulay-yacoub\/\"]}]},{\"@type\":\"BreadcrumbList\",\"@id\":\"https:\/\/www.region-fes-meknes.ma\/fr\/actualites\/travaux-damenagement-de-la-route-reliant-les-stations-thermales-de-moulay-yacoub-et-le-centre-de-communes-mekkes-province-de-moulay-yacoub\/#breadcrumb\",\"itemListElement\":[{\"@type\":\"ListItem\",\"position\":1,\"name\":\"Accueil\",\"item\":\"https:\/\/www.region-fes-meknes.ma\/fr\/\"},{\"@type\":\"ListItem\",\"position\":2,\"name\":\"Travaux d\u2019am\u00e9nagement de la route reliant les stations thermales de Moulay Yacoub et le centre de communes Mekkes \u2013 Province de Moulay Yacoub\"}]},{\"@type\":\"WebSite\",\"@id\":\"https:\/\/www.region-fes-meknes.ma\/#website\",\"url\":\"https:\/\/www.region-fes-meknes.ma\/\",\"name\":\"Portail de la R\u00e9gion F\u00e8s-Mekn\u00e8s\",\"description\":\"Site officiel de la r\u00e9gion F\u00e8s-Mekn\u00e8s.\",\"publisher\":{\"@id\":\"https:\/\/www.region-fes-meknes.ma\/#organization\"},\"potentialAction\":[{\"@type\":\"SearchAction\",\"target\":{\"@type\":\"EntryPoint\",\"urlTemplate\":\"https:\/\/www.region-fes-meknes.ma\/?s={search_term_string}\"},\"query-input\":\"required name=search_term_string\"}],\"inLanguage\":\"fr-FR\"},{\"@type\":\"Organization\",\"@id\":\"https:\/\/www.region-fes-meknes.ma\/#organization\",\"name\":\"R\u00e9gion F\u00e8s M\u00e8kn\u00e8s\",\"url\":\"https:\/\/www.region-fes-meknes.ma\/\",\"sameAs\":[\"https:\/\/www.facebook.com\/R\u00e9gion-F\u00e8s-Mekn\u00e8s-1130195096990872\"],\"logo\":{\"@type\":\"ImageObject\",\"inLanguage\":\"fr-FR\",\"@id\":\"https:\/\/www.region-fes-meknes.ma\/#\/schema\/logo\/image\/\",\"url\":\"http:\/\/www.region-fes-meknes.ma\/wp-content\/uploads\/2017\/10\/logo-rfm4.png\",\"contentUrl\":\"http:\/\/www.region-fes-meknes.ma\/wp-content\/uploads\/2017\/10\/logo-rfm4.png\",\"width\":304,\"height\":291,\"caption\":\"R\u00e9gion F\u00e8s M\u00e8kn\u00e8s\"},\"image\":{\"@id\":\"https:\/\/www.region-fes-meknes.ma\/#\/schema\/logo\/image\/\"}},{\"@type\":\"Person\",\"@id\":\"https:\/\/www.region-fes-meknes.ma\/#\/schema\/person\/a6f00c1887fecaef82369ec2bdb25456\",\"name\":\"Webmaster\",\"image\":{\"@type\":\"ImageObject\",\"inLanguage\":\"fr-FR\",\"@id\":\"https:\/\/www.region-fes-meknes.ma\/#\/schema\/person\/image\/\",\"url\":\"https:\/\/www.region-fes-meknes.ma\/wp-content\/uploads\/2017\/10\/logo-rfm4-150x150.png\",\"contentUrl\":\"https:\/\/www.region-fes-meknes.ma\/wp-content\/uploads\/2017\/10\/logo-rfm4-150x150.png\",\"caption\":\"Webmaster\"}}]}<\/script>\n<!-- \/ Yoast SEO plugin. -->","yoast_head_json":{"title":"Travaux d\u2019am\u00e9nagement de la route reliant les stations thermales de Moulay Yacoub et le centre de communes Mekkes \u2013 Province de Moulay Yacoub - R\u00e9gion F\u00e8s Mekn\u00e8s","robots":{"index":"index","follow":"follow","max-snippet":"max-snippet:-1","max-image-preview":"max-image-preview:large","max-video-preview":"max-video-preview:-1"},"canonical":"https:\/\/www.region-fes-meknes.ma\/fr\/actualites\/travaux-damenagement-de-la-route-reliant-les-stations-thermales-de-moulay-yacoub-et-le-centre-de-communes-mekkes-province-de-moulay-yacoub\/","og_locale":"fr_FR","og_type":"article","og_title":"Travaux d\u2019am\u00e9nagement de la route reliant les stations thermales de Moulay Yacoub et le centre de communes Mekkes \u2013 Province de Moulay Yacoub - R\u00e9gion F\u00e8s Mekn\u00e8s","og_description":"Il a \u00e9t\u00e9 proc\u00e9d\u00e9 au lancement des travaux d\u2019am\u00e9nagement de la route reliant les stations thermales de Moulay Yaacoub et le centre de la commune de Mekkes, un projet financ\u00e9 ...","og_url":"https:\/\/www.region-fes-meknes.ma\/fr\/actualites\/travaux-damenagement-de-la-route-reliant-les-stations-thermales-de-moulay-yacoub-et-le-centre-de-communes-mekkes-province-de-moulay-yacoub\/","og_site_name":"R\u00e9gion F\u00e8s Mekn\u00e8s","article_publisher":"https:\/\/www.facebook.com\/R%c3%a9gion-F%c3%a8s-Mekn%c3%a8s-1130195096990872","article_published_time":"2018-09-05T10:19:47+00:00","article_modified_time":"2018-09-28T11:52:12+00:00","og_image":[{"width":1090,"height":722,"url":"https:\/\/www.region-fes-meknes.ma\/wp-content\/uploads\/2018\/09\/rfm-const-route-myyaacoub-00.jpg","type":"image\/jpeg"}],"author":"Webmaster","twitter_card":"summary_large_image","twitter_misc":{"\u00c9crit par":"Webmaster","Dur\u00e9e de lecture estim\u00e9e":"1 minute"},"schema":{"@context":"https:\/\/schema.org","@graph":[{"@type":"Article","@id":"https:\/\/www.region-fes-meknes.ma\/fr\/actualites\/travaux-damenagement-de-la-route-reliant-les-stations-thermales-de-moulay-yacoub-et-le-centre-de-communes-mekkes-province-de-moulay-yacoub\/#article","isPartOf":{"@id":"https:\/\/www.region-fes-meknes.ma\/fr\/actualites\/travaux-damenagement-de-la-route-reliant-les-stations-thermales-de-moulay-yacoub-et-le-centre-de-communes-mekkes-province-de-moulay-yacoub\/"},"author":{"name":"Webmaster","@id":"https:\/\/www.region-fes-meknes.ma\/#\/schema\/person\/a6f00c1887fecaef82369ec2bdb25456"},"headline":"Travaux d\u2019am\u00e9nagement de la route reliant les stations thermales de Moulay Yacoub et le centre de communes Mekkes \u2013 Province de Moulay Yacoub","datePublished":"2018-09-05T10:19:47+00:00","dateModified":"2018-09-28T11:52:12+00:00","mainEntityOfPage":{"@id":"https:\/\/www.region-fes-meknes.ma\/fr\/actualites\/travaux-damenagement-de-la-route-reliant-les-stations-thermales-de-moulay-yacoub-et-le-centre-de-communes-mekkes-province-de-moulay-yacoub\/"},"wordCount":143,"commentCount":0,"publisher":{"@id":"https:\/\/www.region-fes-meknes.ma\/#organization"},"articleSection":["Actualit\u00e9s"],"inLanguage":"fr-FR","potentialAction":[{"@type":"CommentAction","name":"Comment","target":["https:\/\/www.region-fes-meknes.ma\/fr\/actualites\/travaux-damenagement-de-la-route-reliant-les-stations-thermales-de-moulay-yacoub-et-le-centre-de-communes-mekkes-province-de-moulay-yacoub\/#respond"]}]},{"@type":"WebPage","@id":"https:\/\/www.region-fes-meknes.ma\/fr\/actualites\/travaux-damenagement-de-la-route-reliant-les-stations-thermales-de-moulay-yacoub-et-le-centre-de-communes-mekkes-province-de-moulay-yacoub\/","url":"https:\/\/www.region-fes-meknes.ma\/fr\/actualites\/travaux-damenagement-de-la-route-reliant-les-stations-thermales-de-moulay-yacoub-et-le-centre-de-communes-mekkes-province-de-moulay-yacoub\/","name":"Travaux d\u2019am\u00e9nagement de la route reliant les stations thermales de Moulay Yacoub et le centre de communes Mekkes \u2013 Province de Moulay Yacoub - R\u00e9gion F\u00e8s Mekn\u00e8s","isPartOf":{"@id":"https:\/\/www.region-fes-meknes.ma\/#website"},"datePublished":"2018-09-05T10:19:47+00:00","dateModified":"2018-09-28T11:52:12+00:00","breadcrumb":{"@id":"https:\/\/www.region-fes-meknes.ma\/fr\/actualites\/travaux-damenagement-de-la-route-reliant-les-stations-thermales-de-moulay-yacoub-et-le-centre-de-communes-mekkes-province-de-moulay-yacoub\/#breadcrumb"},"inLanguage":"fr-FR","potentialAction":[{"@type":"ReadAction","target":["https:\/\/www.region-fes-meknes.ma\/fr\/actualites\/travaux-damenagement-de-la-route-reliant-les-stations-thermales-de-moulay-yacoub-et-le-centre-de-communes-mekkes-province-de-moulay-yacoub\/"]}]},{"@type":"BreadcrumbList","@id":"https:\/\/www.region-fes-meknes.ma\/fr\/actualites\/travaux-damenagement-de-la-route-reliant-les-stations-thermales-de-moulay-yacoub-et-le-centre-de-communes-mekkes-province-de-moulay-yacoub\/#breadcrumb","itemListElement":[{"@type":"ListItem","position":1,"name":"Accueil","item":"https:\/\/www.region-fes-meknes.ma\/fr\/"},{"@type":"ListItem","position":2,"name":"Travaux d\u2019am\u00e9nagement de la route reliant les stations thermales de Moulay Yacoub et le centre de communes Mekkes \u2013 Province de Moulay Yacoub"}]},{"@type":"WebSite","@id":"https:\/\/www.region-fes-meknes.ma\/#website","url":"https:\/\/www.region-fes-meknes.ma\/","name":"Portail de la R\u00e9gion F\u00e8s-Mekn\u00e8s","description":"Site officiel de la r\u00e9gion F\u00e8s-Mekn\u00e8s.","publisher":{"@id":"https:\/\/www.region-fes-meknes.ma\/#organization"},"potentialAction":[{"@type":"SearchAction","target":{"@type":"EntryPoint","urlTemplate":"https:\/\/www.region-fes-meknes.ma\/?s={search_term_string}"},"query-input":"required name=search_term_string"}],"inLanguage":"fr-FR"},{"@type":"Organization","@id":"https:\/\/www.region-fes-meknes.ma\/#organization","name":"R\u00e9gion F\u00e8s M\u00e8kn\u00e8s","url":"https:\/\/www.region-fes-meknes.ma\/","sameAs":["https:\/\/www.facebook.com\/R\u00e9gion-F\u00e8s-Mekn\u00e8s-1130195096990872"],"logo":{"@type":"ImageObject","inLanguage":"fr-FR","@id":"https:\/\/www.region-fes-meknes.ma\/#\/schema\/logo\/image\/","url":"http:\/\/www.region-fes-meknes.ma\/wp-content\/uploads\/2017\/10\/logo-rfm4.png","contentUrl":"http:\/\/www.region-fes-meknes.ma\/wp-content\/uploads\/2017\/10\/logo-rfm4.png","width":304,"height":291,"caption":"R\u00e9gion F\u00e8s M\u00e8kn\u00e8s"},"image":{"@id":"https:\/\/www.region-fes-meknes.ma\/#\/schema\/logo\/image\/"}},{"@type":"Person","@id":"https:\/\/www.region-fes-meknes.ma\/#\/schema\/person\/a6f00c1887fecaef82369ec2bdb25456","name":"Webmaster","image":{"@type":"ImageObject","inLanguage":"fr-FR","@id":"https:\/\/www.region-fes-meknes.ma\/#\/schema\/person\/image\/","url":"https:\/\/www.region-fes-meknes.ma\/wp-content\/uploads\/2017\/10\/logo-rfm4-150x150.png","contentUrl":"https:\/\/www.region-fes-meknes.ma\/wp-content\/uploads\/2017\/10\/logo-rfm4-150x150.png","caption":"Webmaster"}}]}},"_links":{"self":[{"href":"https:\/\/www.region-fes-meknes.ma\/fr\/wp-json\/wp\/v2\/posts\/9194"}],"collection":[{"href":"https:\/\/www.region-fes-meknes.ma\/fr\/wp-json\/wp\/v2\/posts"}],"about":[{"href":"https:\/\/www.region-fes-meknes.ma\/fr\/wp-json\/wp\/v2\/types\/post"}],"author":[{"embeddable":true,"href":"https:\/\/www.region-fes-meknes.ma\/fr\/wp-json\/wp\/v2\/users\/1"}],"replies":[{"embeddable":true,"href":"https:\/\/www.region-fes-meknes.ma\/fr\/wp-json\/wp\/v2\/comments?post=9194"}],"version-history":[{"count":3,"href":"https:\/\/www.region-fes-meknes.ma\/fr\/wp-json\/wp\/v2\/posts\/9194\/revisions"}],"predecessor-version":[{"id":9202,"href":"https:\/\/www.region-fes-meknes.ma\/fr\/wp-json\/wp\/v2\/posts\/9194\/revisions\/9202"}],"wp:featuredmedia":[{"embeddable":true,"href":"https:\/\/www.region-fes-meknes.ma\/fr\/wp-json\/wp\/v2\/media\/9195"}],"wp:attachment":[{"href":"https:\/\/www.region-fes-meknes.ma\/fr\/wp-json\/wp\/v2\/media?parent=9194"}],"wp:term":[{"taxonomy":"category","embeddable":true,"href":"https:\/\/www.region-fes-meknes.ma\/fr\/wp-json\/wp\/v2\/categories?post=9194"},{"taxonomy":"post_tag","embeddable":true,"href":"https:\/\/www.region-fes-meknes.ma\/fr\/wp-json\/wp\/v2\/tags?post=9194"}],"curies":[{"name":"wp","href":"https:\/\/api.w.org\/{rel}","templated":true}]}}