{"id":9257,"date":"2018-09-07T19:29:46","date_gmt":"2018-09-07T18:29:46","guid":{"rendered":"http:\/\/www.region-fes-meknes.ma\/?p=9257"},"modified":"2018-10-03T19:47:08","modified_gmt":"2018-10-03T18:47:08","slug":"electrification-du-douar-de-ain-zaouch-relevant-de-la-commune-de-ouled-mimoun-province-moulay-yaacoub","status":"publish","type":"post","link":"https:\/\/www.region-fes-meknes.ma\/fr\/actualites\/electrification-du-douar-de-ain-zaouch-relevant-de-la-commune-de-ouled-mimoun-province-moulay-yaacoub\/","title":{"rendered":"Electrification du douar de Ain Zaouch relevant de la commune de Ouled Mimoun \u2013 Province Moulay Yaacoub"},"content":{"rendered":"<p><img loading=\"lazy\" class=\"size-full wp-image-9260 alignleft\" src=\"http:\/\/www.region-fes-meknes.ma\/wp-content\/uploads\/2018\/10\/rfm-electrif-ainzaouch-01.jpg\" alt=\"\" width=\"413\" height=\"722\" srcset=\"https:\/\/www.region-fes-meknes.ma\/wp-content\/uploads\/2018\/10\/rfm-electrif-ainzaouch-01.jpg 413w, https:\/\/www.region-fes-meknes.ma\/wp-content\/uploads\/2018\/10\/rfm-electrif-ainzaouch-01-172x300.jpg 172w, https:\/\/www.region-fes-meknes.ma\/wp-content\/uploads\/2018\/10\/rfm-electrif-ainzaouch-01-57x100.jpg 57w\" sizes=\"(max-width: 413px) 100vw, 413px\" \/>D\u00e9but des travaux d\u2019\u00e9lectrification du douar de Ain Zaouch situ\u00e9 \u00e0 la commune de Ouled Mimoun, qui ont pour objet la cr\u00e9ation d\u2019un poste de 160 KVA. Ce projet renforcera l\u2019alimentation en \u00e9lectricit\u00e9 du douar de Ouled Amrane.<\/p>\n<p>Le coup d\u2019envoi s\u2019est fait en pr\u00e9sence du pr\u00e9sident de la commune de Ouled Mimoun et des repr\u00e9sentants de l\u2019AREP-FM, la direction provinciale de l\u2019\u00e9quipement, transport et logistique, l\u2019ONEE \u2013 Branche Electricit\u00e9 \u2013 ainsi que l\u2019autorit\u00e9 locale.<\/p>\n<p>Ce projet financ\u00e9 par le fond de d\u00e9veloppement rural, co\u00fbtera la somme de de 483\u00a0816 DH et sera supervis\u00e9 par l\u2019AREP-FM en coordination avec les services de l\u2019ONEE \u2013 Branche Electricit\u00e9.<\/p>\n","protected":false},"excerpt":{"rendered":"<p>D\u00e9but des travaux d\u2019\u00e9lectrification du douar de Ain Zaouch situ\u00e9 \u00e0 la commune de Ouled Mimoun, qui ont pour objet la cr\u00e9ation d\u2019un poste de 160 KVA. Ce projet renforcera &#8230;<\/p>\n","protected":false},"author":1,"featured_media":9258,"comment_status":"open","ping_status":"open","sticky":false,"template":"","format":"standard","meta":{"_bbp_topic_count":0,"_bbp_reply_count":0,"_bbp_total_topic_count":0,"_bbp_total_reply_count":0,"_bbp_voice_count":0,"_bbp_anonymous_reply_count":0,"_bbp_topic_count_hidden":0,"_bbp_reply_count_hidden":0,"_bbp_forum_subforum_count":0},"categories":[18],"tags":[],"acf":[],"yoast_head":"<!-- This site is optimized with the Yoast SEO plugin v19.5.1 - https:\/\/yoast.com\/wordpress\/plugins\/seo\/ -->\n<title>Electrification du douar de Ain Zaouch relevant de la commune de Ouled Mimoun \u2013 Province Moulay Yaacoub - R\u00e9gion F\u00e8s Mekn\u00e8s<\/title>\n<meta name=\"robots\" content=\"index, follow, max-snippet:-1, max-image-preview:large, max-video-preview:-1\" \/>\n<link rel=\"canonical\" href=\"https:\/\/www.region-fes-meknes.ma\/fr\/actualites\/electrification-du-douar-de-ain-zaouch-relevant-de-la-commune-de-ouled-mimoun-province-moulay-yaacoub\/\" \/>\n<meta property=\"og:locale\" content=\"fr_FR\" \/>\n<meta property=\"og:type\" content=\"article\" \/>\n<meta property=\"og:title\" content=\"Electrification du douar de Ain Zaouch relevant de la commune de Ouled Mimoun \u2013 Province Moulay Yaacoub - R\u00e9gion F\u00e8s Mekn\u00e8s\" \/>\n<meta property=\"og:description\" content=\"D\u00e9but des travaux d\u2019\u00e9lectrification du douar de Ain Zaouch situ\u00e9 \u00e0 la commune de Ouled Mimoun, qui ont pour objet la cr\u00e9ation d\u2019un poste de 160 KVA. Ce projet renforcera ...\" \/>\n<meta property=\"og:url\" content=\"https:\/\/www.region-fes-meknes.ma\/fr\/actualites\/electrification-du-douar-de-ain-zaouch-relevant-de-la-commune-de-ouled-mimoun-province-moulay-yaacoub\/\" \/>\n<meta property=\"og:site_name\" content=\"R\u00e9gion F\u00e8s Mekn\u00e8s\" \/>\n<meta property=\"article:publisher\" content=\"https:\/\/www.facebook.com\/R%c3%a9gion-F%c3%a8s-Mekn%c3%a8s-1130195096990872\" \/>\n<meta property=\"article:published_time\" content=\"2018-09-07T18:29:46+00:00\" \/>\n<meta property=\"article:modified_time\" content=\"2018-10-03T18:47:08+00:00\" \/>\n<meta property=\"og:image\" content=\"https:\/\/www.region-fes-meknes.ma\/wp-content\/uploads\/2018\/10\/rfm-electrif-ainzaouch-00.jpg\" \/>\n\t<meta property=\"og:image:width\" content=\"1090\" \/>\n\t<meta property=\"og:image:height\" content=\"722\" \/>\n\t<meta property=\"og:image:type\" content=\"image\/jpeg\" \/>\n<meta name=\"author\" content=\"Webmaster\" \/>\n<meta name=\"twitter:card\" content=\"summary_large_image\" \/>\n<meta name=\"twitter:label1\" content=\"\u00c9crit par\" \/>\n\t<meta name=\"twitter:data1\" content=\"Webmaster\" \/>\n\t<meta name=\"twitter:label2\" content=\"Dur\u00e9e de lecture estim\u00e9e\" \/>\n\t<meta name=\"twitter:data2\" content=\"1 minute\" \/>\n<script type=\"application\/ld+json\" class=\"yoast-schema-graph\">{\"@context\":\"https:\/\/schema.org\",\"@graph\":[{\"@type\":\"Article\",\"@id\":\"https:\/\/www.region-fes-meknes.ma\/fr\/actualites\/electrification-du-douar-de-ain-zaouch-relevant-de-la-commune-de-ouled-mimoun-province-moulay-yaacoub\/#article\",\"isPartOf\":{\"@id\":\"https:\/\/www.region-fes-meknes.ma\/fr\/actualites\/electrification-du-douar-de-ain-zaouch-relevant-de-la-commune-de-ouled-mimoun-province-moulay-yaacoub\/\"},\"author\":{\"name\":\"Webmaster\",\"@id\":\"https:\/\/www.region-fes-meknes.ma\/#\/schema\/person\/a6f00c1887fecaef82369ec2bdb25456\"},\"headline\":\"Electrification du douar de Ain Zaouch relevant de la commune de Ouled Mimoun \u2013 Province Moulay Yaacoub\",\"datePublished\":\"2018-09-07T18:29:46+00:00\",\"dateModified\":\"2018-10-03T18:47:08+00:00\",\"mainEntityOfPage\":{\"@id\":\"https:\/\/www.region-fes-meknes.ma\/fr\/actualites\/electrification-du-douar-de-ain-zaouch-relevant-de-la-commune-de-ouled-mimoun-province-moulay-yaacoub\/\"},\"wordCount\":134,\"commentCount\":0,\"publisher\":{\"@id\":\"https:\/\/www.region-fes-meknes.ma\/#organization\"},\"articleSection\":[\"Actualit\u00e9s\"],\"inLanguage\":\"fr-FR\",\"potentialAction\":[{\"@type\":\"CommentAction\",\"name\":\"Comment\",\"target\":[\"https:\/\/www.region-fes-meknes.ma\/fr\/actualites\/electrification-du-douar-de-ain-zaouch-relevant-de-la-commune-de-ouled-mimoun-province-moulay-yaacoub\/#respond\"]}]},{\"@type\":\"WebPage\",\"@id\":\"https:\/\/www.region-fes-meknes.ma\/fr\/actualites\/electrification-du-douar-de-ain-zaouch-relevant-de-la-commune-de-ouled-mimoun-province-moulay-yaacoub\/\",\"url\":\"https:\/\/www.region-fes-meknes.ma\/fr\/actualites\/electrification-du-douar-de-ain-zaouch-relevant-de-la-commune-de-ouled-mimoun-province-moulay-yaacoub\/\",\"name\":\"Electrification du douar de Ain Zaouch relevant de la commune de Ouled Mimoun \u2013 Province Moulay Yaacoub - R\u00e9gion F\u00e8s Mekn\u00e8s\",\"isPartOf\":{\"@id\":\"https:\/\/www.region-fes-meknes.ma\/#website\"},\"datePublished\":\"2018-09-07T18:29:46+00:00\",\"dateModified\":\"2018-10-03T18:47:08+00:00\",\"breadcrumb\":{\"@id\":\"https:\/\/www.region-fes-meknes.ma\/fr\/actualites\/electrification-du-douar-de-ain-zaouch-relevant-de-la-commune-de-ouled-mimoun-province-moulay-yaacoub\/#breadcrumb\"},\"inLanguage\":\"fr-FR\",\"potentialAction\":[{\"@type\":\"ReadAction\",\"target\":[\"https:\/\/www.region-fes-meknes.ma\/fr\/actualites\/electrification-du-douar-de-ain-zaouch-relevant-de-la-commune-de-ouled-mimoun-province-moulay-yaacoub\/\"]}]},{\"@type\":\"BreadcrumbList\",\"@id\":\"https:\/\/www.region-fes-meknes.ma\/fr\/actualites\/electrification-du-douar-de-ain-zaouch-relevant-de-la-commune-de-ouled-mimoun-province-moulay-yaacoub\/#breadcrumb\",\"itemListElement\":[{\"@type\":\"ListItem\",\"position\":1,\"name\":\"Accueil\",\"item\":\"https:\/\/www.region-fes-meknes.ma\/fr\/\"},{\"@type\":\"ListItem\",\"position\":2,\"name\":\"Electrification du douar de Ain Zaouch relevant de la commune de Ouled Mimoun \u2013 Province Moulay Yaacoub\"}]},{\"@type\":\"WebSite\",\"@id\":\"https:\/\/www.region-fes-meknes.ma\/#website\",\"url\":\"https:\/\/www.region-fes-meknes.ma\/\",\"name\":\"Portail de la R\u00e9gion F\u00e8s-Mekn\u00e8s\",\"description\":\"Site officiel de la r\u00e9gion F\u00e8s-Mekn\u00e8s.\",\"publisher\":{\"@id\":\"https:\/\/www.region-fes-meknes.ma\/#organization\"},\"potentialAction\":[{\"@type\":\"SearchAction\",\"target\":{\"@type\":\"EntryPoint\",\"urlTemplate\":\"https:\/\/www.region-fes-meknes.ma\/?s={search_term_string}\"},\"query-input\":\"required name=search_term_string\"}],\"inLanguage\":\"fr-FR\"},{\"@type\":\"Organization\",\"@id\":\"https:\/\/www.region-fes-meknes.ma\/#organization\",\"name\":\"R\u00e9gion F\u00e8s M\u00e8kn\u00e8s\",\"url\":\"https:\/\/www.region-fes-meknes.ma\/\",\"sameAs\":[\"https:\/\/www.facebook.com\/R\u00e9gion-F\u00e8s-Mekn\u00e8s-1130195096990872\"],\"logo\":{\"@type\":\"ImageObject\",\"inLanguage\":\"fr-FR\",\"@id\":\"https:\/\/www.region-fes-meknes.ma\/#\/schema\/logo\/image\/\",\"url\":\"http:\/\/www.region-fes-meknes.ma\/wp-content\/uploads\/2017\/10\/logo-rfm4.png\",\"contentUrl\":\"http:\/\/www.region-fes-meknes.ma\/wp-content\/uploads\/2017\/10\/logo-rfm4.png\",\"width\":304,\"height\":291,\"caption\":\"R\u00e9gion F\u00e8s M\u00e8kn\u00e8s\"},\"image\":{\"@id\":\"https:\/\/www.region-fes-meknes.ma\/#\/schema\/logo\/image\/\"}},{\"@type\":\"Person\",\"@id\":\"https:\/\/www.region-fes-meknes.ma\/#\/schema\/person\/a6f00c1887fecaef82369ec2bdb25456\",\"name\":\"Webmaster\",\"image\":{\"@type\":\"ImageObject\",\"inLanguage\":\"fr-FR\",\"@id\":\"https:\/\/www.region-fes-meknes.ma\/#\/schema\/person\/image\/\",\"url\":\"https:\/\/www.region-fes-meknes.ma\/wp-content\/uploads\/2017\/10\/logo-rfm4-150x150.png\",\"contentUrl\":\"https:\/\/www.region-fes-meknes.ma\/wp-content\/uploads\/2017\/10\/logo-rfm4-150x150.png\",\"caption\":\"Webmaster\"}}]}<\/script>\n<!-- \/ Yoast SEO plugin. -->","yoast_head_json":{"title":"Electrification du douar de Ain Zaouch relevant de la commune de Ouled Mimoun \u2013 Province Moulay Yaacoub - R\u00e9gion F\u00e8s Mekn\u00e8s","robots":{"index":"index","follow":"follow","max-snippet":"max-snippet:-1","max-image-preview":"max-image-preview:large","max-video-preview":"max-video-preview:-1"},"canonical":"https:\/\/www.region-fes-meknes.ma\/fr\/actualites\/electrification-du-douar-de-ain-zaouch-relevant-de-la-commune-de-ouled-mimoun-province-moulay-yaacoub\/","og_locale":"fr_FR","og_type":"article","og_title":"Electrification du douar de Ain Zaouch relevant de la commune de Ouled Mimoun \u2013 Province Moulay Yaacoub - R\u00e9gion F\u00e8s Mekn\u00e8s","og_description":"D\u00e9but des travaux d\u2019\u00e9lectrification du douar de Ain Zaouch situ\u00e9 \u00e0 la commune de Ouled Mimoun, qui ont pour objet la cr\u00e9ation d\u2019un poste de 160 KVA. Ce projet renforcera ...","og_url":"https:\/\/www.region-fes-meknes.ma\/fr\/actualites\/electrification-du-douar-de-ain-zaouch-relevant-de-la-commune-de-ouled-mimoun-province-moulay-yaacoub\/","og_site_name":"R\u00e9gion F\u00e8s Mekn\u00e8s","article_publisher":"https:\/\/www.facebook.com\/R%c3%a9gion-F%c3%a8s-Mekn%c3%a8s-1130195096990872","article_published_time":"2018-09-07T18:29:46+00:00","article_modified_time":"2018-10-03T18:47:08+00:00","og_image":[{"width":1090,"height":722,"url":"https:\/\/www.region-fes-meknes.ma\/wp-content\/uploads\/2018\/10\/rfm-electrif-ainzaouch-00.jpg","type":"image\/jpeg"}],"author":"Webmaster","twitter_card":"summary_large_image","twitter_misc":{"\u00c9crit par":"Webmaster","Dur\u00e9e de lecture estim\u00e9e":"1 minute"},"schema":{"@context":"https:\/\/schema.org","@graph":[{"@type":"Article","@id":"https:\/\/www.region-fes-meknes.ma\/fr\/actualites\/electrification-du-douar-de-ain-zaouch-relevant-de-la-commune-de-ouled-mimoun-province-moulay-yaacoub\/#article","isPartOf":{"@id":"https:\/\/www.region-fes-meknes.ma\/fr\/actualites\/electrification-du-douar-de-ain-zaouch-relevant-de-la-commune-de-ouled-mimoun-province-moulay-yaacoub\/"},"author":{"name":"Webmaster","@id":"https:\/\/www.region-fes-meknes.ma\/#\/schema\/person\/a6f00c1887fecaef82369ec2bdb25456"},"headline":"Electrification du douar de Ain Zaouch relevant de la commune de Ouled Mimoun \u2013 Province Moulay Yaacoub","datePublished":"2018-09-07T18:29:46+00:00","dateModified":"2018-10-03T18:47:08+00:00","mainEntityOfPage":{"@id":"https:\/\/www.region-fes-meknes.ma\/fr\/actualites\/electrification-du-douar-de-ain-zaouch-relevant-de-la-commune-de-ouled-mimoun-province-moulay-yaacoub\/"},"wordCount":134,"commentCount":0,"publisher":{"@id":"https:\/\/www.region-fes-meknes.ma\/#organization"},"articleSection":["Actualit\u00e9s"],"inLanguage":"fr-FR","potentialAction":[{"@type":"CommentAction","name":"Comment","target":["https:\/\/www.region-fes-meknes.ma\/fr\/actualites\/electrification-du-douar-de-ain-zaouch-relevant-de-la-commune-de-ouled-mimoun-province-moulay-yaacoub\/#respond"]}]},{"@type":"WebPage","@id":"https:\/\/www.region-fes-meknes.ma\/fr\/actualites\/electrification-du-douar-de-ain-zaouch-relevant-de-la-commune-de-ouled-mimoun-province-moulay-yaacoub\/","url":"https:\/\/www.region-fes-meknes.ma\/fr\/actualites\/electrification-du-douar-de-ain-zaouch-relevant-de-la-commune-de-ouled-mimoun-province-moulay-yaacoub\/","name":"Electrification du douar de Ain Zaouch relevant de la commune de Ouled Mimoun \u2013 Province Moulay Yaacoub - R\u00e9gion F\u00e8s Mekn\u00e8s","isPartOf":{"@id":"https:\/\/www.region-fes-meknes.ma\/#website"},"datePublished":"2018-09-07T18:29:46+00:00","dateModified":"2018-10-03T18:47:08+00:00","breadcrumb":{"@id":"https:\/\/www.region-fes-meknes.ma\/fr\/actualites\/electrification-du-douar-de-ain-zaouch-relevant-de-la-commune-de-ouled-mimoun-province-moulay-yaacoub\/#breadcrumb"},"inLanguage":"fr-FR","potentialAction":[{"@type":"ReadAction","target":["https:\/\/www.region-fes-meknes.ma\/fr\/actualites\/electrification-du-douar-de-ain-zaouch-relevant-de-la-commune-de-ouled-mimoun-province-moulay-yaacoub\/"]}]},{"@type":"BreadcrumbList","@id":"https:\/\/www.region-fes-meknes.ma\/fr\/actualites\/electrification-du-douar-de-ain-zaouch-relevant-de-la-commune-de-ouled-mimoun-province-moulay-yaacoub\/#breadcrumb","itemListElement":[{"@type":"ListItem","position":1,"name":"Accueil","item":"https:\/\/www.region-fes-meknes.ma\/fr\/"},{"@type":"ListItem","position":2,"name":"Electrification du douar de Ain Zaouch relevant de la commune de Ouled Mimoun \u2013 Province Moulay Yaacoub"}]},{"@type":"WebSite","@id":"https:\/\/www.region-fes-meknes.ma\/#website","url":"https:\/\/www.region-fes-meknes.ma\/","name":"Portail de la R\u00e9gion F\u00e8s-Mekn\u00e8s","description":"Site officiel de la r\u00e9gion F\u00e8s-Mekn\u00e8s.","publisher":{"@id":"https:\/\/www.region-fes-meknes.ma\/#organization"},"potentialAction":[{"@type":"SearchAction","target":{"@type":"EntryPoint","urlTemplate":"https:\/\/www.region-fes-meknes.ma\/?s={search_term_string}"},"query-input":"required name=search_term_string"}],"inLanguage":"fr-FR"},{"@type":"Organization","@id":"https:\/\/www.region-fes-meknes.ma\/#organization","name":"R\u00e9gion F\u00e8s M\u00e8kn\u00e8s","url":"https:\/\/www.region-fes-meknes.ma\/","sameAs":["https:\/\/www.facebook.com\/R\u00e9gion-F\u00e8s-Mekn\u00e8s-1130195096990872"],"logo":{"@type":"ImageObject","inLanguage":"fr-FR","@id":"https:\/\/www.region-fes-meknes.ma\/#\/schema\/logo\/image\/","url":"http:\/\/www.region-fes-meknes.ma\/wp-content\/uploads\/2017\/10\/logo-rfm4.png","contentUrl":"http:\/\/www.region-fes-meknes.ma\/wp-content\/uploads\/2017\/10\/logo-rfm4.png","width":304,"height":291,"caption":"R\u00e9gion F\u00e8s M\u00e8kn\u00e8s"},"image":{"@id":"https:\/\/www.region-fes-meknes.ma\/#\/schema\/logo\/image\/"}},{"@type":"Person","@id":"https:\/\/www.region-fes-meknes.ma\/#\/schema\/person\/a6f00c1887fecaef82369ec2bdb25456","name":"Webmaster","image":{"@type":"ImageObject","inLanguage":"fr-FR","@id":"https:\/\/www.region-fes-meknes.ma\/#\/schema\/person\/image\/","url":"https:\/\/www.region-fes-meknes.ma\/wp-content\/uploads\/2017\/10\/logo-rfm4-150x150.png","contentUrl":"https:\/\/www.region-fes-meknes.ma\/wp-content\/uploads\/2017\/10\/logo-rfm4-150x150.png","caption":"Webmaster"}}]}},"_links":{"self":[{"href":"https:\/\/www.region-fes-meknes.ma\/fr\/wp-json\/wp\/v2\/posts\/9257"}],"collection":[{"href":"https:\/\/www.region-fes-meknes.ma\/fr\/wp-json\/wp\/v2\/posts"}],"about":[{"href":"https:\/\/www.region-fes-meknes.ma\/fr\/wp-json\/wp\/v2\/types\/post"}],"author":[{"embeddable":true,"href":"https:\/\/www.region-fes-meknes.ma\/fr\/wp-json\/wp\/v2\/users\/1"}],"replies":[{"embeddable":true,"href":"https:\/\/www.region-fes-meknes.ma\/fr\/wp-json\/wp\/v2\/comments?post=9257"}],"version-history":[{"count":4,"href":"https:\/\/www.region-fes-meknes.ma\/fr\/wp-json\/wp\/v2\/posts\/9257\/revisions"}],"predecessor-version":[{"id":9266,"href":"https:\/\/www.region-fes-meknes.ma\/fr\/wp-json\/wp\/v2\/posts\/9257\/revisions\/9266"}],"wp:featuredmedia":[{"embeddable":true,"href":"https:\/\/www.region-fes-meknes.ma\/fr\/wp-json\/wp\/v2\/media\/9258"}],"wp:attachment":[{"href":"https:\/\/www.region-fes-meknes.ma\/fr\/wp-json\/wp\/v2\/media?parent=9257"}],"wp:term":[{"taxonomy":"category","embeddable":true,"href":"https:\/\/www.region-fes-meknes.ma\/fr\/wp-json\/wp\/v2\/categories?post=9257"},{"taxonomy":"post_tag","embeddable":true,"href":"https:\/\/www.region-fes-meknes.ma\/fr\/wp-json\/wp\/v2\/tags?post=9257"}],"curies":[{"name":"wp","href":"https:\/\/api.w.org\/{rel}","templated":true}]}}