{"id":9363,"date":"2018-10-11T20:07:45","date_gmt":"2018-10-11T19:07:45","guid":{"rendered":"http:\/\/www.region-fes-meknes.ma\/?p=9363"},"modified":"2018-10-12T20:26:06","modified_gmt":"2018-10-12T19:26:06","slug":"alimentation-en-eau-potable-des-douars-de-la-commune-ait-bazza-province-de-boulemane","status":"publish","type":"post","link":"https:\/\/www.region-fes-meknes.ma\/fr\/actualites\/alimentation-en-eau-potable-des-douars-de-la-commune-ait-bazza-province-de-boulemane\/","title":{"rendered":"Alimentation en eau potable des douars de la commune Ait Bazza \u2013 Province de Boulemane"},"content":{"rendered":"<p>Visite de prospection du projet d\u2019alimentation en eau potable des douars relevant de la commune d\u2019Ait Bazza \u2013 Province de Boulemane \u2013 par Monsieur le gouverneur de la province de Boulemane en compagnie du directeur de l\u2019AREP-FM, le repr\u00e9sentant de la commune, l\u2019autorit\u00e9 locale et l\u2019ensemble du staff technique charg\u00e9 de la supervision du projet.<\/p>\n<p>Ledit projet qui rentre dans le cadre des projets FDR est financ\u00e9 en totalit\u00e9 par la r\u00e9gion, permettra l\u2019alimentation en eau potable de plus de 650 m\u00e9nages en branchements individuels, et la construction de 3 bornes fontaines qui profiteront \u00e0 plus de 100 m\u00e9nages, ce qui va permettre de couvrir le besoin de la commune d\u2019Ait Bazza \u00e0 hauteur de 80% en eau potable.<\/p>\n<p>Une enveloppe de 18 MDH a \u00e9t\u00e9 allou\u00e9e pour la r\u00e9alisation du projet.<\/p>\n<p><img loading=\"lazy\" class=\"size-full wp-image-9366 aligncenter\" src=\"http:\/\/www.region-fes-meknes.ma\/wp-content\/uploads\/2018\/10\/rfm-alimentation-eau-ait-bazza-01.jpg\" alt=\"\" width=\"1090\" height=\"722\" srcset=\"https:\/\/www.region-fes-meknes.ma\/wp-content\/uploads\/2018\/10\/rfm-alimentation-eau-ait-bazza-01.jpg 1090w, https:\/\/www.region-fes-meknes.ma\/wp-content\/uploads\/2018\/10\/rfm-alimentation-eau-ait-bazza-01-300x199.jpg 300w, https:\/\/www.region-fes-meknes.ma\/wp-content\/uploads\/2018\/10\/rfm-alimentation-eau-ait-bazza-01-768x509.jpg 768w, https:\/\/www.region-fes-meknes.ma\/wp-content\/uploads\/2018\/10\/rfm-alimentation-eau-ait-bazza-01-1024x678.jpg 1024w, https:\/\/www.region-fes-meknes.ma\/wp-content\/uploads\/2018\/10\/rfm-alimentation-eau-ait-bazza-01-100x66.jpg 100w\" sizes=\"(max-width: 1090px) 100vw, 1090px\" \/><\/p>\n","protected":false},"excerpt":{"rendered":"<p>Visite de prospection du projet d\u2019alimentation en eau potable des douars relevant de la commune d\u2019Ait Bazza \u2013 Province de Boulemane \u2013 par Monsieur le gouverneur de la province de &#8230;<\/p>\n","protected":false},"author":1,"featured_media":9364,"comment_status":"open","ping_status":"open","sticky":false,"template":"","format":"standard","meta":{"_bbp_topic_count":0,"_bbp_reply_count":0,"_bbp_total_topic_count":0,"_bbp_total_reply_count":0,"_bbp_voice_count":0,"_bbp_anonymous_reply_count":0,"_bbp_topic_count_hidden":0,"_bbp_reply_count_hidden":0,"_bbp_forum_subforum_count":0},"categories":[18],"tags":[],"acf":[],"yoast_head":"<!-- This site is optimized with the Yoast SEO plugin v19.5.1 - https:\/\/yoast.com\/wordpress\/plugins\/seo\/ -->\n<title>Alimentation en eau potable des douars de la commune Ait Bazza \u2013 Province de Boulemane - R\u00e9gion F\u00e8s Mekn\u00e8s<\/title>\n<meta name=\"robots\" content=\"index, follow, max-snippet:-1, max-image-preview:large, max-video-preview:-1\" \/>\n<link rel=\"canonical\" href=\"https:\/\/www.region-fes-meknes.ma\/fr\/actualites\/alimentation-en-eau-potable-des-douars-de-la-commune-ait-bazza-province-de-boulemane\/\" \/>\n<meta property=\"og:locale\" content=\"fr_FR\" \/>\n<meta property=\"og:type\" content=\"article\" \/>\n<meta property=\"og:title\" content=\"Alimentation en eau potable des douars de la commune Ait Bazza \u2013 Province de Boulemane - R\u00e9gion F\u00e8s Mekn\u00e8s\" \/>\n<meta property=\"og:description\" content=\"Visite de prospection du projet d\u2019alimentation en eau potable des douars relevant de la commune d\u2019Ait Bazza \u2013 Province de Boulemane \u2013 par Monsieur le gouverneur de la province de ...\" \/>\n<meta property=\"og:url\" content=\"https:\/\/www.region-fes-meknes.ma\/fr\/actualites\/alimentation-en-eau-potable-des-douars-de-la-commune-ait-bazza-province-de-boulemane\/\" \/>\n<meta property=\"og:site_name\" content=\"R\u00e9gion F\u00e8s Mekn\u00e8s\" \/>\n<meta property=\"article:publisher\" content=\"https:\/\/www.facebook.com\/R%c3%a9gion-F%c3%a8s-Mekn%c3%a8s-1130195096990872\" \/>\n<meta property=\"article:published_time\" content=\"2018-10-11T19:07:45+00:00\" \/>\n<meta property=\"article:modified_time\" content=\"2018-10-12T19:26:06+00:00\" \/>\n<meta property=\"og:image\" content=\"https:\/\/www.region-fes-meknes.ma\/wp-content\/uploads\/2018\/10\/rfm-alimentation-eau-ait-bazza-00.jpg\" \/>\n\t<meta property=\"og:image:width\" content=\"1090\" \/>\n\t<meta property=\"og:image:height\" content=\"722\" \/>\n\t<meta property=\"og:image:type\" content=\"image\/jpeg\" \/>\n<meta name=\"author\" content=\"Webmaster\" \/>\n<meta name=\"twitter:card\" content=\"summary_large_image\" \/>\n<meta name=\"twitter:label1\" content=\"\u00c9crit par\" \/>\n\t<meta name=\"twitter:data1\" content=\"Webmaster\" \/>\n\t<meta name=\"twitter:label2\" content=\"Dur\u00e9e de lecture estim\u00e9e\" \/>\n\t<meta name=\"twitter:data2\" content=\"1 minute\" \/>\n<script type=\"application\/ld+json\" class=\"yoast-schema-graph\">{\"@context\":\"https:\/\/schema.org\",\"@graph\":[{\"@type\":\"Article\",\"@id\":\"https:\/\/www.region-fes-meknes.ma\/fr\/actualites\/alimentation-en-eau-potable-des-douars-de-la-commune-ait-bazza-province-de-boulemane\/#article\",\"isPartOf\":{\"@id\":\"https:\/\/www.region-fes-meknes.ma\/fr\/actualites\/alimentation-en-eau-potable-des-douars-de-la-commune-ait-bazza-province-de-boulemane\/\"},\"author\":{\"name\":\"Webmaster\",\"@id\":\"https:\/\/www.region-fes-meknes.ma\/#\/schema\/person\/a6f00c1887fecaef82369ec2bdb25456\"},\"headline\":\"Alimentation en eau potable des douars de la commune Ait Bazza \u2013 Province de Boulemane\",\"datePublished\":\"2018-10-11T19:07:45+00:00\",\"dateModified\":\"2018-10-12T19:26:06+00:00\",\"mainEntityOfPage\":{\"@id\":\"https:\/\/www.region-fes-meknes.ma\/fr\/actualites\/alimentation-en-eau-potable-des-douars-de-la-commune-ait-bazza-province-de-boulemane\/\"},\"wordCount\":150,\"commentCount\":0,\"publisher\":{\"@id\":\"https:\/\/www.region-fes-meknes.ma\/#organization\"},\"articleSection\":[\"Actualit\u00e9s\"],\"inLanguage\":\"fr-FR\",\"potentialAction\":[{\"@type\":\"CommentAction\",\"name\":\"Comment\",\"target\":[\"https:\/\/www.region-fes-meknes.ma\/fr\/actualites\/alimentation-en-eau-potable-des-douars-de-la-commune-ait-bazza-province-de-boulemane\/#respond\"]}]},{\"@type\":\"WebPage\",\"@id\":\"https:\/\/www.region-fes-meknes.ma\/fr\/actualites\/alimentation-en-eau-potable-des-douars-de-la-commune-ait-bazza-province-de-boulemane\/\",\"url\":\"https:\/\/www.region-fes-meknes.ma\/fr\/actualites\/alimentation-en-eau-potable-des-douars-de-la-commune-ait-bazza-province-de-boulemane\/\",\"name\":\"Alimentation en eau potable des douars de la commune Ait Bazza \u2013 Province de Boulemane - R\u00e9gion F\u00e8s Mekn\u00e8s\",\"isPartOf\":{\"@id\":\"https:\/\/www.region-fes-meknes.ma\/#website\"},\"datePublished\":\"2018-10-11T19:07:45+00:00\",\"dateModified\":\"2018-10-12T19:26:06+00:00\",\"breadcrumb\":{\"@id\":\"https:\/\/www.region-fes-meknes.ma\/fr\/actualites\/alimentation-en-eau-potable-des-douars-de-la-commune-ait-bazza-province-de-boulemane\/#breadcrumb\"},\"inLanguage\":\"fr-FR\",\"potentialAction\":[{\"@type\":\"ReadAction\",\"target\":[\"https:\/\/www.region-fes-meknes.ma\/fr\/actualites\/alimentation-en-eau-potable-des-douars-de-la-commune-ait-bazza-province-de-boulemane\/\"]}]},{\"@type\":\"BreadcrumbList\",\"@id\":\"https:\/\/www.region-fes-meknes.ma\/fr\/actualites\/alimentation-en-eau-potable-des-douars-de-la-commune-ait-bazza-province-de-boulemane\/#breadcrumb\",\"itemListElement\":[{\"@type\":\"ListItem\",\"position\":1,\"name\":\"Accueil\",\"item\":\"https:\/\/www.region-fes-meknes.ma\/fr\/\"},{\"@type\":\"ListItem\",\"position\":2,\"name\":\"Alimentation en eau potable des douars de la commune Ait Bazza \u2013 Province de Boulemane\"}]},{\"@type\":\"WebSite\",\"@id\":\"https:\/\/www.region-fes-meknes.ma\/#website\",\"url\":\"https:\/\/www.region-fes-meknes.ma\/\",\"name\":\"Portail de la R\u00e9gion F\u00e8s-Mekn\u00e8s\",\"description\":\"Site officiel de la r\u00e9gion F\u00e8s-Mekn\u00e8s.\",\"publisher\":{\"@id\":\"https:\/\/www.region-fes-meknes.ma\/#organization\"},\"potentialAction\":[{\"@type\":\"SearchAction\",\"target\":{\"@type\":\"EntryPoint\",\"urlTemplate\":\"https:\/\/www.region-fes-meknes.ma\/?s={search_term_string}\"},\"query-input\":\"required name=search_term_string\"}],\"inLanguage\":\"fr-FR\"},{\"@type\":\"Organization\",\"@id\":\"https:\/\/www.region-fes-meknes.ma\/#organization\",\"name\":\"R\u00e9gion F\u00e8s M\u00e8kn\u00e8s\",\"url\":\"https:\/\/www.region-fes-meknes.ma\/\",\"sameAs\":[\"https:\/\/www.facebook.com\/R\u00e9gion-F\u00e8s-Mekn\u00e8s-1130195096990872\"],\"logo\":{\"@type\":\"ImageObject\",\"inLanguage\":\"fr-FR\",\"@id\":\"https:\/\/www.region-fes-meknes.ma\/#\/schema\/logo\/image\/\",\"url\":\"http:\/\/www.region-fes-meknes.ma\/wp-content\/uploads\/2017\/10\/logo-rfm4.png\",\"contentUrl\":\"http:\/\/www.region-fes-meknes.ma\/wp-content\/uploads\/2017\/10\/logo-rfm4.png\",\"width\":304,\"height\":291,\"caption\":\"R\u00e9gion F\u00e8s M\u00e8kn\u00e8s\"},\"image\":{\"@id\":\"https:\/\/www.region-fes-meknes.ma\/#\/schema\/logo\/image\/\"}},{\"@type\":\"Person\",\"@id\":\"https:\/\/www.region-fes-meknes.ma\/#\/schema\/person\/a6f00c1887fecaef82369ec2bdb25456\",\"name\":\"Webmaster\",\"image\":{\"@type\":\"ImageObject\",\"inLanguage\":\"fr-FR\",\"@id\":\"https:\/\/www.region-fes-meknes.ma\/#\/schema\/person\/image\/\",\"url\":\"https:\/\/www.region-fes-meknes.ma\/wp-content\/uploads\/2017\/10\/logo-rfm4-150x150.png\",\"contentUrl\":\"https:\/\/www.region-fes-meknes.ma\/wp-content\/uploads\/2017\/10\/logo-rfm4-150x150.png\",\"caption\":\"Webmaster\"}}]}<\/script>\n<!-- \/ Yoast SEO plugin. -->","yoast_head_json":{"title":"Alimentation en eau potable des douars de la commune Ait Bazza \u2013 Province de Boulemane - R\u00e9gion F\u00e8s Mekn\u00e8s","robots":{"index":"index","follow":"follow","max-snippet":"max-snippet:-1","max-image-preview":"max-image-preview:large","max-video-preview":"max-video-preview:-1"},"canonical":"https:\/\/www.region-fes-meknes.ma\/fr\/actualites\/alimentation-en-eau-potable-des-douars-de-la-commune-ait-bazza-province-de-boulemane\/","og_locale":"fr_FR","og_type":"article","og_title":"Alimentation en eau potable des douars de la commune Ait Bazza \u2013 Province de Boulemane - R\u00e9gion F\u00e8s Mekn\u00e8s","og_description":"Visite de prospection du projet d\u2019alimentation en eau potable des douars relevant de la commune d\u2019Ait Bazza \u2013 Province de Boulemane \u2013 par Monsieur le gouverneur de la province de ...","og_url":"https:\/\/www.region-fes-meknes.ma\/fr\/actualites\/alimentation-en-eau-potable-des-douars-de-la-commune-ait-bazza-province-de-boulemane\/","og_site_name":"R\u00e9gion F\u00e8s Mekn\u00e8s","article_publisher":"https:\/\/www.facebook.com\/R%c3%a9gion-F%c3%a8s-Mekn%c3%a8s-1130195096990872","article_published_time":"2018-10-11T19:07:45+00:00","article_modified_time":"2018-10-12T19:26:06+00:00","og_image":[{"width":1090,"height":722,"url":"https:\/\/www.region-fes-meknes.ma\/wp-content\/uploads\/2018\/10\/rfm-alimentation-eau-ait-bazza-00.jpg","type":"image\/jpeg"}],"author":"Webmaster","twitter_card":"summary_large_image","twitter_misc":{"\u00c9crit par":"Webmaster","Dur\u00e9e de lecture estim\u00e9e":"1 minute"},"schema":{"@context":"https:\/\/schema.org","@graph":[{"@type":"Article","@id":"https:\/\/www.region-fes-meknes.ma\/fr\/actualites\/alimentation-en-eau-potable-des-douars-de-la-commune-ait-bazza-province-de-boulemane\/#article","isPartOf":{"@id":"https:\/\/www.region-fes-meknes.ma\/fr\/actualites\/alimentation-en-eau-potable-des-douars-de-la-commune-ait-bazza-province-de-boulemane\/"},"author":{"name":"Webmaster","@id":"https:\/\/www.region-fes-meknes.ma\/#\/schema\/person\/a6f00c1887fecaef82369ec2bdb25456"},"headline":"Alimentation en eau potable des douars de la commune Ait Bazza \u2013 Province de Boulemane","datePublished":"2018-10-11T19:07:45+00:00","dateModified":"2018-10-12T19:26:06+00:00","mainEntityOfPage":{"@id":"https:\/\/www.region-fes-meknes.ma\/fr\/actualites\/alimentation-en-eau-potable-des-douars-de-la-commune-ait-bazza-province-de-boulemane\/"},"wordCount":150,"commentCount":0,"publisher":{"@id":"https:\/\/www.region-fes-meknes.ma\/#organization"},"articleSection":["Actualit\u00e9s"],"inLanguage":"fr-FR","potentialAction":[{"@type":"CommentAction","name":"Comment","target":["https:\/\/www.region-fes-meknes.ma\/fr\/actualites\/alimentation-en-eau-potable-des-douars-de-la-commune-ait-bazza-province-de-boulemane\/#respond"]}]},{"@type":"WebPage","@id":"https:\/\/www.region-fes-meknes.ma\/fr\/actualites\/alimentation-en-eau-potable-des-douars-de-la-commune-ait-bazza-province-de-boulemane\/","url":"https:\/\/www.region-fes-meknes.ma\/fr\/actualites\/alimentation-en-eau-potable-des-douars-de-la-commune-ait-bazza-province-de-boulemane\/","name":"Alimentation en eau potable des douars de la commune Ait Bazza \u2013 Province de Boulemane - R\u00e9gion F\u00e8s Mekn\u00e8s","isPartOf":{"@id":"https:\/\/www.region-fes-meknes.ma\/#website"},"datePublished":"2018-10-11T19:07:45+00:00","dateModified":"2018-10-12T19:26:06+00:00","breadcrumb":{"@id":"https:\/\/www.region-fes-meknes.ma\/fr\/actualites\/alimentation-en-eau-potable-des-douars-de-la-commune-ait-bazza-province-de-boulemane\/#breadcrumb"},"inLanguage":"fr-FR","potentialAction":[{"@type":"ReadAction","target":["https:\/\/www.region-fes-meknes.ma\/fr\/actualites\/alimentation-en-eau-potable-des-douars-de-la-commune-ait-bazza-province-de-boulemane\/"]}]},{"@type":"BreadcrumbList","@id":"https:\/\/www.region-fes-meknes.ma\/fr\/actualites\/alimentation-en-eau-potable-des-douars-de-la-commune-ait-bazza-province-de-boulemane\/#breadcrumb","itemListElement":[{"@type":"ListItem","position":1,"name":"Accueil","item":"https:\/\/www.region-fes-meknes.ma\/fr\/"},{"@type":"ListItem","position":2,"name":"Alimentation en eau potable des douars de la commune Ait Bazza \u2013 Province de Boulemane"}]},{"@type":"WebSite","@id":"https:\/\/www.region-fes-meknes.ma\/#website","url":"https:\/\/www.region-fes-meknes.ma\/","name":"Portail de la R\u00e9gion F\u00e8s-Mekn\u00e8s","description":"Site officiel de la r\u00e9gion F\u00e8s-Mekn\u00e8s.","publisher":{"@id":"https:\/\/www.region-fes-meknes.ma\/#organization"},"potentialAction":[{"@type":"SearchAction","target":{"@type":"EntryPoint","urlTemplate":"https:\/\/www.region-fes-meknes.ma\/?s={search_term_string}"},"query-input":"required name=search_term_string"}],"inLanguage":"fr-FR"},{"@type":"Organization","@id":"https:\/\/www.region-fes-meknes.ma\/#organization","name":"R\u00e9gion F\u00e8s M\u00e8kn\u00e8s","url":"https:\/\/www.region-fes-meknes.ma\/","sameAs":["https:\/\/www.facebook.com\/R\u00e9gion-F\u00e8s-Mekn\u00e8s-1130195096990872"],"logo":{"@type":"ImageObject","inLanguage":"fr-FR","@id":"https:\/\/www.region-fes-meknes.ma\/#\/schema\/logo\/image\/","url":"http:\/\/www.region-fes-meknes.ma\/wp-content\/uploads\/2017\/10\/logo-rfm4.png","contentUrl":"http:\/\/www.region-fes-meknes.ma\/wp-content\/uploads\/2017\/10\/logo-rfm4.png","width":304,"height":291,"caption":"R\u00e9gion F\u00e8s M\u00e8kn\u00e8s"},"image":{"@id":"https:\/\/www.region-fes-meknes.ma\/#\/schema\/logo\/image\/"}},{"@type":"Person","@id":"https:\/\/www.region-fes-meknes.ma\/#\/schema\/person\/a6f00c1887fecaef82369ec2bdb25456","name":"Webmaster","image":{"@type":"ImageObject","inLanguage":"fr-FR","@id":"https:\/\/www.region-fes-meknes.ma\/#\/schema\/person\/image\/","url":"https:\/\/www.region-fes-meknes.ma\/wp-content\/uploads\/2017\/10\/logo-rfm4-150x150.png","contentUrl":"https:\/\/www.region-fes-meknes.ma\/wp-content\/uploads\/2017\/10\/logo-rfm4-150x150.png","caption":"Webmaster"}}]}},"_links":{"self":[{"href":"https:\/\/www.region-fes-meknes.ma\/fr\/wp-json\/wp\/v2\/posts\/9363"}],"collection":[{"href":"https:\/\/www.region-fes-meknes.ma\/fr\/wp-json\/wp\/v2\/posts"}],"about":[{"href":"https:\/\/www.region-fes-meknes.ma\/fr\/wp-json\/wp\/v2\/types\/post"}],"author":[{"embeddable":true,"href":"https:\/\/www.region-fes-meknes.ma\/fr\/wp-json\/wp\/v2\/users\/1"}],"replies":[{"embeddable":true,"href":"https:\/\/www.region-fes-meknes.ma\/fr\/wp-json\/wp\/v2\/comments?post=9363"}],"version-history":[{"count":1,"href":"https:\/\/www.region-fes-meknes.ma\/fr\/wp-json\/wp\/v2\/posts\/9363\/revisions"}],"predecessor-version":[{"id":9370,"href":"https:\/\/www.region-fes-meknes.ma\/fr\/wp-json\/wp\/v2\/posts\/9363\/revisions\/9370"}],"wp:featuredmedia":[{"embeddable":true,"href":"https:\/\/www.region-fes-meknes.ma\/fr\/wp-json\/wp\/v2\/media\/9364"}],"wp:attachment":[{"href":"https:\/\/www.region-fes-meknes.ma\/fr\/wp-json\/wp\/v2\/media?parent=9363"}],"wp:term":[{"taxonomy":"category","embeddable":true,"href":"https:\/\/www.region-fes-meknes.ma\/fr\/wp-json\/wp\/v2\/categories?post=9363"},{"taxonomy":"post_tag","embeddable":true,"href":"https:\/\/www.region-fes-meknes.ma\/fr\/wp-json\/wp\/v2\/tags?post=9363"}],"curies":[{"name":"wp","href":"https:\/\/api.w.org\/{rel}","templated":true}]}}