{"id":9445,"date":"2018-10-25T18:19:11","date_gmt":"2018-10-25T17:19:11","guid":{"rendered":"http:\/\/www.region-fes-meknes.ma\/?p=9445"},"modified":"2018-10-26T12:27:42","modified_gmt":"2018-10-26T11:27:42","slug":"visite-dune-delegation-chinoise-au-conseil-de-la-region-fes-meknes","status":"publish","type":"post","link":"https:\/\/www.region-fes-meknes.ma\/fr\/cooperation\/visite-dune-delegation-chinoise-au-conseil-de-la-region-fes-meknes\/","title":{"rendered":"Visite d\u2019une d\u00e9l\u00e9gation chinoise au Conseil de la r\u00e9gion F\u00e8s Mekn\u00e8s"},"content":{"rendered":"<p>Le 1er vice-pr\u00e9sident du conseil r\u00e9gional F\u00e8s Mekn\u00e8s, Monsieur Driss Squalli Adaoui ainsi que Monsieur Lehsen El Aouani, 2\u00e8me vice-pr\u00e9sident ont accueilli le Jeudi 25 Octobre 2018 au si\u00e8ge du conseil de la r\u00e9gion F\u00e8s Mekn\u00e8s une d\u00e9l\u00e9gation de la province chinoise \u2018Sichuan\u2019. L\u2019objectif de la rencontre consistait \u00e0 faciliter la mise en relation entre les repr\u00e9sentants des deux r\u00e9gions et ainsi, les opportunit\u00e9s de partenariat et de coop\u00e9ration dans les diff\u00e9rents secteurs prometteurs.<\/p>\n<p>&nbsp;<\/p>\n","protected":false},"excerpt":{"rendered":"<p>Le 1er vice-pr\u00e9sident du conseil r\u00e9gional F\u00e8s Mekn\u00e8s, Monsieur Driss Squalli Adaoui ainsi que Monsieur Lehsen El Aouani, 2\u00e8me vice-pr\u00e9sident ont accueilli le Jeudi 25 Octobre 2018 au si\u00e8ge du &#8230;<\/p>\n","protected":false},"author":1,"featured_media":9446,"comment_status":"open","ping_status":"open","sticky":false,"template":"","format":"standard","meta":{"_bbp_topic_count":0,"_bbp_reply_count":0,"_bbp_total_topic_count":0,"_bbp_total_reply_count":0,"_bbp_voice_count":0,"_bbp_anonymous_reply_count":0,"_bbp_topic_count_hidden":0,"_bbp_reply_count_hidden":0,"_bbp_forum_subforum_count":0},"categories":[18,73,92],"tags":[],"acf":[],"yoast_head":"<!-- This site is optimized with the Yoast SEO plugin v19.5.1 - https:\/\/yoast.com\/wordpress\/plugins\/seo\/ -->\n<title>Visite d\u2019une d\u00e9l\u00e9gation chinoise au Conseil de la r\u00e9gion F\u00e8s Mekn\u00e8s - R\u00e9gion F\u00e8s Mekn\u00e8s<\/title>\n<meta name=\"robots\" content=\"index, follow, max-snippet:-1, max-image-preview:large, max-video-preview:-1\" \/>\n<link rel=\"canonical\" href=\"https:\/\/www.region-fes-meknes.ma\/fr\/cooperation\/visite-dune-delegation-chinoise-au-conseil-de-la-region-fes-meknes\/\" \/>\n<meta property=\"og:locale\" content=\"fr_FR\" \/>\n<meta property=\"og:type\" content=\"article\" \/>\n<meta property=\"og:title\" content=\"Visite d\u2019une d\u00e9l\u00e9gation chinoise au Conseil de la r\u00e9gion F\u00e8s Mekn\u00e8s - R\u00e9gion F\u00e8s Mekn\u00e8s\" \/>\n<meta property=\"og:description\" content=\"Le 1er vice-pr\u00e9sident du conseil r\u00e9gional F\u00e8s Mekn\u00e8s, Monsieur Driss Squalli Adaoui ainsi que Monsieur Lehsen El Aouani, 2\u00e8me vice-pr\u00e9sident ont accueilli le Jeudi 25 Octobre 2018 au si\u00e8ge du ...\" \/>\n<meta property=\"og:url\" content=\"https:\/\/www.region-fes-meknes.ma\/fr\/cooperation\/visite-dune-delegation-chinoise-au-conseil-de-la-region-fes-meknes\/\" \/>\n<meta property=\"og:site_name\" content=\"R\u00e9gion F\u00e8s Mekn\u00e8s\" \/>\n<meta property=\"article:publisher\" content=\"https:\/\/www.facebook.com\/R%c3%a9gion-F%c3%a8s-Mekn%c3%a8s-1130195096990872\" \/>\n<meta property=\"article:published_time\" content=\"2018-10-25T17:19:11+00:00\" \/>\n<meta property=\"article:modified_time\" content=\"2018-10-26T11:27:42+00:00\" \/>\n<meta property=\"og:image\" content=\"https:\/\/www.region-fes-meknes.ma\/wp-content\/uploads\/2018\/10\/rfm-visite-delegation-chinoise-181025-00.jpg\" \/>\n\t<meta property=\"og:image:width\" content=\"1090\" \/>\n\t<meta property=\"og:image:height\" content=\"722\" \/>\n\t<meta property=\"og:image:type\" content=\"image\/jpeg\" \/>\n<meta name=\"author\" content=\"Webmaster\" \/>\n<meta name=\"twitter:card\" content=\"summary_large_image\" \/>\n<meta name=\"twitter:label1\" content=\"\u00c9crit par\" \/>\n\t<meta name=\"twitter:data1\" content=\"Webmaster\" \/>\n<script type=\"application\/ld+json\" class=\"yoast-schema-graph\">{\"@context\":\"https:\/\/schema.org\",\"@graph\":[{\"@type\":\"Article\",\"@id\":\"https:\/\/www.region-fes-meknes.ma\/fr\/cooperation\/visite-dune-delegation-chinoise-au-conseil-de-la-region-fes-meknes\/#article\",\"isPartOf\":{\"@id\":\"https:\/\/www.region-fes-meknes.ma\/fr\/cooperation\/visite-dune-delegation-chinoise-au-conseil-de-la-region-fes-meknes\/\"},\"author\":{\"name\":\"Webmaster\",\"@id\":\"https:\/\/www.region-fes-meknes.ma\/#\/schema\/person\/a6f00c1887fecaef82369ec2bdb25456\"},\"headline\":\"Visite d\u2019une d\u00e9l\u00e9gation chinoise au Conseil de la r\u00e9gion F\u00e8s Mekn\u00e8s\",\"datePublished\":\"2018-10-25T17:19:11+00:00\",\"dateModified\":\"2018-10-26T11:27:42+00:00\",\"mainEntityOfPage\":{\"@id\":\"https:\/\/www.region-fes-meknes.ma\/fr\/cooperation\/visite-dune-delegation-chinoise-au-conseil-de-la-region-fes-meknes\/\"},\"wordCount\":106,\"commentCount\":0,\"publisher\":{\"@id\":\"https:\/\/www.region-fes-meknes.ma\/#organization\"},\"articleSection\":[\"Actualit\u00e9s\",\"Communiqu\u00e9s de presse\",\"Coop\u00e9ration\"],\"inLanguage\":\"fr-FR\",\"potentialAction\":[{\"@type\":\"CommentAction\",\"name\":\"Comment\",\"target\":[\"https:\/\/www.region-fes-meknes.ma\/fr\/cooperation\/visite-dune-delegation-chinoise-au-conseil-de-la-region-fes-meknes\/#respond\"]}]},{\"@type\":\"WebPage\",\"@id\":\"https:\/\/www.region-fes-meknes.ma\/fr\/cooperation\/visite-dune-delegation-chinoise-au-conseil-de-la-region-fes-meknes\/\",\"url\":\"https:\/\/www.region-fes-meknes.ma\/fr\/cooperation\/visite-dune-delegation-chinoise-au-conseil-de-la-region-fes-meknes\/\",\"name\":\"Visite d\u2019une d\u00e9l\u00e9gation chinoise au Conseil de la r\u00e9gion F\u00e8s Mekn\u00e8s - R\u00e9gion F\u00e8s Mekn\u00e8s\",\"isPartOf\":{\"@id\":\"https:\/\/www.region-fes-meknes.ma\/#website\"},\"datePublished\":\"2018-10-25T17:19:11+00:00\",\"dateModified\":\"2018-10-26T11:27:42+00:00\",\"breadcrumb\":{\"@id\":\"https:\/\/www.region-fes-meknes.ma\/fr\/cooperation\/visite-dune-delegation-chinoise-au-conseil-de-la-region-fes-meknes\/#breadcrumb\"},\"inLanguage\":\"fr-FR\",\"potentialAction\":[{\"@type\":\"ReadAction\",\"target\":[\"https:\/\/www.region-fes-meknes.ma\/fr\/cooperation\/visite-dune-delegation-chinoise-au-conseil-de-la-region-fes-meknes\/\"]}]},{\"@type\":\"BreadcrumbList\",\"@id\":\"https:\/\/www.region-fes-meknes.ma\/fr\/cooperation\/visite-dune-delegation-chinoise-au-conseil-de-la-region-fes-meknes\/#breadcrumb\",\"itemListElement\":[{\"@type\":\"ListItem\",\"position\":1,\"name\":\"Accueil\",\"item\":\"https:\/\/www.region-fes-meknes.ma\/fr\/\"},{\"@type\":\"ListItem\",\"position\":2,\"name\":\"Visite d\u2019une d\u00e9l\u00e9gation chinoise au Conseil de la r\u00e9gion F\u00e8s Mekn\u00e8s\"}]},{\"@type\":\"WebSite\",\"@id\":\"https:\/\/www.region-fes-meknes.ma\/#website\",\"url\":\"https:\/\/www.region-fes-meknes.ma\/\",\"name\":\"Portail de la R\u00e9gion F\u00e8s-Mekn\u00e8s\",\"description\":\"Site officiel de la r\u00e9gion F\u00e8s-Mekn\u00e8s.\",\"publisher\":{\"@id\":\"https:\/\/www.region-fes-meknes.ma\/#organization\"},\"potentialAction\":[{\"@type\":\"SearchAction\",\"target\":{\"@type\":\"EntryPoint\",\"urlTemplate\":\"https:\/\/www.region-fes-meknes.ma\/?s={search_term_string}\"},\"query-input\":\"required name=search_term_string\"}],\"inLanguage\":\"fr-FR\"},{\"@type\":\"Organization\",\"@id\":\"https:\/\/www.region-fes-meknes.ma\/#organization\",\"name\":\"R\u00e9gion F\u00e8s M\u00e8kn\u00e8s\",\"url\":\"https:\/\/www.region-fes-meknes.ma\/\",\"sameAs\":[\"https:\/\/www.facebook.com\/R\u00e9gion-F\u00e8s-Mekn\u00e8s-1130195096990872\"],\"logo\":{\"@type\":\"ImageObject\",\"inLanguage\":\"fr-FR\",\"@id\":\"https:\/\/www.region-fes-meknes.ma\/#\/schema\/logo\/image\/\",\"url\":\"http:\/\/www.region-fes-meknes.ma\/wp-content\/uploads\/2017\/10\/logo-rfm4.png\",\"contentUrl\":\"http:\/\/www.region-fes-meknes.ma\/wp-content\/uploads\/2017\/10\/logo-rfm4.png\",\"width\":304,\"height\":291,\"caption\":\"R\u00e9gion F\u00e8s M\u00e8kn\u00e8s\"},\"image\":{\"@id\":\"https:\/\/www.region-fes-meknes.ma\/#\/schema\/logo\/image\/\"}},{\"@type\":\"Person\",\"@id\":\"https:\/\/www.region-fes-meknes.ma\/#\/schema\/person\/a6f00c1887fecaef82369ec2bdb25456\",\"name\":\"Webmaster\",\"image\":{\"@type\":\"ImageObject\",\"inLanguage\":\"fr-FR\",\"@id\":\"https:\/\/www.region-fes-meknes.ma\/#\/schema\/person\/image\/\",\"url\":\"https:\/\/www.region-fes-meknes.ma\/wp-content\/uploads\/2017\/10\/logo-rfm4-150x150.png\",\"contentUrl\":\"https:\/\/www.region-fes-meknes.ma\/wp-content\/uploads\/2017\/10\/logo-rfm4-150x150.png\",\"caption\":\"Webmaster\"}}]}<\/script>\n<!-- \/ Yoast SEO plugin. -->","yoast_head_json":{"title":"Visite d\u2019une d\u00e9l\u00e9gation chinoise au Conseil de la r\u00e9gion F\u00e8s Mekn\u00e8s - R\u00e9gion F\u00e8s Mekn\u00e8s","robots":{"index":"index","follow":"follow","max-snippet":"max-snippet:-1","max-image-preview":"max-image-preview:large","max-video-preview":"max-video-preview:-1"},"canonical":"https:\/\/www.region-fes-meknes.ma\/fr\/cooperation\/visite-dune-delegation-chinoise-au-conseil-de-la-region-fes-meknes\/","og_locale":"fr_FR","og_type":"article","og_title":"Visite d\u2019une d\u00e9l\u00e9gation chinoise au Conseil de la r\u00e9gion F\u00e8s Mekn\u00e8s - R\u00e9gion F\u00e8s Mekn\u00e8s","og_description":"Le 1er vice-pr\u00e9sident du conseil r\u00e9gional F\u00e8s Mekn\u00e8s, Monsieur Driss Squalli Adaoui ainsi que Monsieur Lehsen El Aouani, 2\u00e8me vice-pr\u00e9sident ont accueilli le Jeudi 25 Octobre 2018 au si\u00e8ge du ...","og_url":"https:\/\/www.region-fes-meknes.ma\/fr\/cooperation\/visite-dune-delegation-chinoise-au-conseil-de-la-region-fes-meknes\/","og_site_name":"R\u00e9gion F\u00e8s Mekn\u00e8s","article_publisher":"https:\/\/www.facebook.com\/R%c3%a9gion-F%c3%a8s-Mekn%c3%a8s-1130195096990872","article_published_time":"2018-10-25T17:19:11+00:00","article_modified_time":"2018-10-26T11:27:42+00:00","og_image":[{"width":1090,"height":722,"url":"https:\/\/www.region-fes-meknes.ma\/wp-content\/uploads\/2018\/10\/rfm-visite-delegation-chinoise-181025-00.jpg","type":"image\/jpeg"}],"author":"Webmaster","twitter_card":"summary_large_image","twitter_misc":{"\u00c9crit par":"Webmaster"},"schema":{"@context":"https:\/\/schema.org","@graph":[{"@type":"Article","@id":"https:\/\/www.region-fes-meknes.ma\/fr\/cooperation\/visite-dune-delegation-chinoise-au-conseil-de-la-region-fes-meknes\/#article","isPartOf":{"@id":"https:\/\/www.region-fes-meknes.ma\/fr\/cooperation\/visite-dune-delegation-chinoise-au-conseil-de-la-region-fes-meknes\/"},"author":{"name":"Webmaster","@id":"https:\/\/www.region-fes-meknes.ma\/#\/schema\/person\/a6f00c1887fecaef82369ec2bdb25456"},"headline":"Visite d\u2019une d\u00e9l\u00e9gation chinoise au Conseil de la r\u00e9gion F\u00e8s Mekn\u00e8s","datePublished":"2018-10-25T17:19:11+00:00","dateModified":"2018-10-26T11:27:42+00:00","mainEntityOfPage":{"@id":"https:\/\/www.region-fes-meknes.ma\/fr\/cooperation\/visite-dune-delegation-chinoise-au-conseil-de-la-region-fes-meknes\/"},"wordCount":106,"commentCount":0,"publisher":{"@id":"https:\/\/www.region-fes-meknes.ma\/#organization"},"articleSection":["Actualit\u00e9s","Communiqu\u00e9s de presse","Coop\u00e9ration"],"inLanguage":"fr-FR","potentialAction":[{"@type":"CommentAction","name":"Comment","target":["https:\/\/www.region-fes-meknes.ma\/fr\/cooperation\/visite-dune-delegation-chinoise-au-conseil-de-la-region-fes-meknes\/#respond"]}]},{"@type":"WebPage","@id":"https:\/\/www.region-fes-meknes.ma\/fr\/cooperation\/visite-dune-delegation-chinoise-au-conseil-de-la-region-fes-meknes\/","url":"https:\/\/www.region-fes-meknes.ma\/fr\/cooperation\/visite-dune-delegation-chinoise-au-conseil-de-la-region-fes-meknes\/","name":"Visite d\u2019une d\u00e9l\u00e9gation chinoise au Conseil de la r\u00e9gion F\u00e8s Mekn\u00e8s - R\u00e9gion F\u00e8s Mekn\u00e8s","isPartOf":{"@id":"https:\/\/www.region-fes-meknes.ma\/#website"},"datePublished":"2018-10-25T17:19:11+00:00","dateModified":"2018-10-26T11:27:42+00:00","breadcrumb":{"@id":"https:\/\/www.region-fes-meknes.ma\/fr\/cooperation\/visite-dune-delegation-chinoise-au-conseil-de-la-region-fes-meknes\/#breadcrumb"},"inLanguage":"fr-FR","potentialAction":[{"@type":"ReadAction","target":["https:\/\/www.region-fes-meknes.ma\/fr\/cooperation\/visite-dune-delegation-chinoise-au-conseil-de-la-region-fes-meknes\/"]}]},{"@type":"BreadcrumbList","@id":"https:\/\/www.region-fes-meknes.ma\/fr\/cooperation\/visite-dune-delegation-chinoise-au-conseil-de-la-region-fes-meknes\/#breadcrumb","itemListElement":[{"@type":"ListItem","position":1,"name":"Accueil","item":"https:\/\/www.region-fes-meknes.ma\/fr\/"},{"@type":"ListItem","position":2,"name":"Visite d\u2019une d\u00e9l\u00e9gation chinoise au Conseil de la r\u00e9gion F\u00e8s Mekn\u00e8s"}]},{"@type":"WebSite","@id":"https:\/\/www.region-fes-meknes.ma\/#website","url":"https:\/\/www.region-fes-meknes.ma\/","name":"Portail de la R\u00e9gion F\u00e8s-Mekn\u00e8s","description":"Site officiel de la r\u00e9gion F\u00e8s-Mekn\u00e8s.","publisher":{"@id":"https:\/\/www.region-fes-meknes.ma\/#organization"},"potentialAction":[{"@type":"SearchAction","target":{"@type":"EntryPoint","urlTemplate":"https:\/\/www.region-fes-meknes.ma\/?s={search_term_string}"},"query-input":"required name=search_term_string"}],"inLanguage":"fr-FR"},{"@type":"Organization","@id":"https:\/\/www.region-fes-meknes.ma\/#organization","name":"R\u00e9gion F\u00e8s M\u00e8kn\u00e8s","url":"https:\/\/www.region-fes-meknes.ma\/","sameAs":["https:\/\/www.facebook.com\/R\u00e9gion-F\u00e8s-Mekn\u00e8s-1130195096990872"],"logo":{"@type":"ImageObject","inLanguage":"fr-FR","@id":"https:\/\/www.region-fes-meknes.ma\/#\/schema\/logo\/image\/","url":"http:\/\/www.region-fes-meknes.ma\/wp-content\/uploads\/2017\/10\/logo-rfm4.png","contentUrl":"http:\/\/www.region-fes-meknes.ma\/wp-content\/uploads\/2017\/10\/logo-rfm4.png","width":304,"height":291,"caption":"R\u00e9gion F\u00e8s M\u00e8kn\u00e8s"},"image":{"@id":"https:\/\/www.region-fes-meknes.ma\/#\/schema\/logo\/image\/"}},{"@type":"Person","@id":"https:\/\/www.region-fes-meknes.ma\/#\/schema\/person\/a6f00c1887fecaef82369ec2bdb25456","name":"Webmaster","image":{"@type":"ImageObject","inLanguage":"fr-FR","@id":"https:\/\/www.region-fes-meknes.ma\/#\/schema\/person\/image\/","url":"https:\/\/www.region-fes-meknes.ma\/wp-content\/uploads\/2017\/10\/logo-rfm4-150x150.png","contentUrl":"https:\/\/www.region-fes-meknes.ma\/wp-content\/uploads\/2017\/10\/logo-rfm4-150x150.png","caption":"Webmaster"}}]}},"_links":{"self":[{"href":"https:\/\/www.region-fes-meknes.ma\/fr\/wp-json\/wp\/v2\/posts\/9445"}],"collection":[{"href":"https:\/\/www.region-fes-meknes.ma\/fr\/wp-json\/wp\/v2\/posts"}],"about":[{"href":"https:\/\/www.region-fes-meknes.ma\/fr\/wp-json\/wp\/v2\/types\/post"}],"author":[{"embeddable":true,"href":"https:\/\/www.region-fes-meknes.ma\/fr\/wp-json\/wp\/v2\/users\/1"}],"replies":[{"embeddable":true,"href":"https:\/\/www.region-fes-meknes.ma\/fr\/wp-json\/wp\/v2\/comments?post=9445"}],"version-history":[{"count":2,"href":"https:\/\/www.region-fes-meknes.ma\/fr\/wp-json\/wp\/v2\/posts\/9445\/revisions"}],"predecessor-version":[{"id":9457,"href":"https:\/\/www.region-fes-meknes.ma\/fr\/wp-json\/wp\/v2\/posts\/9445\/revisions\/9457"}],"wp:featuredmedia":[{"embeddable":true,"href":"https:\/\/www.region-fes-meknes.ma\/fr\/wp-json\/wp\/v2\/media\/9446"}],"wp:attachment":[{"href":"https:\/\/www.region-fes-meknes.ma\/fr\/wp-json\/wp\/v2\/media?parent=9445"}],"wp:term":[{"taxonomy":"category","embeddable":true,"href":"https:\/\/www.region-fes-meknes.ma\/fr\/wp-json\/wp\/v2\/categories?post=9445"},{"taxonomy":"post_tag","embeddable":true,"href":"https:\/\/www.region-fes-meknes.ma\/fr\/wp-json\/wp\/v2\/tags?post=9445"}],"curies":[{"name":"wp","href":"https:\/\/api.w.org\/{rel}","templated":true}]}}